{"id":6214,"date":"2025-11-13T08:38:52","date_gmt":"2025-11-13T07:38:52","guid":{"rendered":"https:\/\/www.institutfrancais-jerusalem.org\/ramallah\/?p=6214"},"modified":"2025-11-13T08:46:13","modified_gmt":"2025-11-13T07:46:13","slug":"knowledge-in-movement-quand-la-danse-devient-un-langage-commun","status":"publish","type":"post","link":"https:\/\/www.institutfrancais-jerusalem.org\/ramallah\/knowledge-in-movement-quand-la-danse-devient-un-langage-commun\/","title":{"rendered":"\u00ab Knowledge in Movement \u00bb : Quand la danse devient un langage commun"},"content":{"rendered":"<p><img loading=\"lazy\" decoding=\"async\" class=\"aligncenter wp-image-9311\" src=\"https:\/\/www.institutfrancais-jerusalem.org\/wp-content\/uploads\/2025\/11\/Logo-IF-Ramallah.png\" alt=\"\" width=\"289\" height=\"140\" \/><img loading=\"lazy\" decoding=\"async\" class=\"aligncenter wp-image-9307\" src=\"https:\/\/www.institutfrancais-jerusalem.org\/wp-content\/uploads\/2025\/11\/Goethe-Institut_Facebook_Profil.png\" alt=\"\" width=\"111\" height=\"111\" \/><img loading=\"lazy\" decoding=\"async\" class=\"aligncenter wp-image-9309\" src=\"https:\/\/www.institutfrancais-jerusalem.org\/wp-content\/uploads\/2025\/11\/KE_Logo_Descriptor_Landscape_CMYK.jpg\" alt=\"\" width=\"244\" height=\"134\" \/><\/p>\n<p style=\"text-align: center;\"><span style=\"font-weight: 400;\">Institut fran\u00e7ais de J\u00e9rusalem &#8211; Ramallah<\/span><\/p>\n<p style=\"text-align: center;\"><span style=\"font-weight: 400;\">Ramallah, le 12 novembre 2025<\/span><\/p>\n<p style=\"text-align: center;\"><b>COMMUNIQUE DE PRESSE<\/b><\/p>\n<p style=\"text-align: center;\"><span style=\"font-weight: 400;\">\u00ab <\/span><b>Knowledge in Movement <\/b><span style=\"font-weight: 400;\">\u00bb<\/span><\/p>\n<p style=\"text-align: center;\"><b>Quand la danse devient un langage commun<\/b><\/p>\n<p><span style=\"font-weight: 400;\">L\u2019Institut culturel franco-allemand de Ramallah est heureux de pr\u00e9senter \u201cKnowledge in Movement\u201d, une exp\u00e9rience artistique et humaine in\u00e9dite n\u00e9e de la rencontre entre trois danseurs professionnels \u2013 le Fran\u00e7ais Mourad Bouayab,\u00a0 l\u2019Allemand T\u00fcmay Kilin\u00e7el et la Palestinienne Ramz Siyam\u2013 et de jeunes danseurs palestiniens.<\/span><\/p>\n<p><span style=\"font-weight: 400;\">Pendant quatre jours d\u2019ateliers intensifs, les artistes ont explor\u00e9 la danse comme espace de dialogue, de transmission et de libert\u00e9, au-del\u00e0 des fronti\u00e8res culturelles et g\u00e9ographiques. Ensemble, ils ont cherch\u00e9 \u00e0 b\u00e2tir un langage commun du corps, o\u00f9 le geste remplace les mots et o\u00f9 les diff\u00e9rences deviennent mouvement.<\/span><\/p>\n<p><span style=\"font-weight: 400;\">Cette r\u00e9sidence chor\u00e9graphique se conclut par une performance unique au Th\u00e9\u00e2tre Kassaba, le jeudi 13 novembre \u00e0 19h, o\u00f9 les jeunes danseurs partageront le fruit de cette aventure cr\u00e9ative.<\/span><\/p>\n<p><b>Entre \u00e9nergie brute et po\u00e9sie du geste, \u201cKnowledge in Movement\u201d invite le public \u00e0 d\u00e9couvrir comment la danse peut relier des mondes, des cultures et des g\u00e9n\u00e9rations.<\/b><\/p>\n<p><span style=\"font-weight: 400;\">Cet \u00e9v\u00e9nement s\u2019inscrit dans la dynamique du nouvel Institut culturel franco-allemand de Ramallah, un lieu r\u00e9solument contemporain et ouvert, d\u00e9di\u00e9 au dialogue artistique et \u00e0 la cr\u00e9ation partag\u00e9e<\/span><\/p>\n<p><img loading=\"lazy\" decoding=\"async\" class=\"aligncenter size-full wp-image-9313\" src=\"https:\/\/www.institutfrancais-jerusalem.org\/wp-content\/uploads\/2025\/11\/c4c71384-b121-4dd8-aa77-57e159bb9198.jpg\" alt=\"\" width=\"750\" height=\"938\" \/><\/p>\n<p><b>Informations pratiques<\/b><b><br \/>\n<\/b><span style=\"font-weight: 400;\">Jeudi 13 novembre, \u00e0 19h<\/span><span style=\"font-weight: 400;\"><br \/>\n<\/span><span style=\"font-weight: 400;\">Th\u00e9\u00e2tre Kassaba<\/span><\/p>\n<p><b>Contacts<br \/>\n<\/b><span style=\"font-weight: 400;\">T\u00e9l\u00e9phone : 059 590 0890<br \/>\n<\/span><span style=\"font-weight: 400;\">E-mail : <\/span><a href=\"mailto:info@iframallah.org\"><span style=\"font-weight: 400;\">info@iframallah.org<\/span><\/a><\/p>\n","protected":false},"excerpt":{"rendered":"<p>Institut fran\u00e7ais de J\u00e9rusalem &#8211; Ramallah Ramallah, le 12 novembre 2025 COMMUNIQUE DE PRESSE \u00ab Knowledge in Movement \u00bb Quand la danse devient un langage commun L\u2019Institut culturel franco-allemand de Ramallah est heureux de pr\u00e9senter \u201cKnowledge in Movement\u201d, une exp\u00e9rience artistique et humaine in\u00e9dite n\u00e9e de la rencontre entre trois danseurs professionnels \u2013 le Fran\u00e7ais &hellip;<\/p>\n","protected":false},"author":1,"featured_media":6220,"comment_status":"closed","ping_status":"closed","sticky":false,"template":"","format":"standard","meta":{"footnotes":""},"categories":[2,4,5,7,25],"tags":[],"class_list":["post-6214","post","type-post","status-publish","format-standard","has-post-thumbnail","","category-agenda-culturel","category-arts-vivants","category-breaking-news","category-diaporama","category-ramallah"],"yoast_head":"<!-- This site is optimized with the Yoast SEO plugin v27.4 - https:\/\/yoast.com\/product\/yoast-seo-wordpress\/ -->\n<title>\u00ab Knowledge in Movement \u00bb : Quand la danse devient un langage commun - Institut Fran\u00e7ais de J\u00e9rusalem - Ramallah<\/title>\n<meta name=\"robots\" content=\"index, follow, max-snippet:-1, max-image-preview:large, max-video-preview:-1\" \/>\n<link rel=\"canonical\" href=\"https:\/\/www.institutfrancais-jerusalem.org\/ramallah\/knowledge-in-movement-quand-la-danse-devient-un-langage-commun\/\" \/>\n<meta property=\"og:locale\" content=\"fr_FR\" \/>\n<meta property=\"og:type\" content=\"article\" \/>\n<meta property=\"og:title\" content=\"\u00ab Knowledge in Movement \u00bb : Quand la danse devient un langage commun - Institut Fran\u00e7ais de J\u00e9rusalem - Ramallah\" \/>\n<meta property=\"og:description\" content=\"Institut fran\u00e7ais de J\u00e9rusalem &#8211; Ramallah Ramallah, le 12 novembre 2025 COMMUNIQUE DE PRESSE \u00ab Knowledge in Movement \u00bb Quand la danse devient un langage commun L\u2019Institut culturel franco-allemand de Ramallah est heureux de pr\u00e9senter \u201cKnowledge in Movement\u201d, une exp\u00e9rience artistique et humaine in\u00e9dite n\u00e9e de la rencontre entre trois danseurs professionnels \u2013 le Fran\u00e7ais &hellip;\" \/>\n<meta property=\"og:url\" content=\"https:\/\/www.institutfrancais-jerusalem.org\/ramallah\/knowledge-in-movement-quand-la-danse-devient-un-langage-commun\/\" \/>\n<meta property=\"og:site_name\" content=\"Institut Fran\u00e7ais de J\u00e9rusalem - Ramallah\" \/>\n<meta property=\"article:published_time\" content=\"2025-11-13T07:38:52+00:00\" \/>\n<meta property=\"article:modified_time\" content=\"2025-11-13T07:46:13+00:00\" \/>\n<meta property=\"og:image\" content=\"https:\/\/www.institutfrancais-jerusalem.org\/ramallah\/wp-content\/uploads\/sites\/11\/2025\/11\/c4c71384-b121-4dd8-aa77-57e159bb9198-1.jpg\" \/>\n\t<meta property=\"og:image:width\" content=\"750\" \/>\n\t<meta property=\"og:image:height\" content=\"314\" \/>\n\t<meta property=\"og:image:type\" content=\"image\/jpeg\" \/>\n<meta name=\"author\" content=\"admin6590\" \/>\n<meta name=\"twitter:card\" content=\"summary_large_image\" \/>\n<meta name=\"twitter:label1\" content=\"\u00c9crit par\" \/>\n\t<meta name=\"twitter:data1\" content=\"admin6590\" \/>\n\t<meta name=\"twitter:label2\" content=\"Dur\u00e9e de lecture estim\u00e9e\" \/>\n\t<meta name=\"twitter:data2\" content=\"3 minutes\" \/>\n<script type=\"application\/ld+json\" class=\"yoast-schema-graph\">{\"@context\":\"https:\\\/\\\/schema.org\",\"@graph\":[{\"@type\":\"Article\",\"@id\":\"https:\\\/\\\/www.institutfrancais-jerusalem.org\\\/ramallah\\\/knowledge-in-movement-quand-la-danse-devient-un-langage-commun\\\/#article\",\"isPartOf\":{\"@id\":\"https:\\\/\\\/www.institutfrancais-jerusalem.org\\\/ramallah\\\/knowledge-in-movement-quand-la-danse-devient-un-langage-commun\\\/\"},\"author\":{\"name\":\"admin6590\",\"@id\":\"https:\\\/\\\/www.institutfrancais-jerusalem.org\\\/ramallah\\\/#\\\/schema\\\/person\\\/0d606b93f4fb1eb5c713b8be3dd4c4bf\"},\"headline\":\"\u00ab Knowledge in Movement \u00bb : Quand la danse devient un langage commun\",\"datePublished\":\"2025-11-13T07:38:52+00:00\",\"dateModified\":\"2025-11-13T07:46:13+00:00\",\"mainEntityOfPage\":{\"@id\":\"https:\\\/\\\/www.institutfrancais-jerusalem.org\\\/ramallah\\\/knowledge-in-movement-quand-la-danse-devient-un-langage-commun\\\/\"},\"wordCount\":249,\"image\":{\"@id\":\"https:\\\/\\\/www.institutfrancais-jerusalem.org\\\/ramallah\\\/knowledge-in-movement-quand-la-danse-devient-un-langage-commun\\\/#primaryimage\"},\"thumbnailUrl\":\"https:\\\/\\\/www.institutfrancais-jerusalem.org\\\/ramallah\\\/wp-content\\\/uploads\\\/sites\\\/11\\\/2025\\\/11\\\/c4c71384-b121-4dd8-aa77-57e159bb9198-1.jpg\",\"articleSection\":[\"Agenda culturel\",\"Arts vivants\",\"breaking-news\",\"Diaporama\",\"RAMALLAH\"],\"inLanguage\":\"fr-FR\"},{\"@type\":\"WebPage\",\"@id\":\"https:\\\/\\\/www.institutfrancais-jerusalem.org\\\/ramallah\\\/knowledge-in-movement-quand-la-danse-devient-un-langage-commun\\\/\",\"url\":\"https:\\\/\\\/www.institutfrancais-jerusalem.org\\\/ramallah\\\/knowledge-in-movement-quand-la-danse-devient-un-langage-commun\\\/\",\"name\":\"\u00ab Knowledge in Movement \u00bb : Quand la danse devient un langage commun - Institut Fran\u00e7ais de J\u00e9rusalem - Ramallah\",\"isPartOf\":{\"@id\":\"https:\\\/\\\/www.institutfrancais-jerusalem.org\\\/ramallah\\\/#website\"},\"primaryImageOfPage\":{\"@id\":\"https:\\\/\\\/www.institutfrancais-jerusalem.org\\\/ramallah\\\/knowledge-in-movement-quand-la-danse-devient-un-langage-commun\\\/#primaryimage\"},\"image\":{\"@id\":\"https:\\\/\\\/www.institutfrancais-jerusalem.org\\\/ramallah\\\/knowledge-in-movement-quand-la-danse-devient-un-langage-commun\\\/#primaryimage\"},\"thumbnailUrl\":\"https:\\\/\\\/www.institutfrancais-jerusalem.org\\\/ramallah\\\/wp-content\\\/uploads\\\/sites\\\/11\\\/2025\\\/11\\\/c4c71384-b121-4dd8-aa77-57e159bb9198-1.jpg\",\"datePublished\":\"2025-11-13T07:38:52+00:00\",\"dateModified\":\"2025-11-13T07:46:13+00:00\",\"author\":{\"@id\":\"https:\\\/\\\/www.institutfrancais-jerusalem.org\\\/ramallah\\\/#\\\/schema\\\/person\\\/0d606b93f4fb1eb5c713b8be3dd4c4bf\"},\"breadcrumb\":{\"@id\":\"https:\\\/\\\/www.institutfrancais-jerusalem.org\\\/ramallah\\\/knowledge-in-movement-quand-la-danse-devient-un-langage-commun\\\/#breadcrumb\"},\"inLanguage\":\"fr-FR\",\"potentialAction\":[{\"@type\":\"ReadAction\",\"target\":[\"https:\\\/\\\/www.institutfrancais-jerusalem.org\\\/ramallah\\\/knowledge-in-movement-quand-la-danse-devient-un-langage-commun\\\/\"]}]},{\"@type\":\"ImageObject\",\"inLanguage\":\"fr-FR\",\"@id\":\"https:\\\/\\\/www.institutfrancais-jerusalem.org\\\/ramallah\\\/knowledge-in-movement-quand-la-danse-devient-un-langage-commun\\\/#primaryimage\",\"url\":\"https:\\\/\\\/www.institutfrancais-jerusalem.org\\\/ramallah\\\/wp-content\\\/uploads\\\/sites\\\/11\\\/2025\\\/11\\\/c4c71384-b121-4dd8-aa77-57e159bb9198-1.jpg\",\"contentUrl\":\"https:\\\/\\\/www.institutfrancais-jerusalem.org\\\/ramallah\\\/wp-content\\\/uploads\\\/sites\\\/11\\\/2025\\\/11\\\/c4c71384-b121-4dd8-aa77-57e159bb9198-1.jpg\",\"width\":750,\"height\":314},{\"@type\":\"BreadcrumbList\",\"@id\":\"https:\\\/\\\/www.institutfrancais-jerusalem.org\\\/ramallah\\\/knowledge-in-movement-quand-la-danse-devient-un-langage-commun\\\/#breadcrumb\",\"itemListElement\":[{\"@type\":\"ListItem\",\"position\":1,\"name\":\"Accueil\",\"item\":\"https:\\\/\\\/www.institutfrancais-jerusalem.org\\\/ramallah\\\/\"},{\"@type\":\"ListItem\",\"position\":2,\"name\":\"\u00ab Knowledge in Movement \u00bb : Quand la danse devient un langage commun\"}]},{\"@type\":\"WebSite\",\"@id\":\"https:\\\/\\\/www.institutfrancais-jerusalem.org\\\/ramallah\\\/#website\",\"url\":\"https:\\\/\\\/www.institutfrancais-jerusalem.org\\\/ramallah\\\/\",\"name\":\"Institut Fran\u00e7ais de J\u00e9rusalem - Ramallah\",\"description\":\"Ramallah\",\"potentialAction\":[{\"@type\":\"SearchAction\",\"target\":{\"@type\":\"EntryPoint\",\"urlTemplate\":\"https:\\\/\\\/www.institutfrancais-jerusalem.org\\\/ramallah\\\/?s={search_term_string}\"},\"query-input\":{\"@type\":\"PropertyValueSpecification\",\"valueRequired\":true,\"valueName\":\"search_term_string\"}}],\"inLanguage\":\"fr-FR\"},{\"@type\":\"Person\",\"@id\":\"https:\\\/\\\/www.institutfrancais-jerusalem.org\\\/ramallah\\\/#\\\/schema\\\/person\\\/0d606b93f4fb1eb5c713b8be3dd4c4bf\",\"name\":\"admin6590\",\"image\":{\"@type\":\"ImageObject\",\"inLanguage\":\"fr-FR\",\"@id\":\"https:\\\/\\\/secure.gravatar.com\\\/avatar\\\/26482e0f083efa40e5c2db57a3d590897a500390cc256266e30d5da5605a03a9?s=96&d=mm&r=g\",\"url\":\"https:\\\/\\\/secure.gravatar.com\\\/avatar\\\/26482e0f083efa40e5c2db57a3d590897a500390cc256266e30d5da5605a03a9?s=96&d=mm&r=g\",\"contentUrl\":\"https:\\\/\\\/secure.gravatar.com\\\/avatar\\\/26482e0f083efa40e5c2db57a3d590897a500390cc256266e30d5da5605a03a9?s=96&d=mm&r=g\",\"caption\":\"admin6590\"},\"url\":\"https:\\\/\\\/www.institutfrancais-jerusalem.org\\\/ramallah\\\/author\\\/admin6590\\\/\"}]}<\/script>\n<!-- \/ Yoast SEO plugin. -->","yoast_head_json":{"title":"\u00ab Knowledge in Movement \u00bb : Quand la danse devient un langage commun - Institut Fran\u00e7ais de J\u00e9rusalem - Ramallah","robots":{"index":"index","follow":"follow","max-snippet":"max-snippet:-1","max-image-preview":"max-image-preview:large","max-video-preview":"max-video-preview:-1"},"canonical":"https:\/\/www.institutfrancais-jerusalem.org\/ramallah\/knowledge-in-movement-quand-la-danse-devient-un-langage-commun\/","og_locale":"fr_FR","og_type":"article","og_title":"\u00ab Knowledge in Movement \u00bb : Quand la danse devient un langage commun - Institut Fran\u00e7ais de J\u00e9rusalem - Ramallah","og_description":"Institut fran\u00e7ais de J\u00e9rusalem &#8211; Ramallah Ramallah, le 12 novembre 2025 COMMUNIQUE DE PRESSE \u00ab Knowledge in Movement \u00bb Quand la danse devient un langage commun L\u2019Institut culturel franco-allemand de Ramallah est heureux de pr\u00e9senter \u201cKnowledge in Movement\u201d, une exp\u00e9rience artistique et humaine in\u00e9dite n\u00e9e de la rencontre entre trois danseurs professionnels \u2013 le Fran\u00e7ais &hellip;","og_url":"https:\/\/www.institutfrancais-jerusalem.org\/ramallah\/knowledge-in-movement-quand-la-danse-devient-un-langage-commun\/","og_site_name":"Institut Fran\u00e7ais de J\u00e9rusalem - Ramallah","article_published_time":"2025-11-13T07:38:52+00:00","article_modified_time":"2025-11-13T07:46:13+00:00","og_image":[{"width":750,"height":314,"url":"https:\/\/www.institutfrancais-jerusalem.org\/ramallah\/wp-content\/uploads\/sites\/11\/2025\/11\/c4c71384-b121-4dd8-aa77-57e159bb9198-1.jpg","type":"image\/jpeg"}],"author":"admin6590","twitter_card":"summary_large_image","twitter_misc":{"\u00c9crit par":"admin6590","Dur\u00e9e de lecture estim\u00e9e":"3 minutes"},"schema":{"@context":"https:\/\/schema.org","@graph":[{"@type":"Article","@id":"https:\/\/www.institutfrancais-jerusalem.org\/ramallah\/knowledge-in-movement-quand-la-danse-devient-un-langage-commun\/#article","isPartOf":{"@id":"https:\/\/www.institutfrancais-jerusalem.org\/ramallah\/knowledge-in-movement-quand-la-danse-devient-un-langage-commun\/"},"author":{"name":"admin6590","@id":"https:\/\/www.institutfrancais-jerusalem.org\/ramallah\/#\/schema\/person\/0d606b93f4fb1eb5c713b8be3dd4c4bf"},"headline":"\u00ab Knowledge in Movement \u00bb : Quand la danse devient un langage commun","datePublished":"2025-11-13T07:38:52+00:00","dateModified":"2025-11-13T07:46:13+00:00","mainEntityOfPage":{"@id":"https:\/\/www.institutfrancais-jerusalem.org\/ramallah\/knowledge-in-movement-quand-la-danse-devient-un-langage-commun\/"},"wordCount":249,"image":{"@id":"https:\/\/www.institutfrancais-jerusalem.org\/ramallah\/knowledge-in-movement-quand-la-danse-devient-un-langage-commun\/#primaryimage"},"thumbnailUrl":"https:\/\/www.institutfrancais-jerusalem.org\/ramallah\/wp-content\/uploads\/sites\/11\/2025\/11\/c4c71384-b121-4dd8-aa77-57e159bb9198-1.jpg","articleSection":["Agenda culturel","Arts vivants","breaking-news","Diaporama","RAMALLAH"],"inLanguage":"fr-FR"},{"@type":"WebPage","@id":"https:\/\/www.institutfrancais-jerusalem.org\/ramallah\/knowledge-in-movement-quand-la-danse-devient-un-langage-commun\/","url":"https:\/\/www.institutfrancais-jerusalem.org\/ramallah\/knowledge-in-movement-quand-la-danse-devient-un-langage-commun\/","name":"\u00ab Knowledge in Movement \u00bb : Quand la danse devient un langage commun - Institut Fran\u00e7ais de J\u00e9rusalem - Ramallah","isPartOf":{"@id":"https:\/\/www.institutfrancais-jerusalem.org\/ramallah\/#website"},"primaryImageOfPage":{"@id":"https:\/\/www.institutfrancais-jerusalem.org\/ramallah\/knowledge-in-movement-quand-la-danse-devient-un-langage-commun\/#primaryimage"},"image":{"@id":"https:\/\/www.institutfrancais-jerusalem.org\/ramallah\/knowledge-in-movement-quand-la-danse-devient-un-langage-commun\/#primaryimage"},"thumbnailUrl":"https:\/\/www.institutfrancais-jerusalem.org\/ramallah\/wp-content\/uploads\/sites\/11\/2025\/11\/c4c71384-b121-4dd8-aa77-57e159bb9198-1.jpg","datePublished":"2025-11-13T07:38:52+00:00","dateModified":"2025-11-13T07:46:13+00:00","author":{"@id":"https:\/\/www.institutfrancais-jerusalem.org\/ramallah\/#\/schema\/person\/0d606b93f4fb1eb5c713b8be3dd4c4bf"},"breadcrumb":{"@id":"https:\/\/www.institutfrancais-jerusalem.org\/ramallah\/knowledge-in-movement-quand-la-danse-devient-un-langage-commun\/#breadcrumb"},"inLanguage":"fr-FR","potentialAction":[{"@type":"ReadAction","target":["https:\/\/www.institutfrancais-jerusalem.org\/ramallah\/knowledge-in-movement-quand-la-danse-devient-un-langage-commun\/"]}]},{"@type":"ImageObject","inLanguage":"fr-FR","@id":"https:\/\/www.institutfrancais-jerusalem.org\/ramallah\/knowledge-in-movement-quand-la-danse-devient-un-langage-commun\/#primaryimage","url":"https:\/\/www.institutfrancais-jerusalem.org\/ramallah\/wp-content\/uploads\/sites\/11\/2025\/11\/c4c71384-b121-4dd8-aa77-57e159bb9198-1.jpg","contentUrl":"https:\/\/www.institutfrancais-jerusalem.org\/ramallah\/wp-content\/uploads\/sites\/11\/2025\/11\/c4c71384-b121-4dd8-aa77-57e159bb9198-1.jpg","width":750,"height":314},{"@type":"BreadcrumbList","@id":"https:\/\/www.institutfrancais-jerusalem.org\/ramallah\/knowledge-in-movement-quand-la-danse-devient-un-langage-commun\/#breadcrumb","itemListElement":[{"@type":"ListItem","position":1,"name":"Accueil","item":"https:\/\/www.institutfrancais-jerusalem.org\/ramallah\/"},{"@type":"ListItem","position":2,"name":"\u00ab Knowledge in Movement \u00bb : Quand la danse devient un langage commun"}]},{"@type":"WebSite","@id":"https:\/\/www.institutfrancais-jerusalem.org\/ramallah\/#website","url":"https:\/\/www.institutfrancais-jerusalem.org\/ramallah\/","name":"Institut Fran\u00e7ais de J\u00e9rusalem - Ramallah","description":"Ramallah","potentialAction":[{"@type":"SearchAction","target":{"@type":"EntryPoint","urlTemplate":"https:\/\/www.institutfrancais-jerusalem.org\/ramallah\/?s={search_term_string}"},"query-input":{"@type":"PropertyValueSpecification","valueRequired":true,"valueName":"search_term_string"}}],"inLanguage":"fr-FR"},{"@type":"Person","@id":"https:\/\/www.institutfrancais-jerusalem.org\/ramallah\/#\/schema\/person\/0d606b93f4fb1eb5c713b8be3dd4c4bf","name":"admin6590","image":{"@type":"ImageObject","inLanguage":"fr-FR","@id":"https:\/\/secure.gravatar.com\/avatar\/26482e0f083efa40e5c2db57a3d590897a500390cc256266e30d5da5605a03a9?s=96&d=mm&r=g","url":"https:\/\/secure.gravatar.com\/avatar\/26482e0f083efa40e5c2db57a3d590897a500390cc256266e30d5da5605a03a9?s=96&d=mm&r=g","contentUrl":"https:\/\/secure.gravatar.com\/avatar\/26482e0f083efa40e5c2db57a3d590897a500390cc256266e30d5da5605a03a9?s=96&d=mm&r=g","caption":"admin6590"},"url":"https:\/\/www.institutfrancais-jerusalem.org\/ramallah\/author\/admin6590\/"}]}},"_links":{"self":[{"href":"https:\/\/www.institutfrancais-jerusalem.org\/ramallah\/wp-json\/wp\/v2\/posts\/6214","targetHints":{"allow":["GET"]}}],"collection":[{"href":"https:\/\/www.institutfrancais-jerusalem.org\/ramallah\/wp-json\/wp\/v2\/posts"}],"about":[{"href":"https:\/\/www.institutfrancais-jerusalem.org\/ramallah\/wp-json\/wp\/v2\/types\/post"}],"author":[{"embeddable":true,"href":"https:\/\/www.institutfrancais-jerusalem.org\/ramallah\/wp-json\/wp\/v2\/users\/1"}],"replies":[{"embeddable":true,"href":"https:\/\/www.institutfrancais-jerusalem.org\/ramallah\/wp-json\/wp\/v2\/comments?post=6214"}],"version-history":[{"count":3,"href":"https:\/\/www.institutfrancais-jerusalem.org\/ramallah\/wp-json\/wp\/v2\/posts\/6214\/revisions"}],"predecessor-version":[{"id":6223,"href":"https:\/\/www.institutfrancais-jerusalem.org\/ramallah\/wp-json\/wp\/v2\/posts\/6214\/revisions\/6223"}],"wp:featuredmedia":[{"embeddable":true,"href":"https:\/\/www.institutfrancais-jerusalem.org\/ramallah\/wp-json\/wp\/v2\/media\/6220"}],"wp:attachment":[{"href":"https:\/\/www.institutfrancais-jerusalem.org\/ramallah\/wp-json\/wp\/v2\/media?parent=6214"}],"wp:term":[{"taxonomy":"category","embeddable":true,"href":"https:\/\/www.institutfrancais-jerusalem.org\/ramallah\/wp-json\/wp\/v2\/categories?post=6214"},{"taxonomy":"post_tag","embeddable":true,"href":"https:\/\/www.institutfrancais-jerusalem.org\/ramallah\/wp-json\/wp\/v2\/tags?post=6214"}],"curies":[{"name":"wp","href":"https:\/\/api.w.org\/{rel}","templated":true}]}}