{"id":6161,"date":"2024-08-01T11:42:21","date_gmt":"2024-08-01T09:42:21","guid":{"rendered":"https:\/\/www.institutfrancais-jerusalem.org\/ramallah\/?p=6161"},"modified":"2024-08-01T11:42:21","modified_gmt":"2024-08-01T09:42:21","slug":"sawa-sawa-residency-program-second-call","status":"publish","type":"post","link":"https:\/\/www.institutfrancais-jerusalem.org\/ramallah\/sawa-sawa-residency-program-second-call\/","title":{"rendered":"Sawa Sawa Residency Program \u2013 Second Call"},"content":{"rendered":"<h1><b>Residency program to support the Palestinian artistic and cultural scene in times of crisis<\/b><\/h1>\n<p>In a context of acute crisis affecting harshly the Palestinian cultural scene, the French Institute of Jerusalem has partnered with Palestinian and French organizations to design a residency program that will organize 57 residencies (24 in Palestine and 33 in France).<\/p>\n<p>This program is a continuation of the French Institute of Jerusalem long-standing action in the artistic residency field.<\/p>\n<p>It aims to support Palestinian artists with diverse profiles in terms of disciplines, generations. Its goal is to accompany them in the development of a research and creation project in all sectors of contemporary creation.<\/p>\n<p><b>A first call<\/b> for applications has been published in spring 2024 for 3-month residencies\u00a0to be carried out at Palestinian cultural institutions venues and taking place between\u00a0<b>July and December 2024.<\/b><\/p>\n<p><b>A second call<\/b> for applications is now open for 3 to 6-month residencies in France\u00a0to be carried out at French cultural institutions institutions and will take place between\u00a0<b>January 2025 and December 2025.<\/b><\/p>\n<p>For those who applied or took part in the first call, they can also reapply and take part\u00a0in this second call.<\/p>\n<p>This program is aimed at Palestinian artists of <b>all disciplines<\/b> (visual arts, performing\u00a0arts, music, writing, and cinema)<b> residing in Jerusalem or the West Bank or\u00a0<\/b><b>originally from Gaza and living abroad<\/b>, to enable them to maintain a creative\u00a0activity. In particular, it seeks to promote the diversity of Palestinian artists\u2019 profiles,\u00a0whether emerging or established, with an emphasis on the diversity of social and\u00a0geographical contexts.<\/p>\n<p>Exhibition curators are also welcome to apply.<\/p>\n<h1><b>The second call for applications<\/b><\/h1>\n<p><img loading=\"lazy\" decoding=\"async\" class=\"aligncenter size-full wp-image-6201\" src=\"https:\/\/www.institutfrancais-jerusalem.org\/chateaubriand\/wp-content\/uploads\/sites\/12\/2024\/07\/3-6-months_instagram-sq-2-copy.png\" alt=\"\" width=\"4500\" height=\"4500\" \/><\/p>\n<h2><b>Call for applications<\/b><\/h2>\n<p><b>Call for applications for the 3 to 6-month residencies in French cultural institutions in France between January and December 2025.<\/b><\/p>\n<ul>\n<li aria-level=\"1\">Call deadline : August 20th, 2024<\/li>\n<li aria-level=\"1\">Selection of applications : October 2024<\/li>\n<\/ul>\n<p><a href=\"https:\/\/www.institutfrancais-jerusalem.org\/wp-content\/uploads\/2024\/07\/Second-call-SAWA-SAWA.pdf\">Click here<\/a> to see the call for applications.<\/p>\n<h2><b>Application form<\/b><\/h2>\n<p>Applications are made via the online form, which you can access by clicking on <a href=\"https:\/\/docs.google.com\/forms\/d\/e\/1FAIpQLScm0kvHJEVEKpRbQq8_CnfaEFqLO32jIstKxW_iH7rgDVHM9Q\/viewform\">this link<\/a>.<\/p>\n<p>Please fill the form only in <b>English<\/b>.<\/p>\n<h2><b>Workshops on mobility for Palestinian cultural operators and artists<\/b><\/h2>\n<p>We are excited to announce two upcoming online workshops designed to assist you in preparing your mobility project, hosted by On the Move and the Roberto Cimeta Foundation. These workshops are open to all interested applicants and will be held on the following dates:<\/p>\n<ul>\n<li aria-level=\"1\"><b>Friday, July 19 at 3 PM Palestinian time<\/b><\/li>\n<li aria-level=\"1\"><b>Wednesday, July 31 at 11 AM Palestinian time<\/b><\/li>\n<\/ul>\n<p>These sessions will focus on discussing the challenges of mobility and providing practical advice to artists before they complete their applications.<\/p>\n<p>If you wish to attend, please <a href=\"https:\/\/docs.google.com\/forms\/d\/18ZD4W2ec_T5ken8sWtvp_R6lzwlDqh_FZ02iGAkEiXs\/viewform?edit_requested=true\">click here<\/a> to fill out the form.<\/p>\n<p><b>For any questions, you can email us at this address mail: <\/b>sawasawa.residency@gmail.com<\/p>\n","protected":false},"excerpt":{"rendered":"<p>Residency program to support the Palestinian artistic and cultural scene in times of crisis In a context of acute crisis affecting harshly the Palestinian cultural scene, the French Institute of Jerusalem has partnered with Palestinian and French organizations to design a residency program that will organize 57 residencies (24 in Palestine and 33 in France). &hellip;<\/p>\n","protected":false},"author":1,"featured_media":6162,"comment_status":"closed","ping_status":"closed","sticky":false,"template":"","format":"standard","meta":{"footnotes":""},"categories":[1],"tags":[],"class_list":["post-6161","post","type-post","status-publish","format-standard","has-post-thumbnail","","category-non-classifiee"],"yoast_head":"<!-- This site is optimized with the Yoast SEO plugin v27.5 - https:\/\/yoast.com\/product\/yoast-seo-wordpress\/ -->\n<title>Sawa Sawa Residency Program \u2013 Second Call - Institut Fran\u00e7ais de J\u00e9rusalem - Ramallah<\/title>\n<meta name=\"robots\" content=\"index, follow, max-snippet:-1, max-image-preview:large, max-video-preview:-1\" \/>\n<link rel=\"canonical\" href=\"https:\/\/www.institutfrancais-jerusalem.org\/ramallah\/sawa-sawa-residency-program-second-call\/\" \/>\n<meta property=\"og:locale\" content=\"fr_FR\" \/>\n<meta property=\"og:type\" content=\"article\" \/>\n<meta property=\"og:title\" content=\"Sawa Sawa Residency Program \u2013 Second Call - Institut Fran\u00e7ais de J\u00e9rusalem - Ramallah\" \/>\n<meta property=\"og:description\" content=\"Residency program to support the Palestinian artistic and cultural scene in times of crisis In a context of acute crisis affecting harshly the Palestinian cultural scene, the French Institute of Jerusalem has partnered with Palestinian and French organizations to design a residency program that will organize 57 residencies (24 in Palestine and 33 in France). &hellip;\" \/>\n<meta property=\"og:url\" content=\"https:\/\/www.institutfrancais-jerusalem.org\/ramallah\/sawa-sawa-residency-program-second-call\/\" \/>\n<meta property=\"og:site_name\" content=\"Institut Fran\u00e7ais de J\u00e9rusalem - Ramallah\" \/>\n<meta property=\"article:published_time\" content=\"2024-08-01T09:42:21+00:00\" \/>\n<meta property=\"og:image\" content=\"https:\/\/www.institutfrancais-jerusalem.org\/ramallah\/wp-content\/uploads\/sites\/11\/2024\/08\/3-6-months_FB-cover-copy-660x330-1.png\" \/>\n\t<meta property=\"og:image:width\" content=\"660\" \/>\n\t<meta property=\"og:image:height\" content=\"330\" \/>\n\t<meta property=\"og:image:type\" content=\"image\/png\" \/>\n<meta name=\"author\" content=\"admin6590\" \/>\n<meta name=\"twitter:card\" content=\"summary_large_image\" \/>\n<meta name=\"twitter:label1\" content=\"\u00c9crit par\" \/>\n\t<meta name=\"twitter:data1\" content=\"admin6590\" \/>\n\t<meta name=\"twitter:label2\" content=\"Dur\u00e9e de lecture estim\u00e9e\" \/>\n\t<meta name=\"twitter:data2\" content=\"3 minutes\" \/>\n<script type=\"application\/ld+json\" class=\"yoast-schema-graph\">{\"@context\":\"https:\\\/\\\/schema.org\",\"@graph\":[{\"@type\":\"Article\",\"@id\":\"https:\\\/\\\/www.institutfrancais-jerusalem.org\\\/ramallah\\\/sawa-sawa-residency-program-second-call\\\/#article\",\"isPartOf\":{\"@id\":\"https:\\\/\\\/www.institutfrancais-jerusalem.org\\\/ramallah\\\/sawa-sawa-residency-program-second-call\\\/\"},\"author\":{\"name\":\"admin6590\",\"@id\":\"https:\\\/\\\/www.institutfrancais-jerusalem.org\\\/ramallah\\\/#\\\/schema\\\/person\\\/0d606b93f4fb1eb5c713b8be3dd4c4bf\"},\"headline\":\"Sawa Sawa Residency Program \u2013 Second Call\",\"datePublished\":\"2024-08-01T09:42:21+00:00\",\"mainEntityOfPage\":{\"@id\":\"https:\\\/\\\/www.institutfrancais-jerusalem.org\\\/ramallah\\\/sawa-sawa-residency-program-second-call\\\/\"},\"wordCount\":448,\"image\":{\"@id\":\"https:\\\/\\\/www.institutfrancais-jerusalem.org\\\/ramallah\\\/sawa-sawa-residency-program-second-call\\\/#primaryimage\"},\"thumbnailUrl\":\"https:\\\/\\\/www.institutfrancais-jerusalem.org\\\/ramallah\\\/wp-content\\\/uploads\\\/sites\\\/11\\\/2024\\\/08\\\/3-6-months_FB-cover-copy-660x330-1.png\",\"articleSection\":[\"Non classifi\u00e9(e)\"],\"inLanguage\":\"fr-FR\"},{\"@type\":\"WebPage\",\"@id\":\"https:\\\/\\\/www.institutfrancais-jerusalem.org\\\/ramallah\\\/sawa-sawa-residency-program-second-call\\\/\",\"url\":\"https:\\\/\\\/www.institutfrancais-jerusalem.org\\\/ramallah\\\/sawa-sawa-residency-program-second-call\\\/\",\"name\":\"Sawa Sawa Residency Program \u2013 Second Call - Institut Fran\u00e7ais de J\u00e9rusalem - Ramallah\",\"isPartOf\":{\"@id\":\"https:\\\/\\\/www.institutfrancais-jerusalem.org\\\/ramallah\\\/#website\"},\"primaryImageOfPage\":{\"@id\":\"https:\\\/\\\/www.institutfrancais-jerusalem.org\\\/ramallah\\\/sawa-sawa-residency-program-second-call\\\/#primaryimage\"},\"image\":{\"@id\":\"https:\\\/\\\/www.institutfrancais-jerusalem.org\\\/ramallah\\\/sawa-sawa-residency-program-second-call\\\/#primaryimage\"},\"thumbnailUrl\":\"https:\\\/\\\/www.institutfrancais-jerusalem.org\\\/ramallah\\\/wp-content\\\/uploads\\\/sites\\\/11\\\/2024\\\/08\\\/3-6-months_FB-cover-copy-660x330-1.png\",\"datePublished\":\"2024-08-01T09:42:21+00:00\",\"author\":{\"@id\":\"https:\\\/\\\/www.institutfrancais-jerusalem.org\\\/ramallah\\\/#\\\/schema\\\/person\\\/0d606b93f4fb1eb5c713b8be3dd4c4bf\"},\"breadcrumb\":{\"@id\":\"https:\\\/\\\/www.institutfrancais-jerusalem.org\\\/ramallah\\\/sawa-sawa-residency-program-second-call\\\/#breadcrumb\"},\"inLanguage\":\"fr-FR\",\"potentialAction\":[{\"@type\":\"ReadAction\",\"target\":[\"https:\\\/\\\/www.institutfrancais-jerusalem.org\\\/ramallah\\\/sawa-sawa-residency-program-second-call\\\/\"]}]},{\"@type\":\"ImageObject\",\"inLanguage\":\"fr-FR\",\"@id\":\"https:\\\/\\\/www.institutfrancais-jerusalem.org\\\/ramallah\\\/sawa-sawa-residency-program-second-call\\\/#primaryimage\",\"url\":\"https:\\\/\\\/www.institutfrancais-jerusalem.org\\\/ramallah\\\/wp-content\\\/uploads\\\/sites\\\/11\\\/2024\\\/08\\\/3-6-months_FB-cover-copy-660x330-1.png\",\"contentUrl\":\"https:\\\/\\\/www.institutfrancais-jerusalem.org\\\/ramallah\\\/wp-content\\\/uploads\\\/sites\\\/11\\\/2024\\\/08\\\/3-6-months_FB-cover-copy-660x330-1.png\",\"width\":660,\"height\":330},{\"@type\":\"BreadcrumbList\",\"@id\":\"https:\\\/\\\/www.institutfrancais-jerusalem.org\\\/ramallah\\\/sawa-sawa-residency-program-second-call\\\/#breadcrumb\",\"itemListElement\":[{\"@type\":\"ListItem\",\"position\":1,\"name\":\"Accueil\",\"item\":\"https:\\\/\\\/www.institutfrancais-jerusalem.org\\\/ramallah\\\/\"},{\"@type\":\"ListItem\",\"position\":2,\"name\":\"Sawa Sawa Residency Program \u2013 Second Call\"}]},{\"@type\":\"WebSite\",\"@id\":\"https:\\\/\\\/www.institutfrancais-jerusalem.org\\\/ramallah\\\/#website\",\"url\":\"https:\\\/\\\/www.institutfrancais-jerusalem.org\\\/ramallah\\\/\",\"name\":\"Institut Fran\u00e7ais de J\u00e9rusalem - Ramallah\",\"description\":\"Ramallah\",\"potentialAction\":[{\"@type\":\"SearchAction\",\"target\":{\"@type\":\"EntryPoint\",\"urlTemplate\":\"https:\\\/\\\/www.institutfrancais-jerusalem.org\\\/ramallah\\\/?s={search_term_string}\"},\"query-input\":{\"@type\":\"PropertyValueSpecification\",\"valueRequired\":true,\"valueName\":\"search_term_string\"}}],\"inLanguage\":\"fr-FR\"},{\"@type\":\"Person\",\"@id\":\"https:\\\/\\\/www.institutfrancais-jerusalem.org\\\/ramallah\\\/#\\\/schema\\\/person\\\/0d606b93f4fb1eb5c713b8be3dd4c4bf\",\"name\":\"admin6590\",\"image\":{\"@type\":\"ImageObject\",\"inLanguage\":\"fr-FR\",\"@id\":\"https:\\\/\\\/secure.gravatar.com\\\/avatar\\\/26482e0f083efa40e5c2db57a3d590897a500390cc256266e30d5da5605a03a9?s=96&d=mm&r=g\",\"url\":\"https:\\\/\\\/secure.gravatar.com\\\/avatar\\\/26482e0f083efa40e5c2db57a3d590897a500390cc256266e30d5da5605a03a9?s=96&d=mm&r=g\",\"contentUrl\":\"https:\\\/\\\/secure.gravatar.com\\\/avatar\\\/26482e0f083efa40e5c2db57a3d590897a500390cc256266e30d5da5605a03a9?s=96&d=mm&r=g\",\"caption\":\"admin6590\"},\"url\":\"https:\\\/\\\/www.institutfrancais-jerusalem.org\\\/ramallah\\\/author\\\/admin6590\\\/\"}]}<\/script>\n<!-- \/ Yoast SEO plugin. -->","yoast_head_json":{"title":"Sawa Sawa Residency Program \u2013 Second Call - Institut Fran\u00e7ais de J\u00e9rusalem - Ramallah","robots":{"index":"index","follow":"follow","max-snippet":"max-snippet:-1","max-image-preview":"max-image-preview:large","max-video-preview":"max-video-preview:-1"},"canonical":"https:\/\/www.institutfrancais-jerusalem.org\/ramallah\/sawa-sawa-residency-program-second-call\/","og_locale":"fr_FR","og_type":"article","og_title":"Sawa Sawa Residency Program \u2013 Second Call - Institut Fran\u00e7ais de J\u00e9rusalem - Ramallah","og_description":"Residency program to support the Palestinian artistic and cultural scene in times of crisis In a context of acute crisis affecting harshly the Palestinian cultural scene, the French Institute of Jerusalem has partnered with Palestinian and French organizations to design a residency program that will organize 57 residencies (24 in Palestine and 33 in France). &hellip;","og_url":"https:\/\/www.institutfrancais-jerusalem.org\/ramallah\/sawa-sawa-residency-program-second-call\/","og_site_name":"Institut Fran\u00e7ais de J\u00e9rusalem - Ramallah","article_published_time":"2024-08-01T09:42:21+00:00","og_image":[{"width":660,"height":330,"url":"https:\/\/www.institutfrancais-jerusalem.org\/ramallah\/wp-content\/uploads\/sites\/11\/2024\/08\/3-6-months_FB-cover-copy-660x330-1.png","type":"image\/png"}],"author":"admin6590","twitter_card":"summary_large_image","twitter_misc":{"\u00c9crit par":"admin6590","Dur\u00e9e de lecture estim\u00e9e":"3 minutes"},"schema":{"@context":"https:\/\/schema.org","@graph":[{"@type":"Article","@id":"https:\/\/www.institutfrancais-jerusalem.org\/ramallah\/sawa-sawa-residency-program-second-call\/#article","isPartOf":{"@id":"https:\/\/www.institutfrancais-jerusalem.org\/ramallah\/sawa-sawa-residency-program-second-call\/"},"author":{"name":"admin6590","@id":"https:\/\/www.institutfrancais-jerusalem.org\/ramallah\/#\/schema\/person\/0d606b93f4fb1eb5c713b8be3dd4c4bf"},"headline":"Sawa Sawa Residency Program \u2013 Second Call","datePublished":"2024-08-01T09:42:21+00:00","mainEntityOfPage":{"@id":"https:\/\/www.institutfrancais-jerusalem.org\/ramallah\/sawa-sawa-residency-program-second-call\/"},"wordCount":448,"image":{"@id":"https:\/\/www.institutfrancais-jerusalem.org\/ramallah\/sawa-sawa-residency-program-second-call\/#primaryimage"},"thumbnailUrl":"https:\/\/www.institutfrancais-jerusalem.org\/ramallah\/wp-content\/uploads\/sites\/11\/2024\/08\/3-6-months_FB-cover-copy-660x330-1.png","articleSection":["Non classifi\u00e9(e)"],"inLanguage":"fr-FR"},{"@type":"WebPage","@id":"https:\/\/www.institutfrancais-jerusalem.org\/ramallah\/sawa-sawa-residency-program-second-call\/","url":"https:\/\/www.institutfrancais-jerusalem.org\/ramallah\/sawa-sawa-residency-program-second-call\/","name":"Sawa Sawa Residency Program \u2013 Second Call - Institut Fran\u00e7ais de J\u00e9rusalem - Ramallah","isPartOf":{"@id":"https:\/\/www.institutfrancais-jerusalem.org\/ramallah\/#website"},"primaryImageOfPage":{"@id":"https:\/\/www.institutfrancais-jerusalem.org\/ramallah\/sawa-sawa-residency-program-second-call\/#primaryimage"},"image":{"@id":"https:\/\/www.institutfrancais-jerusalem.org\/ramallah\/sawa-sawa-residency-program-second-call\/#primaryimage"},"thumbnailUrl":"https:\/\/www.institutfrancais-jerusalem.org\/ramallah\/wp-content\/uploads\/sites\/11\/2024\/08\/3-6-months_FB-cover-copy-660x330-1.png","datePublished":"2024-08-01T09:42:21+00:00","author":{"@id":"https:\/\/www.institutfrancais-jerusalem.org\/ramallah\/#\/schema\/person\/0d606b93f4fb1eb5c713b8be3dd4c4bf"},"breadcrumb":{"@id":"https:\/\/www.institutfrancais-jerusalem.org\/ramallah\/sawa-sawa-residency-program-second-call\/#breadcrumb"},"inLanguage":"fr-FR","potentialAction":[{"@type":"ReadAction","target":["https:\/\/www.institutfrancais-jerusalem.org\/ramallah\/sawa-sawa-residency-program-second-call\/"]}]},{"@type":"ImageObject","inLanguage":"fr-FR","@id":"https:\/\/www.institutfrancais-jerusalem.org\/ramallah\/sawa-sawa-residency-program-second-call\/#primaryimage","url":"https:\/\/www.institutfrancais-jerusalem.org\/ramallah\/wp-content\/uploads\/sites\/11\/2024\/08\/3-6-months_FB-cover-copy-660x330-1.png","contentUrl":"https:\/\/www.institutfrancais-jerusalem.org\/ramallah\/wp-content\/uploads\/sites\/11\/2024\/08\/3-6-months_FB-cover-copy-660x330-1.png","width":660,"height":330},{"@type":"BreadcrumbList","@id":"https:\/\/www.institutfrancais-jerusalem.org\/ramallah\/sawa-sawa-residency-program-second-call\/#breadcrumb","itemListElement":[{"@type":"ListItem","position":1,"name":"Accueil","item":"https:\/\/www.institutfrancais-jerusalem.org\/ramallah\/"},{"@type":"ListItem","position":2,"name":"Sawa Sawa Residency Program \u2013 Second Call"}]},{"@type":"WebSite","@id":"https:\/\/www.institutfrancais-jerusalem.org\/ramallah\/#website","url":"https:\/\/www.institutfrancais-jerusalem.org\/ramallah\/","name":"Institut Fran\u00e7ais de J\u00e9rusalem - Ramallah","description":"Ramallah","potentialAction":[{"@type":"SearchAction","target":{"@type":"EntryPoint","urlTemplate":"https:\/\/www.institutfrancais-jerusalem.org\/ramallah\/?s={search_term_string}"},"query-input":{"@type":"PropertyValueSpecification","valueRequired":true,"valueName":"search_term_string"}}],"inLanguage":"fr-FR"},{"@type":"Person","@id":"https:\/\/www.institutfrancais-jerusalem.org\/ramallah\/#\/schema\/person\/0d606b93f4fb1eb5c713b8be3dd4c4bf","name":"admin6590","image":{"@type":"ImageObject","inLanguage":"fr-FR","@id":"https:\/\/secure.gravatar.com\/avatar\/26482e0f083efa40e5c2db57a3d590897a500390cc256266e30d5da5605a03a9?s=96&d=mm&r=g","url":"https:\/\/secure.gravatar.com\/avatar\/26482e0f083efa40e5c2db57a3d590897a500390cc256266e30d5da5605a03a9?s=96&d=mm&r=g","contentUrl":"https:\/\/secure.gravatar.com\/avatar\/26482e0f083efa40e5c2db57a3d590897a500390cc256266e30d5da5605a03a9?s=96&d=mm&r=g","caption":"admin6590"},"url":"https:\/\/www.institutfrancais-jerusalem.org\/ramallah\/author\/admin6590\/"}]}},"_links":{"self":[{"href":"https:\/\/www.institutfrancais-jerusalem.org\/ramallah\/wp-json\/wp\/v2\/posts\/6161","targetHints":{"allow":["GET"]}}],"collection":[{"href":"https:\/\/www.institutfrancais-jerusalem.org\/ramallah\/wp-json\/wp\/v2\/posts"}],"about":[{"href":"https:\/\/www.institutfrancais-jerusalem.org\/ramallah\/wp-json\/wp\/v2\/types\/post"}],"author":[{"embeddable":true,"href":"https:\/\/www.institutfrancais-jerusalem.org\/ramallah\/wp-json\/wp\/v2\/users\/1"}],"replies":[{"embeddable":true,"href":"https:\/\/www.institutfrancais-jerusalem.org\/ramallah\/wp-json\/wp\/v2\/comments?post=6161"}],"version-history":[{"count":1,"href":"https:\/\/www.institutfrancais-jerusalem.org\/ramallah\/wp-json\/wp\/v2\/posts\/6161\/revisions"}],"predecessor-version":[{"id":6164,"href":"https:\/\/www.institutfrancais-jerusalem.org\/ramallah\/wp-json\/wp\/v2\/posts\/6161\/revisions\/6164"}],"wp:featuredmedia":[{"embeddable":true,"href":"https:\/\/www.institutfrancais-jerusalem.org\/ramallah\/wp-json\/wp\/v2\/media\/6162"}],"wp:attachment":[{"href":"https:\/\/www.institutfrancais-jerusalem.org\/ramallah\/wp-json\/wp\/v2\/media?parent=6161"}],"wp:term":[{"taxonomy":"category","embeddable":true,"href":"https:\/\/www.institutfrancais-jerusalem.org\/ramallah\/wp-json\/wp\/v2\/categories?post=6161"},{"taxonomy":"post_tag","embeddable":true,"href":"https:\/\/www.institutfrancais-jerusalem.org\/ramallah\/wp-json\/wp\/v2\/tags?post=6161"}],"curies":[{"name":"wp","href":"https:\/\/api.w.org\/{rel}","templated":true}]}}