{"id":6094,"date":"2023-09-21T16:39:44","date_gmt":"2023-09-21T14:39:44","guid":{"rendered":"https:\/\/www.institutfrancais-jerusalem.org\/ramallah\/?p=6094"},"modified":"2023-09-24T13:18:53","modified_gmt":"2023-09-24T11:18:53","slug":"european-day-of-languages-journee-europeenne-des-langues","status":"publish","type":"post","link":"https:\/\/www.institutfrancais-jerusalem.org\/ramallah\/european-day-of-languages-journee-europeenne-des-langues\/","title":{"rendered":"EUROPEAN DAY OF LANGUAGES &#8211; JOURN\u00c9E EUROP\u00c9ENNE DES LANGUES"},"content":{"rendered":"<ul>\n<li><b>Cours d&rsquo;initiation<\/b><span class=\"Apple-converted-space\">\u00a0<\/span><\/li>\n<\/ul>\n<p><span style=\"color: #000000;\"><b>Adultes<span class=\"Apple-converted-space\">\u00a0<\/span><\/b><\/span><\/p>\n<p>14h-15h \/ 16h-17h \/ 18h-19h : Allemand<\/p>\n<p>15h-16h \/ 18h-19h : Italien<\/p>\n<p>16h-17h \/ 17h-18h : Fran\u00e7ais<\/p>\n<p>16h-17h \/ 17h-18h : Arabe<\/p>\n<p>17h-18h : Espagnol<\/p>\n<p>18h-19h : Galicien<\/p>\n<p><b>Enfants<\/b><span class=\"Apple-converted-space\">\u00a0<\/span><\/p>\n<p>15h-16h : Allemand<span class=\"Apple-converted-space\">\u00a0<\/span><\/p>\n<p>16h-17h : Fran\u00e7ais (6-10 ans)<\/p>\n<p>16h-17h : Fran\u00e7ais (3-5 ans)<span class=\"Apple-converted-space\">\u00a0<\/span><\/p>\n<p><b>Adolescents<span class=\"Apple-converted-space\">\u00a0<\/span><\/b><\/p>\n<p>15h-16h \/ 18h-19h : Allemand<\/p>\n<p>16h-17h \/ 17h-18h : Fran\u00e7ais<\/p>\n<ul>\n<li><b>Cours d&rsquo;initiation \u00e0 la danse<\/b><\/li>\n<\/ul>\n<p>14h-15h : Dabkeh<\/p>\n<p>19h-20h : Salsa<\/p>\n<p>20h-21h : Tango<\/p>\n<ul>\n<li><b>Activit\u00e9s pour enfants<span class=\"Apple-converted-space\">\u00a0<\/span><\/b><\/li>\n<\/ul>\n<p>15h-17h : Maquillage<\/p>\n<p>17h-18h : Conte en anglais<\/p>\n<p>17h30-18h30 : Contes en allemand et en arabe<\/p>\n<ul>\n<li><b>Musique<\/b><\/li>\n<\/ul>\n<p>14h-15h : Concert de flamenco en direct avec Saed Qawasmi<\/p>\n<p>18h-19h : Session DJ avec Dongull<\/p>\n<p>21h \u00e0 22h30 : Concert de violoncelle<\/p>\n<ul>\n<li><b>Jeux<\/b><\/li>\n<\/ul>\n<p>10h-13h : Chasse au tr\u00e9sor avec Action Bound<\/p>\n<p>10h-13h : Jeux en allemand<\/p>\n<p>17h-19h : Jeux de soci\u00e9t\u00e9 en diff\u00e9rentes langues<\/p>\n<p>18h-19h : Karaoke<\/p>\n<p>19h-20h : Quiz Night<\/p>\n<ul>\n<li><b>Technologie cr\u00e9ative<\/b><\/li>\n<\/ul>\n<p>Toute la journ\u00e9e : Casques VR<\/p>\n<p>Toute la journ\u00e9e : Micro-Folie<\/p>\n<p>De 10h \u00e0 16h30 : Enregistrez votre propre podcast<span class=\"Apple-converted-space\">\u00a0<\/span><\/p>\n<p>De 13h \u00e0 22h30 : Cultureth\u00e8que<\/p>\n<p><span class=\"Apple-converted-space\">De 15h30 \u00e0 16h30 : Atelier Stop motion<br \/>\n<\/span><\/p>\n<ul>\n<li><b>9h-17h : Expositions<\/b><\/li>\n<\/ul>\n<p>The taste of Watermelon<\/p>\n<p>Palestine Heritage Trail<span class=\"Apple-converted-space\">\u00a0<\/span><\/p>\n<ul>\n<li><b>19h-21h : Cin\u00e9ma<\/b><\/li>\n<\/ul>\n<p>&nbsp;<\/p>\n<ul>\n<li><b>Mobilit\u00e9 Internationale en Allemagne et en France<\/b><\/li>\n<\/ul>\n<p>12-16h : DAAD<\/p>\n<p>14h-16h : Campus France<\/p>\n<ul>\n<li><b>12h-17h\u00a0: Restauration<\/b><\/li>\n<\/ul>\n<p>Solo Pasta<\/p>\n<p>P\u00e2tisseries et caf\u00e9<\/p>\n<p><b>\u00c0 partir de 17h : Food trucks avec\u00a0fast-food<\/b><\/p>\n<p>&nbsp;<\/p>\n","protected":false},"excerpt":{"rendered":"<p>Cours d&rsquo;initiation\u00a0 Adultes\u00a0 14h-15h \/ 16h-17h \/ 18h-19h : Allemand 15h-16h \/ 18h-19h : Italien 16h-17h \/ 17h-18h : Fran\u00e7ais 16h-17h \/ 17h-18h : Arabe 17h-18h : Espagnol 18h-19h : Galicien Enfants\u00a0 15h-16h : Allemand\u00a0 16h-17h : Fran\u00e7ais (6-10 ans) 16h-17h : Fran\u00e7ais (3-5 ans)\u00a0 Adolescents\u00a0 15h-16h \/ 18h-19h : Allemand 16h-17h \/ 17h-18h : &hellip;<\/p>\n","protected":false},"author":1,"featured_media":6105,"comment_status":"closed","ping_status":"closed","sticky":false,"template":"","format":"standard","meta":{"footnotes":""},"categories":[1],"tags":[],"class_list":["post-6094","post","type-post","status-publish","format-standard","has-post-thumbnail","","category-non-classifiee"],"yoast_head":"<!-- This site is optimized with the Yoast SEO plugin v27.4 - https:\/\/yoast.com\/product\/yoast-seo-wordpress\/ -->\n<title>EUROPEAN DAY OF LANGUAGES - JOURN\u00c9E EUROP\u00c9ENNE DES LANGUES - Institut Fran\u00e7ais de J\u00e9rusalem - Ramallah<\/title>\n<meta name=\"robots\" content=\"index, follow, max-snippet:-1, max-image-preview:large, max-video-preview:-1\" \/>\n<link rel=\"canonical\" href=\"https:\/\/www.institutfrancais-jerusalem.org\/ramallah\/european-day-of-languages-journee-europeenne-des-langues\/\" \/>\n<meta property=\"og:locale\" content=\"fr_FR\" \/>\n<meta property=\"og:type\" content=\"article\" \/>\n<meta property=\"og:title\" content=\"EUROPEAN DAY OF LANGUAGES - JOURN\u00c9E EUROP\u00c9ENNE DES LANGUES - Institut Fran\u00e7ais de J\u00e9rusalem - Ramallah\" \/>\n<meta property=\"og:description\" content=\"Cours d&rsquo;initiation\u00a0 Adultes\u00a0 14h-15h \/ 16h-17h \/ 18h-19h : Allemand 15h-16h \/ 18h-19h : Italien 16h-17h \/ 17h-18h : Fran\u00e7ais 16h-17h \/ 17h-18h : Arabe 17h-18h : Espagnol 18h-19h : Galicien Enfants\u00a0 15h-16h : Allemand\u00a0 16h-17h : Fran\u00e7ais (6-10 ans) 16h-17h : Fran\u00e7ais (3-5 ans)\u00a0 Adolescents\u00a0 15h-16h \/ 18h-19h : Allemand 16h-17h \/ 17h-18h : &hellip;\" \/>\n<meta property=\"og:url\" content=\"https:\/\/www.institutfrancais-jerusalem.org\/ramallah\/european-day-of-languages-journee-europeenne-des-langues\/\" \/>\n<meta property=\"og:site_name\" content=\"Institut Fran\u00e7ais de J\u00e9rusalem - Ramallah\" \/>\n<meta property=\"article:published_time\" content=\"2023-09-21T14:39:44+00:00\" \/>\n<meta property=\"article:modified_time\" content=\"2023-09-24T11:18:53+00:00\" \/>\n<meta property=\"og:image\" content=\"https:\/\/www.institutfrancais-jerusalem.org\/ramallah\/wp-content\/uploads\/sites\/11\/2023\/09\/Untitled-design-6.png\" \/>\n\t<meta property=\"og:image:width\" content=\"1920\" \/>\n\t<meta property=\"og:image:height\" content=\"1080\" \/>\n\t<meta property=\"og:image:type\" content=\"image\/png\" \/>\n<meta name=\"author\" content=\"admin6590\" \/>\n<meta name=\"twitter:card\" content=\"summary_large_image\" \/>\n<meta name=\"twitter:label1\" content=\"\u00c9crit par\" \/>\n\t<meta name=\"twitter:data1\" content=\"admin6590\" \/>\n\t<meta name=\"twitter:label2\" content=\"Dur\u00e9e de lecture estim\u00e9e\" \/>\n\t<meta name=\"twitter:data2\" content=\"1 minute\" \/>\n<script type=\"application\/ld+json\" class=\"yoast-schema-graph\">{\"@context\":\"https:\\\/\\\/schema.org\",\"@graph\":[{\"@type\":\"Article\",\"@id\":\"https:\\\/\\\/www.institutfrancais-jerusalem.org\\\/ramallah\\\/european-day-of-languages-journee-europeenne-des-langues\\\/#article\",\"isPartOf\":{\"@id\":\"https:\\\/\\\/www.institutfrancais-jerusalem.org\\\/ramallah\\\/european-day-of-languages-journee-europeenne-des-langues\\\/\"},\"author\":{\"name\":\"admin6590\",\"@id\":\"https:\\\/\\\/www.institutfrancais-jerusalem.org\\\/ramallah\\\/#\\\/schema\\\/person\\\/0d606b93f4fb1eb5c713b8be3dd4c4bf\"},\"headline\":\"EUROPEAN DAY OF LANGUAGES &#8211; JOURN\u00c9E EUROP\u00c9ENNE DES LANGUES\",\"datePublished\":\"2023-09-21T14:39:44+00:00\",\"dateModified\":\"2023-09-24T11:18:53+00:00\",\"mainEntityOfPage\":{\"@id\":\"https:\\\/\\\/www.institutfrancais-jerusalem.org\\\/ramallah\\\/european-day-of-languages-journee-europeenne-des-langues\\\/\"},\"wordCount\":239,\"image\":{\"@id\":\"https:\\\/\\\/www.institutfrancais-jerusalem.org\\\/ramallah\\\/european-day-of-languages-journee-europeenne-des-langues\\\/#primaryimage\"},\"thumbnailUrl\":\"https:\\\/\\\/www.institutfrancais-jerusalem.org\\\/ramallah\\\/wp-content\\\/uploads\\\/sites\\\/11\\\/2023\\\/09\\\/Untitled-design-6.png\",\"articleSection\":[\"Non classifi\u00e9(e)\"],\"inLanguage\":\"fr-FR\"},{\"@type\":\"WebPage\",\"@id\":\"https:\\\/\\\/www.institutfrancais-jerusalem.org\\\/ramallah\\\/european-day-of-languages-journee-europeenne-des-langues\\\/\",\"url\":\"https:\\\/\\\/www.institutfrancais-jerusalem.org\\\/ramallah\\\/european-day-of-languages-journee-europeenne-des-langues\\\/\",\"name\":\"EUROPEAN DAY OF LANGUAGES - JOURN\u00c9E EUROP\u00c9ENNE DES LANGUES - Institut Fran\u00e7ais de J\u00e9rusalem - Ramallah\",\"isPartOf\":{\"@id\":\"https:\\\/\\\/www.institutfrancais-jerusalem.org\\\/ramallah\\\/#website\"},\"primaryImageOfPage\":{\"@id\":\"https:\\\/\\\/www.institutfrancais-jerusalem.org\\\/ramallah\\\/european-day-of-languages-journee-europeenne-des-langues\\\/#primaryimage\"},\"image\":{\"@id\":\"https:\\\/\\\/www.institutfrancais-jerusalem.org\\\/ramallah\\\/european-day-of-languages-journee-europeenne-des-langues\\\/#primaryimage\"},\"thumbnailUrl\":\"https:\\\/\\\/www.institutfrancais-jerusalem.org\\\/ramallah\\\/wp-content\\\/uploads\\\/sites\\\/11\\\/2023\\\/09\\\/Untitled-design-6.png\",\"datePublished\":\"2023-09-21T14:39:44+00:00\",\"dateModified\":\"2023-09-24T11:18:53+00:00\",\"author\":{\"@id\":\"https:\\\/\\\/www.institutfrancais-jerusalem.org\\\/ramallah\\\/#\\\/schema\\\/person\\\/0d606b93f4fb1eb5c713b8be3dd4c4bf\"},\"breadcrumb\":{\"@id\":\"https:\\\/\\\/www.institutfrancais-jerusalem.org\\\/ramallah\\\/european-day-of-languages-journee-europeenne-des-langues\\\/#breadcrumb\"},\"inLanguage\":\"fr-FR\",\"potentialAction\":[{\"@type\":\"ReadAction\",\"target\":[\"https:\\\/\\\/www.institutfrancais-jerusalem.org\\\/ramallah\\\/european-day-of-languages-journee-europeenne-des-langues\\\/\"]}]},{\"@type\":\"ImageObject\",\"inLanguage\":\"fr-FR\",\"@id\":\"https:\\\/\\\/www.institutfrancais-jerusalem.org\\\/ramallah\\\/european-day-of-languages-journee-europeenne-des-langues\\\/#primaryimage\",\"url\":\"https:\\\/\\\/www.institutfrancais-jerusalem.org\\\/ramallah\\\/wp-content\\\/uploads\\\/sites\\\/11\\\/2023\\\/09\\\/Untitled-design-6.png\",\"contentUrl\":\"https:\\\/\\\/www.institutfrancais-jerusalem.org\\\/ramallah\\\/wp-content\\\/uploads\\\/sites\\\/11\\\/2023\\\/09\\\/Untitled-design-6.png\",\"width\":1920,\"height\":1080},{\"@type\":\"BreadcrumbList\",\"@id\":\"https:\\\/\\\/www.institutfrancais-jerusalem.org\\\/ramallah\\\/european-day-of-languages-journee-europeenne-des-langues\\\/#breadcrumb\",\"itemListElement\":[{\"@type\":\"ListItem\",\"position\":1,\"name\":\"Accueil\",\"item\":\"https:\\\/\\\/www.institutfrancais-jerusalem.org\\\/ramallah\\\/\"},{\"@type\":\"ListItem\",\"position\":2,\"name\":\"EUROPEAN DAY OF LANGUAGES &#8211; JOURN\u00c9E EUROP\u00c9ENNE DES LANGUES\"}]},{\"@type\":\"WebSite\",\"@id\":\"https:\\\/\\\/www.institutfrancais-jerusalem.org\\\/ramallah\\\/#website\",\"url\":\"https:\\\/\\\/www.institutfrancais-jerusalem.org\\\/ramallah\\\/\",\"name\":\"Institut Fran\u00e7ais de J\u00e9rusalem - Ramallah\",\"description\":\"Ramallah\",\"potentialAction\":[{\"@type\":\"SearchAction\",\"target\":{\"@type\":\"EntryPoint\",\"urlTemplate\":\"https:\\\/\\\/www.institutfrancais-jerusalem.org\\\/ramallah\\\/?s={search_term_string}\"},\"query-input\":{\"@type\":\"PropertyValueSpecification\",\"valueRequired\":true,\"valueName\":\"search_term_string\"}}],\"inLanguage\":\"fr-FR\"},{\"@type\":\"Person\",\"@id\":\"https:\\\/\\\/www.institutfrancais-jerusalem.org\\\/ramallah\\\/#\\\/schema\\\/person\\\/0d606b93f4fb1eb5c713b8be3dd4c4bf\",\"name\":\"admin6590\",\"image\":{\"@type\":\"ImageObject\",\"inLanguage\":\"fr-FR\",\"@id\":\"https:\\\/\\\/secure.gravatar.com\\\/avatar\\\/26482e0f083efa40e5c2db57a3d590897a500390cc256266e30d5da5605a03a9?s=96&d=mm&r=g\",\"url\":\"https:\\\/\\\/secure.gravatar.com\\\/avatar\\\/26482e0f083efa40e5c2db57a3d590897a500390cc256266e30d5da5605a03a9?s=96&d=mm&r=g\",\"contentUrl\":\"https:\\\/\\\/secure.gravatar.com\\\/avatar\\\/26482e0f083efa40e5c2db57a3d590897a500390cc256266e30d5da5605a03a9?s=96&d=mm&r=g\",\"caption\":\"admin6590\"},\"url\":\"https:\\\/\\\/www.institutfrancais-jerusalem.org\\\/ramallah\\\/author\\\/admin6590\\\/\"}]}<\/script>\n<!-- \/ Yoast SEO plugin. -->","yoast_head_json":{"title":"EUROPEAN DAY OF LANGUAGES - JOURN\u00c9E EUROP\u00c9ENNE DES LANGUES - Institut Fran\u00e7ais de J\u00e9rusalem - Ramallah","robots":{"index":"index","follow":"follow","max-snippet":"max-snippet:-1","max-image-preview":"max-image-preview:large","max-video-preview":"max-video-preview:-1"},"canonical":"https:\/\/www.institutfrancais-jerusalem.org\/ramallah\/european-day-of-languages-journee-europeenne-des-langues\/","og_locale":"fr_FR","og_type":"article","og_title":"EUROPEAN DAY OF LANGUAGES - JOURN\u00c9E EUROP\u00c9ENNE DES LANGUES - Institut Fran\u00e7ais de J\u00e9rusalem - Ramallah","og_description":"Cours d&rsquo;initiation\u00a0 Adultes\u00a0 14h-15h \/ 16h-17h \/ 18h-19h : Allemand 15h-16h \/ 18h-19h : Italien 16h-17h \/ 17h-18h : Fran\u00e7ais 16h-17h \/ 17h-18h : Arabe 17h-18h : Espagnol 18h-19h : Galicien Enfants\u00a0 15h-16h : Allemand\u00a0 16h-17h : Fran\u00e7ais (6-10 ans) 16h-17h : Fran\u00e7ais (3-5 ans)\u00a0 Adolescents\u00a0 15h-16h \/ 18h-19h : Allemand 16h-17h \/ 17h-18h : &hellip;","og_url":"https:\/\/www.institutfrancais-jerusalem.org\/ramallah\/european-day-of-languages-journee-europeenne-des-langues\/","og_site_name":"Institut Fran\u00e7ais de J\u00e9rusalem - Ramallah","article_published_time":"2023-09-21T14:39:44+00:00","article_modified_time":"2023-09-24T11:18:53+00:00","og_image":[{"width":1920,"height":1080,"url":"https:\/\/www.institutfrancais-jerusalem.org\/ramallah\/wp-content\/uploads\/sites\/11\/2023\/09\/Untitled-design-6.png","type":"image\/png"}],"author":"admin6590","twitter_card":"summary_large_image","twitter_misc":{"\u00c9crit par":"admin6590","Dur\u00e9e de lecture estim\u00e9e":"1 minute"},"schema":{"@context":"https:\/\/schema.org","@graph":[{"@type":"Article","@id":"https:\/\/www.institutfrancais-jerusalem.org\/ramallah\/european-day-of-languages-journee-europeenne-des-langues\/#article","isPartOf":{"@id":"https:\/\/www.institutfrancais-jerusalem.org\/ramallah\/european-day-of-languages-journee-europeenne-des-langues\/"},"author":{"name":"admin6590","@id":"https:\/\/www.institutfrancais-jerusalem.org\/ramallah\/#\/schema\/person\/0d606b93f4fb1eb5c713b8be3dd4c4bf"},"headline":"EUROPEAN DAY OF LANGUAGES &#8211; JOURN\u00c9E EUROP\u00c9ENNE DES LANGUES","datePublished":"2023-09-21T14:39:44+00:00","dateModified":"2023-09-24T11:18:53+00:00","mainEntityOfPage":{"@id":"https:\/\/www.institutfrancais-jerusalem.org\/ramallah\/european-day-of-languages-journee-europeenne-des-langues\/"},"wordCount":239,"image":{"@id":"https:\/\/www.institutfrancais-jerusalem.org\/ramallah\/european-day-of-languages-journee-europeenne-des-langues\/#primaryimage"},"thumbnailUrl":"https:\/\/www.institutfrancais-jerusalem.org\/ramallah\/wp-content\/uploads\/sites\/11\/2023\/09\/Untitled-design-6.png","articleSection":["Non classifi\u00e9(e)"],"inLanguage":"fr-FR"},{"@type":"WebPage","@id":"https:\/\/www.institutfrancais-jerusalem.org\/ramallah\/european-day-of-languages-journee-europeenne-des-langues\/","url":"https:\/\/www.institutfrancais-jerusalem.org\/ramallah\/european-day-of-languages-journee-europeenne-des-langues\/","name":"EUROPEAN DAY OF LANGUAGES - JOURN\u00c9E EUROP\u00c9ENNE DES LANGUES - Institut Fran\u00e7ais de J\u00e9rusalem - Ramallah","isPartOf":{"@id":"https:\/\/www.institutfrancais-jerusalem.org\/ramallah\/#website"},"primaryImageOfPage":{"@id":"https:\/\/www.institutfrancais-jerusalem.org\/ramallah\/european-day-of-languages-journee-europeenne-des-langues\/#primaryimage"},"image":{"@id":"https:\/\/www.institutfrancais-jerusalem.org\/ramallah\/european-day-of-languages-journee-europeenne-des-langues\/#primaryimage"},"thumbnailUrl":"https:\/\/www.institutfrancais-jerusalem.org\/ramallah\/wp-content\/uploads\/sites\/11\/2023\/09\/Untitled-design-6.png","datePublished":"2023-09-21T14:39:44+00:00","dateModified":"2023-09-24T11:18:53+00:00","author":{"@id":"https:\/\/www.institutfrancais-jerusalem.org\/ramallah\/#\/schema\/person\/0d606b93f4fb1eb5c713b8be3dd4c4bf"},"breadcrumb":{"@id":"https:\/\/www.institutfrancais-jerusalem.org\/ramallah\/european-day-of-languages-journee-europeenne-des-langues\/#breadcrumb"},"inLanguage":"fr-FR","potentialAction":[{"@type":"ReadAction","target":["https:\/\/www.institutfrancais-jerusalem.org\/ramallah\/european-day-of-languages-journee-europeenne-des-langues\/"]}]},{"@type":"ImageObject","inLanguage":"fr-FR","@id":"https:\/\/www.institutfrancais-jerusalem.org\/ramallah\/european-day-of-languages-journee-europeenne-des-langues\/#primaryimage","url":"https:\/\/www.institutfrancais-jerusalem.org\/ramallah\/wp-content\/uploads\/sites\/11\/2023\/09\/Untitled-design-6.png","contentUrl":"https:\/\/www.institutfrancais-jerusalem.org\/ramallah\/wp-content\/uploads\/sites\/11\/2023\/09\/Untitled-design-6.png","width":1920,"height":1080},{"@type":"BreadcrumbList","@id":"https:\/\/www.institutfrancais-jerusalem.org\/ramallah\/european-day-of-languages-journee-europeenne-des-langues\/#breadcrumb","itemListElement":[{"@type":"ListItem","position":1,"name":"Accueil","item":"https:\/\/www.institutfrancais-jerusalem.org\/ramallah\/"},{"@type":"ListItem","position":2,"name":"EUROPEAN DAY OF LANGUAGES &#8211; JOURN\u00c9E EUROP\u00c9ENNE DES LANGUES"}]},{"@type":"WebSite","@id":"https:\/\/www.institutfrancais-jerusalem.org\/ramallah\/#website","url":"https:\/\/www.institutfrancais-jerusalem.org\/ramallah\/","name":"Institut Fran\u00e7ais de J\u00e9rusalem - Ramallah","description":"Ramallah","potentialAction":[{"@type":"SearchAction","target":{"@type":"EntryPoint","urlTemplate":"https:\/\/www.institutfrancais-jerusalem.org\/ramallah\/?s={search_term_string}"},"query-input":{"@type":"PropertyValueSpecification","valueRequired":true,"valueName":"search_term_string"}}],"inLanguage":"fr-FR"},{"@type":"Person","@id":"https:\/\/www.institutfrancais-jerusalem.org\/ramallah\/#\/schema\/person\/0d606b93f4fb1eb5c713b8be3dd4c4bf","name":"admin6590","image":{"@type":"ImageObject","inLanguage":"fr-FR","@id":"https:\/\/secure.gravatar.com\/avatar\/26482e0f083efa40e5c2db57a3d590897a500390cc256266e30d5da5605a03a9?s=96&d=mm&r=g","url":"https:\/\/secure.gravatar.com\/avatar\/26482e0f083efa40e5c2db57a3d590897a500390cc256266e30d5da5605a03a9?s=96&d=mm&r=g","contentUrl":"https:\/\/secure.gravatar.com\/avatar\/26482e0f083efa40e5c2db57a3d590897a500390cc256266e30d5da5605a03a9?s=96&d=mm&r=g","caption":"admin6590"},"url":"https:\/\/www.institutfrancais-jerusalem.org\/ramallah\/author\/admin6590\/"}]}},"_links":{"self":[{"href":"https:\/\/www.institutfrancais-jerusalem.org\/ramallah\/wp-json\/wp\/v2\/posts\/6094","targetHints":{"allow":["GET"]}}],"collection":[{"href":"https:\/\/www.institutfrancais-jerusalem.org\/ramallah\/wp-json\/wp\/v2\/posts"}],"about":[{"href":"https:\/\/www.institutfrancais-jerusalem.org\/ramallah\/wp-json\/wp\/v2\/types\/post"}],"author":[{"embeddable":true,"href":"https:\/\/www.institutfrancais-jerusalem.org\/ramallah\/wp-json\/wp\/v2\/users\/1"}],"replies":[{"embeddable":true,"href":"https:\/\/www.institutfrancais-jerusalem.org\/ramallah\/wp-json\/wp\/v2\/comments?post=6094"}],"version-history":[{"count":3,"href":"https:\/\/www.institutfrancais-jerusalem.org\/ramallah\/wp-json\/wp\/v2\/posts\/6094\/revisions"}],"predecessor-version":[{"id":6107,"href":"https:\/\/www.institutfrancais-jerusalem.org\/ramallah\/wp-json\/wp\/v2\/posts\/6094\/revisions\/6107"}],"wp:featuredmedia":[{"embeddable":true,"href":"https:\/\/www.institutfrancais-jerusalem.org\/ramallah\/wp-json\/wp\/v2\/media\/6105"}],"wp:attachment":[{"href":"https:\/\/www.institutfrancais-jerusalem.org\/ramallah\/wp-json\/wp\/v2\/media?parent=6094"}],"wp:term":[{"taxonomy":"category","embeddable":true,"href":"https:\/\/www.institutfrancais-jerusalem.org\/ramallah\/wp-json\/wp\/v2\/categories?post=6094"},{"taxonomy":"post_tag","embeddable":true,"href":"https:\/\/www.institutfrancais-jerusalem.org\/ramallah\/wp-json\/wp\/v2\/tags?post=6094"}],"curies":[{"name":"wp","href":"https:\/\/api.w.org\/{rel}","templated":true}]}}