{"id":6079,"date":"2023-09-07T09:32:55","date_gmt":"2023-09-07T07:32:55","guid":{"rendered":"https:\/\/www.institutfrancais-jerusalem.org\/ramallah\/?p=6079"},"modified":"2023-09-07T09:33:50","modified_gmt":"2023-09-07T07:33:50","slug":"vive-la-rentree-au-lycee-francais-international-de-ramallah","status":"publish","type":"post","link":"https:\/\/www.institutfrancais-jerusalem.org\/ramallah\/vive-la-rentree-au-lycee-francais-international-de-ramallah\/","title":{"rendered":"Jour de rentr\u00e9e au lyc\u00e9e fran\u00e7ais international de Ramallah !"},"content":{"rendered":"<p style=\"font-weight: 400;\">Apr\u00e8s deux mois de travaux, le <a href=\"https:\/\/www.facebook.com\/LFIRamallah?locale=fr_FR\">Lyc\u00e9e fran\u00e7ais international de Ramallah<\/a> \u2013 d\u00e9sormais conventionn\u00e9 avec l\u2019Agence pour l&rsquo;enseignement fran\u00e7ais \u00e0 l&rsquo;\u00e9tranger (AEFE) \u2013 rouvre ses portes dans de nouveaux locaux, avec une nouvelle \u00e9quipe p\u00e9dagogique et un niveau suppl\u00e9mentaire\u00a0: la classe de CM2.<\/p>\n<p style=\"font-weight: 400;\">\u00a0Ce lundi 4 septembre, le directeur et les enseignants ont accueilli les \u00e9l\u00e8ves en pr\u00e9sence du comit\u00e9 de gestion de l\u2019\u00e9tablissement et du Consulat g\u00e9n\u00e9ral de France \u00e0 J\u00e9rusalem.<\/p>\n<p style=\"font-weight: 400;\">\u00a0Parents et enfants ont pu y d\u00e9couvrir les salles de classe ainsi que les nouvelles installations. Un espace convivial et color\u00e9 d\u00e9j\u00e0 appr\u00e9ci\u00e9 des enfants comme des parents\u00a0!<\/p>\n<p style=\"font-weight: 400;\">\u00a0Nous souhaitons \u00e0 tous nos \u00e9l\u00e8ves et \u00e0 tous les personnels du lyc\u00e9e une excellente ann\u00e9e scolaire !<\/p>\n<p style=\"font-weight: 400;\">\n","protected":false},"excerpt":{"rendered":"<p>Apr\u00e8s deux mois de travaux, le Lyc\u00e9e fran\u00e7ais international de Ramallah \u2013 d\u00e9sormais conventionn\u00e9 avec l\u2019Agence pour l&rsquo;enseignement fran\u00e7ais \u00e0 l&rsquo;\u00e9tranger (AEFE) \u2013 rouvre ses portes dans de nouveaux locaux, avec une nouvelle \u00e9quipe p\u00e9dagogique et un niveau suppl\u00e9mentaire\u00a0: la classe de CM2. \u00a0Ce lundi 4 septembre, le directeur et les enseignants ont accueilli les &hellip;<\/p>\n","protected":false},"author":1,"featured_media":6087,"comment_status":"closed","ping_status":"closed","sticky":false,"template":"","format":"standard","meta":{"footnotes":""},"categories":[1],"tags":[],"class_list":["post-6079","post","type-post","status-publish","format-standard","has-post-thumbnail","","category-non-classifiee"],"yoast_head":"<!-- This site is optimized with the Yoast SEO plugin v27.4 - https:\/\/yoast.com\/product\/yoast-seo-wordpress\/ -->\n<title>Jour de rentr\u00e9e au lyc\u00e9e fran\u00e7ais international de Ramallah ! - Institut Fran\u00e7ais de J\u00e9rusalem - Ramallah<\/title>\n<meta name=\"robots\" content=\"index, follow, max-snippet:-1, max-image-preview:large, max-video-preview:-1\" \/>\n<link rel=\"canonical\" href=\"https:\/\/www.institutfrancais-jerusalem.org\/ramallah\/vive-la-rentree-au-lycee-francais-international-de-ramallah\/\" \/>\n<meta property=\"og:locale\" content=\"fr_FR\" \/>\n<meta property=\"og:type\" content=\"article\" \/>\n<meta property=\"og:title\" content=\"Jour de rentr\u00e9e au lyc\u00e9e fran\u00e7ais international de Ramallah ! - Institut Fran\u00e7ais de J\u00e9rusalem - Ramallah\" \/>\n<meta property=\"og:description\" content=\"Apr\u00e8s deux mois de travaux, le Lyc\u00e9e fran\u00e7ais international de Ramallah \u2013 d\u00e9sormais conventionn\u00e9 avec l\u2019Agence pour l&rsquo;enseignement fran\u00e7ais \u00e0 l&rsquo;\u00e9tranger (AEFE) \u2013 rouvre ses portes dans de nouveaux locaux, avec une nouvelle \u00e9quipe p\u00e9dagogique et un niveau suppl\u00e9mentaire\u00a0: la classe de CM2. \u00a0Ce lundi 4 septembre, le directeur et les enseignants ont accueilli les &hellip;\" \/>\n<meta property=\"og:url\" content=\"https:\/\/www.institutfrancais-jerusalem.org\/ramallah\/vive-la-rentree-au-lycee-francais-international-de-ramallah\/\" \/>\n<meta property=\"og:site_name\" content=\"Institut Fran\u00e7ais de J\u00e9rusalem - Ramallah\" \/>\n<meta property=\"article:published_time\" content=\"2023-09-07T07:32:55+00:00\" \/>\n<meta property=\"article:modified_time\" content=\"2023-09-07T07:33:50+00:00\" \/>\n<meta property=\"og:image\" content=\"https:\/\/www.institutfrancais-jerusalem.org\/ramallah\/wp-content\/uploads\/sites\/11\/2023\/09\/Ramallah-4.png\" \/>\n\t<meta property=\"og:image:width\" content=\"1080\" \/>\n\t<meta property=\"og:image:height\" content=\"1080\" \/>\n\t<meta property=\"og:image:type\" content=\"image\/png\" \/>\n<meta name=\"author\" content=\"admin6590\" \/>\n<meta name=\"twitter:card\" content=\"summary_large_image\" \/>\n<meta name=\"twitter:label1\" content=\"\u00c9crit par\" \/>\n\t<meta name=\"twitter:data1\" content=\"admin6590\" \/>\n\t<meta name=\"twitter:label2\" content=\"Dur\u00e9e de lecture estim\u00e9e\" \/>\n\t<meta name=\"twitter:data2\" content=\"1 minute\" \/>\n<script type=\"application\/ld+json\" class=\"yoast-schema-graph\">{\"@context\":\"https:\\\/\\\/schema.org\",\"@graph\":[{\"@type\":\"Article\",\"@id\":\"https:\\\/\\\/www.institutfrancais-jerusalem.org\\\/ramallah\\\/vive-la-rentree-au-lycee-francais-international-de-ramallah\\\/#article\",\"isPartOf\":{\"@id\":\"https:\\\/\\\/www.institutfrancais-jerusalem.org\\\/ramallah\\\/vive-la-rentree-au-lycee-francais-international-de-ramallah\\\/\"},\"author\":{\"name\":\"admin6590\",\"@id\":\"https:\\\/\\\/www.institutfrancais-jerusalem.org\\\/ramallah\\\/#\\\/schema\\\/person\\\/0d606b93f4fb1eb5c713b8be3dd4c4bf\"},\"headline\":\"Jour de rentr\u00e9e au lyc\u00e9e fran\u00e7ais international de Ramallah !\",\"datePublished\":\"2023-09-07T07:32:55+00:00\",\"dateModified\":\"2023-09-07T07:33:50+00:00\",\"mainEntityOfPage\":{\"@id\":\"https:\\\/\\\/www.institutfrancais-jerusalem.org\\\/ramallah\\\/vive-la-rentree-au-lycee-francais-international-de-ramallah\\\/\"},\"wordCount\":144,\"image\":{\"@id\":\"https:\\\/\\\/www.institutfrancais-jerusalem.org\\\/ramallah\\\/vive-la-rentree-au-lycee-francais-international-de-ramallah\\\/#primaryimage\"},\"thumbnailUrl\":\"https:\\\/\\\/www.institutfrancais-jerusalem.org\\\/ramallah\\\/wp-content\\\/uploads\\\/sites\\\/11\\\/2023\\\/09\\\/Ramallah-4.png\",\"articleSection\":[\"Non classifi\u00e9(e)\"],\"inLanguage\":\"fr-FR\"},{\"@type\":\"WebPage\",\"@id\":\"https:\\\/\\\/www.institutfrancais-jerusalem.org\\\/ramallah\\\/vive-la-rentree-au-lycee-francais-international-de-ramallah\\\/\",\"url\":\"https:\\\/\\\/www.institutfrancais-jerusalem.org\\\/ramallah\\\/vive-la-rentree-au-lycee-francais-international-de-ramallah\\\/\",\"name\":\"Jour de rentr\u00e9e au lyc\u00e9e fran\u00e7ais international de Ramallah ! - Institut Fran\u00e7ais de J\u00e9rusalem - Ramallah\",\"isPartOf\":{\"@id\":\"https:\\\/\\\/www.institutfrancais-jerusalem.org\\\/ramallah\\\/#website\"},\"primaryImageOfPage\":{\"@id\":\"https:\\\/\\\/www.institutfrancais-jerusalem.org\\\/ramallah\\\/vive-la-rentree-au-lycee-francais-international-de-ramallah\\\/#primaryimage\"},\"image\":{\"@id\":\"https:\\\/\\\/www.institutfrancais-jerusalem.org\\\/ramallah\\\/vive-la-rentree-au-lycee-francais-international-de-ramallah\\\/#primaryimage\"},\"thumbnailUrl\":\"https:\\\/\\\/www.institutfrancais-jerusalem.org\\\/ramallah\\\/wp-content\\\/uploads\\\/sites\\\/11\\\/2023\\\/09\\\/Ramallah-4.png\",\"datePublished\":\"2023-09-07T07:32:55+00:00\",\"dateModified\":\"2023-09-07T07:33:50+00:00\",\"author\":{\"@id\":\"https:\\\/\\\/www.institutfrancais-jerusalem.org\\\/ramallah\\\/#\\\/schema\\\/person\\\/0d606b93f4fb1eb5c713b8be3dd4c4bf\"},\"breadcrumb\":{\"@id\":\"https:\\\/\\\/www.institutfrancais-jerusalem.org\\\/ramallah\\\/vive-la-rentree-au-lycee-francais-international-de-ramallah\\\/#breadcrumb\"},\"inLanguage\":\"fr-FR\",\"potentialAction\":[{\"@type\":\"ReadAction\",\"target\":[\"https:\\\/\\\/www.institutfrancais-jerusalem.org\\\/ramallah\\\/vive-la-rentree-au-lycee-francais-international-de-ramallah\\\/\"]}]},{\"@type\":\"ImageObject\",\"inLanguage\":\"fr-FR\",\"@id\":\"https:\\\/\\\/www.institutfrancais-jerusalem.org\\\/ramallah\\\/vive-la-rentree-au-lycee-francais-international-de-ramallah\\\/#primaryimage\",\"url\":\"https:\\\/\\\/www.institutfrancais-jerusalem.org\\\/ramallah\\\/wp-content\\\/uploads\\\/sites\\\/11\\\/2023\\\/09\\\/Ramallah-4.png\",\"contentUrl\":\"https:\\\/\\\/www.institutfrancais-jerusalem.org\\\/ramallah\\\/wp-content\\\/uploads\\\/sites\\\/11\\\/2023\\\/09\\\/Ramallah-4.png\",\"width\":1080,\"height\":1080},{\"@type\":\"BreadcrumbList\",\"@id\":\"https:\\\/\\\/www.institutfrancais-jerusalem.org\\\/ramallah\\\/vive-la-rentree-au-lycee-francais-international-de-ramallah\\\/#breadcrumb\",\"itemListElement\":[{\"@type\":\"ListItem\",\"position\":1,\"name\":\"Accueil\",\"item\":\"https:\\\/\\\/www.institutfrancais-jerusalem.org\\\/ramallah\\\/\"},{\"@type\":\"ListItem\",\"position\":2,\"name\":\"Jour de rentr\u00e9e au lyc\u00e9e fran\u00e7ais international de Ramallah !\"}]},{\"@type\":\"WebSite\",\"@id\":\"https:\\\/\\\/www.institutfrancais-jerusalem.org\\\/ramallah\\\/#website\",\"url\":\"https:\\\/\\\/www.institutfrancais-jerusalem.org\\\/ramallah\\\/\",\"name\":\"Institut Fran\u00e7ais de J\u00e9rusalem - Ramallah\",\"description\":\"Ramallah\",\"potentialAction\":[{\"@type\":\"SearchAction\",\"target\":{\"@type\":\"EntryPoint\",\"urlTemplate\":\"https:\\\/\\\/www.institutfrancais-jerusalem.org\\\/ramallah\\\/?s={search_term_string}\"},\"query-input\":{\"@type\":\"PropertyValueSpecification\",\"valueRequired\":true,\"valueName\":\"search_term_string\"}}],\"inLanguage\":\"fr-FR\"},{\"@type\":\"Person\",\"@id\":\"https:\\\/\\\/www.institutfrancais-jerusalem.org\\\/ramallah\\\/#\\\/schema\\\/person\\\/0d606b93f4fb1eb5c713b8be3dd4c4bf\",\"name\":\"admin6590\",\"image\":{\"@type\":\"ImageObject\",\"inLanguage\":\"fr-FR\",\"@id\":\"https:\\\/\\\/secure.gravatar.com\\\/avatar\\\/26482e0f083efa40e5c2db57a3d590897a500390cc256266e30d5da5605a03a9?s=96&d=mm&r=g\",\"url\":\"https:\\\/\\\/secure.gravatar.com\\\/avatar\\\/26482e0f083efa40e5c2db57a3d590897a500390cc256266e30d5da5605a03a9?s=96&d=mm&r=g\",\"contentUrl\":\"https:\\\/\\\/secure.gravatar.com\\\/avatar\\\/26482e0f083efa40e5c2db57a3d590897a500390cc256266e30d5da5605a03a9?s=96&d=mm&r=g\",\"caption\":\"admin6590\"},\"url\":\"https:\\\/\\\/www.institutfrancais-jerusalem.org\\\/ramallah\\\/author\\\/admin6590\\\/\"}]}<\/script>\n<!-- \/ Yoast SEO plugin. -->","yoast_head_json":{"title":"Jour de rentr\u00e9e au lyc\u00e9e fran\u00e7ais international de Ramallah ! - Institut Fran\u00e7ais de J\u00e9rusalem - Ramallah","robots":{"index":"index","follow":"follow","max-snippet":"max-snippet:-1","max-image-preview":"max-image-preview:large","max-video-preview":"max-video-preview:-1"},"canonical":"https:\/\/www.institutfrancais-jerusalem.org\/ramallah\/vive-la-rentree-au-lycee-francais-international-de-ramallah\/","og_locale":"fr_FR","og_type":"article","og_title":"Jour de rentr\u00e9e au lyc\u00e9e fran\u00e7ais international de Ramallah ! - Institut Fran\u00e7ais de J\u00e9rusalem - Ramallah","og_description":"Apr\u00e8s deux mois de travaux, le Lyc\u00e9e fran\u00e7ais international de Ramallah \u2013 d\u00e9sormais conventionn\u00e9 avec l\u2019Agence pour l&rsquo;enseignement fran\u00e7ais \u00e0 l&rsquo;\u00e9tranger (AEFE) \u2013 rouvre ses portes dans de nouveaux locaux, avec une nouvelle \u00e9quipe p\u00e9dagogique et un niveau suppl\u00e9mentaire\u00a0: la classe de CM2. \u00a0Ce lundi 4 septembre, le directeur et les enseignants ont accueilli les &hellip;","og_url":"https:\/\/www.institutfrancais-jerusalem.org\/ramallah\/vive-la-rentree-au-lycee-francais-international-de-ramallah\/","og_site_name":"Institut Fran\u00e7ais de J\u00e9rusalem - Ramallah","article_published_time":"2023-09-07T07:32:55+00:00","article_modified_time":"2023-09-07T07:33:50+00:00","og_image":[{"width":1080,"height":1080,"url":"https:\/\/www.institutfrancais-jerusalem.org\/ramallah\/wp-content\/uploads\/sites\/11\/2023\/09\/Ramallah-4.png","type":"image\/png"}],"author":"admin6590","twitter_card":"summary_large_image","twitter_misc":{"\u00c9crit par":"admin6590","Dur\u00e9e de lecture estim\u00e9e":"1 minute"},"schema":{"@context":"https:\/\/schema.org","@graph":[{"@type":"Article","@id":"https:\/\/www.institutfrancais-jerusalem.org\/ramallah\/vive-la-rentree-au-lycee-francais-international-de-ramallah\/#article","isPartOf":{"@id":"https:\/\/www.institutfrancais-jerusalem.org\/ramallah\/vive-la-rentree-au-lycee-francais-international-de-ramallah\/"},"author":{"name":"admin6590","@id":"https:\/\/www.institutfrancais-jerusalem.org\/ramallah\/#\/schema\/person\/0d606b93f4fb1eb5c713b8be3dd4c4bf"},"headline":"Jour de rentr\u00e9e au lyc\u00e9e fran\u00e7ais international de Ramallah !","datePublished":"2023-09-07T07:32:55+00:00","dateModified":"2023-09-07T07:33:50+00:00","mainEntityOfPage":{"@id":"https:\/\/www.institutfrancais-jerusalem.org\/ramallah\/vive-la-rentree-au-lycee-francais-international-de-ramallah\/"},"wordCount":144,"image":{"@id":"https:\/\/www.institutfrancais-jerusalem.org\/ramallah\/vive-la-rentree-au-lycee-francais-international-de-ramallah\/#primaryimage"},"thumbnailUrl":"https:\/\/www.institutfrancais-jerusalem.org\/ramallah\/wp-content\/uploads\/sites\/11\/2023\/09\/Ramallah-4.png","articleSection":["Non classifi\u00e9(e)"],"inLanguage":"fr-FR"},{"@type":"WebPage","@id":"https:\/\/www.institutfrancais-jerusalem.org\/ramallah\/vive-la-rentree-au-lycee-francais-international-de-ramallah\/","url":"https:\/\/www.institutfrancais-jerusalem.org\/ramallah\/vive-la-rentree-au-lycee-francais-international-de-ramallah\/","name":"Jour de rentr\u00e9e au lyc\u00e9e fran\u00e7ais international de Ramallah ! - Institut Fran\u00e7ais de J\u00e9rusalem - Ramallah","isPartOf":{"@id":"https:\/\/www.institutfrancais-jerusalem.org\/ramallah\/#website"},"primaryImageOfPage":{"@id":"https:\/\/www.institutfrancais-jerusalem.org\/ramallah\/vive-la-rentree-au-lycee-francais-international-de-ramallah\/#primaryimage"},"image":{"@id":"https:\/\/www.institutfrancais-jerusalem.org\/ramallah\/vive-la-rentree-au-lycee-francais-international-de-ramallah\/#primaryimage"},"thumbnailUrl":"https:\/\/www.institutfrancais-jerusalem.org\/ramallah\/wp-content\/uploads\/sites\/11\/2023\/09\/Ramallah-4.png","datePublished":"2023-09-07T07:32:55+00:00","dateModified":"2023-09-07T07:33:50+00:00","author":{"@id":"https:\/\/www.institutfrancais-jerusalem.org\/ramallah\/#\/schema\/person\/0d606b93f4fb1eb5c713b8be3dd4c4bf"},"breadcrumb":{"@id":"https:\/\/www.institutfrancais-jerusalem.org\/ramallah\/vive-la-rentree-au-lycee-francais-international-de-ramallah\/#breadcrumb"},"inLanguage":"fr-FR","potentialAction":[{"@type":"ReadAction","target":["https:\/\/www.institutfrancais-jerusalem.org\/ramallah\/vive-la-rentree-au-lycee-francais-international-de-ramallah\/"]}]},{"@type":"ImageObject","inLanguage":"fr-FR","@id":"https:\/\/www.institutfrancais-jerusalem.org\/ramallah\/vive-la-rentree-au-lycee-francais-international-de-ramallah\/#primaryimage","url":"https:\/\/www.institutfrancais-jerusalem.org\/ramallah\/wp-content\/uploads\/sites\/11\/2023\/09\/Ramallah-4.png","contentUrl":"https:\/\/www.institutfrancais-jerusalem.org\/ramallah\/wp-content\/uploads\/sites\/11\/2023\/09\/Ramallah-4.png","width":1080,"height":1080},{"@type":"BreadcrumbList","@id":"https:\/\/www.institutfrancais-jerusalem.org\/ramallah\/vive-la-rentree-au-lycee-francais-international-de-ramallah\/#breadcrumb","itemListElement":[{"@type":"ListItem","position":1,"name":"Accueil","item":"https:\/\/www.institutfrancais-jerusalem.org\/ramallah\/"},{"@type":"ListItem","position":2,"name":"Jour de rentr\u00e9e au lyc\u00e9e fran\u00e7ais international de Ramallah !"}]},{"@type":"WebSite","@id":"https:\/\/www.institutfrancais-jerusalem.org\/ramallah\/#website","url":"https:\/\/www.institutfrancais-jerusalem.org\/ramallah\/","name":"Institut Fran\u00e7ais de J\u00e9rusalem - Ramallah","description":"Ramallah","potentialAction":[{"@type":"SearchAction","target":{"@type":"EntryPoint","urlTemplate":"https:\/\/www.institutfrancais-jerusalem.org\/ramallah\/?s={search_term_string}"},"query-input":{"@type":"PropertyValueSpecification","valueRequired":true,"valueName":"search_term_string"}}],"inLanguage":"fr-FR"},{"@type":"Person","@id":"https:\/\/www.institutfrancais-jerusalem.org\/ramallah\/#\/schema\/person\/0d606b93f4fb1eb5c713b8be3dd4c4bf","name":"admin6590","image":{"@type":"ImageObject","inLanguage":"fr-FR","@id":"https:\/\/secure.gravatar.com\/avatar\/26482e0f083efa40e5c2db57a3d590897a500390cc256266e30d5da5605a03a9?s=96&d=mm&r=g","url":"https:\/\/secure.gravatar.com\/avatar\/26482e0f083efa40e5c2db57a3d590897a500390cc256266e30d5da5605a03a9?s=96&d=mm&r=g","contentUrl":"https:\/\/secure.gravatar.com\/avatar\/26482e0f083efa40e5c2db57a3d590897a500390cc256266e30d5da5605a03a9?s=96&d=mm&r=g","caption":"admin6590"},"url":"https:\/\/www.institutfrancais-jerusalem.org\/ramallah\/author\/admin6590\/"}]}},"_links":{"self":[{"href":"https:\/\/www.institutfrancais-jerusalem.org\/ramallah\/wp-json\/wp\/v2\/posts\/6079","targetHints":{"allow":["GET"]}}],"collection":[{"href":"https:\/\/www.institutfrancais-jerusalem.org\/ramallah\/wp-json\/wp\/v2\/posts"}],"about":[{"href":"https:\/\/www.institutfrancais-jerusalem.org\/ramallah\/wp-json\/wp\/v2\/types\/post"}],"author":[{"embeddable":true,"href":"https:\/\/www.institutfrancais-jerusalem.org\/ramallah\/wp-json\/wp\/v2\/users\/1"}],"replies":[{"embeddable":true,"href":"https:\/\/www.institutfrancais-jerusalem.org\/ramallah\/wp-json\/wp\/v2\/comments?post=6079"}],"version-history":[{"count":6,"href":"https:\/\/www.institutfrancais-jerusalem.org\/ramallah\/wp-json\/wp\/v2\/posts\/6079\/revisions"}],"predecessor-version":[{"id":6092,"href":"https:\/\/www.institutfrancais-jerusalem.org\/ramallah\/wp-json\/wp\/v2\/posts\/6079\/revisions\/6092"}],"wp:featuredmedia":[{"embeddable":true,"href":"https:\/\/www.institutfrancais-jerusalem.org\/ramallah\/wp-json\/wp\/v2\/media\/6087"}],"wp:attachment":[{"href":"https:\/\/www.institutfrancais-jerusalem.org\/ramallah\/wp-json\/wp\/v2\/media?parent=6079"}],"wp:term":[{"taxonomy":"category","embeddable":true,"href":"https:\/\/www.institutfrancais-jerusalem.org\/ramallah\/wp-json\/wp\/v2\/categories?post=6079"},{"taxonomy":"post_tag","embeddable":true,"href":"https:\/\/www.institutfrancais-jerusalem.org\/ramallah\/wp-json\/wp\/v2\/tags?post=6079"}],"curies":[{"name":"wp","href":"https:\/\/api.w.org\/{rel}","templated":true}]}}