{"id":6075,"date":"2023-06-20T13:52:24","date_gmt":"2023-06-20T11:52:24","guid":{"rendered":"https:\/\/www.institutfrancais-jerusalem.org\/ramallah\/?p=6075"},"modified":"2023-06-20T13:52:24","modified_gmt":"2023-06-20T11:52:24","slug":"fete-de-la-musique-world-music-day-gheilan-siba-sawt-system","status":"publish","type":"post","link":"https:\/\/www.institutfrancais-jerusalem.org\/ramallah\/fete-de-la-musique-world-music-day-gheilan-siba-sawt-system\/","title":{"rendered":"F\u00eate de la musique \/ World Music Day &#8211; Gheilan &#038; Siba Sawt System"},"content":{"rendered":"<h3><strong>F\u00eate de la musique\u00a0<\/strong><\/h3>\n<p>A l\u2019occasion de la F\u00eate de la musique 2023 et dans le cadre du projet \u00ab\u00a0Palestine Connect 2023\u00a0\u00bb, le concert de\u00a0<em><strong>Gheilan<\/strong><\/em>\u00a0(laur\u00e9at de Palestine Connect 2023) et\u00a0<strong><em>Siba Sawt System<\/em><\/strong>\u00a0\u2013 Aziz Konkrite feat. Maalem Youssef Smarra\u00ef (musique \u00e9lectro et gnawa d\u2019Afrique du Nord) aura lieu le mardi 20 juin 2023 \u00e0 20h<br \/>\n\u00e0 l\u2019Institut culturel franco-allemand de Ramallah.<\/p>\n<p><strong>Prix ticket<\/strong>\u00a0: 30 NIS avec une boisson incluse.<\/p>\n<h3><\/h3>\n<h3><strong>World Music Day<\/strong><\/h3>\n<p>On the occasion of the World Music Day 2023 and as part of the \u00ab\u00a0Palestine Connect 2023\u00a0\u00bb project, concert by Gheilan (finalist of Palestine Connect) and Siba Sawt System \u2013 Aziz Konkrite feat. Maalem Youssef Smarra\u00ef (electro and gnawa music from North Africa) will take place on Wednesday June 20, 8:00pm, \u00a0at the French-German Cultural Institute in Ramallah.<\/p>\n<p><strong>Ticket:<\/strong>\u00a030 NIS with one drink included.<\/p>\n","protected":false},"excerpt":{"rendered":"<p>F\u00eate de la musique\u00a0 A l\u2019occasion de la F\u00eate de la musique 2023 et dans le cadre du projet \u00ab\u00a0Palestine Connect 2023\u00a0\u00bb, le concert de\u00a0Gheilan\u00a0(laur\u00e9at de Palestine Connect 2023) et\u00a0Siba Sawt System\u00a0\u2013 Aziz Konkrite feat. Maalem Youssef Smarra\u00ef (musique \u00e9lectro et gnawa d\u2019Afrique du Nord) aura lieu le mardi 20 juin 2023 \u00e0 20h \u00e0 &hellip;<\/p>\n","protected":false},"author":1,"featured_media":6076,"comment_status":"closed","ping_status":"closed","sticky":false,"template":"","format":"standard","meta":{"footnotes":""},"categories":[25],"tags":[],"class_list":["post-6075","post","type-post","status-publish","format-standard","has-post-thumbnail","","category-ramallah"],"yoast_head":"<!-- This site is optimized with the Yoast SEO plugin v27.4 - https:\/\/yoast.com\/product\/yoast-seo-wordpress\/ -->\n<title>F\u00eate de la musique \/ World Music Day - Gheilan &amp; Siba Sawt System - Institut Fran\u00e7ais de J\u00e9rusalem - Ramallah<\/title>\n<meta name=\"robots\" content=\"index, follow, max-snippet:-1, max-image-preview:large, max-video-preview:-1\" \/>\n<link rel=\"canonical\" href=\"https:\/\/www.institutfrancais-jerusalem.org\/ramallah\/fete-de-la-musique-world-music-day-gheilan-siba-sawt-system\/\" \/>\n<meta property=\"og:locale\" content=\"fr_FR\" \/>\n<meta property=\"og:type\" content=\"article\" \/>\n<meta property=\"og:title\" content=\"F\u00eate de la musique \/ World Music Day - Gheilan &amp; Siba Sawt System - Institut Fran\u00e7ais de J\u00e9rusalem - Ramallah\" \/>\n<meta property=\"og:description\" content=\"F\u00eate de la musique\u00a0 A l\u2019occasion de la F\u00eate de la musique 2023 et dans le cadre du projet \u00ab\u00a0Palestine Connect 2023\u00a0\u00bb, le concert de\u00a0Gheilan\u00a0(laur\u00e9at de Palestine Connect 2023) et\u00a0Siba Sawt System\u00a0\u2013 Aziz Konkrite feat. Maalem Youssef Smarra\u00ef (musique \u00e9lectro et gnawa d\u2019Afrique du Nord) aura lieu le mardi 20 juin 2023 \u00e0 20h \u00e0 &hellip;\" \/>\n<meta property=\"og:url\" content=\"https:\/\/www.institutfrancais-jerusalem.org\/ramallah\/fete-de-la-musique-world-music-day-gheilan-siba-sawt-system\/\" \/>\n<meta property=\"og:site_name\" content=\"Institut Fran\u00e7ais de J\u00e9rusalem - Ramallah\" \/>\n<meta property=\"article:published_time\" content=\"2023-06-20T11:52:24+00:00\" \/>\n<meta property=\"og:image\" content=\"https:\/\/www.institutfrancais-jerusalem.org\/ramallah\/wp-content\/uploads\/sites\/11\/2023\/06\/GHEILAN-1.png\" \/>\n\t<meta property=\"og:image:width\" content=\"1920\" \/>\n\t<meta property=\"og:image:height\" content=\"1080\" \/>\n\t<meta property=\"og:image:type\" content=\"image\/png\" \/>\n<meta name=\"author\" content=\"admin6590\" \/>\n<meta name=\"twitter:card\" content=\"summary_large_image\" \/>\n<meta name=\"twitter:label1\" content=\"\u00c9crit par\" \/>\n\t<meta name=\"twitter:data1\" content=\"admin6590\" \/>\n\t<meta name=\"twitter:label2\" content=\"Dur\u00e9e de lecture estim\u00e9e\" \/>\n\t<meta name=\"twitter:data2\" content=\"1 minute\" \/>\n<script type=\"application\/ld+json\" class=\"yoast-schema-graph\">{\"@context\":\"https:\\\/\\\/schema.org\",\"@graph\":[{\"@type\":\"Article\",\"@id\":\"https:\\\/\\\/www.institutfrancais-jerusalem.org\\\/ramallah\\\/fete-de-la-musique-world-music-day-gheilan-siba-sawt-system\\\/#article\",\"isPartOf\":{\"@id\":\"https:\\\/\\\/www.institutfrancais-jerusalem.org\\\/ramallah\\\/fete-de-la-musique-world-music-day-gheilan-siba-sawt-system\\\/\"},\"author\":{\"name\":\"admin6590\",\"@id\":\"https:\\\/\\\/www.institutfrancais-jerusalem.org\\\/ramallah\\\/#\\\/schema\\\/person\\\/0d606b93f4fb1eb5c713b8be3dd4c4bf\"},\"headline\":\"F\u00eate de la musique \\\/ World Music Day &#8211; Gheilan &#038; Siba Sawt System\",\"datePublished\":\"2023-06-20T11:52:24+00:00\",\"mainEntityOfPage\":{\"@id\":\"https:\\\/\\\/www.institutfrancais-jerusalem.org\\\/ramallah\\\/fete-de-la-musique-world-music-day-gheilan-siba-sawt-system\\\/\"},\"wordCount\":145,\"image\":{\"@id\":\"https:\\\/\\\/www.institutfrancais-jerusalem.org\\\/ramallah\\\/fete-de-la-musique-world-music-day-gheilan-siba-sawt-system\\\/#primaryimage\"},\"thumbnailUrl\":\"https:\\\/\\\/www.institutfrancais-jerusalem.org\\\/ramallah\\\/wp-content\\\/uploads\\\/sites\\\/11\\\/2023\\\/06\\\/GHEILAN-1.png\",\"articleSection\":[\"RAMALLAH\"],\"inLanguage\":\"fr-FR\"},{\"@type\":\"WebPage\",\"@id\":\"https:\\\/\\\/www.institutfrancais-jerusalem.org\\\/ramallah\\\/fete-de-la-musique-world-music-day-gheilan-siba-sawt-system\\\/\",\"url\":\"https:\\\/\\\/www.institutfrancais-jerusalem.org\\\/ramallah\\\/fete-de-la-musique-world-music-day-gheilan-siba-sawt-system\\\/\",\"name\":\"F\u00eate de la musique \\\/ World Music Day - Gheilan & Siba Sawt System - Institut Fran\u00e7ais de J\u00e9rusalem - Ramallah\",\"isPartOf\":{\"@id\":\"https:\\\/\\\/www.institutfrancais-jerusalem.org\\\/ramallah\\\/#website\"},\"primaryImageOfPage\":{\"@id\":\"https:\\\/\\\/www.institutfrancais-jerusalem.org\\\/ramallah\\\/fete-de-la-musique-world-music-day-gheilan-siba-sawt-system\\\/#primaryimage\"},\"image\":{\"@id\":\"https:\\\/\\\/www.institutfrancais-jerusalem.org\\\/ramallah\\\/fete-de-la-musique-world-music-day-gheilan-siba-sawt-system\\\/#primaryimage\"},\"thumbnailUrl\":\"https:\\\/\\\/www.institutfrancais-jerusalem.org\\\/ramallah\\\/wp-content\\\/uploads\\\/sites\\\/11\\\/2023\\\/06\\\/GHEILAN-1.png\",\"datePublished\":\"2023-06-20T11:52:24+00:00\",\"author\":{\"@id\":\"https:\\\/\\\/www.institutfrancais-jerusalem.org\\\/ramallah\\\/#\\\/schema\\\/person\\\/0d606b93f4fb1eb5c713b8be3dd4c4bf\"},\"breadcrumb\":{\"@id\":\"https:\\\/\\\/www.institutfrancais-jerusalem.org\\\/ramallah\\\/fete-de-la-musique-world-music-day-gheilan-siba-sawt-system\\\/#breadcrumb\"},\"inLanguage\":\"fr-FR\",\"potentialAction\":[{\"@type\":\"ReadAction\",\"target\":[\"https:\\\/\\\/www.institutfrancais-jerusalem.org\\\/ramallah\\\/fete-de-la-musique-world-music-day-gheilan-siba-sawt-system\\\/\"]}]},{\"@type\":\"ImageObject\",\"inLanguage\":\"fr-FR\",\"@id\":\"https:\\\/\\\/www.institutfrancais-jerusalem.org\\\/ramallah\\\/fete-de-la-musique-world-music-day-gheilan-siba-sawt-system\\\/#primaryimage\",\"url\":\"https:\\\/\\\/www.institutfrancais-jerusalem.org\\\/ramallah\\\/wp-content\\\/uploads\\\/sites\\\/11\\\/2023\\\/06\\\/GHEILAN-1.png\",\"contentUrl\":\"https:\\\/\\\/www.institutfrancais-jerusalem.org\\\/ramallah\\\/wp-content\\\/uploads\\\/sites\\\/11\\\/2023\\\/06\\\/GHEILAN-1.png\",\"width\":1920,\"height\":1080},{\"@type\":\"BreadcrumbList\",\"@id\":\"https:\\\/\\\/www.institutfrancais-jerusalem.org\\\/ramallah\\\/fete-de-la-musique-world-music-day-gheilan-siba-sawt-system\\\/#breadcrumb\",\"itemListElement\":[{\"@type\":\"ListItem\",\"position\":1,\"name\":\"Accueil\",\"item\":\"https:\\\/\\\/www.institutfrancais-jerusalem.org\\\/ramallah\\\/\"},{\"@type\":\"ListItem\",\"position\":2,\"name\":\"F\u00eate de la musique \\\/ World Music Day &#8211; Gheilan &#038; Siba Sawt System\"}]},{\"@type\":\"WebSite\",\"@id\":\"https:\\\/\\\/www.institutfrancais-jerusalem.org\\\/ramallah\\\/#website\",\"url\":\"https:\\\/\\\/www.institutfrancais-jerusalem.org\\\/ramallah\\\/\",\"name\":\"Institut Fran\u00e7ais de J\u00e9rusalem - Ramallah\",\"description\":\"Ramallah\",\"potentialAction\":[{\"@type\":\"SearchAction\",\"target\":{\"@type\":\"EntryPoint\",\"urlTemplate\":\"https:\\\/\\\/www.institutfrancais-jerusalem.org\\\/ramallah\\\/?s={search_term_string}\"},\"query-input\":{\"@type\":\"PropertyValueSpecification\",\"valueRequired\":true,\"valueName\":\"search_term_string\"}}],\"inLanguage\":\"fr-FR\"},{\"@type\":\"Person\",\"@id\":\"https:\\\/\\\/www.institutfrancais-jerusalem.org\\\/ramallah\\\/#\\\/schema\\\/person\\\/0d606b93f4fb1eb5c713b8be3dd4c4bf\",\"name\":\"admin6590\",\"image\":{\"@type\":\"ImageObject\",\"inLanguage\":\"fr-FR\",\"@id\":\"https:\\\/\\\/secure.gravatar.com\\\/avatar\\\/26482e0f083efa40e5c2db57a3d590897a500390cc256266e30d5da5605a03a9?s=96&d=mm&r=g\",\"url\":\"https:\\\/\\\/secure.gravatar.com\\\/avatar\\\/26482e0f083efa40e5c2db57a3d590897a500390cc256266e30d5da5605a03a9?s=96&d=mm&r=g\",\"contentUrl\":\"https:\\\/\\\/secure.gravatar.com\\\/avatar\\\/26482e0f083efa40e5c2db57a3d590897a500390cc256266e30d5da5605a03a9?s=96&d=mm&r=g\",\"caption\":\"admin6590\"},\"url\":\"https:\\\/\\\/www.institutfrancais-jerusalem.org\\\/ramallah\\\/author\\\/admin6590\\\/\"}]}<\/script>\n<!-- \/ Yoast SEO plugin. -->","yoast_head_json":{"title":"F\u00eate de la musique \/ World Music Day - Gheilan & Siba Sawt System - Institut Fran\u00e7ais de J\u00e9rusalem - Ramallah","robots":{"index":"index","follow":"follow","max-snippet":"max-snippet:-1","max-image-preview":"max-image-preview:large","max-video-preview":"max-video-preview:-1"},"canonical":"https:\/\/www.institutfrancais-jerusalem.org\/ramallah\/fete-de-la-musique-world-music-day-gheilan-siba-sawt-system\/","og_locale":"fr_FR","og_type":"article","og_title":"F\u00eate de la musique \/ World Music Day - Gheilan & Siba Sawt System - Institut Fran\u00e7ais de J\u00e9rusalem - Ramallah","og_description":"F\u00eate de la musique\u00a0 A l\u2019occasion de la F\u00eate de la musique 2023 et dans le cadre du projet \u00ab\u00a0Palestine Connect 2023\u00a0\u00bb, le concert de\u00a0Gheilan\u00a0(laur\u00e9at de Palestine Connect 2023) et\u00a0Siba Sawt System\u00a0\u2013 Aziz Konkrite feat. Maalem Youssef Smarra\u00ef (musique \u00e9lectro et gnawa d\u2019Afrique du Nord) aura lieu le mardi 20 juin 2023 \u00e0 20h \u00e0 &hellip;","og_url":"https:\/\/www.institutfrancais-jerusalem.org\/ramallah\/fete-de-la-musique-world-music-day-gheilan-siba-sawt-system\/","og_site_name":"Institut Fran\u00e7ais de J\u00e9rusalem - Ramallah","article_published_time":"2023-06-20T11:52:24+00:00","og_image":[{"width":1920,"height":1080,"url":"https:\/\/www.institutfrancais-jerusalem.org\/ramallah\/wp-content\/uploads\/sites\/11\/2023\/06\/GHEILAN-1.png","type":"image\/png"}],"author":"admin6590","twitter_card":"summary_large_image","twitter_misc":{"\u00c9crit par":"admin6590","Dur\u00e9e de lecture estim\u00e9e":"1 minute"},"schema":{"@context":"https:\/\/schema.org","@graph":[{"@type":"Article","@id":"https:\/\/www.institutfrancais-jerusalem.org\/ramallah\/fete-de-la-musique-world-music-day-gheilan-siba-sawt-system\/#article","isPartOf":{"@id":"https:\/\/www.institutfrancais-jerusalem.org\/ramallah\/fete-de-la-musique-world-music-day-gheilan-siba-sawt-system\/"},"author":{"name":"admin6590","@id":"https:\/\/www.institutfrancais-jerusalem.org\/ramallah\/#\/schema\/person\/0d606b93f4fb1eb5c713b8be3dd4c4bf"},"headline":"F\u00eate de la musique \/ World Music Day &#8211; Gheilan &#038; Siba Sawt System","datePublished":"2023-06-20T11:52:24+00:00","mainEntityOfPage":{"@id":"https:\/\/www.institutfrancais-jerusalem.org\/ramallah\/fete-de-la-musique-world-music-day-gheilan-siba-sawt-system\/"},"wordCount":145,"image":{"@id":"https:\/\/www.institutfrancais-jerusalem.org\/ramallah\/fete-de-la-musique-world-music-day-gheilan-siba-sawt-system\/#primaryimage"},"thumbnailUrl":"https:\/\/www.institutfrancais-jerusalem.org\/ramallah\/wp-content\/uploads\/sites\/11\/2023\/06\/GHEILAN-1.png","articleSection":["RAMALLAH"],"inLanguage":"fr-FR"},{"@type":"WebPage","@id":"https:\/\/www.institutfrancais-jerusalem.org\/ramallah\/fete-de-la-musique-world-music-day-gheilan-siba-sawt-system\/","url":"https:\/\/www.institutfrancais-jerusalem.org\/ramallah\/fete-de-la-musique-world-music-day-gheilan-siba-sawt-system\/","name":"F\u00eate de la musique \/ World Music Day - Gheilan & Siba Sawt System - Institut Fran\u00e7ais de J\u00e9rusalem - Ramallah","isPartOf":{"@id":"https:\/\/www.institutfrancais-jerusalem.org\/ramallah\/#website"},"primaryImageOfPage":{"@id":"https:\/\/www.institutfrancais-jerusalem.org\/ramallah\/fete-de-la-musique-world-music-day-gheilan-siba-sawt-system\/#primaryimage"},"image":{"@id":"https:\/\/www.institutfrancais-jerusalem.org\/ramallah\/fete-de-la-musique-world-music-day-gheilan-siba-sawt-system\/#primaryimage"},"thumbnailUrl":"https:\/\/www.institutfrancais-jerusalem.org\/ramallah\/wp-content\/uploads\/sites\/11\/2023\/06\/GHEILAN-1.png","datePublished":"2023-06-20T11:52:24+00:00","author":{"@id":"https:\/\/www.institutfrancais-jerusalem.org\/ramallah\/#\/schema\/person\/0d606b93f4fb1eb5c713b8be3dd4c4bf"},"breadcrumb":{"@id":"https:\/\/www.institutfrancais-jerusalem.org\/ramallah\/fete-de-la-musique-world-music-day-gheilan-siba-sawt-system\/#breadcrumb"},"inLanguage":"fr-FR","potentialAction":[{"@type":"ReadAction","target":["https:\/\/www.institutfrancais-jerusalem.org\/ramallah\/fete-de-la-musique-world-music-day-gheilan-siba-sawt-system\/"]}]},{"@type":"ImageObject","inLanguage":"fr-FR","@id":"https:\/\/www.institutfrancais-jerusalem.org\/ramallah\/fete-de-la-musique-world-music-day-gheilan-siba-sawt-system\/#primaryimage","url":"https:\/\/www.institutfrancais-jerusalem.org\/ramallah\/wp-content\/uploads\/sites\/11\/2023\/06\/GHEILAN-1.png","contentUrl":"https:\/\/www.institutfrancais-jerusalem.org\/ramallah\/wp-content\/uploads\/sites\/11\/2023\/06\/GHEILAN-1.png","width":1920,"height":1080},{"@type":"BreadcrumbList","@id":"https:\/\/www.institutfrancais-jerusalem.org\/ramallah\/fete-de-la-musique-world-music-day-gheilan-siba-sawt-system\/#breadcrumb","itemListElement":[{"@type":"ListItem","position":1,"name":"Accueil","item":"https:\/\/www.institutfrancais-jerusalem.org\/ramallah\/"},{"@type":"ListItem","position":2,"name":"F\u00eate de la musique \/ World Music Day &#8211; Gheilan &#038; Siba Sawt System"}]},{"@type":"WebSite","@id":"https:\/\/www.institutfrancais-jerusalem.org\/ramallah\/#website","url":"https:\/\/www.institutfrancais-jerusalem.org\/ramallah\/","name":"Institut Fran\u00e7ais de J\u00e9rusalem - Ramallah","description":"Ramallah","potentialAction":[{"@type":"SearchAction","target":{"@type":"EntryPoint","urlTemplate":"https:\/\/www.institutfrancais-jerusalem.org\/ramallah\/?s={search_term_string}"},"query-input":{"@type":"PropertyValueSpecification","valueRequired":true,"valueName":"search_term_string"}}],"inLanguage":"fr-FR"},{"@type":"Person","@id":"https:\/\/www.institutfrancais-jerusalem.org\/ramallah\/#\/schema\/person\/0d606b93f4fb1eb5c713b8be3dd4c4bf","name":"admin6590","image":{"@type":"ImageObject","inLanguage":"fr-FR","@id":"https:\/\/secure.gravatar.com\/avatar\/26482e0f083efa40e5c2db57a3d590897a500390cc256266e30d5da5605a03a9?s=96&d=mm&r=g","url":"https:\/\/secure.gravatar.com\/avatar\/26482e0f083efa40e5c2db57a3d590897a500390cc256266e30d5da5605a03a9?s=96&d=mm&r=g","contentUrl":"https:\/\/secure.gravatar.com\/avatar\/26482e0f083efa40e5c2db57a3d590897a500390cc256266e30d5da5605a03a9?s=96&d=mm&r=g","caption":"admin6590"},"url":"https:\/\/www.institutfrancais-jerusalem.org\/ramallah\/author\/admin6590\/"}]}},"_links":{"self":[{"href":"https:\/\/www.institutfrancais-jerusalem.org\/ramallah\/wp-json\/wp\/v2\/posts\/6075","targetHints":{"allow":["GET"]}}],"collection":[{"href":"https:\/\/www.institutfrancais-jerusalem.org\/ramallah\/wp-json\/wp\/v2\/posts"}],"about":[{"href":"https:\/\/www.institutfrancais-jerusalem.org\/ramallah\/wp-json\/wp\/v2\/types\/post"}],"author":[{"embeddable":true,"href":"https:\/\/www.institutfrancais-jerusalem.org\/ramallah\/wp-json\/wp\/v2\/users\/1"}],"replies":[{"embeddable":true,"href":"https:\/\/www.institutfrancais-jerusalem.org\/ramallah\/wp-json\/wp\/v2\/comments?post=6075"}],"version-history":[{"count":1,"href":"https:\/\/www.institutfrancais-jerusalem.org\/ramallah\/wp-json\/wp\/v2\/posts\/6075\/revisions"}],"predecessor-version":[{"id":6078,"href":"https:\/\/www.institutfrancais-jerusalem.org\/ramallah\/wp-json\/wp\/v2\/posts\/6075\/revisions\/6078"}],"wp:featuredmedia":[{"embeddable":true,"href":"https:\/\/www.institutfrancais-jerusalem.org\/ramallah\/wp-json\/wp\/v2\/media\/6076"}],"wp:attachment":[{"href":"https:\/\/www.institutfrancais-jerusalem.org\/ramallah\/wp-json\/wp\/v2\/media?parent=6075"}],"wp:term":[{"taxonomy":"category","embeddable":true,"href":"https:\/\/www.institutfrancais-jerusalem.org\/ramallah\/wp-json\/wp\/v2\/categories?post=6075"},{"taxonomy":"post_tag","embeddable":true,"href":"https:\/\/www.institutfrancais-jerusalem.org\/ramallah\/wp-json\/wp\/v2\/tags?post=6075"}],"curies":[{"name":"wp","href":"https:\/\/api.w.org\/{rel}","templated":true}]}}