{"id":5907,"date":"2022-10-07T16:15:21","date_gmt":"2022-10-07T14:15:21","guid":{"rendered":"https:\/\/www.institutfrancais-jerusalem.org\/ramallah\/?p=5907"},"modified":"2022-10-07T16:15:21","modified_gmt":"2022-10-07T14:15:21","slug":"haykal-amr-amer-laureat-du-programme-residence-mediterranee","status":"publish","type":"post","link":"https:\/\/www.institutfrancais-jerusalem.org\/ramallah\/haykal-amr-amer-laureat-du-programme-residence-mediterranee\/","title":{"rendered":"\u00ab\u00a0Haykal\u00a0\u00bb Amr Amer, laur\u00e9at du programme R\u00e9sidence M\u00e9diterran\u00e9e"},"content":{"rendered":"<div class=\"xdj266r x11i5rnm xat24cr x1mh8g0r x1vvkbs x126k92a\">\n<div dir=\"auto\">F\u00e9licitations \u00e0 <span style=\"color: #0000ff;\"><strong><a style=\"color: #0000ff;\" href=\"https:\/\/www.instagram.com\/haykalhon\/\">\u00ab Haykal \u00bb Amr Amer<\/a><\/strong><\/span>, artiste palestinien beatmaker originaire de Ramallah, qui a \u00e9t\u00e9 s\u00e9lectionn\u00e9 pour participer \u00e0 une r\u00e9sidence artistique \u00e0 Marseille, en France, dans le cadre du programme R\u00e9sidence M\u00e9diterran\u00e9e.<\/div>\n<\/div>\n<div class=\"x11i5rnm xat24cr x1mh8g0r x1vvkbs xtlvy1s x126k92a\">\n<div dir=\"auto\">Ce nouveau programme de r\u00e9sidence a \u00e9t\u00e9 d\u00e9velopp\u00e9 en partenariat avec la <span style=\"color: #0000ff;\"><strong><a class=\"x1i10hfl xjbqb8w x6umtig x1b1mbwd xaqea5y xav7gou x9f619 x1ypdohk xt0psk2 xe8uvvx xdj266r x11i5rnm xat24cr x1mh8g0r xexx8yu x4uap5 x18d9i69 xkhd6sd x16tdsg8 x1hl2dhg xggy1nq x1a2a7pz xt0b8zv x1qq9wsj xo1l8bm\" style=\"color: #0000ff;\" tabindex=\"0\" role=\"link\" href=\"https:\/\/www.facebook.com\/friche.labelledemai\/?__cft__[0]=AZWNw8pttMC55ITcu0j2y5pnVlHKlIT4on7k_WORjCRAQ4HEg6R0pbaFKIMFEKA6iSlO_XG_6ZgUuVA2c2-PMo5NIPk4afs6KHR7KqVr9UUuDvPiS5p4mr1WK2ZvoCSwve_SKlS3jVZRbCEvLU-Y_6zQiEeWKNhAGCQI4vwj-ZNUVKU6KIXVHx4IJFLzmyoS3RU&amp;__tn__=kK-R\"><span class=\"xt0psk2\">Friche la Belle de Mai<\/span><\/a><\/strong><\/span>, <strong><span style=\"color: #0000ff;\"><a class=\"x1i10hfl xjbqb8w x6umtig x1b1mbwd xaqea5y xav7gou x9f619 x1ypdohk xt0psk2 xe8uvvx xdj266r x11i5rnm xat24cr x1mh8g0r xexx8yu x4uap5 x18d9i69 xkhd6sd x16tdsg8 x1hl2dhg xggy1nq x1a2a7pz xt0b8zv x1qq9wsj xo1l8bm\" style=\"color: #0000ff;\" tabindex=\"0\" role=\"link\" href=\"https:\/\/www.facebook.com\/amiaidesauxmusiques\/?__cft__[0]=AZWNw8pttMC55ITcu0j2y5pnVlHKlIT4on7k_WORjCRAQ4HEg6R0pbaFKIMFEKA6iSlO_XG_6ZgUuVA2c2-PMo5NIPk4afs6KHR7KqVr9UUuDvPiS5p4mr1WK2ZvoCSwve_SKlS3jVZRbCEvLU-Y_6zQiEeWKNhAGCQI4vwj-ZNUVKU6KIXVHx4IJFLzmyoS3RU&amp;__tn__=kK-R\"><span class=\"xt0psk2\">AMI &#8211; Aide aux Musiques Innovatrices<\/span><\/a><\/span><\/strong> et l&rsquo;Institut fran\u00e7ais de J\u00e9rusalem, et lui permettra de travailler un projet de musique \u00e9lectronique pendant un mois.<\/div>\n<\/div>\n<div dir=\"auto\">&#8212;<\/div>\n<div dir=\"auto\">\n<div class=\"x11i5rnm xat24cr x1mh8g0r x1vvkbs xtlvy1s x126k92a\">\n<div dir=\"auto\">Congratulations to Amr Amer, Palestinian beatmaker from Ramallah, who has been selected to participate in an artistic residency in Marseille, France , as part of the Mediterranean Residency program.<\/div>\n<\/div>\n<div class=\"x11i5rnm xat24cr x1mh8g0r x1vvkbs xtlvy1s x126k92a\">\n<div dir=\"auto\">This new residency program was developed in partnership with \u00ab\u00a0la Friche la Belle de Mai\u00a0\u00bb, the AMI (Aide aux Musiques Innovatrices) and the French Institute in Jerusalem, and will allow him to work on an electronic music project for one month.<\/div>\n<\/div>\n<div dir=\"auto\"><img loading=\"lazy\" decoding=\"async\" class=\"aligncenter size-full wp-image-8880\" src=\"https:\/\/www.institutfrancais-jerusalem.org\/wp-content\/uploads\/2022\/10\/Affiche-Amr-Amer-v2.png\" alt=\"\" width=\"4500\" height=\"4500\" \/><\/div>\n<\/div>\n","protected":false},"excerpt":{"rendered":"<p>F\u00e9licitations \u00e0 \u00ab Haykal \u00bb Amr Amer, artiste palestinien beatmaker originaire de Ramallah, qui a \u00e9t\u00e9 s\u00e9lectionn\u00e9 pour participer \u00e0 une r\u00e9sidence artistique \u00e0 Marseille, en France, dans le cadre du programme R\u00e9sidence M\u00e9diterran\u00e9e. Ce nouveau programme de r\u00e9sidence a \u00e9t\u00e9 d\u00e9velopp\u00e9 en partenariat avec la Friche la Belle de Mai, AMI &#8211; Aide aux &hellip;<\/p>\n","protected":false},"author":1,"featured_media":5908,"comment_status":"closed","ping_status":"closed","sticky":false,"template":"","format":"standard","meta":{"footnotes":""},"categories":[2,5,7,25],"tags":[],"class_list":["post-5907","post","type-post","status-publish","format-standard","has-post-thumbnail","","category-agenda-culturel","category-breaking-news","category-diaporama","category-ramallah"],"yoast_head":"<!-- This site is optimized with the Yoast SEO plugin v27.5 - https:\/\/yoast.com\/product\/yoast-seo-wordpress\/ -->\n<title>&quot;Haykal&quot; Amr Amer, laur\u00e9at du programme R\u00e9sidence M\u00e9diterran\u00e9e - Institut Fran\u00e7ais de J\u00e9rusalem - Ramallah<\/title>\n<meta name=\"robots\" content=\"index, follow, max-snippet:-1, max-image-preview:large, max-video-preview:-1\" \/>\n<link rel=\"canonical\" href=\"https:\/\/www.institutfrancais-jerusalem.org\/ramallah\/haykal-amr-amer-laureat-du-programme-residence-mediterranee\/\" \/>\n<meta property=\"og:locale\" content=\"fr_FR\" \/>\n<meta property=\"og:type\" content=\"article\" \/>\n<meta property=\"og:title\" content=\"&quot;Haykal&quot; Amr Amer, laur\u00e9at du programme R\u00e9sidence M\u00e9diterran\u00e9e - Institut Fran\u00e7ais de J\u00e9rusalem - Ramallah\" \/>\n<meta property=\"og:description\" content=\"F\u00e9licitations \u00e0 \u00ab Haykal \u00bb Amr Amer, artiste palestinien beatmaker originaire de Ramallah, qui a \u00e9t\u00e9 s\u00e9lectionn\u00e9 pour participer \u00e0 une r\u00e9sidence artistique \u00e0 Marseille, en France, dans le cadre du programme R\u00e9sidence M\u00e9diterran\u00e9e. Ce nouveau programme de r\u00e9sidence a \u00e9t\u00e9 d\u00e9velopp\u00e9 en partenariat avec la Friche la Belle de Mai, AMI &#8211; Aide aux &hellip;\" \/>\n<meta property=\"og:url\" content=\"https:\/\/www.institutfrancais-jerusalem.org\/ramallah\/haykal-amr-amer-laureat-du-programme-residence-mediterranee\/\" \/>\n<meta property=\"og:site_name\" content=\"Institut Fran\u00e7ais de J\u00e9rusalem - Ramallah\" \/>\n<meta property=\"article:published_time\" content=\"2022-10-07T14:15:21+00:00\" \/>\n<meta property=\"og:image\" content=\"https:\/\/www.institutfrancais-jerusalem.org\/ramallah\/wp-content\/uploads\/sites\/11\/2022\/10\/Amr-Amer-photo-e\u0301quipe-Ramallah.jpg\" \/>\n\t<meta property=\"og:image:width\" content=\"1600\" \/>\n\t<meta property=\"og:image:height\" content=\"1200\" \/>\n\t<meta property=\"og:image:type\" content=\"image\/jpeg\" \/>\n<meta name=\"author\" content=\"admin6590\" \/>\n<meta name=\"twitter:card\" content=\"summary_large_image\" \/>\n<meta name=\"twitter:label1\" content=\"\u00c9crit par\" \/>\n\t<meta name=\"twitter:data1\" content=\"admin6590\" \/>\n\t<meta name=\"twitter:label2\" content=\"Dur\u00e9e de lecture estim\u00e9e\" \/>\n\t<meta name=\"twitter:data2\" content=\"2 minutes\" \/>\n<script type=\"application\/ld+json\" class=\"yoast-schema-graph\">{\"@context\":\"https:\\\/\\\/schema.org\",\"@graph\":[{\"@type\":\"Article\",\"@id\":\"https:\\\/\\\/www.institutfrancais-jerusalem.org\\\/ramallah\\\/haykal-amr-amer-laureat-du-programme-residence-mediterranee\\\/#article\",\"isPartOf\":{\"@id\":\"https:\\\/\\\/www.institutfrancais-jerusalem.org\\\/ramallah\\\/haykal-amr-amer-laureat-du-programme-residence-mediterranee\\\/\"},\"author\":{\"name\":\"admin6590\",\"@id\":\"https:\\\/\\\/www.institutfrancais-jerusalem.org\\\/ramallah\\\/#\\\/schema\\\/person\\\/0d606b93f4fb1eb5c713b8be3dd4c4bf\"},\"headline\":\"\u00ab\u00a0Haykal\u00a0\u00bb Amr Amer, laur\u00e9at du programme R\u00e9sidence M\u00e9diterran\u00e9e\",\"datePublished\":\"2022-10-07T14:15:21+00:00\",\"mainEntityOfPage\":{\"@id\":\"https:\\\/\\\/www.institutfrancais-jerusalem.org\\\/ramallah\\\/haykal-amr-amer-laureat-du-programme-residence-mediterranee\\\/\"},\"wordCount\":163,\"image\":{\"@id\":\"https:\\\/\\\/www.institutfrancais-jerusalem.org\\\/ramallah\\\/haykal-amr-amer-laureat-du-programme-residence-mediterranee\\\/#primaryimage\"},\"thumbnailUrl\":\"https:\\\/\\\/www.institutfrancais-jerusalem.org\\\/ramallah\\\/wp-content\\\/uploads\\\/sites\\\/11\\\/2022\\\/10\\\/Amr-Amer-photo-e\u0301quipe-Ramallah.jpg\",\"articleSection\":[\"Agenda culturel\",\"breaking-news\",\"Diaporama\",\"RAMALLAH\"],\"inLanguage\":\"fr-FR\"},{\"@type\":\"WebPage\",\"@id\":\"https:\\\/\\\/www.institutfrancais-jerusalem.org\\\/ramallah\\\/haykal-amr-amer-laureat-du-programme-residence-mediterranee\\\/\",\"url\":\"https:\\\/\\\/www.institutfrancais-jerusalem.org\\\/ramallah\\\/haykal-amr-amer-laureat-du-programme-residence-mediterranee\\\/\",\"name\":\"\\\"Haykal\\\" Amr Amer, laur\u00e9at du programme R\u00e9sidence M\u00e9diterran\u00e9e - Institut Fran\u00e7ais de J\u00e9rusalem - Ramallah\",\"isPartOf\":{\"@id\":\"https:\\\/\\\/www.institutfrancais-jerusalem.org\\\/ramallah\\\/#website\"},\"primaryImageOfPage\":{\"@id\":\"https:\\\/\\\/www.institutfrancais-jerusalem.org\\\/ramallah\\\/haykal-amr-amer-laureat-du-programme-residence-mediterranee\\\/#primaryimage\"},\"image\":{\"@id\":\"https:\\\/\\\/www.institutfrancais-jerusalem.org\\\/ramallah\\\/haykal-amr-amer-laureat-du-programme-residence-mediterranee\\\/#primaryimage\"},\"thumbnailUrl\":\"https:\\\/\\\/www.institutfrancais-jerusalem.org\\\/ramallah\\\/wp-content\\\/uploads\\\/sites\\\/11\\\/2022\\\/10\\\/Amr-Amer-photo-e\u0301quipe-Ramallah.jpg\",\"datePublished\":\"2022-10-07T14:15:21+00:00\",\"author\":{\"@id\":\"https:\\\/\\\/www.institutfrancais-jerusalem.org\\\/ramallah\\\/#\\\/schema\\\/person\\\/0d606b93f4fb1eb5c713b8be3dd4c4bf\"},\"breadcrumb\":{\"@id\":\"https:\\\/\\\/www.institutfrancais-jerusalem.org\\\/ramallah\\\/haykal-amr-amer-laureat-du-programme-residence-mediterranee\\\/#breadcrumb\"},\"inLanguage\":\"fr-FR\",\"potentialAction\":[{\"@type\":\"ReadAction\",\"target\":[\"https:\\\/\\\/www.institutfrancais-jerusalem.org\\\/ramallah\\\/haykal-amr-amer-laureat-du-programme-residence-mediterranee\\\/\"]}]},{\"@type\":\"ImageObject\",\"inLanguage\":\"fr-FR\",\"@id\":\"https:\\\/\\\/www.institutfrancais-jerusalem.org\\\/ramallah\\\/haykal-amr-amer-laureat-du-programme-residence-mediterranee\\\/#primaryimage\",\"url\":\"https:\\\/\\\/www.institutfrancais-jerusalem.org\\\/ramallah\\\/wp-content\\\/uploads\\\/sites\\\/11\\\/2022\\\/10\\\/Amr-Amer-photo-e\u0301quipe-Ramallah.jpg\",\"contentUrl\":\"https:\\\/\\\/www.institutfrancais-jerusalem.org\\\/ramallah\\\/wp-content\\\/uploads\\\/sites\\\/11\\\/2022\\\/10\\\/Amr-Amer-photo-e\u0301quipe-Ramallah.jpg\",\"width\":1600,\"height\":1200},{\"@type\":\"BreadcrumbList\",\"@id\":\"https:\\\/\\\/www.institutfrancais-jerusalem.org\\\/ramallah\\\/haykal-amr-amer-laureat-du-programme-residence-mediterranee\\\/#breadcrumb\",\"itemListElement\":[{\"@type\":\"ListItem\",\"position\":1,\"name\":\"Accueil\",\"item\":\"https:\\\/\\\/www.institutfrancais-jerusalem.org\\\/ramallah\\\/\"},{\"@type\":\"ListItem\",\"position\":2,\"name\":\"\u00ab\u00a0Haykal\u00a0\u00bb Amr Amer, laur\u00e9at du programme R\u00e9sidence M\u00e9diterran\u00e9e\"}]},{\"@type\":\"WebSite\",\"@id\":\"https:\\\/\\\/www.institutfrancais-jerusalem.org\\\/ramallah\\\/#website\",\"url\":\"https:\\\/\\\/www.institutfrancais-jerusalem.org\\\/ramallah\\\/\",\"name\":\"Institut Fran\u00e7ais de J\u00e9rusalem - Ramallah\",\"description\":\"Ramallah\",\"potentialAction\":[{\"@type\":\"SearchAction\",\"target\":{\"@type\":\"EntryPoint\",\"urlTemplate\":\"https:\\\/\\\/www.institutfrancais-jerusalem.org\\\/ramallah\\\/?s={search_term_string}\"},\"query-input\":{\"@type\":\"PropertyValueSpecification\",\"valueRequired\":true,\"valueName\":\"search_term_string\"}}],\"inLanguage\":\"fr-FR\"},{\"@type\":\"Person\",\"@id\":\"https:\\\/\\\/www.institutfrancais-jerusalem.org\\\/ramallah\\\/#\\\/schema\\\/person\\\/0d606b93f4fb1eb5c713b8be3dd4c4bf\",\"name\":\"admin6590\",\"image\":{\"@type\":\"ImageObject\",\"inLanguage\":\"fr-FR\",\"@id\":\"https:\\\/\\\/secure.gravatar.com\\\/avatar\\\/26482e0f083efa40e5c2db57a3d590897a500390cc256266e30d5da5605a03a9?s=96&d=mm&r=g\",\"url\":\"https:\\\/\\\/secure.gravatar.com\\\/avatar\\\/26482e0f083efa40e5c2db57a3d590897a500390cc256266e30d5da5605a03a9?s=96&d=mm&r=g\",\"contentUrl\":\"https:\\\/\\\/secure.gravatar.com\\\/avatar\\\/26482e0f083efa40e5c2db57a3d590897a500390cc256266e30d5da5605a03a9?s=96&d=mm&r=g\",\"caption\":\"admin6590\"},\"url\":\"https:\\\/\\\/www.institutfrancais-jerusalem.org\\\/ramallah\\\/author\\\/admin6590\\\/\"}]}<\/script>\n<!-- \/ Yoast SEO plugin. -->","yoast_head_json":{"title":"\"Haykal\" Amr Amer, laur\u00e9at du programme R\u00e9sidence M\u00e9diterran\u00e9e - Institut Fran\u00e7ais de J\u00e9rusalem - Ramallah","robots":{"index":"index","follow":"follow","max-snippet":"max-snippet:-1","max-image-preview":"max-image-preview:large","max-video-preview":"max-video-preview:-1"},"canonical":"https:\/\/www.institutfrancais-jerusalem.org\/ramallah\/haykal-amr-amer-laureat-du-programme-residence-mediterranee\/","og_locale":"fr_FR","og_type":"article","og_title":"\"Haykal\" Amr Amer, laur\u00e9at du programme R\u00e9sidence M\u00e9diterran\u00e9e - Institut Fran\u00e7ais de J\u00e9rusalem - Ramallah","og_description":"F\u00e9licitations \u00e0 \u00ab Haykal \u00bb Amr Amer, artiste palestinien beatmaker originaire de Ramallah, qui a \u00e9t\u00e9 s\u00e9lectionn\u00e9 pour participer \u00e0 une r\u00e9sidence artistique \u00e0 Marseille, en France, dans le cadre du programme R\u00e9sidence M\u00e9diterran\u00e9e. Ce nouveau programme de r\u00e9sidence a \u00e9t\u00e9 d\u00e9velopp\u00e9 en partenariat avec la Friche la Belle de Mai, AMI &#8211; Aide aux &hellip;","og_url":"https:\/\/www.institutfrancais-jerusalem.org\/ramallah\/haykal-amr-amer-laureat-du-programme-residence-mediterranee\/","og_site_name":"Institut Fran\u00e7ais de J\u00e9rusalem - Ramallah","article_published_time":"2022-10-07T14:15:21+00:00","og_image":[{"width":1600,"height":1200,"url":"https:\/\/www.institutfrancais-jerusalem.org\/ramallah\/wp-content\/uploads\/sites\/11\/2022\/10\/Amr-Amer-photo-e\u0301quipe-Ramallah.jpg","type":"image\/jpeg"}],"author":"admin6590","twitter_card":"summary_large_image","twitter_misc":{"\u00c9crit par":"admin6590","Dur\u00e9e de lecture estim\u00e9e":"2 minutes"},"schema":{"@context":"https:\/\/schema.org","@graph":[{"@type":"Article","@id":"https:\/\/www.institutfrancais-jerusalem.org\/ramallah\/haykal-amr-amer-laureat-du-programme-residence-mediterranee\/#article","isPartOf":{"@id":"https:\/\/www.institutfrancais-jerusalem.org\/ramallah\/haykal-amr-amer-laureat-du-programme-residence-mediterranee\/"},"author":{"name":"admin6590","@id":"https:\/\/www.institutfrancais-jerusalem.org\/ramallah\/#\/schema\/person\/0d606b93f4fb1eb5c713b8be3dd4c4bf"},"headline":"\u00ab\u00a0Haykal\u00a0\u00bb Amr Amer, laur\u00e9at du programme R\u00e9sidence M\u00e9diterran\u00e9e","datePublished":"2022-10-07T14:15:21+00:00","mainEntityOfPage":{"@id":"https:\/\/www.institutfrancais-jerusalem.org\/ramallah\/haykal-amr-amer-laureat-du-programme-residence-mediterranee\/"},"wordCount":163,"image":{"@id":"https:\/\/www.institutfrancais-jerusalem.org\/ramallah\/haykal-amr-amer-laureat-du-programme-residence-mediterranee\/#primaryimage"},"thumbnailUrl":"https:\/\/www.institutfrancais-jerusalem.org\/ramallah\/wp-content\/uploads\/sites\/11\/2022\/10\/Amr-Amer-photo-e\u0301quipe-Ramallah.jpg","articleSection":["Agenda culturel","breaking-news","Diaporama","RAMALLAH"],"inLanguage":"fr-FR"},{"@type":"WebPage","@id":"https:\/\/www.institutfrancais-jerusalem.org\/ramallah\/haykal-amr-amer-laureat-du-programme-residence-mediterranee\/","url":"https:\/\/www.institutfrancais-jerusalem.org\/ramallah\/haykal-amr-amer-laureat-du-programme-residence-mediterranee\/","name":"\"Haykal\" Amr Amer, laur\u00e9at du programme R\u00e9sidence M\u00e9diterran\u00e9e - Institut Fran\u00e7ais de J\u00e9rusalem - Ramallah","isPartOf":{"@id":"https:\/\/www.institutfrancais-jerusalem.org\/ramallah\/#website"},"primaryImageOfPage":{"@id":"https:\/\/www.institutfrancais-jerusalem.org\/ramallah\/haykal-amr-amer-laureat-du-programme-residence-mediterranee\/#primaryimage"},"image":{"@id":"https:\/\/www.institutfrancais-jerusalem.org\/ramallah\/haykal-amr-amer-laureat-du-programme-residence-mediterranee\/#primaryimage"},"thumbnailUrl":"https:\/\/www.institutfrancais-jerusalem.org\/ramallah\/wp-content\/uploads\/sites\/11\/2022\/10\/Amr-Amer-photo-e\u0301quipe-Ramallah.jpg","datePublished":"2022-10-07T14:15:21+00:00","author":{"@id":"https:\/\/www.institutfrancais-jerusalem.org\/ramallah\/#\/schema\/person\/0d606b93f4fb1eb5c713b8be3dd4c4bf"},"breadcrumb":{"@id":"https:\/\/www.institutfrancais-jerusalem.org\/ramallah\/haykal-amr-amer-laureat-du-programme-residence-mediterranee\/#breadcrumb"},"inLanguage":"fr-FR","potentialAction":[{"@type":"ReadAction","target":["https:\/\/www.institutfrancais-jerusalem.org\/ramallah\/haykal-amr-amer-laureat-du-programme-residence-mediterranee\/"]}]},{"@type":"ImageObject","inLanguage":"fr-FR","@id":"https:\/\/www.institutfrancais-jerusalem.org\/ramallah\/haykal-amr-amer-laureat-du-programme-residence-mediterranee\/#primaryimage","url":"https:\/\/www.institutfrancais-jerusalem.org\/ramallah\/wp-content\/uploads\/sites\/11\/2022\/10\/Amr-Amer-photo-e\u0301quipe-Ramallah.jpg","contentUrl":"https:\/\/www.institutfrancais-jerusalem.org\/ramallah\/wp-content\/uploads\/sites\/11\/2022\/10\/Amr-Amer-photo-e\u0301quipe-Ramallah.jpg","width":1600,"height":1200},{"@type":"BreadcrumbList","@id":"https:\/\/www.institutfrancais-jerusalem.org\/ramallah\/haykal-amr-amer-laureat-du-programme-residence-mediterranee\/#breadcrumb","itemListElement":[{"@type":"ListItem","position":1,"name":"Accueil","item":"https:\/\/www.institutfrancais-jerusalem.org\/ramallah\/"},{"@type":"ListItem","position":2,"name":"\u00ab\u00a0Haykal\u00a0\u00bb Amr Amer, laur\u00e9at du programme R\u00e9sidence M\u00e9diterran\u00e9e"}]},{"@type":"WebSite","@id":"https:\/\/www.institutfrancais-jerusalem.org\/ramallah\/#website","url":"https:\/\/www.institutfrancais-jerusalem.org\/ramallah\/","name":"Institut Fran\u00e7ais de J\u00e9rusalem - Ramallah","description":"Ramallah","potentialAction":[{"@type":"SearchAction","target":{"@type":"EntryPoint","urlTemplate":"https:\/\/www.institutfrancais-jerusalem.org\/ramallah\/?s={search_term_string}"},"query-input":{"@type":"PropertyValueSpecification","valueRequired":true,"valueName":"search_term_string"}}],"inLanguage":"fr-FR"},{"@type":"Person","@id":"https:\/\/www.institutfrancais-jerusalem.org\/ramallah\/#\/schema\/person\/0d606b93f4fb1eb5c713b8be3dd4c4bf","name":"admin6590","image":{"@type":"ImageObject","inLanguage":"fr-FR","@id":"https:\/\/secure.gravatar.com\/avatar\/26482e0f083efa40e5c2db57a3d590897a500390cc256266e30d5da5605a03a9?s=96&d=mm&r=g","url":"https:\/\/secure.gravatar.com\/avatar\/26482e0f083efa40e5c2db57a3d590897a500390cc256266e30d5da5605a03a9?s=96&d=mm&r=g","contentUrl":"https:\/\/secure.gravatar.com\/avatar\/26482e0f083efa40e5c2db57a3d590897a500390cc256266e30d5da5605a03a9?s=96&d=mm&r=g","caption":"admin6590"},"url":"https:\/\/www.institutfrancais-jerusalem.org\/ramallah\/author\/admin6590\/"}]}},"_links":{"self":[{"href":"https:\/\/www.institutfrancais-jerusalem.org\/ramallah\/wp-json\/wp\/v2\/posts\/5907","targetHints":{"allow":["GET"]}}],"collection":[{"href":"https:\/\/www.institutfrancais-jerusalem.org\/ramallah\/wp-json\/wp\/v2\/posts"}],"about":[{"href":"https:\/\/www.institutfrancais-jerusalem.org\/ramallah\/wp-json\/wp\/v2\/types\/post"}],"author":[{"embeddable":true,"href":"https:\/\/www.institutfrancais-jerusalem.org\/ramallah\/wp-json\/wp\/v2\/users\/1"}],"replies":[{"embeddable":true,"href":"https:\/\/www.institutfrancais-jerusalem.org\/ramallah\/wp-json\/wp\/v2\/comments?post=5907"}],"version-history":[{"count":1,"href":"https:\/\/www.institutfrancais-jerusalem.org\/ramallah\/wp-json\/wp\/v2\/posts\/5907\/revisions"}],"predecessor-version":[{"id":5910,"href":"https:\/\/www.institutfrancais-jerusalem.org\/ramallah\/wp-json\/wp\/v2\/posts\/5907\/revisions\/5910"}],"wp:featuredmedia":[{"embeddable":true,"href":"https:\/\/www.institutfrancais-jerusalem.org\/ramallah\/wp-json\/wp\/v2\/media\/5908"}],"wp:attachment":[{"href":"https:\/\/www.institutfrancais-jerusalem.org\/ramallah\/wp-json\/wp\/v2\/media?parent=5907"}],"wp:term":[{"taxonomy":"category","embeddable":true,"href":"https:\/\/www.institutfrancais-jerusalem.org\/ramallah\/wp-json\/wp\/v2\/categories?post=5907"},{"taxonomy":"post_tag","embeddable":true,"href":"https:\/\/www.institutfrancais-jerusalem.org\/ramallah\/wp-json\/wp\/v2\/tags?post=5907"}],"curies":[{"name":"wp","href":"https:\/\/api.w.org\/{rel}","templated":true}]}}