{"id":5727,"date":"2022-03-10T15:15:36","date_gmt":"2022-03-10T14:15:36","guid":{"rendered":"https:\/\/www.institutfrancais-jerusalem.org\/ramallah\/?p=5727"},"modified":"2022-03-10T15:15:36","modified_gmt":"2022-03-10T14:15:36","slug":"remise-de-prix-journee-internationale-des-droits-des-femmes","status":"publish","type":"post","link":"https:\/\/www.institutfrancais-jerusalem.org\/ramallah\/remise-de-prix-journee-internationale-des-droits-des-femmes\/","title":{"rendered":"Remise de prix &#8211; journ\u00e9e internationale des droits des femmes"},"content":{"rendered":"<div class=\"kvgmc6g5 cxmmr5t8 oygrvhab hcukyx3x c1et5uql ii04i59q\">\n<div dir=\"auto\">ENGLISH BELOW<\/div>\n<div dir=\"auto\">A l&rsquo;occasion de la journ\u00e9e internationale des droits des femmes du 8 Mars 2022, en partenariat avec le bureau de repr\u00e9sentation <a class=\"oajrlxb2 g5ia77u1 qu0x051f esr5mh6w e9989ue4 r7d6kgcz rq0escxv nhd2j8a9 nc684nl6 p7hjln8o kvgmc6g5 cxmmr5t8 oygrvhab hcukyx3x jb3vyjys rz4wbd8a qt6c0cv9 a8nywdso i1ao9s8h esuyzwwr f1sip0of lzcic4wl gpro0wi8 q66pz984 b1v8xokw\" tabindex=\"0\" role=\"link\" href=\"https:\/\/www.facebook.com\/EUandPalestinians?__cft__[0]=AZW7maNvSfIYscYGm2tNSLqpnSKpbShhpxwl-ij-30Re9iGP0CV5d3ch0o468Az4jvoL4vLdT_W1Mz7o2MoI1O1DLShlwQj92WxDr1S6rKOQ_PRe-h89PqFw0KqmpFYyyJlr3grIZK_DK64isSWnBfpi&amp;__tn__=-]K-R\"><span class=\"nc684nl6\"><strong><span style=\"color: #0000ff;\">European Union and the Palestinians<\/span><\/strong><\/span><\/a> en Palestine, 9 portraits de femmes ont \u00e9t\u00e9 diffus\u00e9s \u00e0 la municipalit\u00e9 de Ramallah. Bravo \u00e0 elles pour leur participation, leur parcours est tr\u00e8s inspirant !<\/div>\n<\/div>\n<div class=\"cxmmr5t8 oygrvhab hcukyx3x c1et5uql o9v6fnle ii04i59q\">\n<div dir=\"auto\">La France assure actuellement la <span style=\"color: #0000ff;\"><strong><a class=\"oajrlxb2 g5ia77u1 qu0x051f esr5mh6w e9989ue4 r7d6kgcz rq0escxv nhd2j8a9 nc684nl6 p7hjln8o kvgmc6g5 cxmmr5t8 oygrvhab hcukyx3x jb3vyjys rz4wbd8a qt6c0cv9 a8nywdso i1ao9s8h esuyzwwr f1sip0of lzcic4wl gpro0wi8 q66pz984 b1v8xokw\" style=\"color: #0000ff;\" tabindex=\"0\" role=\"link\" href=\"https:\/\/www.facebook.com\/Europe2022FR?__cft__[0]=AZW7maNvSfIYscYGm2tNSLqpnSKpbShhpxwl-ij-30Re9iGP0CV5d3ch0o468Az4jvoL4vLdT_W1Mz7o2MoI1O1DLShlwQj92WxDr1S6rKOQ_PRe-h89PqFw0KqmpFYyyJlr3grIZK_DK64isSWnBfpi&amp;__tn__=-]K-R\"><span class=\"nc684nl6\">Pr\u00e9sidence fran\u00e7aise du Conseil de l\u2019Union europ\u00e9enne<\/span><\/a><\/strong><\/span> et s\u2019engage dans la promotion des droits humains et droits des femmes<\/div>\n<div dir=\"auto\">\u2014<\/div>\n<div dir=\"auto\">On the occasion of International Women&rsquo;s Rights Day 8 March, in partnership with the <span style=\"color: #0000ff;\"><strong><a class=\"oajrlxb2 g5ia77u1 qu0x051f esr5mh6w e9989ue4 r7d6kgcz rq0escxv nhd2j8a9 nc684nl6 p7hjln8o kvgmc6g5 cxmmr5t8 oygrvhab hcukyx3x jb3vyjys rz4wbd8a qt6c0cv9 a8nywdso i1ao9s8h esuyzwwr f1sip0of lzcic4wl gpro0wi8 q66pz984 b1v8xokw\" style=\"color: #0000ff;\" tabindex=\"0\" role=\"link\" href=\"https:\/\/www.facebook.com\/EUandPalestinians?__cft__[0]=AZW7maNvSfIYscYGm2tNSLqpnSKpbShhpxwl-ij-30Re9iGP0CV5d3ch0o468Az4jvoL4vLdT_W1Mz7o2MoI1O1DLShlwQj92WxDr1S6rKOQ_PRe-h89PqFw0KqmpFYyyJlr3grIZK_DK64isSWnBfpi&amp;__tn__=-]K-R\"><span class=\"nc684nl6\">European Union and the Palestinians<\/span><\/a> <\/strong><\/span>in Palestine, 9 portraits of women were released at the Municipality Hall of Ramallah. Congratulations for their speech, their journey is very inspiring!<\/div>\n<\/div>\n<div class=\"cxmmr5t8 oygrvhab hcukyx3x c1et5uql o9v6fnle ii04i59q\">\n<div dir=\"auto\">France currently holds the <span style=\"color: #0000ff;\"><strong><a style=\"color: #0000ff;\" href=\"https:\/\/www.facebook.com\/Europe2022FR?__cft__[0]=AZW7maNvSfIYscYGm2tNSLqpnSKpbShhpxwl-ij-30Re9iGP0CV5d3ch0o468Az4jvoL4vLdT_W1Mz7o2MoI1O1DLShlwQj92WxDr1S6rKOQ_PRe-h89PqFw0KqmpFYyyJlr3grIZK_DK64isSWnBfpi&amp;__tn__=-]K-R\">presidency of the Council of the European Union<\/a><\/strong><\/span> and is committed to promoting human rights and womens rights.<\/div>\n<\/div>\n<div dir=\"auto\"><img loading=\"lazy\" decoding=\"async\" class=\"aligncenter size-full wp-image-8565\" src=\"https:\/\/www.institutfrancais-jerusalem.org\/wp-content\/uploads\/2022\/03\/8-mars-UE-2.jpg\" alt=\"\" width=\"2048\" height=\"1536\" \/> <img loading=\"lazy\" decoding=\"async\" class=\"aligncenter size-full wp-image-8567\" src=\"https:\/\/www.institutfrancais-jerusalem.org\/wp-content\/uploads\/2022\/03\/8-mars-UE-3.jpg\" alt=\"\" width=\"2048\" height=\"1536\" \/> <img loading=\"lazy\" decoding=\"async\" class=\"aligncenter size-full wp-image-8569\" src=\"https:\/\/www.institutfrancais-jerusalem.org\/wp-content\/uploads\/2022\/03\/8-mars-UE-4.jpg\" alt=\"\" width=\"2048\" height=\"1536\" \/> <img loading=\"lazy\" decoding=\"async\" class=\"aligncenter size-full wp-image-8571\" src=\"https:\/\/www.institutfrancais-jerusalem.org\/wp-content\/uploads\/2022\/03\/8-mars-UE-5.jpg\" alt=\"\" width=\"2048\" height=\"1536\" \/> <img loading=\"lazy\" decoding=\"async\" class=\"aligncenter size-full wp-image-8573\" src=\"https:\/\/www.institutfrancais-jerusalem.org\/wp-content\/uploads\/2022\/03\/8-mars-UE-6.jpg\" alt=\"\" width=\"2048\" height=\"1536\" \/> <img loading=\"lazy\" decoding=\"async\" class=\"aligncenter size-full wp-image-8575\" src=\"https:\/\/www.institutfrancais-jerusalem.org\/wp-content\/uploads\/2022\/03\/8-mars-UE-7.jpg\" alt=\"\" width=\"2048\" height=\"1536\" \/> <img loading=\"lazy\" decoding=\"async\" class=\"aligncenter size-full wp-image-8577\" src=\"https:\/\/www.institutfrancais-jerusalem.org\/wp-content\/uploads\/2022\/03\/8-mars-UE-8.jpg\" alt=\"\" width=\"2048\" height=\"1536\" \/><\/div>\n","protected":false},"excerpt":{"rendered":"<p>ENGLISH BELOW A l&rsquo;occasion de la journ\u00e9e internationale des droits des femmes du 8 Mars 2022, en partenariat avec le bureau de repr\u00e9sentation European Union and the Palestinians en Palestine, 9 portraits de femmes ont \u00e9t\u00e9 diffus\u00e9s \u00e0 la municipalit\u00e9 de Ramallah. Bravo \u00e0 elles pour leur participation, leur parcours est tr\u00e8s inspirant ! La &hellip;<\/p>\n","protected":false},"author":1,"featured_media":5728,"comment_status":"closed","ping_status":"closed","sticky":false,"template":"","format":"standard","meta":{"footnotes":""},"categories":[2,5,10,7,25],"tags":[445,69,59,461,401],"class_list":["post-5727","post","type-post","status-publish","format-standard","has-post-thumbnail","","category-agenda-culturel","category-breaking-news","category-debats-didees-livres","category-diaporama","category-ramallah","tag-femmes","tag-france","tag-palestine","tag-ue","tag-union-europeenne"],"yoast_head":"<!-- This site is optimized with the Yoast SEO plugin v27.5 - https:\/\/yoast.com\/product\/yoast-seo-wordpress\/ -->\n<title>Remise de prix - journ\u00e9e internationale des droits des femmes - Institut Fran\u00e7ais de J\u00e9rusalem - Ramallah<\/title>\n<meta name=\"description\" content=\"Des femmes palestiniennes ont \u00e9t\u00e9 r\u00e9compens\u00e9es pour leur parcourt inspirant !\" \/>\n<meta name=\"robots\" content=\"index, follow, max-snippet:-1, max-image-preview:large, max-video-preview:-1\" \/>\n<link rel=\"canonical\" href=\"https:\/\/www.institutfrancais-jerusalem.org\/ramallah\/remise-de-prix-journee-internationale-des-droits-des-femmes\/\" \/>\n<meta property=\"og:locale\" content=\"fr_FR\" \/>\n<meta property=\"og:type\" content=\"article\" \/>\n<meta property=\"og:title\" content=\"Remise de prix - journ\u00e9e internationale des droits des femmes - Institut Fran\u00e7ais de J\u00e9rusalem - Ramallah\" \/>\n<meta property=\"og:description\" content=\"Des femmes palestiniennes ont \u00e9t\u00e9 r\u00e9compens\u00e9es pour leur parcourt inspirant !\" \/>\n<meta property=\"og:url\" content=\"https:\/\/www.institutfrancais-jerusalem.org\/ramallah\/remise-de-prix-journee-internationale-des-droits-des-femmes\/\" \/>\n<meta property=\"og:site_name\" content=\"Institut Fran\u00e7ais de J\u00e9rusalem - Ramallah\" \/>\n<meta property=\"article:published_time\" content=\"2022-03-10T14:15:36+00:00\" \/>\n<meta property=\"og:image\" content=\"https:\/\/www.institutfrancais-jerusalem.org\/ramallah\/wp-content\/uploads\/sites\/11\/2022\/03\/8-mars-UE-1.jpg\" \/>\n\t<meta property=\"og:image:width\" content=\"2048\" \/>\n\t<meta property=\"og:image:height\" content=\"1536\" \/>\n\t<meta property=\"og:image:type\" content=\"image\/jpeg\" \/>\n<meta name=\"author\" content=\"admin6590\" \/>\n<meta name=\"twitter:card\" content=\"summary_large_image\" \/>\n<meta name=\"twitter:label1\" content=\"\u00c9crit par\" \/>\n\t<meta name=\"twitter:data1\" content=\"admin6590\" \/>\n\t<meta name=\"twitter:label2\" content=\"Dur\u00e9e de lecture estim\u00e9e\" \/>\n\t<meta name=\"twitter:data2\" content=\"1 minute\" \/>\n<script type=\"application\/ld+json\" class=\"yoast-schema-graph\">{\"@context\":\"https:\\\/\\\/schema.org\",\"@graph\":[{\"@type\":\"Article\",\"@id\":\"https:\\\/\\\/www.institutfrancais-jerusalem.org\\\/ramallah\\\/remise-de-prix-journee-internationale-des-droits-des-femmes\\\/#article\",\"isPartOf\":{\"@id\":\"https:\\\/\\\/www.institutfrancais-jerusalem.org\\\/ramallah\\\/remise-de-prix-journee-internationale-des-droits-des-femmes\\\/\"},\"author\":{\"name\":\"admin6590\",\"@id\":\"https:\\\/\\\/www.institutfrancais-jerusalem.org\\\/ramallah\\\/#\\\/schema\\\/person\\\/0d606b93f4fb1eb5c713b8be3dd4c4bf\"},\"headline\":\"Remise de prix &#8211; journ\u00e9e internationale des droits des femmes\",\"datePublished\":\"2022-03-10T14:15:36+00:00\",\"mainEntityOfPage\":{\"@id\":\"https:\\\/\\\/www.institutfrancais-jerusalem.org\\\/ramallah\\\/remise-de-prix-journee-internationale-des-droits-des-femmes\\\/\"},\"wordCount\":156,\"image\":{\"@id\":\"https:\\\/\\\/www.institutfrancais-jerusalem.org\\\/ramallah\\\/remise-de-prix-journee-internationale-des-droits-des-femmes\\\/#primaryimage\"},\"thumbnailUrl\":\"https:\\\/\\\/www.institutfrancais-jerusalem.org\\\/ramallah\\\/wp-content\\\/uploads\\\/sites\\\/11\\\/2022\\\/03\\\/8-mars-UE-1.jpg\",\"keywords\":[\"femmes\",\"france\",\"palestine\",\"UE\",\"union europ\u00e9enne\"],\"articleSection\":[\"Agenda culturel\",\"breaking-news\",\"D\u00e9bats-d'id\u00e9es &amp; Livres\",\"Diaporama\",\"RAMALLAH\"],\"inLanguage\":\"fr-FR\"},{\"@type\":\"WebPage\",\"@id\":\"https:\\\/\\\/www.institutfrancais-jerusalem.org\\\/ramallah\\\/remise-de-prix-journee-internationale-des-droits-des-femmes\\\/\",\"url\":\"https:\\\/\\\/www.institutfrancais-jerusalem.org\\\/ramallah\\\/remise-de-prix-journee-internationale-des-droits-des-femmes\\\/\",\"name\":\"Remise de prix - journ\u00e9e internationale des droits des femmes - Institut Fran\u00e7ais de J\u00e9rusalem - Ramallah\",\"isPartOf\":{\"@id\":\"https:\\\/\\\/www.institutfrancais-jerusalem.org\\\/ramallah\\\/#website\"},\"primaryImageOfPage\":{\"@id\":\"https:\\\/\\\/www.institutfrancais-jerusalem.org\\\/ramallah\\\/remise-de-prix-journee-internationale-des-droits-des-femmes\\\/#primaryimage\"},\"image\":{\"@id\":\"https:\\\/\\\/www.institutfrancais-jerusalem.org\\\/ramallah\\\/remise-de-prix-journee-internationale-des-droits-des-femmes\\\/#primaryimage\"},\"thumbnailUrl\":\"https:\\\/\\\/www.institutfrancais-jerusalem.org\\\/ramallah\\\/wp-content\\\/uploads\\\/sites\\\/11\\\/2022\\\/03\\\/8-mars-UE-1.jpg\",\"datePublished\":\"2022-03-10T14:15:36+00:00\",\"author\":{\"@id\":\"https:\\\/\\\/www.institutfrancais-jerusalem.org\\\/ramallah\\\/#\\\/schema\\\/person\\\/0d606b93f4fb1eb5c713b8be3dd4c4bf\"},\"description\":\"Des femmes palestiniennes ont \u00e9t\u00e9 r\u00e9compens\u00e9es pour leur parcourt inspirant !\",\"breadcrumb\":{\"@id\":\"https:\\\/\\\/www.institutfrancais-jerusalem.org\\\/ramallah\\\/remise-de-prix-journee-internationale-des-droits-des-femmes\\\/#breadcrumb\"},\"inLanguage\":\"fr-FR\",\"potentialAction\":[{\"@type\":\"ReadAction\",\"target\":[\"https:\\\/\\\/www.institutfrancais-jerusalem.org\\\/ramallah\\\/remise-de-prix-journee-internationale-des-droits-des-femmes\\\/\"]}]},{\"@type\":\"ImageObject\",\"inLanguage\":\"fr-FR\",\"@id\":\"https:\\\/\\\/www.institutfrancais-jerusalem.org\\\/ramallah\\\/remise-de-prix-journee-internationale-des-droits-des-femmes\\\/#primaryimage\",\"url\":\"https:\\\/\\\/www.institutfrancais-jerusalem.org\\\/ramallah\\\/wp-content\\\/uploads\\\/sites\\\/11\\\/2022\\\/03\\\/8-mars-UE-1.jpg\",\"contentUrl\":\"https:\\\/\\\/www.institutfrancais-jerusalem.org\\\/ramallah\\\/wp-content\\\/uploads\\\/sites\\\/11\\\/2022\\\/03\\\/8-mars-UE-1.jpg\",\"width\":2048,\"height\":1536},{\"@type\":\"BreadcrumbList\",\"@id\":\"https:\\\/\\\/www.institutfrancais-jerusalem.org\\\/ramallah\\\/remise-de-prix-journee-internationale-des-droits-des-femmes\\\/#breadcrumb\",\"itemListElement\":[{\"@type\":\"ListItem\",\"position\":1,\"name\":\"Accueil\",\"item\":\"https:\\\/\\\/www.institutfrancais-jerusalem.org\\\/ramallah\\\/\"},{\"@type\":\"ListItem\",\"position\":2,\"name\":\"Remise de prix &#8211; journ\u00e9e internationale des droits des femmes\"}]},{\"@type\":\"WebSite\",\"@id\":\"https:\\\/\\\/www.institutfrancais-jerusalem.org\\\/ramallah\\\/#website\",\"url\":\"https:\\\/\\\/www.institutfrancais-jerusalem.org\\\/ramallah\\\/\",\"name\":\"Institut Fran\u00e7ais de J\u00e9rusalem - Ramallah\",\"description\":\"Ramallah\",\"potentialAction\":[{\"@type\":\"SearchAction\",\"target\":{\"@type\":\"EntryPoint\",\"urlTemplate\":\"https:\\\/\\\/www.institutfrancais-jerusalem.org\\\/ramallah\\\/?s={search_term_string}\"},\"query-input\":{\"@type\":\"PropertyValueSpecification\",\"valueRequired\":true,\"valueName\":\"search_term_string\"}}],\"inLanguage\":\"fr-FR\"},{\"@type\":\"Person\",\"@id\":\"https:\\\/\\\/www.institutfrancais-jerusalem.org\\\/ramallah\\\/#\\\/schema\\\/person\\\/0d606b93f4fb1eb5c713b8be3dd4c4bf\",\"name\":\"admin6590\",\"image\":{\"@type\":\"ImageObject\",\"inLanguage\":\"fr-FR\",\"@id\":\"https:\\\/\\\/secure.gravatar.com\\\/avatar\\\/26482e0f083efa40e5c2db57a3d590897a500390cc256266e30d5da5605a03a9?s=96&d=mm&r=g\",\"url\":\"https:\\\/\\\/secure.gravatar.com\\\/avatar\\\/26482e0f083efa40e5c2db57a3d590897a500390cc256266e30d5da5605a03a9?s=96&d=mm&r=g\",\"contentUrl\":\"https:\\\/\\\/secure.gravatar.com\\\/avatar\\\/26482e0f083efa40e5c2db57a3d590897a500390cc256266e30d5da5605a03a9?s=96&d=mm&r=g\",\"caption\":\"admin6590\"},\"url\":\"https:\\\/\\\/www.institutfrancais-jerusalem.org\\\/ramallah\\\/author\\\/admin6590\\\/\"}]}<\/script>\n<!-- \/ Yoast SEO plugin. -->","yoast_head_json":{"title":"Remise de prix - journ\u00e9e internationale des droits des femmes - Institut Fran\u00e7ais de J\u00e9rusalem - Ramallah","description":"Des femmes palestiniennes ont \u00e9t\u00e9 r\u00e9compens\u00e9es pour leur parcourt inspirant !","robots":{"index":"index","follow":"follow","max-snippet":"max-snippet:-1","max-image-preview":"max-image-preview:large","max-video-preview":"max-video-preview:-1"},"canonical":"https:\/\/www.institutfrancais-jerusalem.org\/ramallah\/remise-de-prix-journee-internationale-des-droits-des-femmes\/","og_locale":"fr_FR","og_type":"article","og_title":"Remise de prix - journ\u00e9e internationale des droits des femmes - Institut Fran\u00e7ais de J\u00e9rusalem - Ramallah","og_description":"Des femmes palestiniennes ont \u00e9t\u00e9 r\u00e9compens\u00e9es pour leur parcourt inspirant !","og_url":"https:\/\/www.institutfrancais-jerusalem.org\/ramallah\/remise-de-prix-journee-internationale-des-droits-des-femmes\/","og_site_name":"Institut Fran\u00e7ais de J\u00e9rusalem - Ramallah","article_published_time":"2022-03-10T14:15:36+00:00","og_image":[{"width":2048,"height":1536,"url":"https:\/\/www.institutfrancais-jerusalem.org\/ramallah\/wp-content\/uploads\/sites\/11\/2022\/03\/8-mars-UE-1.jpg","type":"image\/jpeg"}],"author":"admin6590","twitter_card":"summary_large_image","twitter_misc":{"\u00c9crit par":"admin6590","Dur\u00e9e de lecture estim\u00e9e":"1 minute"},"schema":{"@context":"https:\/\/schema.org","@graph":[{"@type":"Article","@id":"https:\/\/www.institutfrancais-jerusalem.org\/ramallah\/remise-de-prix-journee-internationale-des-droits-des-femmes\/#article","isPartOf":{"@id":"https:\/\/www.institutfrancais-jerusalem.org\/ramallah\/remise-de-prix-journee-internationale-des-droits-des-femmes\/"},"author":{"name":"admin6590","@id":"https:\/\/www.institutfrancais-jerusalem.org\/ramallah\/#\/schema\/person\/0d606b93f4fb1eb5c713b8be3dd4c4bf"},"headline":"Remise de prix &#8211; journ\u00e9e internationale des droits des femmes","datePublished":"2022-03-10T14:15:36+00:00","mainEntityOfPage":{"@id":"https:\/\/www.institutfrancais-jerusalem.org\/ramallah\/remise-de-prix-journee-internationale-des-droits-des-femmes\/"},"wordCount":156,"image":{"@id":"https:\/\/www.institutfrancais-jerusalem.org\/ramallah\/remise-de-prix-journee-internationale-des-droits-des-femmes\/#primaryimage"},"thumbnailUrl":"https:\/\/www.institutfrancais-jerusalem.org\/ramallah\/wp-content\/uploads\/sites\/11\/2022\/03\/8-mars-UE-1.jpg","keywords":["femmes","france","palestine","UE","union europ\u00e9enne"],"articleSection":["Agenda culturel","breaking-news","D\u00e9bats-d'id\u00e9es &amp; Livres","Diaporama","RAMALLAH"],"inLanguage":"fr-FR"},{"@type":"WebPage","@id":"https:\/\/www.institutfrancais-jerusalem.org\/ramallah\/remise-de-prix-journee-internationale-des-droits-des-femmes\/","url":"https:\/\/www.institutfrancais-jerusalem.org\/ramallah\/remise-de-prix-journee-internationale-des-droits-des-femmes\/","name":"Remise de prix - journ\u00e9e internationale des droits des femmes - Institut Fran\u00e7ais de J\u00e9rusalem - Ramallah","isPartOf":{"@id":"https:\/\/www.institutfrancais-jerusalem.org\/ramallah\/#website"},"primaryImageOfPage":{"@id":"https:\/\/www.institutfrancais-jerusalem.org\/ramallah\/remise-de-prix-journee-internationale-des-droits-des-femmes\/#primaryimage"},"image":{"@id":"https:\/\/www.institutfrancais-jerusalem.org\/ramallah\/remise-de-prix-journee-internationale-des-droits-des-femmes\/#primaryimage"},"thumbnailUrl":"https:\/\/www.institutfrancais-jerusalem.org\/ramallah\/wp-content\/uploads\/sites\/11\/2022\/03\/8-mars-UE-1.jpg","datePublished":"2022-03-10T14:15:36+00:00","author":{"@id":"https:\/\/www.institutfrancais-jerusalem.org\/ramallah\/#\/schema\/person\/0d606b93f4fb1eb5c713b8be3dd4c4bf"},"description":"Des femmes palestiniennes ont \u00e9t\u00e9 r\u00e9compens\u00e9es pour leur parcourt inspirant !","breadcrumb":{"@id":"https:\/\/www.institutfrancais-jerusalem.org\/ramallah\/remise-de-prix-journee-internationale-des-droits-des-femmes\/#breadcrumb"},"inLanguage":"fr-FR","potentialAction":[{"@type":"ReadAction","target":["https:\/\/www.institutfrancais-jerusalem.org\/ramallah\/remise-de-prix-journee-internationale-des-droits-des-femmes\/"]}]},{"@type":"ImageObject","inLanguage":"fr-FR","@id":"https:\/\/www.institutfrancais-jerusalem.org\/ramallah\/remise-de-prix-journee-internationale-des-droits-des-femmes\/#primaryimage","url":"https:\/\/www.institutfrancais-jerusalem.org\/ramallah\/wp-content\/uploads\/sites\/11\/2022\/03\/8-mars-UE-1.jpg","contentUrl":"https:\/\/www.institutfrancais-jerusalem.org\/ramallah\/wp-content\/uploads\/sites\/11\/2022\/03\/8-mars-UE-1.jpg","width":2048,"height":1536},{"@type":"BreadcrumbList","@id":"https:\/\/www.institutfrancais-jerusalem.org\/ramallah\/remise-de-prix-journee-internationale-des-droits-des-femmes\/#breadcrumb","itemListElement":[{"@type":"ListItem","position":1,"name":"Accueil","item":"https:\/\/www.institutfrancais-jerusalem.org\/ramallah\/"},{"@type":"ListItem","position":2,"name":"Remise de prix &#8211; journ\u00e9e internationale des droits des femmes"}]},{"@type":"WebSite","@id":"https:\/\/www.institutfrancais-jerusalem.org\/ramallah\/#website","url":"https:\/\/www.institutfrancais-jerusalem.org\/ramallah\/","name":"Institut Fran\u00e7ais de J\u00e9rusalem - Ramallah","description":"Ramallah","potentialAction":[{"@type":"SearchAction","target":{"@type":"EntryPoint","urlTemplate":"https:\/\/www.institutfrancais-jerusalem.org\/ramallah\/?s={search_term_string}"},"query-input":{"@type":"PropertyValueSpecification","valueRequired":true,"valueName":"search_term_string"}}],"inLanguage":"fr-FR"},{"@type":"Person","@id":"https:\/\/www.institutfrancais-jerusalem.org\/ramallah\/#\/schema\/person\/0d606b93f4fb1eb5c713b8be3dd4c4bf","name":"admin6590","image":{"@type":"ImageObject","inLanguage":"fr-FR","@id":"https:\/\/secure.gravatar.com\/avatar\/26482e0f083efa40e5c2db57a3d590897a500390cc256266e30d5da5605a03a9?s=96&d=mm&r=g","url":"https:\/\/secure.gravatar.com\/avatar\/26482e0f083efa40e5c2db57a3d590897a500390cc256266e30d5da5605a03a9?s=96&d=mm&r=g","contentUrl":"https:\/\/secure.gravatar.com\/avatar\/26482e0f083efa40e5c2db57a3d590897a500390cc256266e30d5da5605a03a9?s=96&d=mm&r=g","caption":"admin6590"},"url":"https:\/\/www.institutfrancais-jerusalem.org\/ramallah\/author\/admin6590\/"}]}},"_links":{"self":[{"href":"https:\/\/www.institutfrancais-jerusalem.org\/ramallah\/wp-json\/wp\/v2\/posts\/5727","targetHints":{"allow":["GET"]}}],"collection":[{"href":"https:\/\/www.institutfrancais-jerusalem.org\/ramallah\/wp-json\/wp\/v2\/posts"}],"about":[{"href":"https:\/\/www.institutfrancais-jerusalem.org\/ramallah\/wp-json\/wp\/v2\/types\/post"}],"author":[{"embeddable":true,"href":"https:\/\/www.institutfrancais-jerusalem.org\/ramallah\/wp-json\/wp\/v2\/users\/1"}],"replies":[{"embeddable":true,"href":"https:\/\/www.institutfrancais-jerusalem.org\/ramallah\/wp-json\/wp\/v2\/comments?post=5727"}],"version-history":[{"count":1,"href":"https:\/\/www.institutfrancais-jerusalem.org\/ramallah\/wp-json\/wp\/v2\/posts\/5727\/revisions"}],"predecessor-version":[{"id":5730,"href":"https:\/\/www.institutfrancais-jerusalem.org\/ramallah\/wp-json\/wp\/v2\/posts\/5727\/revisions\/5730"}],"wp:featuredmedia":[{"embeddable":true,"href":"https:\/\/www.institutfrancais-jerusalem.org\/ramallah\/wp-json\/wp\/v2\/media\/5728"}],"wp:attachment":[{"href":"https:\/\/www.institutfrancais-jerusalem.org\/ramallah\/wp-json\/wp\/v2\/media?parent=5727"}],"wp:term":[{"taxonomy":"category","embeddable":true,"href":"https:\/\/www.institutfrancais-jerusalem.org\/ramallah\/wp-json\/wp\/v2\/categories?post=5727"},{"taxonomy":"post_tag","embeddable":true,"href":"https:\/\/www.institutfrancais-jerusalem.org\/ramallah\/wp-json\/wp\/v2\/tags?post=5727"}],"curies":[{"name":"wp","href":"https:\/\/api.w.org\/{rel}","templated":true}]}}