{"id":5568,"date":"2021-12-14T15:12:32","date_gmt":"2021-12-14T14:12:32","guid":{"rendered":"https:\/\/www.institutfrancais-jerusalem.org\/ramallah\/?p=5568"},"modified":"2021-12-14T15:12:32","modified_gmt":"2021-12-14T14:12:32","slug":"rencontres-france-alumni","status":"publish","type":"post","link":"https:\/\/www.institutfrancais-jerusalem.org\/ramallah\/rencontres-france-alumni\/","title":{"rendered":"Rencontres France Alumni"},"content":{"rendered":"<div class=\"kvgmc6g5 cxmmr5t8 oygrvhab hcukyx3x c1et5uql ii04i59q\">\n<div dir=\"auto\"><span class=\"pq6dq46d tbxw36s4 knj5qynh kvgmc6g5 ditlmg2l oygrvhab nvdbi5me sf5mxxl7 gl3lb2sf hhz5lgdu\"><img loading=\"lazy\" decoding=\"async\" src=\"https:\/\/www.facebook.com\/images\/emoji.php\/v9\/tb2\/1\/16\/1f468_200d_1f393.png\" alt=\"\ud83d\udc68\u200d\ud83c\udf93\" width=\"16\" height=\"16\" \/><\/span><span class=\"pq6dq46d tbxw36s4 knj5qynh kvgmc6g5 ditlmg2l oygrvhab nvdbi5me sf5mxxl7 gl3lb2sf hhz5lgdu\"><img loading=\"lazy\" decoding=\"async\" src=\"https:\/\/www.facebook.com\/images\/emoji.php\/v9\/t91\/1\/16\/1f469_200d_1f393.png\" alt=\"\ud83d\udc69\u200d\ud83c\udf93\" width=\"16\" height=\"16\" \/><\/span>Les \u00ab Rencontres France Alumni \u00bb ont eu lieu \u00e0 Ramallah le 1er d\u00e9cembre 2021 pour r\u00e9unir les \u00e9tudiants palestiniens ayant effectu\u00e9 une partie de leur parcours universitaire en France, que ce soit dans le cadre de leurs \u00e9tudes, en formation ou lors d\u2019\u00e9changes scientifiques AlMaqdisi<\/div>\n<\/div>\n<div class=\"cxmmr5t8 oygrvhab hcukyx3x c1et5uql o9v6fnle ii04i59q\">\n<div dir=\"auto\"><span class=\"pq6dq46d tbxw36s4 knj5qynh kvgmc6g5 ditlmg2l oygrvhab nvdbi5me sf5mxxl7 gl3lb2sf hhz5lgdu\"><img loading=\"lazy\" decoding=\"async\" src=\"https:\/\/www.facebook.com\/images\/emoji.php\/v9\/tfe\/1\/16\/1f44f.png\" alt=\"\ud83d\udc4f\" width=\"16\" height=\"16\" \/><\/span>250 \u00e9tudiants palestiniens poursuivent leurs \u00e9tudes en France (Universit\u00e9 Paris-Saclay, Universit\u00e9 de Lille, Aix-Marseille Universit\u00e9, Universit\u00e9 de Lyon, etc). Le <span style=\"color: #0000ff;\"><strong><a class=\"oajrlxb2 g5ia77u1 qu0x051f esr5mh6w e9989ue4 r7d6kgcz rq0escxv nhd2j8a9 nc684nl6 p7hjln8o kvgmc6g5 cxmmr5t8 oygrvhab hcukyx3x jb3vyjys rz4wbd8a qt6c0cv9 a8nywdso i1ao9s8h esuyzwwr f1sip0of lzcic4wl gpro0wi8 q66pz984 b1v8xokw\" style=\"color: #0000ff;\" tabindex=\"0\" role=\"link\" href=\"https:\/\/www.facebook.com\/FranceJerusalem\/?__cft__[0]=AZUe0_8O1t5_5Ie4tkGOOiDiswNfn2XzNsLkF54nam9Lad--bPtteHkgSuxMm1VJu5xr69cmrfcrOyo4Akmim_lkX-m7LLSWEAn7QU5mGzHfZhpOhT0HuGtwk0R1ICT22O4MLb608V7BAtK2j20q0J5zvdaUsU6WxAGavXzMMoQf9-8mCPqlMaxxnaKSdedMP5A&amp;__tn__=kK-R\"><span class=\"nc684nl6\">Consulat G\u00e9n\u00e9ral de France \u00e0 J\u00e9rusalem<\/span><\/a> <\/strong><\/span>soutient cette mobilit\u00e9 en finan\u00e7ant chaque ann\u00e9e des bourses d\u2019\u00e9tudes destin\u00e9es aux \u00e9tudiants palestiniens au niveau Master et Doctorat.<\/div>\n<\/div>\n<div class=\"cxmmr5t8 oygrvhab hcukyx3x c1et5uql o9v6fnle ii04i59q\">\n<div dir=\"auto\"><span class=\"pq6dq46d tbxw36s4 knj5qynh kvgmc6g5 ditlmg2l oygrvhab nvdbi5me sf5mxxl7 gl3lb2sf hhz5lgdu\"><img loading=\"lazy\" decoding=\"async\" src=\"https:\/\/www.facebook.com\/images\/emoji.php\/v9\/t64\/1\/16\/1f91d.png\" alt=\"\ud83e\udd1d\" width=\"16\" height=\"16\" \/><\/span>La densit\u00e9 des \u00e9changes entre intervenants et avec les alumni de la salle a bien soulign\u00e9 l\u2019int\u00e9r\u00eat de toutes les parties prenantes pour plus de de mobilit\u00e9s et de projets entre les universit\u00e9s fran\u00e7aises et palestiniennes. Ces rencontres ont permis de nous fixer 3 objectifs : augmenter le nombre de partenariats entre les universit\u00e9s au-del\u00e0 de ceux existant comme An-Najah et les universit\u00e9s de Lille et Paris Saclay, Birzeit et Paris 1, Al Quds et Bordeaux ; poursuivre le soutien \u00e0 la recherche, \u00e0 travers le d\u00e9veloppement de notre programme PHC Al-Maqdisi qui finance des projets sur deux ans entre laboratoires (chimie, sant\u00e9, ing\u00e9nierie, etc) port\u00e9s par des \u00e9quipes fran\u00e7aises et palestiniennes ; augmentation de la mobilit\u00e9 \u00e9tudiante et enseignante gr\u00e2ce au partenariat avec les collectivit\u00e9s territoriales et l\u2019accord sign\u00e9 avec l\u2019universit\u00e9 An-Najah de cofinancement.<\/div>\n<\/div>\n<div class=\"cxmmr5t8 oygrvhab hcukyx3x c1et5uql o9v6fnle ii04i59q\">\n<div dir=\"auto\"><span class=\"pq6dq46d tbxw36s4 knj5qynh kvgmc6g5 ditlmg2l oygrvhab nvdbi5me sf5mxxl7 gl3lb2sf hhz5lgdu\"><img loading=\"lazy\" decoding=\"async\" src=\"https:\/\/www.facebook.com\/images\/emoji.php\/v9\/t7e\/1\/16\/1f3a4.png\" alt=\"\ud83c\udfa4\" width=\"16\" height=\"16\" \/><\/span>Des alumni, maintenant acteurs majeurs de la soci\u00e9t\u00e9 palestinienne, du monde \u00e9conomique et intellectuel, sont venus t\u00e9moigner de leur parcours et de ce que leur mobilit\u00e9 en France leur a apport\u00e9. Des responsables d\u2019universit\u00e9s ont \u00e9chang\u00e9 avec CampusFrance sur la place qu\u2019occupent les mobilit\u00e9s internationales dans la strat\u00e9gie de formation et de recherche de leur \u00e9tablissement. Tous ont t\u00e9moign\u00e9 de la place que tient la France dans le monde universitaire palestinien et l\u2019envie des universit\u00e9s fran\u00e7aises de renforcer leur partenariats avec la Palestine : c\u2019est une bonne nouvelle pour l\u2019avenir !<\/div>\n<\/div>\n<div class=\"cxmmr5t8 oygrvhab hcukyx3x c1et5uql o9v6fnle ii04i59q\">\n<div dir=\"auto\">Ouverture solennelle par M. Ren\u00e9 Troccaz, Consul G\u00e9n\u00e9ral de France <span class=\"pq6dq46d tbxw36s4 knj5qynh kvgmc6g5 ditlmg2l oygrvhab nvdbi5me sf5mxxl7 gl3lb2sf hhz5lgdu\"><img loading=\"lazy\" decoding=\"async\" src=\"https:\/\/www.facebook.com\/images\/emoji.php\/v9\/t74\/1\/16\/1f1eb_1f1f7.png\" alt=\"\ud83c\uddeb\ud83c\uddf7\" width=\"16\" height=\"16\" \/><\/span> \u00e0 J\u00e9rusalem, Mme B\u00e9atrice Khaiat, Directrice g\u00e9n\u00e9rale de Campus France, M. Guillaume Robert, Conseiller de coop\u00e9ration et d&rsquo;action culturelle et Dr. Mahmoud Abu Mweis, Ministre de l\u2019enseignement sup\u00e9rieur et de la recherche de Palestine <span class=\"pq6dq46d tbxw36s4 knj5qynh kvgmc6g5 ditlmg2l oygrvhab nvdbi5me sf5mxxl7 gl3lb2sf hhz5lgdu\"><img loading=\"lazy\" decoding=\"async\" src=\"https:\/\/www.facebook.com\/images\/emoji.php\/v9\/t67\/1\/16\/1f1f5_1f1f8.png\" alt=\"\ud83c\uddf5\ud83c\uddf8\" width=\"16\" height=\"16\" \/><\/span><\/div>\n<\/div>\n<div dir=\"auto\"><\/div>\n<div dir=\"auto\"><img loading=\"lazy\" decoding=\"async\" class=\"aligncenter size-full wp-image-8383\" src=\"https:\/\/www.institutfrancais-jerusalem.org\/wp-content\/uploads\/2021\/12\/IMG_6072-scaled.jpg\" alt=\"\" width=\"2560\" height=\"1707\" \/> <img loading=\"lazy\" decoding=\"async\" class=\"aligncenter size-full wp-image-8381\" src=\"https:\/\/www.institutfrancais-jerusalem.org\/wp-content\/uploads\/2021\/12\/IMG_6001-scaled.jpg\" alt=\"\" width=\"2560\" height=\"1707\" \/> <img loading=\"lazy\" decoding=\"async\" class=\"aligncenter size-full wp-image-8379\" src=\"https:\/\/www.institutfrancais-jerusalem.org\/wp-content\/uploads\/2021\/12\/IMG_5989-scaled.jpg\" alt=\"\" width=\"2560\" height=\"1707\" \/> <img loading=\"lazy\" decoding=\"async\" class=\"aligncenter size-full wp-image-8377\" src=\"https:\/\/www.institutfrancais-jerusalem.org\/wp-content\/uploads\/2021\/12\/IMG_5969-scaled.jpg\" alt=\"\" width=\"2560\" height=\"1707\" \/> <img loading=\"lazy\" decoding=\"async\" class=\"aligncenter size-full wp-image-8375\" src=\"https:\/\/www.institutfrancais-jerusalem.org\/wp-content\/uploads\/2021\/12\/IMG_5961-scaled.jpg\" alt=\"\" width=\"2560\" height=\"1707\" \/> <img loading=\"lazy\" decoding=\"async\" class=\"aligncenter size-full wp-image-8373\" src=\"https:\/\/www.institutfrancais-jerusalem.org\/wp-content\/uploads\/2021\/12\/IMG_5945-scaled.jpg\" alt=\"\" width=\"2560\" height=\"1707\" \/> <img loading=\"lazy\" decoding=\"async\" class=\"aligncenter size-full wp-image-8371\" src=\"https:\/\/www.institutfrancais-jerusalem.org\/wp-content\/uploads\/2021\/12\/IMG_5904-scaled.jpg\" alt=\"\" width=\"2560\" height=\"1707\" \/> <img loading=\"lazy\" decoding=\"async\" class=\"aligncenter size-full wp-image-8369\" src=\"https:\/\/www.institutfrancais-jerusalem.org\/wp-content\/uploads\/2021\/12\/IMG_2832-scaled.jpg\" alt=\"\" width=\"2560\" height=\"1920\" \/> <img loading=\"lazy\" decoding=\"async\" class=\"aligncenter size-full wp-image-8367\" src=\"https:\/\/www.institutfrancais-jerusalem.org\/wp-content\/uploads\/2021\/12\/IMG_2806-scaled.jpg\" alt=\"\" width=\"2560\" height=\"1920\" \/> <img loading=\"lazy\" decoding=\"async\" class=\"aligncenter size-full wp-image-8385\" src=\"https:\/\/www.institutfrancais-jerusalem.org\/wp-content\/uploads\/2021\/12\/IMG_6105-scaled.jpg\" alt=\"\" width=\"2560\" height=\"1707\" \/><\/div>\n","protected":false},"excerpt":{"rendered":"<p>Les \u00ab Rencontres France Alumni \u00bb ont eu lieu \u00e0 Ramallah le 1er d\u00e9cembre 2021 pour r\u00e9unir les \u00e9tudiants palestiniens ayant effectu\u00e9 une partie de leur parcours universitaire en France, que ce soit dans le cadre de leurs \u00e9tudes, en formation ou lors d\u2019\u00e9changes scientifiques AlMaqdisi 250 \u00e9tudiants palestiniens poursuivent leurs \u00e9tudes en France (Universit\u00e9 &hellip;<\/p>\n","protected":false},"author":1,"featured_media":5569,"comment_status":"open","ping_status":"closed","sticky":false,"template":"","format":"standard","meta":{"footnotes":""},"categories":[2,26,10,7,25],"tags":[448,78,449,69,59,447],"class_list":["post-5568","post","type-post","status-publish","format-standard","has-post-thumbnail","","category-agenda-culturel","category-agenda-culturel-chateaubriand","category-debats-didees-livres","category-diaporama","category-ramallah","tag-alumni","tag-conference","tag-echanges-universitaires","tag-france","tag-palestine","tag-rencontres"],"yoast_head":"<!-- This site is optimized with the Yoast SEO plugin v27.5 - https:\/\/yoast.com\/product\/yoast-seo-wordpress\/ -->\n<title>Rencontres France Alumni - Institut Fran\u00e7ais de J\u00e9rusalem - Ramallah<\/title>\n<meta name=\"robots\" content=\"index, follow, max-snippet:-1, max-image-preview:large, max-video-preview:-1\" \/>\n<link rel=\"canonical\" href=\"https:\/\/www.institutfrancais-jerusalem.org\/ramallah\/rencontres-france-alumni\/\" \/>\n<meta property=\"og:locale\" content=\"fr_FR\" \/>\n<meta property=\"og:type\" content=\"article\" \/>\n<meta property=\"og:title\" content=\"Rencontres France Alumni - Institut Fran\u00e7ais de J\u00e9rusalem - Ramallah\" \/>\n<meta property=\"og:description\" content=\"Les \u00ab Rencontres France Alumni \u00bb ont eu lieu \u00e0 Ramallah le 1er d\u00e9cembre 2021 pour r\u00e9unir les \u00e9tudiants palestiniens ayant effectu\u00e9 une partie de leur parcours universitaire en France, que ce soit dans le cadre de leurs \u00e9tudes, en formation ou lors d\u2019\u00e9changes scientifiques AlMaqdisi 250 \u00e9tudiants palestiniens poursuivent leurs \u00e9tudes en France (Universit\u00e9 &hellip;\" \/>\n<meta property=\"og:url\" content=\"https:\/\/www.institutfrancais-jerusalem.org\/ramallah\/rencontres-france-alumni\/\" \/>\n<meta property=\"og:site_name\" content=\"Institut Fran\u00e7ais de J\u00e9rusalem - Ramallah\" \/>\n<meta property=\"article:published_time\" content=\"2021-12-14T14:12:32+00:00\" \/>\n<meta property=\"og:image\" content=\"https:\/\/www.institutfrancais-jerusalem.org\/ramallah\/wp-content\/uploads\/sites\/11\/2021\/12\/IMG_6105-scaled.jpg\" \/>\n\t<meta property=\"og:image:width\" content=\"2560\" \/>\n\t<meta property=\"og:image:height\" content=\"1707\" \/>\n\t<meta property=\"og:image:type\" content=\"image\/jpeg\" \/>\n<meta name=\"author\" content=\"admin6590\" \/>\n<meta name=\"twitter:card\" content=\"summary_large_image\" \/>\n<meta name=\"twitter:label1\" content=\"\u00c9crit par\" \/>\n\t<meta name=\"twitter:data1\" content=\"admin6590\" \/>\n\t<meta name=\"twitter:label2\" content=\"Dur\u00e9e de lecture estim\u00e9e\" \/>\n\t<meta name=\"twitter:data2\" content=\"5 minutes\" \/>\n<script type=\"application\/ld+json\" class=\"yoast-schema-graph\">{\"@context\":\"https:\\\/\\\/schema.org\",\"@graph\":[{\"@type\":\"Article\",\"@id\":\"https:\\\/\\\/www.institutfrancais-jerusalem.org\\\/ramallah\\\/rencontres-france-alumni\\\/#article\",\"isPartOf\":{\"@id\":\"https:\\\/\\\/www.institutfrancais-jerusalem.org\\\/ramallah\\\/rencontres-france-alumni\\\/\"},\"author\":{\"name\":\"admin6590\",\"@id\":\"https:\\\/\\\/www.institutfrancais-jerusalem.org\\\/ramallah\\\/#\\\/schema\\\/person\\\/0d606b93f4fb1eb5c713b8be3dd4c4bf\"},\"headline\":\"Rencontres France Alumni\",\"datePublished\":\"2021-12-14T14:12:32+00:00\",\"mainEntityOfPage\":{\"@id\":\"https:\\\/\\\/www.institutfrancais-jerusalem.org\\\/ramallah\\\/rencontres-france-alumni\\\/\"},\"wordCount\":397,\"commentCount\":0,\"image\":{\"@id\":\"https:\\\/\\\/www.institutfrancais-jerusalem.org\\\/ramallah\\\/rencontres-france-alumni\\\/#primaryimage\"},\"thumbnailUrl\":\"https:\\\/\\\/www.institutfrancais-jerusalem.org\\\/ramallah\\\/wp-content\\\/uploads\\\/sites\\\/11\\\/2021\\\/12\\\/IMG_6105-scaled.jpg\",\"keywords\":[\"alumni\",\"conf\u00e9rence\",\"\u00e9changes universitaires\",\"france\",\"palestine\",\"rencontres\"],\"articleSection\":[\"Agenda culturel\",\"CHATEAUBRIAND\",\"D\u00e9bats-d'id\u00e9es &amp; Livres\",\"Diaporama\",\"RAMALLAH\"],\"inLanguage\":\"fr-FR\",\"potentialAction\":[{\"@type\":\"CommentAction\",\"name\":\"Comment\",\"target\":[\"https:\\\/\\\/www.institutfrancais-jerusalem.org\\\/ramallah\\\/rencontres-france-alumni\\\/#respond\"]}]},{\"@type\":\"WebPage\",\"@id\":\"https:\\\/\\\/www.institutfrancais-jerusalem.org\\\/ramallah\\\/rencontres-france-alumni\\\/\",\"url\":\"https:\\\/\\\/www.institutfrancais-jerusalem.org\\\/ramallah\\\/rencontres-france-alumni\\\/\",\"name\":\"Rencontres France Alumni - Institut Fran\u00e7ais de J\u00e9rusalem - Ramallah\",\"isPartOf\":{\"@id\":\"https:\\\/\\\/www.institutfrancais-jerusalem.org\\\/ramallah\\\/#website\"},\"primaryImageOfPage\":{\"@id\":\"https:\\\/\\\/www.institutfrancais-jerusalem.org\\\/ramallah\\\/rencontres-france-alumni\\\/#primaryimage\"},\"image\":{\"@id\":\"https:\\\/\\\/www.institutfrancais-jerusalem.org\\\/ramallah\\\/rencontres-france-alumni\\\/#primaryimage\"},\"thumbnailUrl\":\"https:\\\/\\\/www.institutfrancais-jerusalem.org\\\/ramallah\\\/wp-content\\\/uploads\\\/sites\\\/11\\\/2021\\\/12\\\/IMG_6105-scaled.jpg\",\"datePublished\":\"2021-12-14T14:12:32+00:00\",\"author\":{\"@id\":\"https:\\\/\\\/www.institutfrancais-jerusalem.org\\\/ramallah\\\/#\\\/schema\\\/person\\\/0d606b93f4fb1eb5c713b8be3dd4c4bf\"},\"breadcrumb\":{\"@id\":\"https:\\\/\\\/www.institutfrancais-jerusalem.org\\\/ramallah\\\/rencontres-france-alumni\\\/#breadcrumb\"},\"inLanguage\":\"fr-FR\",\"potentialAction\":[{\"@type\":\"ReadAction\",\"target\":[\"https:\\\/\\\/www.institutfrancais-jerusalem.org\\\/ramallah\\\/rencontres-france-alumni\\\/\"]}]},{\"@type\":\"ImageObject\",\"inLanguage\":\"fr-FR\",\"@id\":\"https:\\\/\\\/www.institutfrancais-jerusalem.org\\\/ramallah\\\/rencontres-france-alumni\\\/#primaryimage\",\"url\":\"https:\\\/\\\/www.institutfrancais-jerusalem.org\\\/ramallah\\\/wp-content\\\/uploads\\\/sites\\\/11\\\/2021\\\/12\\\/IMG_6105-scaled.jpg\",\"contentUrl\":\"https:\\\/\\\/www.institutfrancais-jerusalem.org\\\/ramallah\\\/wp-content\\\/uploads\\\/sites\\\/11\\\/2021\\\/12\\\/IMG_6105-scaled.jpg\",\"width\":2560,\"height\":1707},{\"@type\":\"BreadcrumbList\",\"@id\":\"https:\\\/\\\/www.institutfrancais-jerusalem.org\\\/ramallah\\\/rencontres-france-alumni\\\/#breadcrumb\",\"itemListElement\":[{\"@type\":\"ListItem\",\"position\":1,\"name\":\"Accueil\",\"item\":\"https:\\\/\\\/www.institutfrancais-jerusalem.org\\\/ramallah\\\/\"},{\"@type\":\"ListItem\",\"position\":2,\"name\":\"Rencontres France Alumni\"}]},{\"@type\":\"WebSite\",\"@id\":\"https:\\\/\\\/www.institutfrancais-jerusalem.org\\\/ramallah\\\/#website\",\"url\":\"https:\\\/\\\/www.institutfrancais-jerusalem.org\\\/ramallah\\\/\",\"name\":\"Institut Fran\u00e7ais de J\u00e9rusalem - Ramallah\",\"description\":\"Ramallah\",\"potentialAction\":[{\"@type\":\"SearchAction\",\"target\":{\"@type\":\"EntryPoint\",\"urlTemplate\":\"https:\\\/\\\/www.institutfrancais-jerusalem.org\\\/ramallah\\\/?s={search_term_string}\"},\"query-input\":{\"@type\":\"PropertyValueSpecification\",\"valueRequired\":true,\"valueName\":\"search_term_string\"}}],\"inLanguage\":\"fr-FR\"},{\"@type\":\"Person\",\"@id\":\"https:\\\/\\\/www.institutfrancais-jerusalem.org\\\/ramallah\\\/#\\\/schema\\\/person\\\/0d606b93f4fb1eb5c713b8be3dd4c4bf\",\"name\":\"admin6590\",\"image\":{\"@type\":\"ImageObject\",\"inLanguage\":\"fr-FR\",\"@id\":\"https:\\\/\\\/secure.gravatar.com\\\/avatar\\\/26482e0f083efa40e5c2db57a3d590897a500390cc256266e30d5da5605a03a9?s=96&d=mm&r=g\",\"url\":\"https:\\\/\\\/secure.gravatar.com\\\/avatar\\\/26482e0f083efa40e5c2db57a3d590897a500390cc256266e30d5da5605a03a9?s=96&d=mm&r=g\",\"contentUrl\":\"https:\\\/\\\/secure.gravatar.com\\\/avatar\\\/26482e0f083efa40e5c2db57a3d590897a500390cc256266e30d5da5605a03a9?s=96&d=mm&r=g\",\"caption\":\"admin6590\"},\"url\":\"https:\\\/\\\/www.institutfrancais-jerusalem.org\\\/ramallah\\\/author\\\/admin6590\\\/\"}]}<\/script>\n<!-- \/ Yoast SEO plugin. -->","yoast_head_json":{"title":"Rencontres France Alumni - Institut Fran\u00e7ais de J\u00e9rusalem - Ramallah","robots":{"index":"index","follow":"follow","max-snippet":"max-snippet:-1","max-image-preview":"max-image-preview:large","max-video-preview":"max-video-preview:-1"},"canonical":"https:\/\/www.institutfrancais-jerusalem.org\/ramallah\/rencontres-france-alumni\/","og_locale":"fr_FR","og_type":"article","og_title":"Rencontres France Alumni - Institut Fran\u00e7ais de J\u00e9rusalem - Ramallah","og_description":"Les \u00ab Rencontres France Alumni \u00bb ont eu lieu \u00e0 Ramallah le 1er d\u00e9cembre 2021 pour r\u00e9unir les \u00e9tudiants palestiniens ayant effectu\u00e9 une partie de leur parcours universitaire en France, que ce soit dans le cadre de leurs \u00e9tudes, en formation ou lors d\u2019\u00e9changes scientifiques AlMaqdisi 250 \u00e9tudiants palestiniens poursuivent leurs \u00e9tudes en France (Universit\u00e9 &hellip;","og_url":"https:\/\/www.institutfrancais-jerusalem.org\/ramallah\/rencontres-france-alumni\/","og_site_name":"Institut Fran\u00e7ais de J\u00e9rusalem - Ramallah","article_published_time":"2021-12-14T14:12:32+00:00","og_image":[{"width":2560,"height":1707,"url":"https:\/\/www.institutfrancais-jerusalem.org\/ramallah\/wp-content\/uploads\/sites\/11\/2021\/12\/IMG_6105-scaled.jpg","type":"image\/jpeg"}],"author":"admin6590","twitter_card":"summary_large_image","twitter_misc":{"\u00c9crit par":"admin6590","Dur\u00e9e de lecture estim\u00e9e":"5 minutes"},"schema":{"@context":"https:\/\/schema.org","@graph":[{"@type":"Article","@id":"https:\/\/www.institutfrancais-jerusalem.org\/ramallah\/rencontres-france-alumni\/#article","isPartOf":{"@id":"https:\/\/www.institutfrancais-jerusalem.org\/ramallah\/rencontres-france-alumni\/"},"author":{"name":"admin6590","@id":"https:\/\/www.institutfrancais-jerusalem.org\/ramallah\/#\/schema\/person\/0d606b93f4fb1eb5c713b8be3dd4c4bf"},"headline":"Rencontres France Alumni","datePublished":"2021-12-14T14:12:32+00:00","mainEntityOfPage":{"@id":"https:\/\/www.institutfrancais-jerusalem.org\/ramallah\/rencontres-france-alumni\/"},"wordCount":397,"commentCount":0,"image":{"@id":"https:\/\/www.institutfrancais-jerusalem.org\/ramallah\/rencontres-france-alumni\/#primaryimage"},"thumbnailUrl":"https:\/\/www.institutfrancais-jerusalem.org\/ramallah\/wp-content\/uploads\/sites\/11\/2021\/12\/IMG_6105-scaled.jpg","keywords":["alumni","conf\u00e9rence","\u00e9changes universitaires","france","palestine","rencontres"],"articleSection":["Agenda culturel","CHATEAUBRIAND","D\u00e9bats-d'id\u00e9es &amp; Livres","Diaporama","RAMALLAH"],"inLanguage":"fr-FR","potentialAction":[{"@type":"CommentAction","name":"Comment","target":["https:\/\/www.institutfrancais-jerusalem.org\/ramallah\/rencontres-france-alumni\/#respond"]}]},{"@type":"WebPage","@id":"https:\/\/www.institutfrancais-jerusalem.org\/ramallah\/rencontres-france-alumni\/","url":"https:\/\/www.institutfrancais-jerusalem.org\/ramallah\/rencontres-france-alumni\/","name":"Rencontres France Alumni - Institut Fran\u00e7ais de J\u00e9rusalem - Ramallah","isPartOf":{"@id":"https:\/\/www.institutfrancais-jerusalem.org\/ramallah\/#website"},"primaryImageOfPage":{"@id":"https:\/\/www.institutfrancais-jerusalem.org\/ramallah\/rencontres-france-alumni\/#primaryimage"},"image":{"@id":"https:\/\/www.institutfrancais-jerusalem.org\/ramallah\/rencontres-france-alumni\/#primaryimage"},"thumbnailUrl":"https:\/\/www.institutfrancais-jerusalem.org\/ramallah\/wp-content\/uploads\/sites\/11\/2021\/12\/IMG_6105-scaled.jpg","datePublished":"2021-12-14T14:12:32+00:00","author":{"@id":"https:\/\/www.institutfrancais-jerusalem.org\/ramallah\/#\/schema\/person\/0d606b93f4fb1eb5c713b8be3dd4c4bf"},"breadcrumb":{"@id":"https:\/\/www.institutfrancais-jerusalem.org\/ramallah\/rencontres-france-alumni\/#breadcrumb"},"inLanguage":"fr-FR","potentialAction":[{"@type":"ReadAction","target":["https:\/\/www.institutfrancais-jerusalem.org\/ramallah\/rencontres-france-alumni\/"]}]},{"@type":"ImageObject","inLanguage":"fr-FR","@id":"https:\/\/www.institutfrancais-jerusalem.org\/ramallah\/rencontres-france-alumni\/#primaryimage","url":"https:\/\/www.institutfrancais-jerusalem.org\/ramallah\/wp-content\/uploads\/sites\/11\/2021\/12\/IMG_6105-scaled.jpg","contentUrl":"https:\/\/www.institutfrancais-jerusalem.org\/ramallah\/wp-content\/uploads\/sites\/11\/2021\/12\/IMG_6105-scaled.jpg","width":2560,"height":1707},{"@type":"BreadcrumbList","@id":"https:\/\/www.institutfrancais-jerusalem.org\/ramallah\/rencontres-france-alumni\/#breadcrumb","itemListElement":[{"@type":"ListItem","position":1,"name":"Accueil","item":"https:\/\/www.institutfrancais-jerusalem.org\/ramallah\/"},{"@type":"ListItem","position":2,"name":"Rencontres France Alumni"}]},{"@type":"WebSite","@id":"https:\/\/www.institutfrancais-jerusalem.org\/ramallah\/#website","url":"https:\/\/www.institutfrancais-jerusalem.org\/ramallah\/","name":"Institut Fran\u00e7ais de J\u00e9rusalem - Ramallah","description":"Ramallah","potentialAction":[{"@type":"SearchAction","target":{"@type":"EntryPoint","urlTemplate":"https:\/\/www.institutfrancais-jerusalem.org\/ramallah\/?s={search_term_string}"},"query-input":{"@type":"PropertyValueSpecification","valueRequired":true,"valueName":"search_term_string"}}],"inLanguage":"fr-FR"},{"@type":"Person","@id":"https:\/\/www.institutfrancais-jerusalem.org\/ramallah\/#\/schema\/person\/0d606b93f4fb1eb5c713b8be3dd4c4bf","name":"admin6590","image":{"@type":"ImageObject","inLanguage":"fr-FR","@id":"https:\/\/secure.gravatar.com\/avatar\/26482e0f083efa40e5c2db57a3d590897a500390cc256266e30d5da5605a03a9?s=96&d=mm&r=g","url":"https:\/\/secure.gravatar.com\/avatar\/26482e0f083efa40e5c2db57a3d590897a500390cc256266e30d5da5605a03a9?s=96&d=mm&r=g","contentUrl":"https:\/\/secure.gravatar.com\/avatar\/26482e0f083efa40e5c2db57a3d590897a500390cc256266e30d5da5605a03a9?s=96&d=mm&r=g","caption":"admin6590"},"url":"https:\/\/www.institutfrancais-jerusalem.org\/ramallah\/author\/admin6590\/"}]}},"_links":{"self":[{"href":"https:\/\/www.institutfrancais-jerusalem.org\/ramallah\/wp-json\/wp\/v2\/posts\/5568","targetHints":{"allow":["GET"]}}],"collection":[{"href":"https:\/\/www.institutfrancais-jerusalem.org\/ramallah\/wp-json\/wp\/v2\/posts"}],"about":[{"href":"https:\/\/www.institutfrancais-jerusalem.org\/ramallah\/wp-json\/wp\/v2\/types\/post"}],"author":[{"embeddable":true,"href":"https:\/\/www.institutfrancais-jerusalem.org\/ramallah\/wp-json\/wp\/v2\/users\/1"}],"replies":[{"embeddable":true,"href":"https:\/\/www.institutfrancais-jerusalem.org\/ramallah\/wp-json\/wp\/v2\/comments?post=5568"}],"version-history":[{"count":2,"href":"https:\/\/www.institutfrancais-jerusalem.org\/ramallah\/wp-json\/wp\/v2\/posts\/5568\/revisions"}],"predecessor-version":[{"id":5575,"href":"https:\/\/www.institutfrancais-jerusalem.org\/ramallah\/wp-json\/wp\/v2\/posts\/5568\/revisions\/5575"}],"wp:featuredmedia":[{"embeddable":true,"href":"https:\/\/www.institutfrancais-jerusalem.org\/ramallah\/wp-json\/wp\/v2\/media\/5569"}],"wp:attachment":[{"href":"https:\/\/www.institutfrancais-jerusalem.org\/ramallah\/wp-json\/wp\/v2\/media?parent=5568"}],"wp:term":[{"taxonomy":"category","embeddable":true,"href":"https:\/\/www.institutfrancais-jerusalem.org\/ramallah\/wp-json\/wp\/v2\/categories?post=5568"},{"taxonomy":"post_tag","embeddable":true,"href":"https:\/\/www.institutfrancais-jerusalem.org\/ramallah\/wp-json\/wp\/v2\/tags?post=5568"}],"curies":[{"name":"wp","href":"https:\/\/api.w.org\/{rel}","templated":true}]}}