{"id":5467,"date":"2021-05-03T13:24:54","date_gmt":"2021-05-03T11:24:54","guid":{"rendered":"https:\/\/www.institutfrancais-jerusalem.org\/ramallah\/?p=5467"},"modified":"2021-05-03T13:24:54","modified_gmt":"2021-05-03T11:24:54","slug":"appel-a-candidatures-pour-la-fete-de-la-musique-2021","status":"publish","type":"post","link":"https:\/\/www.institutfrancais-jerusalem.org\/ramallah\/appel-a-candidatures-pour-la-fete-de-la-musique-2021\/","title":{"rendered":"Appel \u00e0 candidatures pour la F\u00eate de la Musique 2021"},"content":{"rendered":"<p align=\"left\"><span style=\"color: #000000;\"><span style=\"font-family: Liberation Serif, serif;\"><span style=\"font-size: medium;\">ENGLISH VERSION BELOW<\/span><\/span><\/span><\/p>\n<p>\ud83c\udfbc <span style=\"font-family: Liberation Serif, serif;\"><span style=\"font-size: medium;\"><span style=\"color: #000000;\">Vous \u00eates un musicien palestinien <\/span>\ud83c\uddf5\ud83c\uddf8<span style=\"color: #000000;\">, membre d\u2019un groupe amateur ou professionnel ? <\/span><\/span><\/span><\/p>\n<p><span style=\"color: #000000;\">\ud83c\udf9e <span style=\"font-family: Liberation Serif, serif;\"><span style=\"font-size: medium;\">Envoyez-nous vos vid\u00e9os avant le 7 juin pour participer au concours de musique organis\u00e9 par l\u2019Institut fran\u00e7ais et ses partenaires pour la F\u00eate de la Musique !<\/span><\/span><\/span><\/p>\n<p><span style=\"font-family: Liberation Serif, serif;\"><span style=\"font-size: medium;\"><span style=\"color: #000000;\">En France <\/span>\ud83c\uddeb\ud83c\uddf7, <span style=\"color: #000000;\">la F\u00eate de la Musique est un grand \u00e9v\u00e8nement populaire et festif qui se tient chaque ann\u00e9e le 21 juin, depuis 1981.<\/span><\/span><\/span><\/p>\n<p><span style=\"color: #000000;\">\ud83d\udccc <span style=\"font-family: Liberation Serif, serif;\"><span style=\"font-size: medium;\">Ce concours est ouvert aux groupes de musique entre 2 et 5 membres. Les candidats doivent avoir plus de 18 ans et r\u00e9sider \u00e0 J\u00e9rusalem, Gaza ou en Cisjordanie. <\/span><\/span><\/span><\/p>\n<p><span style=\"color: #000000;\">\ud83d\udc4f <span style=\"font-family: Liberation Serif, serif;\"><span style=\"font-size: medium;\">Un jury d\u2019experts choisira les 5 \u00e0 10 groupes s\u00e9lectionn\u00e9s pour la finale. Des extraits des vid\u00e9os des groupes seront diffus\u00e9es sur Facebook le 20 juin et un vote en ligne permettra de d\u00e9signer les deux groupes gagnants. <\/span><\/span><\/span><\/p>\n<p>\ud83c\udfc6 <span style=\"font-family: Liberation Serif, serif;\"><span style=\"font-size: medium;\"><span style=\"color: #000000;\">Le groupe qui obtiendra le plus de votes remportera la somme de 10 000 NIS, le groupe en deuxi\u00e8me position remportera la somme de 5 000 NIS. <\/span><\/span><\/span><\/p>\n<p><span style=\"color: #000000;\">\ud83c\udfb9 \ud83e\udd41 \ud83c\udfb7 \ud83c\udfba \ud83c\udfb8 \ud83c\udfbb <span style=\"font-family: Liberation Serif, serif;\"><span style=\"font-size: medium;\">Amis musiciens, que vous soyez rockeurs, rappeurs, membre d\u2019un groupe de musique traditionnelle ou de musique classique, n\u2019h\u00e9sitez plus et inscrivez-vous en compl\u00e9tant le formulaire et en nous envoyant deux morceaux enregistr\u00e9s de votre groupe en vid\u00e9o ! \ud83d\udc49 <\/span><\/span><\/span><strong><a href=\"http:\/\/www.tinyurl.com\/akhz929k\"><span style=\"color: #0000ff;\"><span style=\"font-family: Liberation Serif, serif;\"><span style=\"font-size: medium;\">tinyurl.com\/akhz929k<\/span><\/span><\/span><\/a><\/strong><\/p>\n<p><span style=\"color: #000000;\">\ud83e\udd1d <span style=\"font-family: Liberation Serif, serif;\"><span style=\"font-size: medium;\">Ce concours de musique en ligne est un projet propos\u00e9 par l&rsquo;Institut fran\u00e7ais de J\u00e9rusalem, en partenariat avec Al Kamandjati et l&rsquo;association Uni&rsquo;sons (France).<\/span><\/span><\/span><\/p>\n<p><span style=\"text-decoration: underline;\"><strong>ENGLISH VERSION:<\/strong><\/span><\/p>\n<p><span style=\"color: #000000;\">\ud83c\udfbc <span style=\"font-family: Liberation Serif, serif;\"><span style=\"font-size: medium;\">Are you a Palestinian musician \ud83c\uddf5\ud83c\uddf8, member of an amateur or professional band? <\/span><\/span><\/span><\/p>\n<p><span style=\"color: #000000;\">\ud83c\udf9e <span style=\"font-family: Liberation Serif, serif;\"><span style=\"font-size: medium;\">Send us your videos before June 7 to participate in the music contest organized by the French Institute and its partners for the \u00ab\u00a0F\u00eate de la Musique\u00a0\u00bb!<\/span><\/span><\/span><\/p>\n<p><span style=\"font-family: Liberation Serif, serif; color: #000000;\"><span style=\"font-size: medium;\">In France \ud83c\uddeb\ud83c\uddf7, the \u00ab\u00a0F\u00eate de la Musique\u00a0\u00bb is a great popular and festive event held every year on 21 June, since 1981.<\/span><\/span><\/p>\n<p><span style=\"color: #000000;\">\ud83d\udccc <span style=\"font-family: Liberation Serif, serif;\"><span style=\"font-size: medium;\">This competition is open to music groups between 2 and 5 members. Applicants must be over 18 years old and live in Jerusalem, Gaza or the West Bank. <\/span><\/span><\/span><\/p>\n<p><span style=\"color: #000000;\">\ud83d\udc4f <span style=\"font-family: Liberation Serif, serif;\"><span style=\"font-size: medium;\">An expert panel will choose the 5-10 bands selected for the final. Videos of the will be posted on Facebook on 20 June and you will be able to chose the two winning bands thanks to an online vote on 21 June.<\/span><\/span><\/span><\/p>\n<p><span style=\"color: #000000;\">\ud83c\udfc6 <span style=\"font-family: Liberation Serif, serif;\"><span style=\"font-size: medium;\">The band which will receive the most votes will win NIS 10,000, the band in second position will win NIS 5,000. <\/span><\/span><\/span><\/p>\n<p><span style=\"color: #000000;\">\ud83c\udfb9 \ud83e\udd41 \ud83c\udfb7 \ud83c\udfba \ud83c\udfb8 \ud83c\udfbb <\/span><span style=\"font-family: Liberation Serif, serif;\"><span style=\"font-size: medium;\"><span style=\"color: #000000;\">Musician friends, whether you are a rocker, rapper, member of a traditional or classical music band, don&rsquo;t hesitate any longer! Sign up by filling in the form and sending us two videos of your songs!<\/span> \ud83d\udc49 <\/span><\/span><span style=\"color: #0000ff;\"><strong><a style=\"color: #0000ff;\" href=\"http:\/\/www.tinyurl.com\/akhz929k\"><span style=\"font-family: Liberation Serif, serif;\"><span style=\"font-size: medium;\">tinyurl.com\/akhz929k<\/span><\/span><\/a><\/strong><\/span><\/p>\n<p><span style=\"color: #000000;\">\ud83e\udd1d <span style=\"font-family: Liberation Serif, serif;\"><span style=\"font-size: medium;\">This online music contest is a project proposed by the Institut fran\u00e7ais de J\u00e9rusalem, with Al Kamandjati and the association Uni&rsquo;sons (France).<\/span><\/span><\/span><\/p>\n<p><span style=\"color: #000000;\"><span style=\"font-family: Liberation Serif, serif;\"><span style=\"font-size: medium;\">#F\u00eateDeLaMusique<\/span><\/span><\/span><\/p>\n<p><span style=\"color: #000000;\"><span style=\"font-family: Liberation Serif, serif;\"><span style=\"font-size: medium;\">#MusicPalestine<\/span><\/span><\/span><\/p>\n<p><span style=\"color: #000000;\"><span style=\"font-family: Liberation Serif, serif;\"><span style=\"font-size: medium;\">#OnlineContest<\/span><\/span><\/span><\/p>\n<p><span style=\"color: #000000;\"><span style=\"font-family: Liberation Serif, serif;\"><span style=\"font-size: medium;\">#MusicDay<\/span><\/span><\/span><\/p>\n","protected":false},"excerpt":{"rendered":"<p>ENGLISH VERSION BELOW \ud83c\udfbc Vous \u00eates un musicien palestinien \ud83c\uddf5\ud83c\uddf8, membre d\u2019un groupe amateur ou professionnel ? \ud83c\udf9e Envoyez-nous vos vid\u00e9os avant le 7 juin pour participer au concours de musique organis\u00e9 par l\u2019Institut fran\u00e7ais et ses partenaires pour la F\u00eate de la Musique ! En France \ud83c\uddeb\ud83c\uddf7, la F\u00eate de la Musique est un &hellip;<\/p>\n","protected":false},"author":1,"featured_media":5470,"comment_status":"closed","ping_status":"closed","sticky":false,"template":"","format":"standard","meta":{"footnotes":""},"categories":[2,26,7,28,25],"tags":[429,430,274,431,432,433,434,435,436],"class_list":["post-5467","post","type-post","status-publish","format-standard","has-post-thumbnail","","category-agenda-culturel","category-agenda-culturel-chateaubriand","category-diaporama","category-gaza","category-ramallah","tag-appel-a-candidatures","tag-competition","tag-concours","tag-fete-de-la-musique","tag-music-band","tag-music-day","tag-music-palestine","tag-online-contest","tag-online-music-contest"],"yoast_head":"<!-- This site is optimized with the Yoast SEO plugin v27.5 - https:\/\/yoast.com\/product\/yoast-seo-wordpress\/ -->\n<title>Appel \u00e0 candidatures pour la F\u00eate de la Musique 2021 - Institut Fran\u00e7ais de J\u00e9rusalem - Ramallah<\/title>\n<meta name=\"description\" content=\"\ud83c\udfbc Vous \u00eates un musicien palestinien \ud83c\uddf5\ud83c\uddf8, membre d\u2019un groupe amateur ou professionnel\u00a0?\u00a0\ud83c\udf9e Envoyez-nous vos vid\u00e9os avant le 7 juin pour participer au concours de musique organis\u00e9 par l\u2019Institut fran\u00e7ais et ses partenaires pour la F\u00eate de la Musique !\" \/>\n<meta name=\"robots\" content=\"index, follow, max-snippet:-1, max-image-preview:large, max-video-preview:-1\" \/>\n<link rel=\"canonical\" href=\"https:\/\/www.institutfrancais-jerusalem.org\/ramallah\/appel-a-candidatures-pour-la-fete-de-la-musique-2021\/\" \/>\n<meta property=\"og:locale\" content=\"fr_FR\" \/>\n<meta property=\"og:type\" content=\"article\" \/>\n<meta property=\"og:title\" content=\"Appel \u00e0 candidatures pour la F\u00eate de la Musique 2021 - Institut Fran\u00e7ais de J\u00e9rusalem - Ramallah\" \/>\n<meta property=\"og:description\" content=\"\ud83c\udfbc Vous \u00eates un musicien palestinien \ud83c\uddf5\ud83c\uddf8, membre d\u2019un groupe amateur ou professionnel\u00a0?\u00a0\ud83c\udf9e Envoyez-nous vos vid\u00e9os avant le 7 juin pour participer au concours de musique organis\u00e9 par l\u2019Institut fran\u00e7ais et ses partenaires pour la F\u00eate de la Musique !\" \/>\n<meta property=\"og:url\" content=\"https:\/\/www.institutfrancais-jerusalem.org\/ramallah\/appel-a-candidatures-pour-la-fete-de-la-musique-2021\/\" \/>\n<meta property=\"og:site_name\" content=\"Institut Fran\u00e7ais de J\u00e9rusalem - Ramallah\" \/>\n<meta property=\"article:published_time\" content=\"2021-05-03T11:24:54+00:00\" \/>\n<meta property=\"og:image\" content=\"https:\/\/www.institutfrancais-jerusalem.org\/ramallah\/wp-content\/uploads\/sites\/11\/2021\/05\/FDLM-2021-English-final-version-1024x724.png\" \/>\n\t<meta property=\"og:image:width\" content=\"1024\" \/>\n\t<meta property=\"og:image:height\" content=\"724\" \/>\n\t<meta property=\"og:image:type\" content=\"image\/png\" \/>\n<meta name=\"author\" content=\"admin6590\" \/>\n<meta name=\"twitter:card\" content=\"summary_large_image\" \/>\n<meta name=\"twitter:label1\" content=\"\u00c9crit par\" \/>\n\t<meta name=\"twitter:data1\" content=\"admin6590\" \/>\n\t<meta name=\"twitter:label2\" content=\"Dur\u00e9e de lecture estim\u00e9e\" \/>\n\t<meta name=\"twitter:data2\" content=\"2 minutes\" \/>\n<script type=\"application\/ld+json\" class=\"yoast-schema-graph\">{\"@context\":\"https:\\\/\\\/schema.org\",\"@graph\":[{\"@type\":\"Article\",\"@id\":\"https:\\\/\\\/www.institutfrancais-jerusalem.org\\\/ramallah\\\/appel-a-candidatures-pour-la-fete-de-la-musique-2021\\\/#article\",\"isPartOf\":{\"@id\":\"https:\\\/\\\/www.institutfrancais-jerusalem.org\\\/ramallah\\\/appel-a-candidatures-pour-la-fete-de-la-musique-2021\\\/\"},\"author\":{\"name\":\"admin6590\",\"@id\":\"https:\\\/\\\/www.institutfrancais-jerusalem.org\\\/ramallah\\\/#\\\/schema\\\/person\\\/0d606b93f4fb1eb5c713b8be3dd4c4bf\"},\"headline\":\"Appel \u00e0 candidatures pour la F\u00eate de la Musique 2021\",\"datePublished\":\"2021-05-03T11:24:54+00:00\",\"mainEntityOfPage\":{\"@id\":\"https:\\\/\\\/www.institutfrancais-jerusalem.org\\\/ramallah\\\/appel-a-candidatures-pour-la-fete-de-la-musique-2021\\\/\"},\"wordCount\":461,\"image\":{\"@id\":\"https:\\\/\\\/www.institutfrancais-jerusalem.org\\\/ramallah\\\/appel-a-candidatures-pour-la-fete-de-la-musique-2021\\\/#primaryimage\"},\"thumbnailUrl\":\"https:\\\/\\\/www.institutfrancais-jerusalem.org\\\/ramallah\\\/wp-content\\\/uploads\\\/sites\\\/11\\\/2021\\\/05\\\/FDLM-2021-English-final-version.png\",\"keywords\":[\"appel \u00e0 candidatures\",\"comp\u00e9tition\",\"concours\",\"F\u00eate de la Musique\",\"music band\",\"music day\",\"music Palestine\",\"online contest\",\"online music contest\"],\"articleSection\":[\"Agenda culturel\",\"CHATEAUBRIAND\",\"Diaporama\",\"GAZA\",\"RAMALLAH\"],\"inLanguage\":\"fr-FR\"},{\"@type\":\"WebPage\",\"@id\":\"https:\\\/\\\/www.institutfrancais-jerusalem.org\\\/ramallah\\\/appel-a-candidatures-pour-la-fete-de-la-musique-2021\\\/\",\"url\":\"https:\\\/\\\/www.institutfrancais-jerusalem.org\\\/ramallah\\\/appel-a-candidatures-pour-la-fete-de-la-musique-2021\\\/\",\"name\":\"Appel \u00e0 candidatures pour la F\u00eate de la Musique 2021 - Institut Fran\u00e7ais de J\u00e9rusalem - Ramallah\",\"isPartOf\":{\"@id\":\"https:\\\/\\\/www.institutfrancais-jerusalem.org\\\/ramallah\\\/#website\"},\"primaryImageOfPage\":{\"@id\":\"https:\\\/\\\/www.institutfrancais-jerusalem.org\\\/ramallah\\\/appel-a-candidatures-pour-la-fete-de-la-musique-2021\\\/#primaryimage\"},\"image\":{\"@id\":\"https:\\\/\\\/www.institutfrancais-jerusalem.org\\\/ramallah\\\/appel-a-candidatures-pour-la-fete-de-la-musique-2021\\\/#primaryimage\"},\"thumbnailUrl\":\"https:\\\/\\\/www.institutfrancais-jerusalem.org\\\/ramallah\\\/wp-content\\\/uploads\\\/sites\\\/11\\\/2021\\\/05\\\/FDLM-2021-English-final-version.png\",\"datePublished\":\"2021-05-03T11:24:54+00:00\",\"author\":{\"@id\":\"https:\\\/\\\/www.institutfrancais-jerusalem.org\\\/ramallah\\\/#\\\/schema\\\/person\\\/0d606b93f4fb1eb5c713b8be3dd4c4bf\"},\"description\":\"\ud83c\udfbc Vous \u00eates un musicien palestinien \ud83c\uddf5\ud83c\uddf8, membre d\u2019un groupe amateur ou professionnel\u00a0?\u00a0\ud83c\udf9e Envoyez-nous vos vid\u00e9os avant le 7 juin pour participer au concours de musique organis\u00e9 par l\u2019Institut fran\u00e7ais et ses partenaires pour la F\u00eate de la Musique !\",\"breadcrumb\":{\"@id\":\"https:\\\/\\\/www.institutfrancais-jerusalem.org\\\/ramallah\\\/appel-a-candidatures-pour-la-fete-de-la-musique-2021\\\/#breadcrumb\"},\"inLanguage\":\"fr-FR\",\"potentialAction\":[{\"@type\":\"ReadAction\",\"target\":[\"https:\\\/\\\/www.institutfrancais-jerusalem.org\\\/ramallah\\\/appel-a-candidatures-pour-la-fete-de-la-musique-2021\\\/\"]}]},{\"@type\":\"ImageObject\",\"inLanguage\":\"fr-FR\",\"@id\":\"https:\\\/\\\/www.institutfrancais-jerusalem.org\\\/ramallah\\\/appel-a-candidatures-pour-la-fete-de-la-musique-2021\\\/#primaryimage\",\"url\":\"https:\\\/\\\/www.institutfrancais-jerusalem.org\\\/ramallah\\\/wp-content\\\/uploads\\\/sites\\\/11\\\/2021\\\/05\\\/FDLM-2021-English-final-version.png\",\"contentUrl\":\"https:\\\/\\\/www.institutfrancais-jerusalem.org\\\/ramallah\\\/wp-content\\\/uploads\\\/sites\\\/11\\\/2021\\\/05\\\/FDLM-2021-English-final-version.png\",\"width\":2480,\"height\":1753,\"caption\":\"F\u00eate de la Musique 2021\"},{\"@type\":\"BreadcrumbList\",\"@id\":\"https:\\\/\\\/www.institutfrancais-jerusalem.org\\\/ramallah\\\/appel-a-candidatures-pour-la-fete-de-la-musique-2021\\\/#breadcrumb\",\"itemListElement\":[{\"@type\":\"ListItem\",\"position\":1,\"name\":\"Accueil\",\"item\":\"https:\\\/\\\/www.institutfrancais-jerusalem.org\\\/ramallah\\\/\"},{\"@type\":\"ListItem\",\"position\":2,\"name\":\"Appel \u00e0 candidatures pour la F\u00eate de la Musique 2021\"}]},{\"@type\":\"WebSite\",\"@id\":\"https:\\\/\\\/www.institutfrancais-jerusalem.org\\\/ramallah\\\/#website\",\"url\":\"https:\\\/\\\/www.institutfrancais-jerusalem.org\\\/ramallah\\\/\",\"name\":\"Institut Fran\u00e7ais de J\u00e9rusalem - Ramallah\",\"description\":\"Ramallah\",\"potentialAction\":[{\"@type\":\"SearchAction\",\"target\":{\"@type\":\"EntryPoint\",\"urlTemplate\":\"https:\\\/\\\/www.institutfrancais-jerusalem.org\\\/ramallah\\\/?s={search_term_string}\"},\"query-input\":{\"@type\":\"PropertyValueSpecification\",\"valueRequired\":true,\"valueName\":\"search_term_string\"}}],\"inLanguage\":\"fr-FR\"},{\"@type\":\"Person\",\"@id\":\"https:\\\/\\\/www.institutfrancais-jerusalem.org\\\/ramallah\\\/#\\\/schema\\\/person\\\/0d606b93f4fb1eb5c713b8be3dd4c4bf\",\"name\":\"admin6590\",\"image\":{\"@type\":\"ImageObject\",\"inLanguage\":\"fr-FR\",\"@id\":\"https:\\\/\\\/secure.gravatar.com\\\/avatar\\\/26482e0f083efa40e5c2db57a3d590897a500390cc256266e30d5da5605a03a9?s=96&d=mm&r=g\",\"url\":\"https:\\\/\\\/secure.gravatar.com\\\/avatar\\\/26482e0f083efa40e5c2db57a3d590897a500390cc256266e30d5da5605a03a9?s=96&d=mm&r=g\",\"contentUrl\":\"https:\\\/\\\/secure.gravatar.com\\\/avatar\\\/26482e0f083efa40e5c2db57a3d590897a500390cc256266e30d5da5605a03a9?s=96&d=mm&r=g\",\"caption\":\"admin6590\"},\"url\":\"https:\\\/\\\/www.institutfrancais-jerusalem.org\\\/ramallah\\\/author\\\/admin6590\\\/\"}]}<\/script>\n<!-- \/ Yoast SEO plugin. -->","yoast_head_json":{"title":"Appel \u00e0 candidatures pour la F\u00eate de la Musique 2021 - Institut Fran\u00e7ais de J\u00e9rusalem - Ramallah","description":"\ud83c\udfbc Vous \u00eates un musicien palestinien \ud83c\uddf5\ud83c\uddf8, membre d\u2019un groupe amateur ou professionnel\u00a0?\u00a0\ud83c\udf9e Envoyez-nous vos vid\u00e9os avant le 7 juin pour participer au concours de musique organis\u00e9 par l\u2019Institut fran\u00e7ais et ses partenaires pour la F\u00eate de la Musique !","robots":{"index":"index","follow":"follow","max-snippet":"max-snippet:-1","max-image-preview":"max-image-preview:large","max-video-preview":"max-video-preview:-1"},"canonical":"https:\/\/www.institutfrancais-jerusalem.org\/ramallah\/appel-a-candidatures-pour-la-fete-de-la-musique-2021\/","og_locale":"fr_FR","og_type":"article","og_title":"Appel \u00e0 candidatures pour la F\u00eate de la Musique 2021 - Institut Fran\u00e7ais de J\u00e9rusalem - Ramallah","og_description":"\ud83c\udfbc Vous \u00eates un musicien palestinien \ud83c\uddf5\ud83c\uddf8, membre d\u2019un groupe amateur ou professionnel\u00a0?\u00a0\ud83c\udf9e Envoyez-nous vos vid\u00e9os avant le 7 juin pour participer au concours de musique organis\u00e9 par l\u2019Institut fran\u00e7ais et ses partenaires pour la F\u00eate de la Musique !","og_url":"https:\/\/www.institutfrancais-jerusalem.org\/ramallah\/appel-a-candidatures-pour-la-fete-de-la-musique-2021\/","og_site_name":"Institut Fran\u00e7ais de J\u00e9rusalem - Ramallah","article_published_time":"2021-05-03T11:24:54+00:00","og_image":[{"width":1024,"height":724,"url":"https:\/\/www.institutfrancais-jerusalem.org\/ramallah\/wp-content\/uploads\/sites\/11\/2021\/05\/FDLM-2021-English-final-version-1024x724.png","type":"image\/png"}],"author":"admin6590","twitter_card":"summary_large_image","twitter_misc":{"\u00c9crit par":"admin6590","Dur\u00e9e de lecture estim\u00e9e":"2 minutes"},"schema":{"@context":"https:\/\/schema.org","@graph":[{"@type":"Article","@id":"https:\/\/www.institutfrancais-jerusalem.org\/ramallah\/appel-a-candidatures-pour-la-fete-de-la-musique-2021\/#article","isPartOf":{"@id":"https:\/\/www.institutfrancais-jerusalem.org\/ramallah\/appel-a-candidatures-pour-la-fete-de-la-musique-2021\/"},"author":{"name":"admin6590","@id":"https:\/\/www.institutfrancais-jerusalem.org\/ramallah\/#\/schema\/person\/0d606b93f4fb1eb5c713b8be3dd4c4bf"},"headline":"Appel \u00e0 candidatures pour la F\u00eate de la Musique 2021","datePublished":"2021-05-03T11:24:54+00:00","mainEntityOfPage":{"@id":"https:\/\/www.institutfrancais-jerusalem.org\/ramallah\/appel-a-candidatures-pour-la-fete-de-la-musique-2021\/"},"wordCount":461,"image":{"@id":"https:\/\/www.institutfrancais-jerusalem.org\/ramallah\/appel-a-candidatures-pour-la-fete-de-la-musique-2021\/#primaryimage"},"thumbnailUrl":"https:\/\/www.institutfrancais-jerusalem.org\/ramallah\/wp-content\/uploads\/sites\/11\/2021\/05\/FDLM-2021-English-final-version.png","keywords":["appel \u00e0 candidatures","comp\u00e9tition","concours","F\u00eate de la Musique","music band","music day","music Palestine","online contest","online music contest"],"articleSection":["Agenda culturel","CHATEAUBRIAND","Diaporama","GAZA","RAMALLAH"],"inLanguage":"fr-FR"},{"@type":"WebPage","@id":"https:\/\/www.institutfrancais-jerusalem.org\/ramallah\/appel-a-candidatures-pour-la-fete-de-la-musique-2021\/","url":"https:\/\/www.institutfrancais-jerusalem.org\/ramallah\/appel-a-candidatures-pour-la-fete-de-la-musique-2021\/","name":"Appel \u00e0 candidatures pour la F\u00eate de la Musique 2021 - Institut Fran\u00e7ais de J\u00e9rusalem - Ramallah","isPartOf":{"@id":"https:\/\/www.institutfrancais-jerusalem.org\/ramallah\/#website"},"primaryImageOfPage":{"@id":"https:\/\/www.institutfrancais-jerusalem.org\/ramallah\/appel-a-candidatures-pour-la-fete-de-la-musique-2021\/#primaryimage"},"image":{"@id":"https:\/\/www.institutfrancais-jerusalem.org\/ramallah\/appel-a-candidatures-pour-la-fete-de-la-musique-2021\/#primaryimage"},"thumbnailUrl":"https:\/\/www.institutfrancais-jerusalem.org\/ramallah\/wp-content\/uploads\/sites\/11\/2021\/05\/FDLM-2021-English-final-version.png","datePublished":"2021-05-03T11:24:54+00:00","author":{"@id":"https:\/\/www.institutfrancais-jerusalem.org\/ramallah\/#\/schema\/person\/0d606b93f4fb1eb5c713b8be3dd4c4bf"},"description":"\ud83c\udfbc Vous \u00eates un musicien palestinien \ud83c\uddf5\ud83c\uddf8, membre d\u2019un groupe amateur ou professionnel\u00a0?\u00a0\ud83c\udf9e Envoyez-nous vos vid\u00e9os avant le 7 juin pour participer au concours de musique organis\u00e9 par l\u2019Institut fran\u00e7ais et ses partenaires pour la F\u00eate de la Musique !","breadcrumb":{"@id":"https:\/\/www.institutfrancais-jerusalem.org\/ramallah\/appel-a-candidatures-pour-la-fete-de-la-musique-2021\/#breadcrumb"},"inLanguage":"fr-FR","potentialAction":[{"@type":"ReadAction","target":["https:\/\/www.institutfrancais-jerusalem.org\/ramallah\/appel-a-candidatures-pour-la-fete-de-la-musique-2021\/"]}]},{"@type":"ImageObject","inLanguage":"fr-FR","@id":"https:\/\/www.institutfrancais-jerusalem.org\/ramallah\/appel-a-candidatures-pour-la-fete-de-la-musique-2021\/#primaryimage","url":"https:\/\/www.institutfrancais-jerusalem.org\/ramallah\/wp-content\/uploads\/sites\/11\/2021\/05\/FDLM-2021-English-final-version.png","contentUrl":"https:\/\/www.institutfrancais-jerusalem.org\/ramallah\/wp-content\/uploads\/sites\/11\/2021\/05\/FDLM-2021-English-final-version.png","width":2480,"height":1753,"caption":"F\u00eate de la Musique 2021"},{"@type":"BreadcrumbList","@id":"https:\/\/www.institutfrancais-jerusalem.org\/ramallah\/appel-a-candidatures-pour-la-fete-de-la-musique-2021\/#breadcrumb","itemListElement":[{"@type":"ListItem","position":1,"name":"Accueil","item":"https:\/\/www.institutfrancais-jerusalem.org\/ramallah\/"},{"@type":"ListItem","position":2,"name":"Appel \u00e0 candidatures pour la F\u00eate de la Musique 2021"}]},{"@type":"WebSite","@id":"https:\/\/www.institutfrancais-jerusalem.org\/ramallah\/#website","url":"https:\/\/www.institutfrancais-jerusalem.org\/ramallah\/","name":"Institut Fran\u00e7ais de J\u00e9rusalem - Ramallah","description":"Ramallah","potentialAction":[{"@type":"SearchAction","target":{"@type":"EntryPoint","urlTemplate":"https:\/\/www.institutfrancais-jerusalem.org\/ramallah\/?s={search_term_string}"},"query-input":{"@type":"PropertyValueSpecification","valueRequired":true,"valueName":"search_term_string"}}],"inLanguage":"fr-FR"},{"@type":"Person","@id":"https:\/\/www.institutfrancais-jerusalem.org\/ramallah\/#\/schema\/person\/0d606b93f4fb1eb5c713b8be3dd4c4bf","name":"admin6590","image":{"@type":"ImageObject","inLanguage":"fr-FR","@id":"https:\/\/secure.gravatar.com\/avatar\/26482e0f083efa40e5c2db57a3d590897a500390cc256266e30d5da5605a03a9?s=96&d=mm&r=g","url":"https:\/\/secure.gravatar.com\/avatar\/26482e0f083efa40e5c2db57a3d590897a500390cc256266e30d5da5605a03a9?s=96&d=mm&r=g","contentUrl":"https:\/\/secure.gravatar.com\/avatar\/26482e0f083efa40e5c2db57a3d590897a500390cc256266e30d5da5605a03a9?s=96&d=mm&r=g","caption":"admin6590"},"url":"https:\/\/www.institutfrancais-jerusalem.org\/ramallah\/author\/admin6590\/"}]}},"_links":{"self":[{"href":"https:\/\/www.institutfrancais-jerusalem.org\/ramallah\/wp-json\/wp\/v2\/posts\/5467","targetHints":{"allow":["GET"]}}],"collection":[{"href":"https:\/\/www.institutfrancais-jerusalem.org\/ramallah\/wp-json\/wp\/v2\/posts"}],"about":[{"href":"https:\/\/www.institutfrancais-jerusalem.org\/ramallah\/wp-json\/wp\/v2\/types\/post"}],"author":[{"embeddable":true,"href":"https:\/\/www.institutfrancais-jerusalem.org\/ramallah\/wp-json\/wp\/v2\/users\/1"}],"replies":[{"embeddable":true,"href":"https:\/\/www.institutfrancais-jerusalem.org\/ramallah\/wp-json\/wp\/v2\/comments?post=5467"}],"version-history":[{"count":1,"href":"https:\/\/www.institutfrancais-jerusalem.org\/ramallah\/wp-json\/wp\/v2\/posts\/5467\/revisions"}],"predecessor-version":[{"id":5476,"href":"https:\/\/www.institutfrancais-jerusalem.org\/ramallah\/wp-json\/wp\/v2\/posts\/5467\/revisions\/5476"}],"wp:featuredmedia":[{"embeddable":true,"href":"https:\/\/www.institutfrancais-jerusalem.org\/ramallah\/wp-json\/wp\/v2\/media\/5470"}],"wp:attachment":[{"href":"https:\/\/www.institutfrancais-jerusalem.org\/ramallah\/wp-json\/wp\/v2\/media?parent=5467"}],"wp:term":[{"taxonomy":"category","embeddable":true,"href":"https:\/\/www.institutfrancais-jerusalem.org\/ramallah\/wp-json\/wp\/v2\/categories?post=5467"},{"taxonomy":"post_tag","embeddable":true,"href":"https:\/\/www.institutfrancais-jerusalem.org\/ramallah\/wp-json\/wp\/v2\/tags?post=5467"}],"curies":[{"name":"wp","href":"https:\/\/api.w.org\/{rel}","templated":true}]}}