{"id":5398,"date":"2021-02-06T08:00:58","date_gmt":"2021-02-06T07:00:58","guid":{"rendered":"https:\/\/www.institutfrancais-jerusalem.org\/ramallah\/?p=5398"},"modified":"2021-02-04T10:46:31","modified_gmt":"2021-02-04T09:46:31","slug":"if-cinema-a-la-carte","status":"publish","type":"post","link":"https:\/\/www.institutfrancais-jerusalem.org\/ramallah\/if-cinema-a-la-carte\/","title":{"rendered":"IF Cin\u00e9ma \u00e0 la carte !"},"content":{"rendered":"<h6><a href=\"https:\/\/www.institutfrancais-jerusalem.org\/blog\/2021\/02\/06\/if-cinema-a-la-carte-2\/\">For English version, please click here<\/a><\/h6>\n<p>Cher.e.s cin\u00e9philes et ami.e.s de l\u2019Institut fran\u00e7ais de J\u00e9rusalem,<\/p>\n<p>Venez profiter gratuitement de 4 longs m\u00e9trages r\u00e9alis\u00e9s par de talentueuses femmes cin\u00e9astes. Installez-vous confortablement chez vous et cliquez sur\u00a0<a href=\"https:\/\/ifcinema.institutfrancais.com\/fr\/streaming\/alacarte\">CE LIEN<\/a>\u00a0pour acc\u00e9der au film que vous souhaitez d\u00e9couvrir.<\/p>\n<p>Du 8 f\u00e9vrier au 8 mars, vous pourrez acc\u00e9der \u00e0\u00a0<a href=\"https:\/\/www.unifrance.org\/film\/30969\/angele-et-tony\">ANG\u00c8LE ET TONY<\/a>,\u00a0<a href=\"https:\/\/www.unifrance.org\/film\/37264\/le-beau-monde\">LE BEAU MONDE<\/a>,\u00a0<a href=\"https:\/\/www.unifrance.org\/film\/36649\/la-cour-de-babel\">LA COUR DE BABEL<\/a>\u00a0et\u00a0<a href=\"https:\/\/www.unifrance.org\/film\/27768\/tout-est-pardonne\">TOUT EST PARDONN\u00c9<\/a>.<\/p>\n<p>D&rsquo;autres propositions de films sont \u00e0 venir dans les prochains mois !<\/p>\n<p><iframe loading=\"lazy\" src=\"https:\/\/www.youtube.com\/embed\/-7hFT1GFfR0\" width=\"560\" height=\"315\" frameborder=\"0\" allowfullscreen=\"allowfullscreen\" data-mce-fragment=\"1\"><\/iframe><\/p>\n<p><iframe loading=\"lazy\" src=\"https:\/\/www.youtube.com\/embed\/jigLWZm7-5A\" width=\"560\" height=\"315\" frameborder=\"0\" allowfullscreen=\"allowfullscreen\" data-mce-fragment=\"1\"><\/iframe><\/p>\n<p><iframe loading=\"lazy\" src=\"https:\/\/www.youtube.com\/embed\/-4yHTfbYaEI\" width=\"560\" height=\"315\" frameborder=\"0\" allowfullscreen=\"allowfullscreen\" data-mce-fragment=\"1\"><\/iframe><\/p>\n<div id=\"blogvision\">\n<p><iframe loading=\"lazy\" src=\"https:\/\/www.youtube.com\/embed\/eKEsiWANmb4\" width=\"560\" height=\"315\" frameborder=\"0\" allowfullscreen=\"allowfullscreen\" data-mce-fragment=\"1\"><\/iframe><\/p>\n<\/div>\n<div id=\"blogvision\"><\/div>\n","protected":false},"excerpt":{"rendered":"<p>For English version, please click here Cher.e.s cin\u00e9philes et ami.e.s de l\u2019Institut fran\u00e7ais de J\u00e9rusalem, Venez profiter gratuitement de 4 longs m\u00e9trages r\u00e9alis\u00e9s par de talentueuses femmes cin\u00e9astes. Installez-vous confortablement chez vous et cliquez sur\u00a0CE LIEN\u00a0pour acc\u00e9der au film que vous souhaitez d\u00e9couvrir. Du 8 f\u00e9vrier au 8 mars, vous pourrez acc\u00e9der \u00e0\u00a0ANG\u00c8LE ET TONY,\u00a0LE &hellip;<\/p>\n","protected":false},"author":1,"featured_media":5399,"comment_status":"closed","ping_status":"closed","sticky":false,"template":"","format":"standard","meta":{"footnotes":""},"categories":[2,26,6,7,28,25],"tags":[413,272,13,91,414,57,128,412,234],"class_list":["post-5398","post","type-post","status-publish","format-standard","has-post-thumbnail","","category-agenda-culturel","category-agenda-culturel-chateaubriand","category-cinema","category-diaporama","category-gaza","category-ramallah","tag-a-la-carte","tag-audiovisuel","tag-cinema","tag-culture","tag-culture-chez-nous","tag-festival","tag-film","tag-if-cinema","tag-online"],"yoast_head":"<!-- This site is optimized with the Yoast SEO plugin v27.4 - https:\/\/yoast.com\/product\/yoast-seo-wordpress\/ -->\n<title>IF Cin\u00e9ma \u00e0 la carte ! - Institut Fran\u00e7ais de J\u00e9rusalem - Ramallah<\/title>\n<meta name=\"description\" content=\"Venez profiter gratuitement de 4 longs m\u00e9trages r\u00e9alis\u00e9s par de talentueuses femmes cin\u00e9astes.\" \/>\n<meta name=\"robots\" content=\"index, follow, max-snippet:-1, max-image-preview:large, max-video-preview:-1\" \/>\n<link rel=\"canonical\" href=\"https:\/\/www.institutfrancais-jerusalem.org\/ramallah\/if-cinema-a-la-carte\/\" \/>\n<meta property=\"og:locale\" content=\"fr_FR\" \/>\n<meta property=\"og:type\" content=\"article\" \/>\n<meta property=\"og:title\" content=\"IF Cin\u00e9ma \u00e0 la carte ! - Institut Fran\u00e7ais de J\u00e9rusalem - Ramallah\" \/>\n<meta property=\"og:description\" content=\"Venez profiter gratuitement de 4 longs m\u00e9trages r\u00e9alis\u00e9s par de talentueuses femmes cin\u00e9astes.\" \/>\n<meta property=\"og:url\" content=\"https:\/\/www.institutfrancais-jerusalem.org\/ramallah\/if-cinema-a-la-carte\/\" \/>\n<meta property=\"og:site_name\" content=\"Institut Fran\u00e7ais de J\u00e9rusalem - Ramallah\" \/>\n<meta property=\"article:published_time\" content=\"2021-02-06T07:00:58+00:00\" \/>\n<meta property=\"og:image\" content=\"https:\/\/www.institutfrancais-jerusalem.org\/ramallah\/wp-content\/uploads\/sites\/11\/2021\/02\/IFCinema-2021-851x315-fr3.jpg\" \/>\n\t<meta property=\"og:image:width\" content=\"851\" \/>\n\t<meta property=\"og:image:height\" content=\"315\" \/>\n\t<meta property=\"og:image:type\" content=\"image\/jpeg\" \/>\n<meta name=\"author\" content=\"admin6590\" \/>\n<meta name=\"twitter:card\" content=\"summary_large_image\" \/>\n<meta name=\"twitter:label1\" content=\"\u00c9crit par\" \/>\n\t<meta name=\"twitter:data1\" content=\"admin6590\" \/>\n<script type=\"application\/ld+json\" class=\"yoast-schema-graph\">{\"@context\":\"https:\\\/\\\/schema.org\",\"@graph\":[{\"@type\":\"Article\",\"@id\":\"https:\\\/\\\/www.institutfrancais-jerusalem.org\\\/ramallah\\\/if-cinema-a-la-carte\\\/#article\",\"isPartOf\":{\"@id\":\"https:\\\/\\\/www.institutfrancais-jerusalem.org\\\/ramallah\\\/if-cinema-a-la-carte\\\/\"},\"author\":{\"name\":\"admin6590\",\"@id\":\"https:\\\/\\\/www.institutfrancais-jerusalem.org\\\/ramallah\\\/#\\\/schema\\\/person\\\/0d606b93f4fb1eb5c713b8be3dd4c4bf\"},\"headline\":\"IF Cin\u00e9ma \u00e0 la carte !\",\"datePublished\":\"2021-02-06T07:00:58+00:00\",\"mainEntityOfPage\":{\"@id\":\"https:\\\/\\\/www.institutfrancais-jerusalem.org\\\/ramallah\\\/if-cinema-a-la-carte\\\/\"},\"wordCount\":98,\"image\":{\"@id\":\"https:\\\/\\\/www.institutfrancais-jerusalem.org\\\/ramallah\\\/if-cinema-a-la-carte\\\/#primaryimage\"},\"thumbnailUrl\":\"https:\\\/\\\/www.institutfrancais-jerusalem.org\\\/ramallah\\\/wp-content\\\/uploads\\\/sites\\\/11\\\/2021\\\/02\\\/IFCinema-2021-851x315-fr3.jpg\",\"keywords\":[\"A la carte\",\"audiovisuel\",\"Cin\u00e9ma\",\"culture\",\"Culture Chez Nous\",\"festival\",\"film\",\"IF Cinema\",\"online\"],\"articleSection\":[\"Agenda culturel\",\"CHATEAUBRIAND\",\"Cin\u00e9ma\",\"Diaporama\",\"GAZA\",\"RAMALLAH\"],\"inLanguage\":\"fr-FR\"},{\"@type\":\"WebPage\",\"@id\":\"https:\\\/\\\/www.institutfrancais-jerusalem.org\\\/ramallah\\\/if-cinema-a-la-carte\\\/\",\"url\":\"https:\\\/\\\/www.institutfrancais-jerusalem.org\\\/ramallah\\\/if-cinema-a-la-carte\\\/\",\"name\":\"IF Cin\u00e9ma \u00e0 la carte ! - Institut Fran\u00e7ais de J\u00e9rusalem - Ramallah\",\"isPartOf\":{\"@id\":\"https:\\\/\\\/www.institutfrancais-jerusalem.org\\\/ramallah\\\/#website\"},\"primaryImageOfPage\":{\"@id\":\"https:\\\/\\\/www.institutfrancais-jerusalem.org\\\/ramallah\\\/if-cinema-a-la-carte\\\/#primaryimage\"},\"image\":{\"@id\":\"https:\\\/\\\/www.institutfrancais-jerusalem.org\\\/ramallah\\\/if-cinema-a-la-carte\\\/#primaryimage\"},\"thumbnailUrl\":\"https:\\\/\\\/www.institutfrancais-jerusalem.org\\\/ramallah\\\/wp-content\\\/uploads\\\/sites\\\/11\\\/2021\\\/02\\\/IFCinema-2021-851x315-fr3.jpg\",\"datePublished\":\"2021-02-06T07:00:58+00:00\",\"author\":{\"@id\":\"https:\\\/\\\/www.institutfrancais-jerusalem.org\\\/ramallah\\\/#\\\/schema\\\/person\\\/0d606b93f4fb1eb5c713b8be3dd4c4bf\"},\"description\":\"Venez profiter gratuitement de 4 longs m\u00e9trages r\u00e9alis\u00e9s par de talentueuses femmes cin\u00e9astes.\",\"breadcrumb\":{\"@id\":\"https:\\\/\\\/www.institutfrancais-jerusalem.org\\\/ramallah\\\/if-cinema-a-la-carte\\\/#breadcrumb\"},\"inLanguage\":\"fr-FR\",\"potentialAction\":[{\"@type\":\"ReadAction\",\"target\":[\"https:\\\/\\\/www.institutfrancais-jerusalem.org\\\/ramallah\\\/if-cinema-a-la-carte\\\/\"]}]},{\"@type\":\"ImageObject\",\"inLanguage\":\"fr-FR\",\"@id\":\"https:\\\/\\\/www.institutfrancais-jerusalem.org\\\/ramallah\\\/if-cinema-a-la-carte\\\/#primaryimage\",\"url\":\"https:\\\/\\\/www.institutfrancais-jerusalem.org\\\/ramallah\\\/wp-content\\\/uploads\\\/sites\\\/11\\\/2021\\\/02\\\/IFCinema-2021-851x315-fr3.jpg\",\"contentUrl\":\"https:\\\/\\\/www.institutfrancais-jerusalem.org\\\/ramallah\\\/wp-content\\\/uploads\\\/sites\\\/11\\\/2021\\\/02\\\/IFCinema-2021-851x315-fr3.jpg\",\"width\":851,\"height\":315},{\"@type\":\"BreadcrumbList\",\"@id\":\"https:\\\/\\\/www.institutfrancais-jerusalem.org\\\/ramallah\\\/if-cinema-a-la-carte\\\/#breadcrumb\",\"itemListElement\":[{\"@type\":\"ListItem\",\"position\":1,\"name\":\"Accueil\",\"item\":\"https:\\\/\\\/www.institutfrancais-jerusalem.org\\\/ramallah\\\/\"},{\"@type\":\"ListItem\",\"position\":2,\"name\":\"IF Cin\u00e9ma \u00e0 la carte !\"}]},{\"@type\":\"WebSite\",\"@id\":\"https:\\\/\\\/www.institutfrancais-jerusalem.org\\\/ramallah\\\/#website\",\"url\":\"https:\\\/\\\/www.institutfrancais-jerusalem.org\\\/ramallah\\\/\",\"name\":\"Institut Fran\u00e7ais de J\u00e9rusalem - Ramallah\",\"description\":\"Ramallah\",\"potentialAction\":[{\"@type\":\"SearchAction\",\"target\":{\"@type\":\"EntryPoint\",\"urlTemplate\":\"https:\\\/\\\/www.institutfrancais-jerusalem.org\\\/ramallah\\\/?s={search_term_string}\"},\"query-input\":{\"@type\":\"PropertyValueSpecification\",\"valueRequired\":true,\"valueName\":\"search_term_string\"}}],\"inLanguage\":\"fr-FR\"},{\"@type\":\"Person\",\"@id\":\"https:\\\/\\\/www.institutfrancais-jerusalem.org\\\/ramallah\\\/#\\\/schema\\\/person\\\/0d606b93f4fb1eb5c713b8be3dd4c4bf\",\"name\":\"admin6590\",\"image\":{\"@type\":\"ImageObject\",\"inLanguage\":\"fr-FR\",\"@id\":\"https:\\\/\\\/secure.gravatar.com\\\/avatar\\\/26482e0f083efa40e5c2db57a3d590897a500390cc256266e30d5da5605a03a9?s=96&d=mm&r=g\",\"url\":\"https:\\\/\\\/secure.gravatar.com\\\/avatar\\\/26482e0f083efa40e5c2db57a3d590897a500390cc256266e30d5da5605a03a9?s=96&d=mm&r=g\",\"contentUrl\":\"https:\\\/\\\/secure.gravatar.com\\\/avatar\\\/26482e0f083efa40e5c2db57a3d590897a500390cc256266e30d5da5605a03a9?s=96&d=mm&r=g\",\"caption\":\"admin6590\"},\"url\":\"https:\\\/\\\/www.institutfrancais-jerusalem.org\\\/ramallah\\\/author\\\/admin6590\\\/\"}]}<\/script>\n<!-- \/ Yoast SEO plugin. -->","yoast_head_json":{"title":"IF Cin\u00e9ma \u00e0 la carte ! - Institut Fran\u00e7ais de J\u00e9rusalem - Ramallah","description":"Venez profiter gratuitement de 4 longs m\u00e9trages r\u00e9alis\u00e9s par de talentueuses femmes cin\u00e9astes.","robots":{"index":"index","follow":"follow","max-snippet":"max-snippet:-1","max-image-preview":"max-image-preview:large","max-video-preview":"max-video-preview:-1"},"canonical":"https:\/\/www.institutfrancais-jerusalem.org\/ramallah\/if-cinema-a-la-carte\/","og_locale":"fr_FR","og_type":"article","og_title":"IF Cin\u00e9ma \u00e0 la carte ! - Institut Fran\u00e7ais de J\u00e9rusalem - Ramallah","og_description":"Venez profiter gratuitement de 4 longs m\u00e9trages r\u00e9alis\u00e9s par de talentueuses femmes cin\u00e9astes.","og_url":"https:\/\/www.institutfrancais-jerusalem.org\/ramallah\/if-cinema-a-la-carte\/","og_site_name":"Institut Fran\u00e7ais de J\u00e9rusalem - Ramallah","article_published_time":"2021-02-06T07:00:58+00:00","og_image":[{"width":851,"height":315,"url":"https:\/\/www.institutfrancais-jerusalem.org\/ramallah\/wp-content\/uploads\/sites\/11\/2021\/02\/IFCinema-2021-851x315-fr3.jpg","type":"image\/jpeg"}],"author":"admin6590","twitter_card":"summary_large_image","twitter_misc":{"\u00c9crit par":"admin6590"},"schema":{"@context":"https:\/\/schema.org","@graph":[{"@type":"Article","@id":"https:\/\/www.institutfrancais-jerusalem.org\/ramallah\/if-cinema-a-la-carte\/#article","isPartOf":{"@id":"https:\/\/www.institutfrancais-jerusalem.org\/ramallah\/if-cinema-a-la-carte\/"},"author":{"name":"admin6590","@id":"https:\/\/www.institutfrancais-jerusalem.org\/ramallah\/#\/schema\/person\/0d606b93f4fb1eb5c713b8be3dd4c4bf"},"headline":"IF Cin\u00e9ma \u00e0 la carte !","datePublished":"2021-02-06T07:00:58+00:00","mainEntityOfPage":{"@id":"https:\/\/www.institutfrancais-jerusalem.org\/ramallah\/if-cinema-a-la-carte\/"},"wordCount":98,"image":{"@id":"https:\/\/www.institutfrancais-jerusalem.org\/ramallah\/if-cinema-a-la-carte\/#primaryimage"},"thumbnailUrl":"https:\/\/www.institutfrancais-jerusalem.org\/ramallah\/wp-content\/uploads\/sites\/11\/2021\/02\/IFCinema-2021-851x315-fr3.jpg","keywords":["A la carte","audiovisuel","Cin\u00e9ma","culture","Culture Chez Nous","festival","film","IF Cinema","online"],"articleSection":["Agenda culturel","CHATEAUBRIAND","Cin\u00e9ma","Diaporama","GAZA","RAMALLAH"],"inLanguage":"fr-FR"},{"@type":"WebPage","@id":"https:\/\/www.institutfrancais-jerusalem.org\/ramallah\/if-cinema-a-la-carte\/","url":"https:\/\/www.institutfrancais-jerusalem.org\/ramallah\/if-cinema-a-la-carte\/","name":"IF Cin\u00e9ma \u00e0 la carte ! - Institut Fran\u00e7ais de J\u00e9rusalem - Ramallah","isPartOf":{"@id":"https:\/\/www.institutfrancais-jerusalem.org\/ramallah\/#website"},"primaryImageOfPage":{"@id":"https:\/\/www.institutfrancais-jerusalem.org\/ramallah\/if-cinema-a-la-carte\/#primaryimage"},"image":{"@id":"https:\/\/www.institutfrancais-jerusalem.org\/ramallah\/if-cinema-a-la-carte\/#primaryimage"},"thumbnailUrl":"https:\/\/www.institutfrancais-jerusalem.org\/ramallah\/wp-content\/uploads\/sites\/11\/2021\/02\/IFCinema-2021-851x315-fr3.jpg","datePublished":"2021-02-06T07:00:58+00:00","author":{"@id":"https:\/\/www.institutfrancais-jerusalem.org\/ramallah\/#\/schema\/person\/0d606b93f4fb1eb5c713b8be3dd4c4bf"},"description":"Venez profiter gratuitement de 4 longs m\u00e9trages r\u00e9alis\u00e9s par de talentueuses femmes cin\u00e9astes.","breadcrumb":{"@id":"https:\/\/www.institutfrancais-jerusalem.org\/ramallah\/if-cinema-a-la-carte\/#breadcrumb"},"inLanguage":"fr-FR","potentialAction":[{"@type":"ReadAction","target":["https:\/\/www.institutfrancais-jerusalem.org\/ramallah\/if-cinema-a-la-carte\/"]}]},{"@type":"ImageObject","inLanguage":"fr-FR","@id":"https:\/\/www.institutfrancais-jerusalem.org\/ramallah\/if-cinema-a-la-carte\/#primaryimage","url":"https:\/\/www.institutfrancais-jerusalem.org\/ramallah\/wp-content\/uploads\/sites\/11\/2021\/02\/IFCinema-2021-851x315-fr3.jpg","contentUrl":"https:\/\/www.institutfrancais-jerusalem.org\/ramallah\/wp-content\/uploads\/sites\/11\/2021\/02\/IFCinema-2021-851x315-fr3.jpg","width":851,"height":315},{"@type":"BreadcrumbList","@id":"https:\/\/www.institutfrancais-jerusalem.org\/ramallah\/if-cinema-a-la-carte\/#breadcrumb","itemListElement":[{"@type":"ListItem","position":1,"name":"Accueil","item":"https:\/\/www.institutfrancais-jerusalem.org\/ramallah\/"},{"@type":"ListItem","position":2,"name":"IF Cin\u00e9ma \u00e0 la carte !"}]},{"@type":"WebSite","@id":"https:\/\/www.institutfrancais-jerusalem.org\/ramallah\/#website","url":"https:\/\/www.institutfrancais-jerusalem.org\/ramallah\/","name":"Institut Fran\u00e7ais de J\u00e9rusalem - Ramallah","description":"Ramallah","potentialAction":[{"@type":"SearchAction","target":{"@type":"EntryPoint","urlTemplate":"https:\/\/www.institutfrancais-jerusalem.org\/ramallah\/?s={search_term_string}"},"query-input":{"@type":"PropertyValueSpecification","valueRequired":true,"valueName":"search_term_string"}}],"inLanguage":"fr-FR"},{"@type":"Person","@id":"https:\/\/www.institutfrancais-jerusalem.org\/ramallah\/#\/schema\/person\/0d606b93f4fb1eb5c713b8be3dd4c4bf","name":"admin6590","image":{"@type":"ImageObject","inLanguage":"fr-FR","@id":"https:\/\/secure.gravatar.com\/avatar\/26482e0f083efa40e5c2db57a3d590897a500390cc256266e30d5da5605a03a9?s=96&d=mm&r=g","url":"https:\/\/secure.gravatar.com\/avatar\/26482e0f083efa40e5c2db57a3d590897a500390cc256266e30d5da5605a03a9?s=96&d=mm&r=g","contentUrl":"https:\/\/secure.gravatar.com\/avatar\/26482e0f083efa40e5c2db57a3d590897a500390cc256266e30d5da5605a03a9?s=96&d=mm&r=g","caption":"admin6590"},"url":"https:\/\/www.institutfrancais-jerusalem.org\/ramallah\/author\/admin6590\/"}]}},"_links":{"self":[{"href":"https:\/\/www.institutfrancais-jerusalem.org\/ramallah\/wp-json\/wp\/v2\/posts\/5398","targetHints":{"allow":["GET"]}}],"collection":[{"href":"https:\/\/www.institutfrancais-jerusalem.org\/ramallah\/wp-json\/wp\/v2\/posts"}],"about":[{"href":"https:\/\/www.institutfrancais-jerusalem.org\/ramallah\/wp-json\/wp\/v2\/types\/post"}],"author":[{"embeddable":true,"href":"https:\/\/www.institutfrancais-jerusalem.org\/ramallah\/wp-json\/wp\/v2\/users\/1"}],"replies":[{"embeddable":true,"href":"https:\/\/www.institutfrancais-jerusalem.org\/ramallah\/wp-json\/wp\/v2\/comments?post=5398"}],"version-history":[{"count":2,"href":"https:\/\/www.institutfrancais-jerusalem.org\/ramallah\/wp-json\/wp\/v2\/posts\/5398\/revisions"}],"predecessor-version":[{"id":5402,"href":"https:\/\/www.institutfrancais-jerusalem.org\/ramallah\/wp-json\/wp\/v2\/posts\/5398\/revisions\/5402"}],"wp:featuredmedia":[{"embeddable":true,"href":"https:\/\/www.institutfrancais-jerusalem.org\/ramallah\/wp-json\/wp\/v2\/media\/5399"}],"wp:attachment":[{"href":"https:\/\/www.institutfrancais-jerusalem.org\/ramallah\/wp-json\/wp\/v2\/media?parent=5398"}],"wp:term":[{"taxonomy":"category","embeddable":true,"href":"https:\/\/www.institutfrancais-jerusalem.org\/ramallah\/wp-json\/wp\/v2\/categories?post=5398"},{"taxonomy":"post_tag","embeddable":true,"href":"https:\/\/www.institutfrancais-jerusalem.org\/ramallah\/wp-json\/wp\/v2\/tags?post=5398"}],"curies":[{"name":"wp","href":"https:\/\/api.w.org\/{rel}","templated":true}]}}