{"id":5222,"date":"2020-11-23T15:29:07","date_gmt":"2020-11-23T14:29:07","guid":{"rendered":"https:\/\/www.institutfrancais-jerusalem.org\/ramallah\/?p=5222"},"modified":"2020-11-30T17:16:38","modified_gmt":"2020-11-30T16:16:38","slug":"webinaire-la-nouvelle-generation-de-la-bd-arabe","status":"publish","type":"post","link":"https:\/\/www.institutfrancais-jerusalem.org\/ramallah\/webinaire-la-nouvelle-generation-de-la-bd-arabe\/","title":{"rendered":"Webinaire : La nouvelle g\u00e9n\u00e9ration de la BD arabe"},"content":{"rendered":"<h6><iframe loading=\"lazy\" src=\"https:\/\/www.youtube.com\/embed\/V60mFK3DCus\" width=\"560\" height=\"315\" frameborder=\"0\" allowfullscreen=\"allowfullscreen\"><\/iframe><\/h6>\n<h6>Dimanche \u00a029 novembre \u00e0 15 heures<\/h6>\n<h6>Lien zoom : <a href=\"http:\/\/zoom.us\/j\/97026739632\">zoom.us\/j\/97026739632<\/a><\/h6>\n<p>D\u2019Alger \u00e0 Beyrouth, de Tunis au Caire, de jeunes auteurs de bande-dessin\u00e9e se regroupent pour former des collectifs de bande dessin\u00e9e, nous pouvons citer par exemple TokTok, Samandale ou Lab619. Ces collectifs ont pour point commun d\u2019utiliser les codes de la Bande-dessin\u00e9e afin de t\u00e9moigner de la situation dans leur pays et d\u2019apporter un regard, une r\u00e9flexion sur l\u2019actualit\u00e9 et les enjeux de soci\u00e9t\u00e9.<\/p>\n<p>Ce webinaire organis\u00e9 par l\u2019Institut fran\u00e7ais de J\u00e9rusalem dans le cadre de l\u2019Ann\u00e9e de la BD a pour vocation de proposer un tour d\u2019horizon de la Bande-dessin\u00e9e arabe en 2020. Des fondateurs et repr\u00e9sentants de collectifs seront pr\u00e9sents pour t\u00e9moigner de leur exp\u00e9rience.<\/p>\n<p>Avec\u00a0:<\/p>\n<ul>\n<li>Lina Ghaibeh, ma\u00eetre de conf\u00e9rence, directrice de la Mu\u2019taz and Rada Arab Comics Initiative de l\u2019universit\u00e9 am\u00e9ricaine de Beyrouth.<\/li>\n<li>Lena Meherj\u00a0: Auteure, co-fondatrice du collectif Samandale (Beyrouth)<\/li>\n<li>Abir Gasmi : Auteure, coordinatrice du collectif Lab619 (Tunis)<\/li>\n<\/ul>\n<p>Mod\u00e9ration\u00a0: Asmaa Abu tailkh<\/p>\n<p><em>Webinaire en arabe<\/em><\/p>\n<p>Un \u00e9v\u00e9nement dans le cadre de Novembre num\u00e9rique et de l&rsquo;Ann\u00e9e de la BD 2020.<\/p>\n","protected":false},"excerpt":{"rendered":"<p>Dimanche \u00a029 novembre \u00e0 15 heures Lien zoom : zoom.us\/j\/97026739632 D\u2019Alger \u00e0 Beyrouth, de Tunis au Caire, de jeunes auteurs de bande-dessin\u00e9e se regroupent pour former des collectifs de bande dessin\u00e9e, nous pouvons citer par exemple TokTok, Samandale ou Lab619. Ces collectifs ont pour point commun d\u2019utiliser les codes de la Bande-dessin\u00e9e afin de t\u00e9moigner &hellip;<\/p>\n","protected":false},"author":1,"featured_media":0,"comment_status":"closed","ping_status":"closed","sticky":false,"template":"","format":"standard","meta":{"footnotes":""},"categories":[2,3,10,7,28],"tags":[357,61,248,247,358,78,220,81,359,337,229,234,59,66,360,361,362],"class_list":["post-5222","post","type-post","status-publish","format-standard","","category-agenda-culturel","category-arts-visuels","category-debats-didees-livres","category-diaporama","category-gaza","tag-annee","tag-arabe","tag-bande-dessinee","tag-bd","tag-beyrout","tag-conference","tag-en-ligne","tag-jerusalem","tag-liban","tag-novembre","tag-numerique","tag-online","tag-palestine","tag-territoires-palestiniens","tag-tunis","tag-tunisie","tag-webinaire"],"yoast_head":"<!-- This site is optimized with the Yoast SEO plugin v27.5 - https:\/\/yoast.com\/product\/yoast-seo-wordpress\/ -->\n<title>Webinaire : La nouvelle g\u00e9n\u00e9ration de la BD arabe - Institut Fran\u00e7ais de J\u00e9rusalem - Ramallah<\/title>\n<meta name=\"description\" content=\"Un \u00e9v\u00e9nement dans le cadre de Novembre num\u00e9rique et de l&#039;Ann\u00e9e de la BD 2020\" \/>\n<meta name=\"robots\" content=\"index, follow, max-snippet:-1, max-image-preview:large, max-video-preview:-1\" \/>\n<link rel=\"canonical\" href=\"https:\/\/www.institutfrancais-jerusalem.org\/ramallah\/webinaire-la-nouvelle-generation-de-la-bd-arabe\/\" \/>\n<meta property=\"og:locale\" content=\"fr_FR\" \/>\n<meta property=\"og:type\" content=\"article\" \/>\n<meta property=\"og:title\" content=\"Webinaire : La nouvelle g\u00e9n\u00e9ration de la BD arabe - Institut Fran\u00e7ais de J\u00e9rusalem - Ramallah\" \/>\n<meta property=\"og:description\" content=\"Un \u00e9v\u00e9nement dans le cadre de Novembre num\u00e9rique et de l&#039;Ann\u00e9e de la BD 2020\" \/>\n<meta property=\"og:url\" content=\"https:\/\/www.institutfrancais-jerusalem.org\/ramallah\/webinaire-la-nouvelle-generation-de-la-bd-arabe\/\" \/>\n<meta property=\"og:site_name\" content=\"Institut Fran\u00e7ais de J\u00e9rusalem - Ramallah\" \/>\n<meta property=\"article:published_time\" content=\"2020-11-23T14:29:07+00:00\" \/>\n<meta property=\"article:modified_time\" content=\"2020-11-30T16:16:38+00:00\" \/>\n<meta name=\"author\" content=\"admin6590\" \/>\n<meta name=\"twitter:card\" content=\"summary_large_image\" \/>\n<meta name=\"twitter:label1\" content=\"\u00c9crit par\" \/>\n\t<meta name=\"twitter:data1\" content=\"admin6590\" \/>\n\t<meta name=\"twitter:label2\" content=\"Dur\u00e9e de lecture estim\u00e9e\" \/>\n\t<meta name=\"twitter:data2\" content=\"1 minute\" \/>\n<script type=\"application\/ld+json\" class=\"yoast-schema-graph\">{\"@context\":\"https:\\\/\\\/schema.org\",\"@graph\":[{\"@type\":\"Article\",\"@id\":\"https:\\\/\\\/www.institutfrancais-jerusalem.org\\\/ramallah\\\/webinaire-la-nouvelle-generation-de-la-bd-arabe\\\/#article\",\"isPartOf\":{\"@id\":\"https:\\\/\\\/www.institutfrancais-jerusalem.org\\\/ramallah\\\/webinaire-la-nouvelle-generation-de-la-bd-arabe\\\/\"},\"author\":{\"name\":\"admin6590\",\"@id\":\"https:\\\/\\\/www.institutfrancais-jerusalem.org\\\/ramallah\\\/#\\\/schema\\\/person\\\/0d606b93f4fb1eb5c713b8be3dd4c4bf\"},\"headline\":\"Webinaire : La nouvelle g\u00e9n\u00e9ration de la BD arabe\",\"datePublished\":\"2020-11-23T14:29:07+00:00\",\"dateModified\":\"2020-11-30T16:16:38+00:00\",\"mainEntityOfPage\":{\"@id\":\"https:\\\/\\\/www.institutfrancais-jerusalem.org\\\/ramallah\\\/webinaire-la-nouvelle-generation-de-la-bd-arabe\\\/\"},\"wordCount\":211,\"keywords\":[\"ann\u00e9e\",\"arabe\",\"bande dessin\u00e9e\",\"bd\",\"beyrout\",\"conf\u00e9rence\",\"en ligne\",\"j\u00e9rusalem\",\"liban\",\"Novembre\",\"num\u00e9rique\",\"online\",\"palestine\",\"territoires palestiniens\",\"tunis\",\"tunisie\",\"webinaire\"],\"articleSection\":[\"Agenda culturel\",\"Arts visuels\",\"D\u00e9bats-d'id\u00e9es &amp; Livres\",\"Diaporama\",\"GAZA\"],\"inLanguage\":\"fr-FR\"},{\"@type\":\"WebPage\",\"@id\":\"https:\\\/\\\/www.institutfrancais-jerusalem.org\\\/ramallah\\\/webinaire-la-nouvelle-generation-de-la-bd-arabe\\\/\",\"url\":\"https:\\\/\\\/www.institutfrancais-jerusalem.org\\\/ramallah\\\/webinaire-la-nouvelle-generation-de-la-bd-arabe\\\/\",\"name\":\"Webinaire : La nouvelle g\u00e9n\u00e9ration de la BD arabe - Institut Fran\u00e7ais de J\u00e9rusalem - Ramallah\",\"isPartOf\":{\"@id\":\"https:\\\/\\\/www.institutfrancais-jerusalem.org\\\/ramallah\\\/#website\"},\"datePublished\":\"2020-11-23T14:29:07+00:00\",\"dateModified\":\"2020-11-30T16:16:38+00:00\",\"author\":{\"@id\":\"https:\\\/\\\/www.institutfrancais-jerusalem.org\\\/ramallah\\\/#\\\/schema\\\/person\\\/0d606b93f4fb1eb5c713b8be3dd4c4bf\"},\"description\":\"Un \u00e9v\u00e9nement dans le cadre de Novembre num\u00e9rique et de l'Ann\u00e9e de la BD 2020\",\"breadcrumb\":{\"@id\":\"https:\\\/\\\/www.institutfrancais-jerusalem.org\\\/ramallah\\\/webinaire-la-nouvelle-generation-de-la-bd-arabe\\\/#breadcrumb\"},\"inLanguage\":\"fr-FR\",\"potentialAction\":[{\"@type\":\"ReadAction\",\"target\":[\"https:\\\/\\\/www.institutfrancais-jerusalem.org\\\/ramallah\\\/webinaire-la-nouvelle-generation-de-la-bd-arabe\\\/\"]}]},{\"@type\":\"BreadcrumbList\",\"@id\":\"https:\\\/\\\/www.institutfrancais-jerusalem.org\\\/ramallah\\\/webinaire-la-nouvelle-generation-de-la-bd-arabe\\\/#breadcrumb\",\"itemListElement\":[{\"@type\":\"ListItem\",\"position\":1,\"name\":\"Accueil\",\"item\":\"https:\\\/\\\/www.institutfrancais-jerusalem.org\\\/ramallah\\\/\"},{\"@type\":\"ListItem\",\"position\":2,\"name\":\"Webinaire : La nouvelle g\u00e9n\u00e9ration de la BD arabe\"}]},{\"@type\":\"WebSite\",\"@id\":\"https:\\\/\\\/www.institutfrancais-jerusalem.org\\\/ramallah\\\/#website\",\"url\":\"https:\\\/\\\/www.institutfrancais-jerusalem.org\\\/ramallah\\\/\",\"name\":\"Institut Fran\u00e7ais de J\u00e9rusalem - Ramallah\",\"description\":\"Ramallah\",\"potentialAction\":[{\"@type\":\"SearchAction\",\"target\":{\"@type\":\"EntryPoint\",\"urlTemplate\":\"https:\\\/\\\/www.institutfrancais-jerusalem.org\\\/ramallah\\\/?s={search_term_string}\"},\"query-input\":{\"@type\":\"PropertyValueSpecification\",\"valueRequired\":true,\"valueName\":\"search_term_string\"}}],\"inLanguage\":\"fr-FR\"},{\"@type\":\"Person\",\"@id\":\"https:\\\/\\\/www.institutfrancais-jerusalem.org\\\/ramallah\\\/#\\\/schema\\\/person\\\/0d606b93f4fb1eb5c713b8be3dd4c4bf\",\"name\":\"admin6590\",\"image\":{\"@type\":\"ImageObject\",\"inLanguage\":\"fr-FR\",\"@id\":\"https:\\\/\\\/secure.gravatar.com\\\/avatar\\\/26482e0f083efa40e5c2db57a3d590897a500390cc256266e30d5da5605a03a9?s=96&d=mm&r=g\",\"url\":\"https:\\\/\\\/secure.gravatar.com\\\/avatar\\\/26482e0f083efa40e5c2db57a3d590897a500390cc256266e30d5da5605a03a9?s=96&d=mm&r=g\",\"contentUrl\":\"https:\\\/\\\/secure.gravatar.com\\\/avatar\\\/26482e0f083efa40e5c2db57a3d590897a500390cc256266e30d5da5605a03a9?s=96&d=mm&r=g\",\"caption\":\"admin6590\"},\"url\":\"https:\\\/\\\/www.institutfrancais-jerusalem.org\\\/ramallah\\\/author\\\/admin6590\\\/\"}]}<\/script>\n<!-- \/ Yoast SEO plugin. -->","yoast_head_json":{"title":"Webinaire : La nouvelle g\u00e9n\u00e9ration de la BD arabe - Institut Fran\u00e7ais de J\u00e9rusalem - Ramallah","description":"Un \u00e9v\u00e9nement dans le cadre de Novembre num\u00e9rique et de l'Ann\u00e9e de la BD 2020","robots":{"index":"index","follow":"follow","max-snippet":"max-snippet:-1","max-image-preview":"max-image-preview:large","max-video-preview":"max-video-preview:-1"},"canonical":"https:\/\/www.institutfrancais-jerusalem.org\/ramallah\/webinaire-la-nouvelle-generation-de-la-bd-arabe\/","og_locale":"fr_FR","og_type":"article","og_title":"Webinaire : La nouvelle g\u00e9n\u00e9ration de la BD arabe - Institut Fran\u00e7ais de J\u00e9rusalem - Ramallah","og_description":"Un \u00e9v\u00e9nement dans le cadre de Novembre num\u00e9rique et de l'Ann\u00e9e de la BD 2020","og_url":"https:\/\/www.institutfrancais-jerusalem.org\/ramallah\/webinaire-la-nouvelle-generation-de-la-bd-arabe\/","og_site_name":"Institut Fran\u00e7ais de J\u00e9rusalem - Ramallah","article_published_time":"2020-11-23T14:29:07+00:00","article_modified_time":"2020-11-30T16:16:38+00:00","author":"admin6590","twitter_card":"summary_large_image","twitter_misc":{"\u00c9crit par":"admin6590","Dur\u00e9e de lecture estim\u00e9e":"1 minute"},"schema":{"@context":"https:\/\/schema.org","@graph":[{"@type":"Article","@id":"https:\/\/www.institutfrancais-jerusalem.org\/ramallah\/webinaire-la-nouvelle-generation-de-la-bd-arabe\/#article","isPartOf":{"@id":"https:\/\/www.institutfrancais-jerusalem.org\/ramallah\/webinaire-la-nouvelle-generation-de-la-bd-arabe\/"},"author":{"name":"admin6590","@id":"https:\/\/www.institutfrancais-jerusalem.org\/ramallah\/#\/schema\/person\/0d606b93f4fb1eb5c713b8be3dd4c4bf"},"headline":"Webinaire : La nouvelle g\u00e9n\u00e9ration de la BD arabe","datePublished":"2020-11-23T14:29:07+00:00","dateModified":"2020-11-30T16:16:38+00:00","mainEntityOfPage":{"@id":"https:\/\/www.institutfrancais-jerusalem.org\/ramallah\/webinaire-la-nouvelle-generation-de-la-bd-arabe\/"},"wordCount":211,"keywords":["ann\u00e9e","arabe","bande dessin\u00e9e","bd","beyrout","conf\u00e9rence","en ligne","j\u00e9rusalem","liban","Novembre","num\u00e9rique","online","palestine","territoires palestiniens","tunis","tunisie","webinaire"],"articleSection":["Agenda culturel","Arts visuels","D\u00e9bats-d'id\u00e9es &amp; Livres","Diaporama","GAZA"],"inLanguage":"fr-FR"},{"@type":"WebPage","@id":"https:\/\/www.institutfrancais-jerusalem.org\/ramallah\/webinaire-la-nouvelle-generation-de-la-bd-arabe\/","url":"https:\/\/www.institutfrancais-jerusalem.org\/ramallah\/webinaire-la-nouvelle-generation-de-la-bd-arabe\/","name":"Webinaire : La nouvelle g\u00e9n\u00e9ration de la BD arabe - Institut Fran\u00e7ais de J\u00e9rusalem - Ramallah","isPartOf":{"@id":"https:\/\/www.institutfrancais-jerusalem.org\/ramallah\/#website"},"datePublished":"2020-11-23T14:29:07+00:00","dateModified":"2020-11-30T16:16:38+00:00","author":{"@id":"https:\/\/www.institutfrancais-jerusalem.org\/ramallah\/#\/schema\/person\/0d606b93f4fb1eb5c713b8be3dd4c4bf"},"description":"Un \u00e9v\u00e9nement dans le cadre de Novembre num\u00e9rique et de l'Ann\u00e9e de la BD 2020","breadcrumb":{"@id":"https:\/\/www.institutfrancais-jerusalem.org\/ramallah\/webinaire-la-nouvelle-generation-de-la-bd-arabe\/#breadcrumb"},"inLanguage":"fr-FR","potentialAction":[{"@type":"ReadAction","target":["https:\/\/www.institutfrancais-jerusalem.org\/ramallah\/webinaire-la-nouvelle-generation-de-la-bd-arabe\/"]}]},{"@type":"BreadcrumbList","@id":"https:\/\/www.institutfrancais-jerusalem.org\/ramallah\/webinaire-la-nouvelle-generation-de-la-bd-arabe\/#breadcrumb","itemListElement":[{"@type":"ListItem","position":1,"name":"Accueil","item":"https:\/\/www.institutfrancais-jerusalem.org\/ramallah\/"},{"@type":"ListItem","position":2,"name":"Webinaire : La nouvelle g\u00e9n\u00e9ration de la BD arabe"}]},{"@type":"WebSite","@id":"https:\/\/www.institutfrancais-jerusalem.org\/ramallah\/#website","url":"https:\/\/www.institutfrancais-jerusalem.org\/ramallah\/","name":"Institut Fran\u00e7ais de J\u00e9rusalem - Ramallah","description":"Ramallah","potentialAction":[{"@type":"SearchAction","target":{"@type":"EntryPoint","urlTemplate":"https:\/\/www.institutfrancais-jerusalem.org\/ramallah\/?s={search_term_string}"},"query-input":{"@type":"PropertyValueSpecification","valueRequired":true,"valueName":"search_term_string"}}],"inLanguage":"fr-FR"},{"@type":"Person","@id":"https:\/\/www.institutfrancais-jerusalem.org\/ramallah\/#\/schema\/person\/0d606b93f4fb1eb5c713b8be3dd4c4bf","name":"admin6590","image":{"@type":"ImageObject","inLanguage":"fr-FR","@id":"https:\/\/secure.gravatar.com\/avatar\/26482e0f083efa40e5c2db57a3d590897a500390cc256266e30d5da5605a03a9?s=96&d=mm&r=g","url":"https:\/\/secure.gravatar.com\/avatar\/26482e0f083efa40e5c2db57a3d590897a500390cc256266e30d5da5605a03a9?s=96&d=mm&r=g","contentUrl":"https:\/\/secure.gravatar.com\/avatar\/26482e0f083efa40e5c2db57a3d590897a500390cc256266e30d5da5605a03a9?s=96&d=mm&r=g","caption":"admin6590"},"url":"https:\/\/www.institutfrancais-jerusalem.org\/ramallah\/author\/admin6590\/"}]}},"_links":{"self":[{"href":"https:\/\/www.institutfrancais-jerusalem.org\/ramallah\/wp-json\/wp\/v2\/posts\/5222","targetHints":{"allow":["GET"]}}],"collection":[{"href":"https:\/\/www.institutfrancais-jerusalem.org\/ramallah\/wp-json\/wp\/v2\/posts"}],"about":[{"href":"https:\/\/www.institutfrancais-jerusalem.org\/ramallah\/wp-json\/wp\/v2\/types\/post"}],"author":[{"embeddable":true,"href":"https:\/\/www.institutfrancais-jerusalem.org\/ramallah\/wp-json\/wp\/v2\/users\/1"}],"replies":[{"embeddable":true,"href":"https:\/\/www.institutfrancais-jerusalem.org\/ramallah\/wp-json\/wp\/v2\/comments?post=5222"}],"version-history":[{"count":2,"href":"https:\/\/www.institutfrancais-jerusalem.org\/ramallah\/wp-json\/wp\/v2\/posts\/5222\/revisions"}],"predecessor-version":[{"id":5252,"href":"https:\/\/www.institutfrancais-jerusalem.org\/ramallah\/wp-json\/wp\/v2\/posts\/5222\/revisions\/5252"}],"wp:attachment":[{"href":"https:\/\/www.institutfrancais-jerusalem.org\/ramallah\/wp-json\/wp\/v2\/media?parent=5222"}],"wp:term":[{"taxonomy":"category","embeddable":true,"href":"https:\/\/www.institutfrancais-jerusalem.org\/ramallah\/wp-json\/wp\/v2\/categories?post=5222"},{"taxonomy":"post_tag","embeddable":true,"href":"https:\/\/www.institutfrancais-jerusalem.org\/ramallah\/wp-json\/wp\/v2\/tags?post=5222"}],"curies":[{"name":"wp","href":"https:\/\/api.w.org\/{rel}","templated":true}]}}