{"id":5157,"date":"2020-10-14T09:00:38","date_gmt":"2020-10-14T07:00:38","guid":{"rendered":"https:\/\/www.institutfrancais-jerusalem.org\/ramallah\/?p=5157"},"modified":"2020-10-13T19:10:43","modified_gmt":"2020-10-13T17:10:43","slug":"la-fete-du-cinema-danimation-en-ligne-par-linstitut-francais-a-paris","status":"publish","type":"post","link":"https:\/\/www.institutfrancais-jerusalem.org\/ramallah\/la-fete-du-cinema-danimation-en-ligne-par-linstitut-francais-a-paris\/","title":{"rendered":"La F\u00eate du cin\u00e9ma d&rsquo;animation en ligne par l\u2019Institut fran\u00e7ais \u00e0 Paris"},"content":{"rendered":"<h3>C\u00e9l\u00e9brez depuis chez vous la f\u00eate du cin\u00e9ma d\u2019animation !<\/h3>\n<p>L\u2019Institut fran\u00e7ais vous propose du 14 au 31 octobre 2 longs m\u00e9trages et 11 courts m\u00e9trages. Depuis la plateforme en acc\u00e8s libre de l\u2019IF, d\u00e9couvrez des films pour les petits comme les grands issus de la production fran\u00e7aise et africaine.<\/p>\n<h4>Notre conseil<\/h4>\n<h6>\u00ab\u00a0Adama\u00a0\u00bb de Simon Rouby, fran\u00e7ais sous-titr\u00e9 arabe (ou anglais)<\/h6>\n<p>Adama, 12 ans, vit dans un village isol\u00e9 d\u2019Afrique de l\u2019Ouest. Au-del\u00e0 des falaises, s\u2019\u00e9tend le Monde des Souffles. L\u00e0 o\u00f9 r\u00e8gnent les Nassaras. Une nuit, Samba, son fr\u00e8re a\u00een\u00e9, dispara\u00eet. Adama, bravant l\u2019interdit des anciens, d\u00e9cide de partir \u00e0 sa recherche. Il entame, avec la d\u00e9termination sans faille d\u2019un enfant devenant homme, une qu\u00eate qui va le mener au-del\u00e0 des mers, au Nord, jusqu\u2019aux lignes de front de la Premi\u00e8re Guerre mondiale. Nous sommes en 1916.<\/p>\n<p><a class=\"waffle-rich-text-link\" href=\"http:\/\/www.fete-cinema-animation.fr\/index.php\">http:\/\/www.fete-cinema-animation.fr\/index.php<\/a><\/p>\n","protected":false},"excerpt":{"rendered":"<p>C\u00e9l\u00e9brez depuis chez vous la f\u00eate du cin\u00e9ma d\u2019animation ! L\u2019Institut fran\u00e7ais vous propose du 14 au 31 octobre 2 longs m\u00e9trages et 11 courts m\u00e9trages. Depuis la plateforme en acc\u00e8s libre de l\u2019IF, d\u00e9couvrez des films pour les petits comme les grands issus de la production fran\u00e7aise et africaine. Notre conseil \u00ab\u00a0Adama\u00a0\u00bb de Simon &hellip;<\/p>\n","protected":false},"author":1,"featured_media":5158,"comment_status":"closed","ping_status":"closed","sticky":false,"template":"","format":"standard","meta":{"footnotes":""},"categories":[2,26,6,7,28,25],"tags":[296,325,331,324,333,13,220,276,128,327,330,234,329,326,328,332,271],"class_list":["post-5157","post","type-post","status-publish","format-standard","has-post-thumbnail","","category-agenda-culturel","category-agenda-culturel-chateaubriand","category-cinema","category-diaporama","category-gaza","category-ramallah","tag-actor","tag-animated","tag-animation","tag-anime","tag-box-office","tag-cinema","tag-en-ligne","tag-fete","tag-film","tag-film-director","tag-film-making","tag-online","tag-scene","tag-screen-play","tag-show","tag-thriller","tag-video"],"yoast_head":"<!-- This site is optimized with the Yoast SEO plugin v27.5 - https:\/\/yoast.com\/product\/yoast-seo-wordpress\/ -->\n<title>La F\u00eate du cin\u00e9ma d&#039;animation en ligne par l\u2019Institut fran\u00e7ais \u00e0 Paris - Institut Fran\u00e7ais de J\u00e9rusalem - Ramallah<\/title>\n<meta name=\"description\" content=\"L\u2019Institut fran\u00e7ais vous propose du 14 au 31 octobre 2 longs m\u00e9trages et 11 courts m\u00e9trages. Depuis la plateforme en acc\u00e8s libre de l\u2019IF, d\u00e9couvrez des films pour les petits comme les grands issus de la production fran\u00e7aise et africaine.\" \/>\n<meta name=\"robots\" content=\"index, follow, max-snippet:-1, max-image-preview:large, max-video-preview:-1\" \/>\n<link rel=\"canonical\" href=\"https:\/\/www.institutfrancais-jerusalem.org\/ramallah\/la-fete-du-cinema-danimation-en-ligne-par-linstitut-francais-a-paris\/\" \/>\n<meta property=\"og:locale\" content=\"fr_FR\" \/>\n<meta property=\"og:type\" content=\"article\" \/>\n<meta property=\"og:title\" content=\"La F\u00eate du cin\u00e9ma d&#039;animation en ligne par l\u2019Institut fran\u00e7ais \u00e0 Paris - Institut Fran\u00e7ais de J\u00e9rusalem - Ramallah\" \/>\n<meta property=\"og:description\" content=\"L\u2019Institut fran\u00e7ais vous propose du 14 au 31 octobre 2 longs m\u00e9trages et 11 courts m\u00e9trages. Depuis la plateforme en acc\u00e8s libre de l\u2019IF, d\u00e9couvrez des films pour les petits comme les grands issus de la production fran\u00e7aise et africaine.\" \/>\n<meta property=\"og:url\" content=\"https:\/\/www.institutfrancais-jerusalem.org\/ramallah\/la-fete-du-cinema-danimation-en-ligne-par-linstitut-francais-a-paris\/\" \/>\n<meta property=\"og:site_name\" content=\"Institut Fran\u00e7ais de J\u00e9rusalem - Ramallah\" \/>\n<meta property=\"article:published_time\" content=\"2020-10-14T07:00:38+00:00\" \/>\n<meta property=\"og:image\" content=\"https:\/\/www.institutfrancais-jerusalem.org\/ramallah\/wp-content\/uploads\/sites\/11\/2020\/10\/AFCA-851x315-fr.jpg\" \/>\n\t<meta property=\"og:image:width\" content=\"851\" \/>\n\t<meta property=\"og:image:height\" content=\"315\" \/>\n\t<meta property=\"og:image:type\" content=\"image\/jpeg\" \/>\n<meta name=\"author\" content=\"admin6590\" \/>\n<meta name=\"twitter:card\" content=\"summary_large_image\" \/>\n<meta name=\"twitter:label1\" content=\"\u00c9crit par\" \/>\n\t<meta name=\"twitter:data1\" content=\"admin6590\" \/>\n\t<meta name=\"twitter:label2\" content=\"Dur\u00e9e de lecture estim\u00e9e\" \/>\n\t<meta name=\"twitter:data2\" content=\"1 minute\" \/>\n<script type=\"application\/ld+json\" class=\"yoast-schema-graph\">{\"@context\":\"https:\\\/\\\/schema.org\",\"@graph\":[{\"@type\":\"Article\",\"@id\":\"https:\\\/\\\/www.institutfrancais-jerusalem.org\\\/ramallah\\\/la-fete-du-cinema-danimation-en-ligne-par-linstitut-francais-a-paris\\\/#article\",\"isPartOf\":{\"@id\":\"https:\\\/\\\/www.institutfrancais-jerusalem.org\\\/ramallah\\\/la-fete-du-cinema-danimation-en-ligne-par-linstitut-francais-a-paris\\\/\"},\"author\":{\"name\":\"admin6590\",\"@id\":\"https:\\\/\\\/www.institutfrancais-jerusalem.org\\\/ramallah\\\/#\\\/schema\\\/person\\\/0d606b93f4fb1eb5c713b8be3dd4c4bf\"},\"headline\":\"La F\u00eate du cin\u00e9ma d&rsquo;animation en ligne par l\u2019Institut fran\u00e7ais \u00e0 Paris\",\"datePublished\":\"2020-10-14T07:00:38+00:00\",\"mainEntityOfPage\":{\"@id\":\"https:\\\/\\\/www.institutfrancais-jerusalem.org\\\/ramallah\\\/la-fete-du-cinema-danimation-en-ligne-par-linstitut-francais-a-paris\\\/\"},\"wordCount\":180,\"image\":{\"@id\":\"https:\\\/\\\/www.institutfrancais-jerusalem.org\\\/ramallah\\\/la-fete-du-cinema-danimation-en-ligne-par-linstitut-francais-a-paris\\\/#primaryimage\"},\"thumbnailUrl\":\"https:\\\/\\\/www.institutfrancais-jerusalem.org\\\/ramallah\\\/wp-content\\\/uploads\\\/sites\\\/11\\\/2020\\\/10\\\/AFCA-851x315-fr.jpg\",\"keywords\":[\"actor\",\"Animated\",\"animation\",\"Anim\u00e9\",\"box office\",\"Cin\u00e9ma\",\"en ligne\",\"f\u00eate\",\"film\",\"film director\",\"film making\",\"online\",\"scene\",\"screen play\",\"show\",\"thriller\",\"vid\u00e9o\"],\"articleSection\":[\"Agenda culturel\",\"CHATEAUBRIAND\",\"Cin\u00e9ma\",\"Diaporama\",\"GAZA\",\"RAMALLAH\"],\"inLanguage\":\"fr-FR\"},{\"@type\":\"WebPage\",\"@id\":\"https:\\\/\\\/www.institutfrancais-jerusalem.org\\\/ramallah\\\/la-fete-du-cinema-danimation-en-ligne-par-linstitut-francais-a-paris\\\/\",\"url\":\"https:\\\/\\\/www.institutfrancais-jerusalem.org\\\/ramallah\\\/la-fete-du-cinema-danimation-en-ligne-par-linstitut-francais-a-paris\\\/\",\"name\":\"La F\u00eate du cin\u00e9ma d'animation en ligne par l\u2019Institut fran\u00e7ais \u00e0 Paris - Institut Fran\u00e7ais de J\u00e9rusalem - Ramallah\",\"isPartOf\":{\"@id\":\"https:\\\/\\\/www.institutfrancais-jerusalem.org\\\/ramallah\\\/#website\"},\"primaryImageOfPage\":{\"@id\":\"https:\\\/\\\/www.institutfrancais-jerusalem.org\\\/ramallah\\\/la-fete-du-cinema-danimation-en-ligne-par-linstitut-francais-a-paris\\\/#primaryimage\"},\"image\":{\"@id\":\"https:\\\/\\\/www.institutfrancais-jerusalem.org\\\/ramallah\\\/la-fete-du-cinema-danimation-en-ligne-par-linstitut-francais-a-paris\\\/#primaryimage\"},\"thumbnailUrl\":\"https:\\\/\\\/www.institutfrancais-jerusalem.org\\\/ramallah\\\/wp-content\\\/uploads\\\/sites\\\/11\\\/2020\\\/10\\\/AFCA-851x315-fr.jpg\",\"datePublished\":\"2020-10-14T07:00:38+00:00\",\"author\":{\"@id\":\"https:\\\/\\\/www.institutfrancais-jerusalem.org\\\/ramallah\\\/#\\\/schema\\\/person\\\/0d606b93f4fb1eb5c713b8be3dd4c4bf\"},\"description\":\"L\u2019Institut fran\u00e7ais vous propose du 14 au 31 octobre 2 longs m\u00e9trages et 11 courts m\u00e9trages. Depuis la plateforme en acc\u00e8s libre de l\u2019IF, d\u00e9couvrez des films pour les petits comme les grands issus de la production fran\u00e7aise et africaine.\",\"breadcrumb\":{\"@id\":\"https:\\\/\\\/www.institutfrancais-jerusalem.org\\\/ramallah\\\/la-fete-du-cinema-danimation-en-ligne-par-linstitut-francais-a-paris\\\/#breadcrumb\"},\"inLanguage\":\"fr-FR\",\"potentialAction\":[{\"@type\":\"ReadAction\",\"target\":[\"https:\\\/\\\/www.institutfrancais-jerusalem.org\\\/ramallah\\\/la-fete-du-cinema-danimation-en-ligne-par-linstitut-francais-a-paris\\\/\"]}]},{\"@type\":\"ImageObject\",\"inLanguage\":\"fr-FR\",\"@id\":\"https:\\\/\\\/www.institutfrancais-jerusalem.org\\\/ramallah\\\/la-fete-du-cinema-danimation-en-ligne-par-linstitut-francais-a-paris\\\/#primaryimage\",\"url\":\"https:\\\/\\\/www.institutfrancais-jerusalem.org\\\/ramallah\\\/wp-content\\\/uploads\\\/sites\\\/11\\\/2020\\\/10\\\/AFCA-851x315-fr.jpg\",\"contentUrl\":\"https:\\\/\\\/www.institutfrancais-jerusalem.org\\\/ramallah\\\/wp-content\\\/uploads\\\/sites\\\/11\\\/2020\\\/10\\\/AFCA-851x315-fr.jpg\",\"width\":851,\"height\":315},{\"@type\":\"BreadcrumbList\",\"@id\":\"https:\\\/\\\/www.institutfrancais-jerusalem.org\\\/ramallah\\\/la-fete-du-cinema-danimation-en-ligne-par-linstitut-francais-a-paris\\\/#breadcrumb\",\"itemListElement\":[{\"@type\":\"ListItem\",\"position\":1,\"name\":\"Accueil\",\"item\":\"https:\\\/\\\/www.institutfrancais-jerusalem.org\\\/ramallah\\\/\"},{\"@type\":\"ListItem\",\"position\":2,\"name\":\"La F\u00eate du cin\u00e9ma d&rsquo;animation en ligne par l\u2019Institut fran\u00e7ais \u00e0 Paris\"}]},{\"@type\":\"WebSite\",\"@id\":\"https:\\\/\\\/www.institutfrancais-jerusalem.org\\\/ramallah\\\/#website\",\"url\":\"https:\\\/\\\/www.institutfrancais-jerusalem.org\\\/ramallah\\\/\",\"name\":\"Institut Fran\u00e7ais de J\u00e9rusalem - Ramallah\",\"description\":\"Ramallah\",\"potentialAction\":[{\"@type\":\"SearchAction\",\"target\":{\"@type\":\"EntryPoint\",\"urlTemplate\":\"https:\\\/\\\/www.institutfrancais-jerusalem.org\\\/ramallah\\\/?s={search_term_string}\"},\"query-input\":{\"@type\":\"PropertyValueSpecification\",\"valueRequired\":true,\"valueName\":\"search_term_string\"}}],\"inLanguage\":\"fr-FR\"},{\"@type\":\"Person\",\"@id\":\"https:\\\/\\\/www.institutfrancais-jerusalem.org\\\/ramallah\\\/#\\\/schema\\\/person\\\/0d606b93f4fb1eb5c713b8be3dd4c4bf\",\"name\":\"admin6590\",\"image\":{\"@type\":\"ImageObject\",\"inLanguage\":\"fr-FR\",\"@id\":\"https:\\\/\\\/secure.gravatar.com\\\/avatar\\\/26482e0f083efa40e5c2db57a3d590897a500390cc256266e30d5da5605a03a9?s=96&d=mm&r=g\",\"url\":\"https:\\\/\\\/secure.gravatar.com\\\/avatar\\\/26482e0f083efa40e5c2db57a3d590897a500390cc256266e30d5da5605a03a9?s=96&d=mm&r=g\",\"contentUrl\":\"https:\\\/\\\/secure.gravatar.com\\\/avatar\\\/26482e0f083efa40e5c2db57a3d590897a500390cc256266e30d5da5605a03a9?s=96&d=mm&r=g\",\"caption\":\"admin6590\"},\"url\":\"https:\\\/\\\/www.institutfrancais-jerusalem.org\\\/ramallah\\\/author\\\/admin6590\\\/\"}]}<\/script>\n<!-- \/ Yoast SEO plugin. -->","yoast_head_json":{"title":"La F\u00eate du cin\u00e9ma d'animation en ligne par l\u2019Institut fran\u00e7ais \u00e0 Paris - Institut Fran\u00e7ais de J\u00e9rusalem - Ramallah","description":"L\u2019Institut fran\u00e7ais vous propose du 14 au 31 octobre 2 longs m\u00e9trages et 11 courts m\u00e9trages. Depuis la plateforme en acc\u00e8s libre de l\u2019IF, d\u00e9couvrez des films pour les petits comme les grands issus de la production fran\u00e7aise et africaine.","robots":{"index":"index","follow":"follow","max-snippet":"max-snippet:-1","max-image-preview":"max-image-preview:large","max-video-preview":"max-video-preview:-1"},"canonical":"https:\/\/www.institutfrancais-jerusalem.org\/ramallah\/la-fete-du-cinema-danimation-en-ligne-par-linstitut-francais-a-paris\/","og_locale":"fr_FR","og_type":"article","og_title":"La F\u00eate du cin\u00e9ma d'animation en ligne par l\u2019Institut fran\u00e7ais \u00e0 Paris - Institut Fran\u00e7ais de J\u00e9rusalem - Ramallah","og_description":"L\u2019Institut fran\u00e7ais vous propose du 14 au 31 octobre 2 longs m\u00e9trages et 11 courts m\u00e9trages. Depuis la plateforme en acc\u00e8s libre de l\u2019IF, d\u00e9couvrez des films pour les petits comme les grands issus de la production fran\u00e7aise et africaine.","og_url":"https:\/\/www.institutfrancais-jerusalem.org\/ramallah\/la-fete-du-cinema-danimation-en-ligne-par-linstitut-francais-a-paris\/","og_site_name":"Institut Fran\u00e7ais de J\u00e9rusalem - Ramallah","article_published_time":"2020-10-14T07:00:38+00:00","og_image":[{"width":851,"height":315,"url":"https:\/\/www.institutfrancais-jerusalem.org\/ramallah\/wp-content\/uploads\/sites\/11\/2020\/10\/AFCA-851x315-fr.jpg","type":"image\/jpeg"}],"author":"admin6590","twitter_card":"summary_large_image","twitter_misc":{"\u00c9crit par":"admin6590","Dur\u00e9e de lecture estim\u00e9e":"1 minute"},"schema":{"@context":"https:\/\/schema.org","@graph":[{"@type":"Article","@id":"https:\/\/www.institutfrancais-jerusalem.org\/ramallah\/la-fete-du-cinema-danimation-en-ligne-par-linstitut-francais-a-paris\/#article","isPartOf":{"@id":"https:\/\/www.institutfrancais-jerusalem.org\/ramallah\/la-fete-du-cinema-danimation-en-ligne-par-linstitut-francais-a-paris\/"},"author":{"name":"admin6590","@id":"https:\/\/www.institutfrancais-jerusalem.org\/ramallah\/#\/schema\/person\/0d606b93f4fb1eb5c713b8be3dd4c4bf"},"headline":"La F\u00eate du cin\u00e9ma d&rsquo;animation en ligne par l\u2019Institut fran\u00e7ais \u00e0 Paris","datePublished":"2020-10-14T07:00:38+00:00","mainEntityOfPage":{"@id":"https:\/\/www.institutfrancais-jerusalem.org\/ramallah\/la-fete-du-cinema-danimation-en-ligne-par-linstitut-francais-a-paris\/"},"wordCount":180,"image":{"@id":"https:\/\/www.institutfrancais-jerusalem.org\/ramallah\/la-fete-du-cinema-danimation-en-ligne-par-linstitut-francais-a-paris\/#primaryimage"},"thumbnailUrl":"https:\/\/www.institutfrancais-jerusalem.org\/ramallah\/wp-content\/uploads\/sites\/11\/2020\/10\/AFCA-851x315-fr.jpg","keywords":["actor","Animated","animation","Anim\u00e9","box office","Cin\u00e9ma","en ligne","f\u00eate","film","film director","film making","online","scene","screen play","show","thriller","vid\u00e9o"],"articleSection":["Agenda culturel","CHATEAUBRIAND","Cin\u00e9ma","Diaporama","GAZA","RAMALLAH"],"inLanguage":"fr-FR"},{"@type":"WebPage","@id":"https:\/\/www.institutfrancais-jerusalem.org\/ramallah\/la-fete-du-cinema-danimation-en-ligne-par-linstitut-francais-a-paris\/","url":"https:\/\/www.institutfrancais-jerusalem.org\/ramallah\/la-fete-du-cinema-danimation-en-ligne-par-linstitut-francais-a-paris\/","name":"La F\u00eate du cin\u00e9ma d'animation en ligne par l\u2019Institut fran\u00e7ais \u00e0 Paris - Institut Fran\u00e7ais de J\u00e9rusalem - Ramallah","isPartOf":{"@id":"https:\/\/www.institutfrancais-jerusalem.org\/ramallah\/#website"},"primaryImageOfPage":{"@id":"https:\/\/www.institutfrancais-jerusalem.org\/ramallah\/la-fete-du-cinema-danimation-en-ligne-par-linstitut-francais-a-paris\/#primaryimage"},"image":{"@id":"https:\/\/www.institutfrancais-jerusalem.org\/ramallah\/la-fete-du-cinema-danimation-en-ligne-par-linstitut-francais-a-paris\/#primaryimage"},"thumbnailUrl":"https:\/\/www.institutfrancais-jerusalem.org\/ramallah\/wp-content\/uploads\/sites\/11\/2020\/10\/AFCA-851x315-fr.jpg","datePublished":"2020-10-14T07:00:38+00:00","author":{"@id":"https:\/\/www.institutfrancais-jerusalem.org\/ramallah\/#\/schema\/person\/0d606b93f4fb1eb5c713b8be3dd4c4bf"},"description":"L\u2019Institut fran\u00e7ais vous propose du 14 au 31 octobre 2 longs m\u00e9trages et 11 courts m\u00e9trages. Depuis la plateforme en acc\u00e8s libre de l\u2019IF, d\u00e9couvrez des films pour les petits comme les grands issus de la production fran\u00e7aise et africaine.","breadcrumb":{"@id":"https:\/\/www.institutfrancais-jerusalem.org\/ramallah\/la-fete-du-cinema-danimation-en-ligne-par-linstitut-francais-a-paris\/#breadcrumb"},"inLanguage":"fr-FR","potentialAction":[{"@type":"ReadAction","target":["https:\/\/www.institutfrancais-jerusalem.org\/ramallah\/la-fete-du-cinema-danimation-en-ligne-par-linstitut-francais-a-paris\/"]}]},{"@type":"ImageObject","inLanguage":"fr-FR","@id":"https:\/\/www.institutfrancais-jerusalem.org\/ramallah\/la-fete-du-cinema-danimation-en-ligne-par-linstitut-francais-a-paris\/#primaryimage","url":"https:\/\/www.institutfrancais-jerusalem.org\/ramallah\/wp-content\/uploads\/sites\/11\/2020\/10\/AFCA-851x315-fr.jpg","contentUrl":"https:\/\/www.institutfrancais-jerusalem.org\/ramallah\/wp-content\/uploads\/sites\/11\/2020\/10\/AFCA-851x315-fr.jpg","width":851,"height":315},{"@type":"BreadcrumbList","@id":"https:\/\/www.institutfrancais-jerusalem.org\/ramallah\/la-fete-du-cinema-danimation-en-ligne-par-linstitut-francais-a-paris\/#breadcrumb","itemListElement":[{"@type":"ListItem","position":1,"name":"Accueil","item":"https:\/\/www.institutfrancais-jerusalem.org\/ramallah\/"},{"@type":"ListItem","position":2,"name":"La F\u00eate du cin\u00e9ma d&rsquo;animation en ligne par l\u2019Institut fran\u00e7ais \u00e0 Paris"}]},{"@type":"WebSite","@id":"https:\/\/www.institutfrancais-jerusalem.org\/ramallah\/#website","url":"https:\/\/www.institutfrancais-jerusalem.org\/ramallah\/","name":"Institut Fran\u00e7ais de J\u00e9rusalem - Ramallah","description":"Ramallah","potentialAction":[{"@type":"SearchAction","target":{"@type":"EntryPoint","urlTemplate":"https:\/\/www.institutfrancais-jerusalem.org\/ramallah\/?s={search_term_string}"},"query-input":{"@type":"PropertyValueSpecification","valueRequired":true,"valueName":"search_term_string"}}],"inLanguage":"fr-FR"},{"@type":"Person","@id":"https:\/\/www.institutfrancais-jerusalem.org\/ramallah\/#\/schema\/person\/0d606b93f4fb1eb5c713b8be3dd4c4bf","name":"admin6590","image":{"@type":"ImageObject","inLanguage":"fr-FR","@id":"https:\/\/secure.gravatar.com\/avatar\/26482e0f083efa40e5c2db57a3d590897a500390cc256266e30d5da5605a03a9?s=96&d=mm&r=g","url":"https:\/\/secure.gravatar.com\/avatar\/26482e0f083efa40e5c2db57a3d590897a500390cc256266e30d5da5605a03a9?s=96&d=mm&r=g","contentUrl":"https:\/\/secure.gravatar.com\/avatar\/26482e0f083efa40e5c2db57a3d590897a500390cc256266e30d5da5605a03a9?s=96&d=mm&r=g","caption":"admin6590"},"url":"https:\/\/www.institutfrancais-jerusalem.org\/ramallah\/author\/admin6590\/"}]}},"_links":{"self":[{"href":"https:\/\/www.institutfrancais-jerusalem.org\/ramallah\/wp-json\/wp\/v2\/posts\/5157","targetHints":{"allow":["GET"]}}],"collection":[{"href":"https:\/\/www.institutfrancais-jerusalem.org\/ramallah\/wp-json\/wp\/v2\/posts"}],"about":[{"href":"https:\/\/www.institutfrancais-jerusalem.org\/ramallah\/wp-json\/wp\/v2\/types\/post"}],"author":[{"embeddable":true,"href":"https:\/\/www.institutfrancais-jerusalem.org\/ramallah\/wp-json\/wp\/v2\/users\/1"}],"replies":[{"embeddable":true,"href":"https:\/\/www.institutfrancais-jerusalem.org\/ramallah\/wp-json\/wp\/v2\/comments?post=5157"}],"version-history":[{"count":1,"href":"https:\/\/www.institutfrancais-jerusalem.org\/ramallah\/wp-json\/wp\/v2\/posts\/5157\/revisions"}],"predecessor-version":[{"id":5160,"href":"https:\/\/www.institutfrancais-jerusalem.org\/ramallah\/wp-json\/wp\/v2\/posts\/5157\/revisions\/5160"}],"wp:featuredmedia":[{"embeddable":true,"href":"https:\/\/www.institutfrancais-jerusalem.org\/ramallah\/wp-json\/wp\/v2\/media\/5158"}],"wp:attachment":[{"href":"https:\/\/www.institutfrancais-jerusalem.org\/ramallah\/wp-json\/wp\/v2\/media?parent=5157"}],"wp:term":[{"taxonomy":"category","embeddable":true,"href":"https:\/\/www.institutfrancais-jerusalem.org\/ramallah\/wp-json\/wp\/v2\/categories?post=5157"},{"taxonomy":"post_tag","embeddable":true,"href":"https:\/\/www.institutfrancais-jerusalem.org\/ramallah\/wp-json\/wp\/v2\/tags?post=5157"}],"curies":[{"name":"wp","href":"https:\/\/api.w.org\/{rel}","templated":true}]}}