{"id":4939,"date":"2020-07-03T14:11:37","date_gmt":"2020-07-03T12:11:37","guid":{"rendered":"https:\/\/www.institutfrancais-jerusalem.org\/ramallah\/?p=4939"},"modified":"2020-07-10T19:41:15","modified_gmt":"2020-07-10T17:41:15","slug":"concours-photo-gaza-coronogram","status":"publish","type":"post","link":"https:\/\/www.institutfrancais-jerusalem.org\/ramallah\/concours-photo-gaza-coronogram\/","title":{"rendered":"Concours photo \u00ab\u00a0Gaza Coronogram\u00a0\u00bb"},"content":{"rendered":"<p>\u00c0 partir d&rsquo;aujourd&rsquo;hui, pendant un mois et demi, nous vous pr\u00e9sentons chaque jour les photographies des artistes pour le concours de photographie Coronogram 2020.<\/p>\n<p>Un vote du public se fera au mois d\u2019ao\u00fbt \u00e0 l\u2019issue des publications.<\/p>\n<h3>1 Mohammed Salem<\/h3>\n<h6>Le sport du skateboard pendant le confinement.<\/h6>\n<p>En plein confinement \u00e0 cause du Coronavirus, une jeune fille syro-palestinienne, Reham Karima, pratique son sport pr\u00e9f\u00e9r\u00e9 sur le toit de sa maison. Tous les sites sportifs sont ferm\u00e9s.<\/p>\n\n<h3>2 Mohammed Al-Zanoun<\/h3>\n<h6>Les changements \u00e0 Gaza \u00e0 cause du Coronavirus<\/h6>\n\n<ol>\n<li>Ali et Narmeen Abu Seif sont des jeunes mari\u00e9s en p\u00e9riode de pand\u00e9mie. Leur mariage a \u00e9t\u00e9 initialement pr\u00e9vu pour le 28 mars dans l&rsquo;une des grandes salles de mariage de Gaza; mais ensuite le Minist\u00e8re de l&rsquo;Int\u00e9rieur de la bande a annonc\u00e9 des restrictions pour contenir la propagation du nouveau coronavirus, la fermeture des lieux de f\u00eate, des restaurants et des caf\u00e9s et des gymnases, ainsi que l&rsquo;annulation des pri\u00e8res du vendredi dans les mosqu\u00e9es. Le couple a d\u00fb r\u00e9\u00e9valuer son plan. \u00ab\u00a0Lorsque le lieu a appel\u00e9 pour nous informer qu&rsquo;ils annulaient notre f\u00eate de mariage, nous avons \u00e9t\u00e9 choqu\u00e9s\u00a0\u00bb, a d\u00e9clar\u00e9 Ali Abu Seif. \u00abTous les pr\u00e9paratifs ont \u00e9t\u00e9 faits. Nous avons \u00e9galement subi une grosse perte financi\u00e8re \u00bb, a-t-il ajout\u00e9. Apr\u00e8s de longues d\u00e9lib\u00e9rations entre leurs familles, le couple a d\u00e9cid\u00e9 d&rsquo;aller de l&rsquo;avant avec le mariage, mais pas de la mani\u00e8re initialement pr\u00e9vue. Il a \u00e9t\u00e9 report\u00e9 au 10 avril, transf\u00e9r\u00e9 au domicile d&rsquo;Abu Seif dans la ville de Gaza, et n&rsquo;a \u00e9t\u00e9 suivi que par leur famille imm\u00e9diate et un petit groupe d&rsquo;amis.<\/li>\n<li>Un enfant palestinien regarde par la fen\u00eatre d&rsquo;une voiture, portant un masque de Virus Corona, par temps de pluie dans la ville de Gaza.<\/li>\n<li>Une \u00e9quipe palestinienne joue au parkour tout en portant un masque de protection par pr\u00e9caution contre l&rsquo;\u00e9pid\u00e9mie du virus Corona dans la ville de Gaza.<\/li>\n<li>Un jeune palestinien parle \u00e0 un parent de l&rsquo;ext\u00e9rieur d&rsquo;une \u00e9cole de quarantaine dans la ville de Gaza.<\/li>\n<li>Le clown palestinien Alaa Miqdad pr\u00e9sente des paragraphes de divertissement pour les enfants \u00e0 travers une \u00e9mission en direct sur la page Facebook qui soulage les enfants apr\u00e8s avoir d\u00e9clar\u00e9 l&rsquo;\u00e9tat d&rsquo;urgence dans la ville de Gaza en raison du virus Corona.<\/li>\n<li>Un jeune Palestinien allume des feux d&rsquo;artifice pour accueillir le mois de Ramadan et porte un masque de protection contre le virus Corona.<\/li>\n<\/ol>\n<h3>3 &#8211; Salama Younis<\/h3>\n<h6>Bateaux des p\u00e9cheurs<\/h6>\n<p><img loading=\"lazy\" decoding=\"async\" class=\"size-large wp-image-6784\" src=\"https:\/\/www.institutfrancais-jerusalem.org\/wp-content\/uploads\/2020\/07\/org_f2acf4c3228e003f_1589452298000-1-1024x576.jpg\" alt=\"\" width=\"618\" height=\"348\" \/><\/p>\n<p>Une vue a\u00e9rienne de bateaux de p\u00eache dans le port de Gaza, montrant un cadre dans un style distinctif, en utilisant un angle inconnu qui sert \u00e0 alimenter la vision de l\u2019observateur.<\/p>\n<h3>4\u00a0 Mohammed Abu Hassan<\/h3>\n<h6>Le matin sombre<\/h6>\n<p><img loading=\"lazy\" decoding=\"async\" class=\"aligncenter size-large wp-image-6786\" src=\"https:\/\/www.institutfrancais-jerusalem.org\/wp-content\/uploads\/2020\/07\/U\u0300\u00a2U\u0300-U\u0300\u00a2U\u0300-U\u0300-U\u0300\u00a5U\u0300-U\u0300\u00a5_U\u0300\u00a1U\u0300\u00a7U\u0300\u00a2U\u0300\u00a6U\u0300\u00a3U\u0300\u00a6-472x1024.jpg\" alt=\"\" width=\"472\" height=\"1024\" \/><\/p>\n<h3>5 Raghad<\/h3>\n<h6>Quartier Zaytoune, chez nous, depuis le toit<\/h6>\n\n<p>Pour ressentir l&rsquo;univers et communiquer avec amour, parler avec et devenir ami, l&rsquo;univers vous entend, vous ressent et vous r\u00e9jouit. Si vous m\u00e9ditez sur la photo, vous ressentez calmement tous ce que vous avez ressentis \u00e0 l&rsquo;\u00e9poque, les sentiments d&rsquo;amour, les sentiments de paix et de profondeur, de concentration, les sentiments d&rsquo;amour brillant!<\/p>\n<h3>6 Hassan Asaad<\/h3>\n\n<p>Prenez le plaisir des enfants &#8230; Prenez le calme des personnes \u00e2g\u00e9es &#8230; Prenez la modestie des grands&#8230; Prenez les r\u00eaves des pauvres &#8230; Et vous saurez le sens de la vie.<\/p>\n<h3>7 Kareem Asfour<\/h3>\n<h6>La beaut\u00e9 de la nature<\/h6>\n\n<p>La premi\u00e8re photo a \u00e9t\u00e9 prise pendant le confinement \u00e0 cause du Coronavirus et elle montre tr\u00e8s peu de personnes, quant \u00e0 la deuxi\u00e8me photo, qui montre l&rsquo;encombrement des gens \u00e9tait prise juste avant.<\/p>\n","protected":false},"excerpt":{"rendered":"<p>\u00c0 partir d&rsquo;aujourd&rsquo;hui, pendant un mois et demi, nous vous pr\u00e9sentons chaque jour les photographies des artistes pour le concours de photographie Coronogram 2020. Un vote du public se fera au mois d\u2019ao\u00fbt \u00e0 l\u2019issue des publications. 1 Mohammed Salem Le sport du skateboard pendant le confinement. En plein confinement \u00e0 cause du Coronavirus, une &hellip;<\/p>\n","protected":false},"author":1,"featured_media":4966,"comment_status":"closed","ping_status":"closed","sticky":false,"template":"","format":"standard","meta":{"footnotes":""},"categories":[2,3,7,28],"tags":[274,101,81,303,268,302,301,304,122],"class_list":["post-4939","post","type-post","status-publish","format-standard","has-post-thumbnail","","category-agenda-culturel","category-arts-visuels","category-diaporama","category-gaza","tag-concours","tag-gaza","tag-jerusalem","tag-lockdown","tag-photo","tag-photography","tag-photooftheday","tag-picoftheday","tag-resilience"],"yoast_head":"<!-- This site is optimized with the Yoast SEO plugin v27.5 - https:\/\/yoast.com\/product\/yoast-seo-wordpress\/ -->\n<title>Concours photo &quot;Gaza Coronogram&quot; - Institut Fran\u00e7ais de J\u00e9rusalem - Ramallah<\/title>\n<meta name=\"description\" content=\"\u00c0 partir d&#039;aujourd&#039;hui, pendant un mois et demi, nous vous pr\u00e9sentons chaque jour les photographies des artistes pour le concours de photographie Coronogram 2020.Un vote du public se fera au mois d\u2019ao\u00fbt \u00e0 l\u2019issue des publications.\" \/>\n<meta name=\"robots\" content=\"index, follow, max-snippet:-1, max-image-preview:large, max-video-preview:-1\" \/>\n<link rel=\"canonical\" href=\"https:\/\/www.institutfrancais-jerusalem.org\/ramallah\/concours-photo-gaza-coronogram\/\" \/>\n<meta property=\"og:locale\" content=\"fr_FR\" \/>\n<meta property=\"og:type\" content=\"article\" \/>\n<meta property=\"og:title\" content=\"Concours photo &quot;Gaza Coronogram&quot; - Institut Fran\u00e7ais de J\u00e9rusalem - Ramallah\" \/>\n<meta property=\"og:description\" content=\"\u00c0 partir d&#039;aujourd&#039;hui, pendant un mois et demi, nous vous pr\u00e9sentons chaque jour les photographies des artistes pour le concours de photographie Coronogram 2020.Un vote du public se fera au mois d\u2019ao\u00fbt \u00e0 l\u2019issue des publications.\" \/>\n<meta property=\"og:url\" content=\"https:\/\/www.institutfrancais-jerusalem.org\/ramallah\/concours-photo-gaza-coronogram\/\" \/>\n<meta property=\"og:site_name\" content=\"Institut Fran\u00e7ais de J\u00e9rusalem - Ramallah\" \/>\n<meta property=\"article:published_time\" content=\"2020-07-03T12:11:37+00:00\" \/>\n<meta property=\"article:modified_time\" content=\"2020-07-10T17:41:15+00:00\" \/>\n<meta property=\"og:image\" content=\"https:\/\/www.institutfrancais-jerusalem.org\/ramallah\/wp-content\/uploads\/sites\/11\/2020\/07\/concours-photo-bandeau-scaled.jpg\" \/>\n\t<meta property=\"og:image:width\" content=\"2560\" \/>\n\t<meta property=\"og:image:height\" content=\"1136\" \/>\n\t<meta property=\"og:image:type\" content=\"image\/jpeg\" \/>\n<meta name=\"author\" content=\"admin6590\" \/>\n<meta name=\"twitter:card\" content=\"summary_large_image\" \/>\n<meta name=\"twitter:label1\" content=\"\u00c9crit par\" \/>\n\t<meta name=\"twitter:data1\" content=\"admin6590\" \/>\n\t<meta name=\"twitter:label2\" content=\"Dur\u00e9e de lecture estim\u00e9e\" \/>\n\t<meta name=\"twitter:data2\" content=\"3 minutes\" \/>\n<script type=\"application\/ld+json\" class=\"yoast-schema-graph\">{\"@context\":\"https:\\\/\\\/schema.org\",\"@graph\":[{\"@type\":\"Article\",\"@id\":\"https:\\\/\\\/www.institutfrancais-jerusalem.org\\\/ramallah\\\/concours-photo-gaza-coronogram\\\/#article\",\"isPartOf\":{\"@id\":\"https:\\\/\\\/www.institutfrancais-jerusalem.org\\\/ramallah\\\/concours-photo-gaza-coronogram\\\/\"},\"author\":{\"name\":\"admin6590\",\"@id\":\"https:\\\/\\\/www.institutfrancais-jerusalem.org\\\/ramallah\\\/#\\\/schema\\\/person\\\/0d606b93f4fb1eb5c713b8be3dd4c4bf\"},\"headline\":\"Concours photo \u00ab\u00a0Gaza Coronogram\u00a0\u00bb\",\"datePublished\":\"2020-07-03T12:11:37+00:00\",\"dateModified\":\"2020-07-10T17:41:15+00:00\",\"mainEntityOfPage\":{\"@id\":\"https:\\\/\\\/www.institutfrancais-jerusalem.org\\\/ramallah\\\/concours-photo-gaza-coronogram\\\/\"},\"wordCount\":704,\"image\":{\"@id\":\"https:\\\/\\\/www.institutfrancais-jerusalem.org\\\/ramallah\\\/concours-photo-gaza-coronogram\\\/#primaryimage\"},\"thumbnailUrl\":\"https:\\\/\\\/www.institutfrancais-jerusalem.org\\\/ramallah\\\/wp-content\\\/uploads\\\/sites\\\/11\\\/2020\\\/07\\\/concours-photo-bandeau-scaled.jpg\",\"keywords\":[\"concours\",\"gaza\",\"j\u00e9rusalem\",\"lockdown\",\"photo\",\"photography\",\"photooftheday\",\"picoftheday\",\"r\u00e9silience\"],\"articleSection\":[\"Agenda culturel\",\"Arts visuels\",\"Diaporama\",\"GAZA\"],\"inLanguage\":\"fr-FR\"},{\"@type\":\"WebPage\",\"@id\":\"https:\\\/\\\/www.institutfrancais-jerusalem.org\\\/ramallah\\\/concours-photo-gaza-coronogram\\\/\",\"url\":\"https:\\\/\\\/www.institutfrancais-jerusalem.org\\\/ramallah\\\/concours-photo-gaza-coronogram\\\/\",\"name\":\"Concours photo \\\"Gaza Coronogram\\\" - Institut Fran\u00e7ais de J\u00e9rusalem - Ramallah\",\"isPartOf\":{\"@id\":\"https:\\\/\\\/www.institutfrancais-jerusalem.org\\\/ramallah\\\/#website\"},\"primaryImageOfPage\":{\"@id\":\"https:\\\/\\\/www.institutfrancais-jerusalem.org\\\/ramallah\\\/concours-photo-gaza-coronogram\\\/#primaryimage\"},\"image\":{\"@id\":\"https:\\\/\\\/www.institutfrancais-jerusalem.org\\\/ramallah\\\/concours-photo-gaza-coronogram\\\/#primaryimage\"},\"thumbnailUrl\":\"https:\\\/\\\/www.institutfrancais-jerusalem.org\\\/ramallah\\\/wp-content\\\/uploads\\\/sites\\\/11\\\/2020\\\/07\\\/concours-photo-bandeau-scaled.jpg\",\"datePublished\":\"2020-07-03T12:11:37+00:00\",\"dateModified\":\"2020-07-10T17:41:15+00:00\",\"author\":{\"@id\":\"https:\\\/\\\/www.institutfrancais-jerusalem.org\\\/ramallah\\\/#\\\/schema\\\/person\\\/0d606b93f4fb1eb5c713b8be3dd4c4bf\"},\"description\":\"\u00c0 partir d'aujourd'hui, pendant un mois et demi, nous vous pr\u00e9sentons chaque jour les photographies des artistes pour le concours de photographie Coronogram 2020.Un vote du public se fera au mois d\u2019ao\u00fbt \u00e0 l\u2019issue des publications.\",\"breadcrumb\":{\"@id\":\"https:\\\/\\\/www.institutfrancais-jerusalem.org\\\/ramallah\\\/concours-photo-gaza-coronogram\\\/#breadcrumb\"},\"inLanguage\":\"fr-FR\",\"potentialAction\":[{\"@type\":\"ReadAction\",\"target\":[\"https:\\\/\\\/www.institutfrancais-jerusalem.org\\\/ramallah\\\/concours-photo-gaza-coronogram\\\/\"]}]},{\"@type\":\"ImageObject\",\"inLanguage\":\"fr-FR\",\"@id\":\"https:\\\/\\\/www.institutfrancais-jerusalem.org\\\/ramallah\\\/concours-photo-gaza-coronogram\\\/#primaryimage\",\"url\":\"https:\\\/\\\/www.institutfrancais-jerusalem.org\\\/ramallah\\\/wp-content\\\/uploads\\\/sites\\\/11\\\/2020\\\/07\\\/concours-photo-bandeau-scaled.jpg\",\"contentUrl\":\"https:\\\/\\\/www.institutfrancais-jerusalem.org\\\/ramallah\\\/wp-content\\\/uploads\\\/sites\\\/11\\\/2020\\\/07\\\/concours-photo-bandeau-scaled.jpg\",\"width\":2560,\"height\":1136,\"caption\":\"Vector of hands taking photos\"},{\"@type\":\"BreadcrumbList\",\"@id\":\"https:\\\/\\\/www.institutfrancais-jerusalem.org\\\/ramallah\\\/concours-photo-gaza-coronogram\\\/#breadcrumb\",\"itemListElement\":[{\"@type\":\"ListItem\",\"position\":1,\"name\":\"Accueil\",\"item\":\"https:\\\/\\\/www.institutfrancais-jerusalem.org\\\/ramallah\\\/\"},{\"@type\":\"ListItem\",\"position\":2,\"name\":\"Concours photo \u00ab\u00a0Gaza Coronogram\u00a0\u00bb\"}]},{\"@type\":\"WebSite\",\"@id\":\"https:\\\/\\\/www.institutfrancais-jerusalem.org\\\/ramallah\\\/#website\",\"url\":\"https:\\\/\\\/www.institutfrancais-jerusalem.org\\\/ramallah\\\/\",\"name\":\"Institut Fran\u00e7ais de J\u00e9rusalem - Ramallah\",\"description\":\"Ramallah\",\"potentialAction\":[{\"@type\":\"SearchAction\",\"target\":{\"@type\":\"EntryPoint\",\"urlTemplate\":\"https:\\\/\\\/www.institutfrancais-jerusalem.org\\\/ramallah\\\/?s={search_term_string}\"},\"query-input\":{\"@type\":\"PropertyValueSpecification\",\"valueRequired\":true,\"valueName\":\"search_term_string\"}}],\"inLanguage\":\"fr-FR\"},{\"@type\":\"Person\",\"@id\":\"https:\\\/\\\/www.institutfrancais-jerusalem.org\\\/ramallah\\\/#\\\/schema\\\/person\\\/0d606b93f4fb1eb5c713b8be3dd4c4bf\",\"name\":\"admin6590\",\"image\":{\"@type\":\"ImageObject\",\"inLanguage\":\"fr-FR\",\"@id\":\"https:\\\/\\\/secure.gravatar.com\\\/avatar\\\/26482e0f083efa40e5c2db57a3d590897a500390cc256266e30d5da5605a03a9?s=96&d=mm&r=g\",\"url\":\"https:\\\/\\\/secure.gravatar.com\\\/avatar\\\/26482e0f083efa40e5c2db57a3d590897a500390cc256266e30d5da5605a03a9?s=96&d=mm&r=g\",\"contentUrl\":\"https:\\\/\\\/secure.gravatar.com\\\/avatar\\\/26482e0f083efa40e5c2db57a3d590897a500390cc256266e30d5da5605a03a9?s=96&d=mm&r=g\",\"caption\":\"admin6590\"},\"url\":\"https:\\\/\\\/www.institutfrancais-jerusalem.org\\\/ramallah\\\/author\\\/admin6590\\\/\"}]}<\/script>\n<!-- \/ Yoast SEO plugin. -->","yoast_head_json":{"title":"Concours photo \"Gaza Coronogram\" - Institut Fran\u00e7ais de J\u00e9rusalem - Ramallah","description":"\u00c0 partir d'aujourd'hui, pendant un mois et demi, nous vous pr\u00e9sentons chaque jour les photographies des artistes pour le concours de photographie Coronogram 2020.Un vote du public se fera au mois d\u2019ao\u00fbt \u00e0 l\u2019issue des publications.","robots":{"index":"index","follow":"follow","max-snippet":"max-snippet:-1","max-image-preview":"max-image-preview:large","max-video-preview":"max-video-preview:-1"},"canonical":"https:\/\/www.institutfrancais-jerusalem.org\/ramallah\/concours-photo-gaza-coronogram\/","og_locale":"fr_FR","og_type":"article","og_title":"Concours photo \"Gaza Coronogram\" - Institut Fran\u00e7ais de J\u00e9rusalem - Ramallah","og_description":"\u00c0 partir d'aujourd'hui, pendant un mois et demi, nous vous pr\u00e9sentons chaque jour les photographies des artistes pour le concours de photographie Coronogram 2020.Un vote du public se fera au mois d\u2019ao\u00fbt \u00e0 l\u2019issue des publications.","og_url":"https:\/\/www.institutfrancais-jerusalem.org\/ramallah\/concours-photo-gaza-coronogram\/","og_site_name":"Institut Fran\u00e7ais de J\u00e9rusalem - Ramallah","article_published_time":"2020-07-03T12:11:37+00:00","article_modified_time":"2020-07-10T17:41:15+00:00","og_image":[{"width":2560,"height":1136,"url":"https:\/\/www.institutfrancais-jerusalem.org\/ramallah\/wp-content\/uploads\/sites\/11\/2020\/07\/concours-photo-bandeau-scaled.jpg","type":"image\/jpeg"}],"author":"admin6590","twitter_card":"summary_large_image","twitter_misc":{"\u00c9crit par":"admin6590","Dur\u00e9e de lecture estim\u00e9e":"3 minutes"},"schema":{"@context":"https:\/\/schema.org","@graph":[{"@type":"Article","@id":"https:\/\/www.institutfrancais-jerusalem.org\/ramallah\/concours-photo-gaza-coronogram\/#article","isPartOf":{"@id":"https:\/\/www.institutfrancais-jerusalem.org\/ramallah\/concours-photo-gaza-coronogram\/"},"author":{"name":"admin6590","@id":"https:\/\/www.institutfrancais-jerusalem.org\/ramallah\/#\/schema\/person\/0d606b93f4fb1eb5c713b8be3dd4c4bf"},"headline":"Concours photo \u00ab\u00a0Gaza Coronogram\u00a0\u00bb","datePublished":"2020-07-03T12:11:37+00:00","dateModified":"2020-07-10T17:41:15+00:00","mainEntityOfPage":{"@id":"https:\/\/www.institutfrancais-jerusalem.org\/ramallah\/concours-photo-gaza-coronogram\/"},"wordCount":704,"image":{"@id":"https:\/\/www.institutfrancais-jerusalem.org\/ramallah\/concours-photo-gaza-coronogram\/#primaryimage"},"thumbnailUrl":"https:\/\/www.institutfrancais-jerusalem.org\/ramallah\/wp-content\/uploads\/sites\/11\/2020\/07\/concours-photo-bandeau-scaled.jpg","keywords":["concours","gaza","j\u00e9rusalem","lockdown","photo","photography","photooftheday","picoftheday","r\u00e9silience"],"articleSection":["Agenda culturel","Arts visuels","Diaporama","GAZA"],"inLanguage":"fr-FR"},{"@type":"WebPage","@id":"https:\/\/www.institutfrancais-jerusalem.org\/ramallah\/concours-photo-gaza-coronogram\/","url":"https:\/\/www.institutfrancais-jerusalem.org\/ramallah\/concours-photo-gaza-coronogram\/","name":"Concours photo \"Gaza Coronogram\" - Institut Fran\u00e7ais de J\u00e9rusalem - Ramallah","isPartOf":{"@id":"https:\/\/www.institutfrancais-jerusalem.org\/ramallah\/#website"},"primaryImageOfPage":{"@id":"https:\/\/www.institutfrancais-jerusalem.org\/ramallah\/concours-photo-gaza-coronogram\/#primaryimage"},"image":{"@id":"https:\/\/www.institutfrancais-jerusalem.org\/ramallah\/concours-photo-gaza-coronogram\/#primaryimage"},"thumbnailUrl":"https:\/\/www.institutfrancais-jerusalem.org\/ramallah\/wp-content\/uploads\/sites\/11\/2020\/07\/concours-photo-bandeau-scaled.jpg","datePublished":"2020-07-03T12:11:37+00:00","dateModified":"2020-07-10T17:41:15+00:00","author":{"@id":"https:\/\/www.institutfrancais-jerusalem.org\/ramallah\/#\/schema\/person\/0d606b93f4fb1eb5c713b8be3dd4c4bf"},"description":"\u00c0 partir d'aujourd'hui, pendant un mois et demi, nous vous pr\u00e9sentons chaque jour les photographies des artistes pour le concours de photographie Coronogram 2020.Un vote du public se fera au mois d\u2019ao\u00fbt \u00e0 l\u2019issue des publications.","breadcrumb":{"@id":"https:\/\/www.institutfrancais-jerusalem.org\/ramallah\/concours-photo-gaza-coronogram\/#breadcrumb"},"inLanguage":"fr-FR","potentialAction":[{"@type":"ReadAction","target":["https:\/\/www.institutfrancais-jerusalem.org\/ramallah\/concours-photo-gaza-coronogram\/"]}]},{"@type":"ImageObject","inLanguage":"fr-FR","@id":"https:\/\/www.institutfrancais-jerusalem.org\/ramallah\/concours-photo-gaza-coronogram\/#primaryimage","url":"https:\/\/www.institutfrancais-jerusalem.org\/ramallah\/wp-content\/uploads\/sites\/11\/2020\/07\/concours-photo-bandeau-scaled.jpg","contentUrl":"https:\/\/www.institutfrancais-jerusalem.org\/ramallah\/wp-content\/uploads\/sites\/11\/2020\/07\/concours-photo-bandeau-scaled.jpg","width":2560,"height":1136,"caption":"Vector of hands taking photos"},{"@type":"BreadcrumbList","@id":"https:\/\/www.institutfrancais-jerusalem.org\/ramallah\/concours-photo-gaza-coronogram\/#breadcrumb","itemListElement":[{"@type":"ListItem","position":1,"name":"Accueil","item":"https:\/\/www.institutfrancais-jerusalem.org\/ramallah\/"},{"@type":"ListItem","position":2,"name":"Concours photo \u00ab\u00a0Gaza Coronogram\u00a0\u00bb"}]},{"@type":"WebSite","@id":"https:\/\/www.institutfrancais-jerusalem.org\/ramallah\/#website","url":"https:\/\/www.institutfrancais-jerusalem.org\/ramallah\/","name":"Institut Fran\u00e7ais de J\u00e9rusalem - Ramallah","description":"Ramallah","potentialAction":[{"@type":"SearchAction","target":{"@type":"EntryPoint","urlTemplate":"https:\/\/www.institutfrancais-jerusalem.org\/ramallah\/?s={search_term_string}"},"query-input":{"@type":"PropertyValueSpecification","valueRequired":true,"valueName":"search_term_string"}}],"inLanguage":"fr-FR"},{"@type":"Person","@id":"https:\/\/www.institutfrancais-jerusalem.org\/ramallah\/#\/schema\/person\/0d606b93f4fb1eb5c713b8be3dd4c4bf","name":"admin6590","image":{"@type":"ImageObject","inLanguage":"fr-FR","@id":"https:\/\/secure.gravatar.com\/avatar\/26482e0f083efa40e5c2db57a3d590897a500390cc256266e30d5da5605a03a9?s=96&d=mm&r=g","url":"https:\/\/secure.gravatar.com\/avatar\/26482e0f083efa40e5c2db57a3d590897a500390cc256266e30d5da5605a03a9?s=96&d=mm&r=g","contentUrl":"https:\/\/secure.gravatar.com\/avatar\/26482e0f083efa40e5c2db57a3d590897a500390cc256266e30d5da5605a03a9?s=96&d=mm&r=g","caption":"admin6590"},"url":"https:\/\/www.institutfrancais-jerusalem.org\/ramallah\/author\/admin6590\/"}]}},"_links":{"self":[{"href":"https:\/\/www.institutfrancais-jerusalem.org\/ramallah\/wp-json\/wp\/v2\/posts\/4939","targetHints":{"allow":["GET"]}}],"collection":[{"href":"https:\/\/www.institutfrancais-jerusalem.org\/ramallah\/wp-json\/wp\/v2\/posts"}],"about":[{"href":"https:\/\/www.institutfrancais-jerusalem.org\/ramallah\/wp-json\/wp\/v2\/types\/post"}],"author":[{"embeddable":true,"href":"https:\/\/www.institutfrancais-jerusalem.org\/ramallah\/wp-json\/wp\/v2\/users\/1"}],"replies":[{"embeddable":true,"href":"https:\/\/www.institutfrancais-jerusalem.org\/ramallah\/wp-json\/wp\/v2\/comments?post=4939"}],"version-history":[{"count":2,"href":"https:\/\/www.institutfrancais-jerusalem.org\/ramallah\/wp-json\/wp\/v2\/posts\/4939\/revisions"}],"predecessor-version":[{"id":4996,"href":"https:\/\/www.institutfrancais-jerusalem.org\/ramallah\/wp-json\/wp\/v2\/posts\/4939\/revisions\/4996"}],"wp:featuredmedia":[{"embeddable":true,"href":"https:\/\/www.institutfrancais-jerusalem.org\/ramallah\/wp-json\/wp\/v2\/media\/4966"}],"wp:attachment":[{"href":"https:\/\/www.institutfrancais-jerusalem.org\/ramallah\/wp-json\/wp\/v2\/media?parent=4939"}],"wp:term":[{"taxonomy":"category","embeddable":true,"href":"https:\/\/www.institutfrancais-jerusalem.org\/ramallah\/wp-json\/wp\/v2\/categories?post=4939"},{"taxonomy":"post_tag","embeddable":true,"href":"https:\/\/www.institutfrancais-jerusalem.org\/ramallah\/wp-json\/wp\/v2\/tags?post=4939"}],"curies":[{"name":"wp","href":"https:\/\/api.w.org\/{rel}","templated":true}]}}