{"id":4872,"date":"2020-06-12T12:28:18","date_gmt":"2020-06-12T10:28:18","guid":{"rendered":"https:\/\/www.institutfrancais-jerusalem.org\/ramallah\/?p=4872"},"modified":"2020-06-12T12:28:18","modified_gmt":"2020-06-12T10:28:18","slug":"if-cinema-a-la-carte-avec-linstitut-francais-de-jerusalem","status":"publish","type":"post","link":"https:\/\/www.institutfrancais-jerusalem.org\/ramallah\/if-cinema-a-la-carte-avec-linstitut-francais-de-jerusalem\/","title":{"rendered":"IF Cin\u00e9ma \u00e0 la carte avec l\u2019Institut fran\u00e7ais de J\u00e9rusalem"},"content":{"rendered":"<p class=\"p1\"><span class=\"s1\">L\u2019Institut fran\u00e7ais de J\u00e9rusalem continue \u00e0 accompagner vos soir\u00e9es films avec une nouvelle s\u00e9lection : longs comme courts m\u00e9trages, fictions comme documentaires, pour les petits comme pour les grands ! <\/span><\/p>\n<p class=\"p1\"><span class=\"s1\">Tous sont accessibles gratuitement et en streaming sur <a href=\"https:\/\/ifcinema.institutfrancais.com\/fr\/alacarte\">https:\/\/ifcinema.institutfrancais.com\/fr\/alacarte<\/a>. Fa\u00eetes votre s\u00e9lection et organisez votre propre projection \u00e0 la maison. Des sous-titres anglais sont disponibles pour tous les titres propos\u00e9s, ainsi que la mise \u00e0 disposition de sous-titres arabes pour certains films.<\/span><\/p>\n<p class=\"p1\"><span class=\"s1\">Une s\u00e9lection de 3 programmes pour les plus petits vous est sugg\u00e9r\u00e9e. Et chaque semaine, nous mettrons en lumi\u00e8re un film que nous souhaitons tout particuli\u00e8rement partager avec vous. <\/span><\/p>\n<p class=\"p1\"><span class=\"s1\">\u00c0 vos \u00e9crans ! <\/span><\/p>\n<h3 class=\"p1\"><span class=\"s1\">S\u00e9lection grand public<\/span><\/h3>\n<h6 class=\"p3\"><span class=\"s1\"><em>\u00ab Swagger \u00bb<\/em> d\u2019Olivier Babinet <\/span><\/h6>\n<p class=\"p5\"><span class=\"s1\">Le film nous transporte dans la t\u00eate de onze enfants et adolescents aux personnalit\u00e9s surprenantes, qui grandissent au c\u0153ur des cit\u00e9s les plus d\u00e9favoris\u00e9es de France. Le film nous montre le monde \u00e0 travers leurs regards singuliers et inattendus, leurs r\u00e9flexions dr\u00f4les et percutantes. <\/span><\/p>\n<p class=\"p5\"><span class=\"s1\"><em>Swagger<\/em> est un beau documentaire sur l&rsquo;adolescence. Sur une certaine jeunesse d&rsquo;aujourd&rsquo;hui, celle qui vit en banlieue, celle qui a <em>\u00ab le swag \u00bb<\/em> et qui, comme les autres, s&rsquo;interroge sur le monde qui l&rsquo;entoure.<\/span><\/p>\n<h4 class=\"p3\"><span class=\"s1\">Courte s\u00e9lection : Lorsque athl\u00e8te rythme avec f\u00e9minin<\/span><\/h4>\n<h6 class=\"p3\"><span class=\"s1\"><em>\u00ab Les Filles \u00bb<\/em> d\u2019Alice Douard \u2013 28 min<\/span><\/h6>\n<p class=\"p5\"><span class=\"s1\">C\u2019est l\u2019\u00e9t\u00e9. Charlotte travaille au p\u00e9age de l\u2019autoroute du sud et s\u2019entra\u00eene pour le match de foot amateur qu\u2019organise sa s\u0153ur Nath.<\/span><\/p>\n<p class=\"p5\"><span class=\"s1\">Deux soeurs qui, bien que rivales, cherchent chacune l\u2019estime de l\u2019autre par la bravoure. Sol\u00e8ne Rigot d\u00e9ploie son jeu de jeune actrice en pr\u00eatant au personnage principal sa bouille de clown triste, sa sensualit\u00e9 juv\u00e9nile et sa t\u00e9nacit\u00e9 d\u2019ent\u00eat\u00e9e.<\/span><\/p>\n<h6 class=\"p3\"><span class=\"s1\"><em>\u00ab Dunk \u00bb<\/em> de Sophie Martin \u2013 25 min<\/span><\/h6>\n<p class=\"p5\"><span class=\"s1\">Jully, quatorze ans, adolescente au caract\u00e8re bien tremp\u00e9 et leader de l\u2019\u00e9quipe de basket de sa ville, est frapp\u00e9e par le tragique accident de voiture avec ses parents. Du jour au lendemain, elle est plac\u00e9e en foyer avec sa petite s\u0153ur Charlie. Jully, pr\u00e9f\u00e9rant dissimuler la v\u00e9rit\u00e9 \u00e0 ses amis, va devoir apprendre \u00e0 s\u2019int\u00e9grer et \u00e0 d\u00e9passer sa col\u00e8re et sa tristesse. Le basket sera plus que jamais la clef de son adaptation qui semble pourtant impossible. <\/span><\/p>\n<p class=\"p5\"><span class=\"s1\">Au service d\u2019une histoire de vie, d\u2019amiti\u00e9 et de force, le film s\u2019attache \u00e0 parler avant tout de l\u2019unit\u00e9 et de la puissance du groupe. Sans jamais tomber dans un pathos trop convenu, Dunk, en plus de poss\u00e9der une tr\u00e8s belle image, porte en lui un v\u00e9ritable message d\u2019espoir, de solidarit\u00e9 et d\u2019optimisme.<\/span><\/p>\n<h6 class=\"p3\"><span class=\"s1\"><em>\u00ab L\u2019Effet aquatique \u00bb<\/em> de Solveig Anspach &amp; Jean-Luc Gaget<\/span><\/h6>\n<p class=\"p5\"><span class=\"s1\">Samir, la quarantaine d\u00e9gingand\u00e9e, grutier \u00e0 Montreuil, tombe raide dingue d\u2019Agathe. Comme elle est ma\u00eetre-nageuse \u00e0 la piscine Maurice Thorez, il d\u00e9cide, pour s\u2019en approcher, de prendre des le\u00e7ons de natation avec elle, alors qu\u2019il sait parfaitement nager. Mais son mensonge ne tient pas trois le\u00e7ons &#8211; or Agathe d\u00e9teste les menteurs ! Choisie pour repr\u00e9senter la Seine-Saint-Denis, Agathe s\u2019envole pour l\u2019Islande o\u00f9 se tient le 10\u00e8me Congr\u00e8s International des ma\u00eetres-nageurs. Morsure d\u2019amour oblige, Samir n\u2019a d\u2019autre choix que de s\u2019envoler \u00e0 son tour&#8230; <\/span><\/p>\n<p class=\"p5\"><span class=\"s1\">Com\u00e9die romantique en milieu flottant, le film file avec malice toutes les m\u00e9taphores de l&rsquo;amour : se jeter \u00e0 l&rsquo;eau, perdre pied ou se laisser enfin porter\u2026 Irr\u00e9sistiblement dr\u00f4le, L\u2019Effet aquatique est un festival de loufoquerie r\u00eaveuse\u00a0! <\/span><\/p>\n<h4 class=\"p3\"><span class=\"s1\">Courte s\u00e9lection : S\u2019\u00e9chapper de son quotidien et de sa condition par le sport<\/span><\/h4>\n<h6 class=\"p8\"><span class=\"s1\"><em>\u00ab Le Skate moderne \u00bb<\/em> d\u2019Antoine Besse \u2013 7 min<\/span><\/h6>\n<p class=\"p9\"><span class=\"s1\">Le film nous pr\u00e9sente un groupe de skateurs qui n\u2019h\u00e9site pas \u00e0 mettre leurs boards dans la boue et rouler sur un environnement insolite et atypique, celui de nos campagnes. Entre fiction et documentaire, la vid\u00e9o suit de mani\u00e8re contemplative une bande de skaters fermiers dans les coins les plus recul\u00e9s de la Dordogne.<\/span><\/p>\n<p class=\"p5\"><span class=\"s1\">Un travail de mise en sc\u00e8ne \u00e9tonnant\u00a0: entre ballet de skateurs et regards face cam\u00e9ra. Un film d\u2019un grand lyrisme sur une pratique et un milieu qui n\u2019\u00e9voque pas habituellement la d\u00e9licatesse. En deux mots\u00a0: Terrence Malick rencontre Larry Clark.<\/span><\/p>\n<h6 class=\"p8\"><span class=\"s1\"><em>\u00ab 9.58 \u00bb<\/em> de Louis Aubert \u2013 16 min<\/span><\/h6>\n<p class=\"p9\"><span class=\"s1\">Djal a seize ans. Comme son idole Usain Bolt, il r\u00eave de courir.<\/span><\/p>\n<p class=\"p9\"><span class=\"s1\">Un personnage tout en zones d\u2019ombre, aussi obstin\u00e9 que d\u00e9termin\u00e9, que rien ne fera plier. Une vraie le\u00e7on d\u2019optimisme\u00a0!\u00a0<\/span><\/p>\n<h3 class=\"p1\"><span class=\"s1\">S\u00e9lection jeunesse<\/span><\/h3>\n<h6 class=\"p3\"><span class=\"s1\"><em>\u00ab La Jeune fille sans mains \u00bb<\/em> de S\u00e9bastien Laudenbach<\/span><\/h6>\n<p class=\"p5\"><span class=\"s1\">En des temps difficiles, un meunier vend sa fille au Diable. Prot\u00e9g\u00e9e par sa puret\u00e9, elle lui \u00e9chappe mais est priv\u00e9e de ses mains. Cheminant loin de sa famille, elle rencontre la d\u00e9esse de l<\/span><span class=\"s2\">\u2019<\/span><span class=\"s1\">eau, un doux jardinier et le prince en son ch\u00e2teau. Un long p\u00e9riple vers la lumi\u00e8re.<\/span><\/p>\n<p class=\"p5\"><span class=\"s1\">Toute la splendeur de la peinture anim\u00e9e dans un film lumineux et fascinant \u00e0 destination des petits comme des grands ! <\/span><\/p>\n<h6 class=\"p3\"><span class=\"s1\"><em>\u00ab Le Tableau \u00bb<\/em> de Jean-Fran\u00e7ois Laguionie<\/span><\/h6>\n<p class=\"p5\"><span class=\"s1\">Dans un tableau inachev\u00e9, vivent trois sortes de personnages que le Peintre a plus ou moins \u00ab finis \u00bb. S<\/span><span class=\"s2\">\u2019<\/span><span class=\"s1\">estimant sup\u00e9rieurs, les \u00ab tout-peints \u00bb prennent le pouvoir. Persuad\u00e9s que seul leur cr\u00e9ateur peut ramener l<\/span><span class=\"s2\">\u2019<\/span><span class=\"s1\">harmonie, Ramo, Lola et Plume r\u00e9ussissent \u00e0 quitter le tableau pour partir \u00e0 sa recherche\u2026<\/span><\/p>\n<p class=\"p5\"><span class=\"s1\">Une invention graphique constante dans la tradition de l<\/span><span class=\"s2\">\u2019<\/span><span class=\"s1\">animation 2D. Un r\u00e9cit \u00e0 la fois onirique et captivant. <\/span><\/p>\n<p class=\"p5\"><span class=\"s3\">Des courts m\u00e9trages pour les tout-petits \u00e0 d\u00e9couvrir en famille<\/span><\/p>\n<h4 class=\"p3\"><span class=\"s1\">Programme 1<\/span><\/h4>\n<h6 class=\"p3\"><span class=\"s1\"><em>\u00ab Le V\u00e9lo de l\u2019\u00e9l\u00e9phant \u00bb<\/em> de Olesya Shchukina &#8211; 9 min<\/span><\/h6>\n<p class=\"p5\"><span class=\"s1\">Un \u00e9l\u00e9phant habite en ville parmi les gens normaux et travaille comme balayeur. Un jour, il voit un panneau d<\/span><span class=\"s2\">\u2019<\/span><span class=\"s1\">affichage \u00e9norme qui fait la publicit\u00e9 d<\/span><span class=\"s2\">\u2019<\/span><span class=\"s1\">un v\u00e9lo, avec l<\/span><span class=\"s2\">\u2019<\/span><span class=\"s1\">air d\u2019\u00eatre parfaitement \u00e0 sa taille. A partir de cette minute, la vie de l\u2019\u00e9l\u00e9phant change : il doit \u00e0 tout prix obtenir ce v\u00e9lo !<\/span><\/p>\n<h6 class=\"p3\"><span class=\"s1\"><em>\u00ab La Cage \u00bb<\/em> de Lo\u00efc Bruy\u00e8re &#8211; 6 min<\/span><\/h6>\n<p class=\"p5\"><span class=\"s1\">C<\/span><span class=\"s2\">\u2019<\/span><span class=\"s1\">est la rencontre entre un ours prisonnier de sa cage et qui ne sait pas chanter, et un petit oiseau qui ne sait pas voler, mais qui chante tr\u00e8s bien. Chacun va s&rsquo;enrichir de l<\/span><span class=\"s2\">\u2019<\/span><span class=\"s1\">amiti\u00e9 de l&rsquo;autre et surmonter ses difficult\u00e9s.<\/span><\/p>\n<h4 class=\"p3\"><span class=\"s1\">Programme 2<\/span><\/h4>\n<h6 class=\"p3\"><span class=\"s1\"><em>\u00ab Malika et la sorci\u00e8re \u00bb<\/em> de Nabaloum Boureima &#8211; 15 min<\/span><\/h6>\n<p class=\"p5\"><span class=\"s1\">Papa Nzeu est persuad\u00e9 que l&rsquo;on a toujours besoin d&rsquo;un plus petit que soi. Pour le d\u00e9montrer, il se lance dans un r\u00e9cit fantastique : dans une sombre for\u00eat, une sorci\u00e8re kidnappe un groupe de femmes, ainsi qu&rsquo;une petite fille, Malika. Va-t-elle r\u00e9ussir \u00e0 les tirer de l\u00e0 ?<\/span><\/p>\n","protected":false},"excerpt":{"rendered":"<p>L\u2019Institut fran\u00e7ais de J\u00e9rusalem continue \u00e0 accompagner vos soir\u00e9es films avec une nouvelle s\u00e9lection : longs comme courts m\u00e9trages, fictions comme documentaires, pour les petits comme pour les grands ! Tous sont accessibles gratuitement et en streaming sur https:\/\/ifcinema.institutfrancais.com\/fr\/alacarte. Fa\u00eetes votre s\u00e9lection et organisez votre propre projection \u00e0 la maison. Des sous-titres anglais sont disponibles &hellip;<\/p>\n","protected":false},"author":1,"featured_media":4873,"comment_status":"closed","ping_status":"closed","sticky":false,"template":"","format":"standard","meta":{"footnotes":""},"categories":[2,3,26,7,28,25],"tags":[68,272,13,90,130,128,48,81,129,244,278],"class_list":["post-4872","post","type-post","status-publish","format-standard","has-post-thumbnail","","category-agenda-culturel","category-arts-visuels","category-agenda-culturel-chateaubriand","category-diaporama","category-gaza","category-ramallah","tag-art","tag-audiovisuel","tag-cinema","tag-cooperation","tag-court-metrage","tag-film","tag-institut-francais","tag-jerusalem","tag-long-metrage","tag-selection","tag-visuel"],"yoast_head":"<!-- This site is optimized with the Yoast SEO plugin v27.5 - https:\/\/yoast.com\/product\/yoast-seo-wordpress\/ -->\n<title>IF Cin\u00e9ma \u00e0 la carte avec l\u2019Institut fran\u00e7ais de J\u00e9rusalem - Institut Fran\u00e7ais de J\u00e9rusalem - Ramallah<\/title>\n<meta name=\"description\" content=\"L\u2019Institut fran\u00e7ais de J\u00e9rusalem continue \u00e0 accompagner vos soir\u00e9es films avec une nouvelle s\u00e9lection : longs comme courts m\u00e9trages, fictions comme documentaires, pour les petits comme pour les grands !\" \/>\n<meta name=\"robots\" content=\"index, follow, max-snippet:-1, max-image-preview:large, max-video-preview:-1\" \/>\n<link rel=\"canonical\" href=\"https:\/\/www.institutfrancais-jerusalem.org\/ramallah\/if-cinema-a-la-carte-avec-linstitut-francais-de-jerusalem\/\" \/>\n<meta property=\"og:locale\" content=\"fr_FR\" \/>\n<meta property=\"og:type\" content=\"article\" \/>\n<meta property=\"og:title\" content=\"IF Cin\u00e9ma \u00e0 la carte avec l\u2019Institut fran\u00e7ais de J\u00e9rusalem - Institut Fran\u00e7ais de J\u00e9rusalem - Ramallah\" \/>\n<meta property=\"og:description\" content=\"L\u2019Institut fran\u00e7ais de J\u00e9rusalem continue \u00e0 accompagner vos soir\u00e9es films avec une nouvelle s\u00e9lection : longs comme courts m\u00e9trages, fictions comme documentaires, pour les petits comme pour les grands !\" \/>\n<meta property=\"og:url\" content=\"https:\/\/www.institutfrancais-jerusalem.org\/ramallah\/if-cinema-a-la-carte-avec-linstitut-francais-de-jerusalem\/\" \/>\n<meta property=\"og:site_name\" content=\"Institut Fran\u00e7ais de J\u00e9rusalem - Ramallah\" \/>\n<meta property=\"article:published_time\" content=\"2020-06-12T10:28:18+00:00\" \/>\n<meta property=\"og:image\" content=\"https:\/\/www.institutfrancais-jerusalem.org\/ramallah\/wp-content\/uploads\/sites\/11\/2020\/06\/lancement-IFCinema-FB-851x315-1.jpg\" \/>\n\t<meta property=\"og:image:width\" content=\"852\" \/>\n\t<meta property=\"og:image:height\" content=\"316\" \/>\n\t<meta property=\"og:image:type\" content=\"image\/jpeg\" \/>\n<meta name=\"author\" content=\"admin6590\" \/>\n<meta name=\"twitter:card\" content=\"summary_large_image\" \/>\n<meta name=\"twitter:label1\" content=\"\u00c9crit par\" \/>\n\t<meta name=\"twitter:data1\" content=\"admin6590\" \/>\n\t<meta name=\"twitter:label2\" content=\"Dur\u00e9e de lecture estim\u00e9e\" \/>\n\t<meta name=\"twitter:data2\" content=\"6 minutes\" \/>\n<script type=\"application\/ld+json\" class=\"yoast-schema-graph\">{\"@context\":\"https:\\\/\\\/schema.org\",\"@graph\":[{\"@type\":\"Article\",\"@id\":\"https:\\\/\\\/www.institutfrancais-jerusalem.org\\\/ramallah\\\/if-cinema-a-la-carte-avec-linstitut-francais-de-jerusalem\\\/#article\",\"isPartOf\":{\"@id\":\"https:\\\/\\\/www.institutfrancais-jerusalem.org\\\/ramallah\\\/if-cinema-a-la-carte-avec-linstitut-francais-de-jerusalem\\\/\"},\"author\":{\"name\":\"admin6590\",\"@id\":\"https:\\\/\\\/www.institutfrancais-jerusalem.org\\\/ramallah\\\/#\\\/schema\\\/person\\\/0d606b93f4fb1eb5c713b8be3dd4c4bf\"},\"headline\":\"IF Cin\u00e9ma \u00e0 la carte avec l\u2019Institut fran\u00e7ais de J\u00e9rusalem\",\"datePublished\":\"2020-06-12T10:28:18+00:00\",\"mainEntityOfPage\":{\"@id\":\"https:\\\/\\\/www.institutfrancais-jerusalem.org\\\/ramallah\\\/if-cinema-a-la-carte-avec-linstitut-francais-de-jerusalem\\\/\"},\"wordCount\":1161,\"image\":{\"@id\":\"https:\\\/\\\/www.institutfrancais-jerusalem.org\\\/ramallah\\\/if-cinema-a-la-carte-avec-linstitut-francais-de-jerusalem\\\/#primaryimage\"},\"thumbnailUrl\":\"https:\\\/\\\/www.institutfrancais-jerusalem.org\\\/ramallah\\\/wp-content\\\/uploads\\\/sites\\\/11\\\/2020\\\/06\\\/lancement-IFCinema-FB-851x315-1.jpg\",\"keywords\":[\"art\",\"audiovisuel\",\"Cin\u00e9ma\",\"coop\u00e9ration\",\"court m\u00e9trage\",\"film\",\"Institut fran\u00e7ais\",\"j\u00e9rusalem\",\"long m\u00e9trage\",\"s\u00e9lection\",\"visuel\"],\"articleSection\":[\"Agenda culturel\",\"Arts visuels\",\"CHATEAUBRIAND\",\"Diaporama\",\"GAZA\",\"RAMALLAH\"],\"inLanguage\":\"fr-FR\"},{\"@type\":\"WebPage\",\"@id\":\"https:\\\/\\\/www.institutfrancais-jerusalem.org\\\/ramallah\\\/if-cinema-a-la-carte-avec-linstitut-francais-de-jerusalem\\\/\",\"url\":\"https:\\\/\\\/www.institutfrancais-jerusalem.org\\\/ramallah\\\/if-cinema-a-la-carte-avec-linstitut-francais-de-jerusalem\\\/\",\"name\":\"IF Cin\u00e9ma \u00e0 la carte avec l\u2019Institut fran\u00e7ais de J\u00e9rusalem - Institut Fran\u00e7ais de J\u00e9rusalem - Ramallah\",\"isPartOf\":{\"@id\":\"https:\\\/\\\/www.institutfrancais-jerusalem.org\\\/ramallah\\\/#website\"},\"primaryImageOfPage\":{\"@id\":\"https:\\\/\\\/www.institutfrancais-jerusalem.org\\\/ramallah\\\/if-cinema-a-la-carte-avec-linstitut-francais-de-jerusalem\\\/#primaryimage\"},\"image\":{\"@id\":\"https:\\\/\\\/www.institutfrancais-jerusalem.org\\\/ramallah\\\/if-cinema-a-la-carte-avec-linstitut-francais-de-jerusalem\\\/#primaryimage\"},\"thumbnailUrl\":\"https:\\\/\\\/www.institutfrancais-jerusalem.org\\\/ramallah\\\/wp-content\\\/uploads\\\/sites\\\/11\\\/2020\\\/06\\\/lancement-IFCinema-FB-851x315-1.jpg\",\"datePublished\":\"2020-06-12T10:28:18+00:00\",\"author\":{\"@id\":\"https:\\\/\\\/www.institutfrancais-jerusalem.org\\\/ramallah\\\/#\\\/schema\\\/person\\\/0d606b93f4fb1eb5c713b8be3dd4c4bf\"},\"description\":\"L\u2019Institut fran\u00e7ais de J\u00e9rusalem continue \u00e0 accompagner vos soir\u00e9es films avec une nouvelle s\u00e9lection : longs comme courts m\u00e9trages, fictions comme documentaires, pour les petits comme pour les grands !\",\"breadcrumb\":{\"@id\":\"https:\\\/\\\/www.institutfrancais-jerusalem.org\\\/ramallah\\\/if-cinema-a-la-carte-avec-linstitut-francais-de-jerusalem\\\/#breadcrumb\"},\"inLanguage\":\"fr-FR\",\"potentialAction\":[{\"@type\":\"ReadAction\",\"target\":[\"https:\\\/\\\/www.institutfrancais-jerusalem.org\\\/ramallah\\\/if-cinema-a-la-carte-avec-linstitut-francais-de-jerusalem\\\/\"]}]},{\"@type\":\"ImageObject\",\"inLanguage\":\"fr-FR\",\"@id\":\"https:\\\/\\\/www.institutfrancais-jerusalem.org\\\/ramallah\\\/if-cinema-a-la-carte-avec-linstitut-francais-de-jerusalem\\\/#primaryimage\",\"url\":\"https:\\\/\\\/www.institutfrancais-jerusalem.org\\\/ramallah\\\/wp-content\\\/uploads\\\/sites\\\/11\\\/2020\\\/06\\\/lancement-IFCinema-FB-851x315-1.jpg\",\"contentUrl\":\"https:\\\/\\\/www.institutfrancais-jerusalem.org\\\/ramallah\\\/wp-content\\\/uploads\\\/sites\\\/11\\\/2020\\\/06\\\/lancement-IFCinema-FB-851x315-1.jpg\",\"width\":852,\"height\":316},{\"@type\":\"BreadcrumbList\",\"@id\":\"https:\\\/\\\/www.institutfrancais-jerusalem.org\\\/ramallah\\\/if-cinema-a-la-carte-avec-linstitut-francais-de-jerusalem\\\/#breadcrumb\",\"itemListElement\":[{\"@type\":\"ListItem\",\"position\":1,\"name\":\"Accueil\",\"item\":\"https:\\\/\\\/www.institutfrancais-jerusalem.org\\\/ramallah\\\/\"},{\"@type\":\"ListItem\",\"position\":2,\"name\":\"IF Cin\u00e9ma \u00e0 la carte avec l\u2019Institut fran\u00e7ais de J\u00e9rusalem\"}]},{\"@type\":\"WebSite\",\"@id\":\"https:\\\/\\\/www.institutfrancais-jerusalem.org\\\/ramallah\\\/#website\",\"url\":\"https:\\\/\\\/www.institutfrancais-jerusalem.org\\\/ramallah\\\/\",\"name\":\"Institut Fran\u00e7ais de J\u00e9rusalem - Ramallah\",\"description\":\"Ramallah\",\"potentialAction\":[{\"@type\":\"SearchAction\",\"target\":{\"@type\":\"EntryPoint\",\"urlTemplate\":\"https:\\\/\\\/www.institutfrancais-jerusalem.org\\\/ramallah\\\/?s={search_term_string}\"},\"query-input\":{\"@type\":\"PropertyValueSpecification\",\"valueRequired\":true,\"valueName\":\"search_term_string\"}}],\"inLanguage\":\"fr-FR\"},{\"@type\":\"Person\",\"@id\":\"https:\\\/\\\/www.institutfrancais-jerusalem.org\\\/ramallah\\\/#\\\/schema\\\/person\\\/0d606b93f4fb1eb5c713b8be3dd4c4bf\",\"name\":\"admin6590\",\"image\":{\"@type\":\"ImageObject\",\"inLanguage\":\"fr-FR\",\"@id\":\"https:\\\/\\\/secure.gravatar.com\\\/avatar\\\/26482e0f083efa40e5c2db57a3d590897a500390cc256266e30d5da5605a03a9?s=96&d=mm&r=g\",\"url\":\"https:\\\/\\\/secure.gravatar.com\\\/avatar\\\/26482e0f083efa40e5c2db57a3d590897a500390cc256266e30d5da5605a03a9?s=96&d=mm&r=g\",\"contentUrl\":\"https:\\\/\\\/secure.gravatar.com\\\/avatar\\\/26482e0f083efa40e5c2db57a3d590897a500390cc256266e30d5da5605a03a9?s=96&d=mm&r=g\",\"caption\":\"admin6590\"},\"url\":\"https:\\\/\\\/www.institutfrancais-jerusalem.org\\\/ramallah\\\/author\\\/admin6590\\\/\"}]}<\/script>\n<!-- \/ Yoast SEO plugin. -->","yoast_head_json":{"title":"IF Cin\u00e9ma \u00e0 la carte avec l\u2019Institut fran\u00e7ais de J\u00e9rusalem - Institut Fran\u00e7ais de J\u00e9rusalem - Ramallah","description":"L\u2019Institut fran\u00e7ais de J\u00e9rusalem continue \u00e0 accompagner vos soir\u00e9es films avec une nouvelle s\u00e9lection : longs comme courts m\u00e9trages, fictions comme documentaires, pour les petits comme pour les grands !","robots":{"index":"index","follow":"follow","max-snippet":"max-snippet:-1","max-image-preview":"max-image-preview:large","max-video-preview":"max-video-preview:-1"},"canonical":"https:\/\/www.institutfrancais-jerusalem.org\/ramallah\/if-cinema-a-la-carte-avec-linstitut-francais-de-jerusalem\/","og_locale":"fr_FR","og_type":"article","og_title":"IF Cin\u00e9ma \u00e0 la carte avec l\u2019Institut fran\u00e7ais de J\u00e9rusalem - Institut Fran\u00e7ais de J\u00e9rusalem - Ramallah","og_description":"L\u2019Institut fran\u00e7ais de J\u00e9rusalem continue \u00e0 accompagner vos soir\u00e9es films avec une nouvelle s\u00e9lection : longs comme courts m\u00e9trages, fictions comme documentaires, pour les petits comme pour les grands !","og_url":"https:\/\/www.institutfrancais-jerusalem.org\/ramallah\/if-cinema-a-la-carte-avec-linstitut-francais-de-jerusalem\/","og_site_name":"Institut Fran\u00e7ais de J\u00e9rusalem - Ramallah","article_published_time":"2020-06-12T10:28:18+00:00","og_image":[{"width":852,"height":316,"url":"https:\/\/www.institutfrancais-jerusalem.org\/ramallah\/wp-content\/uploads\/sites\/11\/2020\/06\/lancement-IFCinema-FB-851x315-1.jpg","type":"image\/jpeg"}],"author":"admin6590","twitter_card":"summary_large_image","twitter_misc":{"\u00c9crit par":"admin6590","Dur\u00e9e de lecture estim\u00e9e":"6 minutes"},"schema":{"@context":"https:\/\/schema.org","@graph":[{"@type":"Article","@id":"https:\/\/www.institutfrancais-jerusalem.org\/ramallah\/if-cinema-a-la-carte-avec-linstitut-francais-de-jerusalem\/#article","isPartOf":{"@id":"https:\/\/www.institutfrancais-jerusalem.org\/ramallah\/if-cinema-a-la-carte-avec-linstitut-francais-de-jerusalem\/"},"author":{"name":"admin6590","@id":"https:\/\/www.institutfrancais-jerusalem.org\/ramallah\/#\/schema\/person\/0d606b93f4fb1eb5c713b8be3dd4c4bf"},"headline":"IF Cin\u00e9ma \u00e0 la carte avec l\u2019Institut fran\u00e7ais de J\u00e9rusalem","datePublished":"2020-06-12T10:28:18+00:00","mainEntityOfPage":{"@id":"https:\/\/www.institutfrancais-jerusalem.org\/ramallah\/if-cinema-a-la-carte-avec-linstitut-francais-de-jerusalem\/"},"wordCount":1161,"image":{"@id":"https:\/\/www.institutfrancais-jerusalem.org\/ramallah\/if-cinema-a-la-carte-avec-linstitut-francais-de-jerusalem\/#primaryimage"},"thumbnailUrl":"https:\/\/www.institutfrancais-jerusalem.org\/ramallah\/wp-content\/uploads\/sites\/11\/2020\/06\/lancement-IFCinema-FB-851x315-1.jpg","keywords":["art","audiovisuel","Cin\u00e9ma","coop\u00e9ration","court m\u00e9trage","film","Institut fran\u00e7ais","j\u00e9rusalem","long m\u00e9trage","s\u00e9lection","visuel"],"articleSection":["Agenda culturel","Arts visuels","CHATEAUBRIAND","Diaporama","GAZA","RAMALLAH"],"inLanguage":"fr-FR"},{"@type":"WebPage","@id":"https:\/\/www.institutfrancais-jerusalem.org\/ramallah\/if-cinema-a-la-carte-avec-linstitut-francais-de-jerusalem\/","url":"https:\/\/www.institutfrancais-jerusalem.org\/ramallah\/if-cinema-a-la-carte-avec-linstitut-francais-de-jerusalem\/","name":"IF Cin\u00e9ma \u00e0 la carte avec l\u2019Institut fran\u00e7ais de J\u00e9rusalem - Institut Fran\u00e7ais de J\u00e9rusalem - Ramallah","isPartOf":{"@id":"https:\/\/www.institutfrancais-jerusalem.org\/ramallah\/#website"},"primaryImageOfPage":{"@id":"https:\/\/www.institutfrancais-jerusalem.org\/ramallah\/if-cinema-a-la-carte-avec-linstitut-francais-de-jerusalem\/#primaryimage"},"image":{"@id":"https:\/\/www.institutfrancais-jerusalem.org\/ramallah\/if-cinema-a-la-carte-avec-linstitut-francais-de-jerusalem\/#primaryimage"},"thumbnailUrl":"https:\/\/www.institutfrancais-jerusalem.org\/ramallah\/wp-content\/uploads\/sites\/11\/2020\/06\/lancement-IFCinema-FB-851x315-1.jpg","datePublished":"2020-06-12T10:28:18+00:00","author":{"@id":"https:\/\/www.institutfrancais-jerusalem.org\/ramallah\/#\/schema\/person\/0d606b93f4fb1eb5c713b8be3dd4c4bf"},"description":"L\u2019Institut fran\u00e7ais de J\u00e9rusalem continue \u00e0 accompagner vos soir\u00e9es films avec une nouvelle s\u00e9lection : longs comme courts m\u00e9trages, fictions comme documentaires, pour les petits comme pour les grands !","breadcrumb":{"@id":"https:\/\/www.institutfrancais-jerusalem.org\/ramallah\/if-cinema-a-la-carte-avec-linstitut-francais-de-jerusalem\/#breadcrumb"},"inLanguage":"fr-FR","potentialAction":[{"@type":"ReadAction","target":["https:\/\/www.institutfrancais-jerusalem.org\/ramallah\/if-cinema-a-la-carte-avec-linstitut-francais-de-jerusalem\/"]}]},{"@type":"ImageObject","inLanguage":"fr-FR","@id":"https:\/\/www.institutfrancais-jerusalem.org\/ramallah\/if-cinema-a-la-carte-avec-linstitut-francais-de-jerusalem\/#primaryimage","url":"https:\/\/www.institutfrancais-jerusalem.org\/ramallah\/wp-content\/uploads\/sites\/11\/2020\/06\/lancement-IFCinema-FB-851x315-1.jpg","contentUrl":"https:\/\/www.institutfrancais-jerusalem.org\/ramallah\/wp-content\/uploads\/sites\/11\/2020\/06\/lancement-IFCinema-FB-851x315-1.jpg","width":852,"height":316},{"@type":"BreadcrumbList","@id":"https:\/\/www.institutfrancais-jerusalem.org\/ramallah\/if-cinema-a-la-carte-avec-linstitut-francais-de-jerusalem\/#breadcrumb","itemListElement":[{"@type":"ListItem","position":1,"name":"Accueil","item":"https:\/\/www.institutfrancais-jerusalem.org\/ramallah\/"},{"@type":"ListItem","position":2,"name":"IF Cin\u00e9ma \u00e0 la carte avec l\u2019Institut fran\u00e7ais de J\u00e9rusalem"}]},{"@type":"WebSite","@id":"https:\/\/www.institutfrancais-jerusalem.org\/ramallah\/#website","url":"https:\/\/www.institutfrancais-jerusalem.org\/ramallah\/","name":"Institut Fran\u00e7ais de J\u00e9rusalem - Ramallah","description":"Ramallah","potentialAction":[{"@type":"SearchAction","target":{"@type":"EntryPoint","urlTemplate":"https:\/\/www.institutfrancais-jerusalem.org\/ramallah\/?s={search_term_string}"},"query-input":{"@type":"PropertyValueSpecification","valueRequired":true,"valueName":"search_term_string"}}],"inLanguage":"fr-FR"},{"@type":"Person","@id":"https:\/\/www.institutfrancais-jerusalem.org\/ramallah\/#\/schema\/person\/0d606b93f4fb1eb5c713b8be3dd4c4bf","name":"admin6590","image":{"@type":"ImageObject","inLanguage":"fr-FR","@id":"https:\/\/secure.gravatar.com\/avatar\/26482e0f083efa40e5c2db57a3d590897a500390cc256266e30d5da5605a03a9?s=96&d=mm&r=g","url":"https:\/\/secure.gravatar.com\/avatar\/26482e0f083efa40e5c2db57a3d590897a500390cc256266e30d5da5605a03a9?s=96&d=mm&r=g","contentUrl":"https:\/\/secure.gravatar.com\/avatar\/26482e0f083efa40e5c2db57a3d590897a500390cc256266e30d5da5605a03a9?s=96&d=mm&r=g","caption":"admin6590"},"url":"https:\/\/www.institutfrancais-jerusalem.org\/ramallah\/author\/admin6590\/"}]}},"_links":{"self":[{"href":"https:\/\/www.institutfrancais-jerusalem.org\/ramallah\/wp-json\/wp\/v2\/posts\/4872","targetHints":{"allow":["GET"]}}],"collection":[{"href":"https:\/\/www.institutfrancais-jerusalem.org\/ramallah\/wp-json\/wp\/v2\/posts"}],"about":[{"href":"https:\/\/www.institutfrancais-jerusalem.org\/ramallah\/wp-json\/wp\/v2\/types\/post"}],"author":[{"embeddable":true,"href":"https:\/\/www.institutfrancais-jerusalem.org\/ramallah\/wp-json\/wp\/v2\/users\/1"}],"replies":[{"embeddable":true,"href":"https:\/\/www.institutfrancais-jerusalem.org\/ramallah\/wp-json\/wp\/v2\/comments?post=4872"}],"version-history":[{"count":1,"href":"https:\/\/www.institutfrancais-jerusalem.org\/ramallah\/wp-json\/wp\/v2\/posts\/4872\/revisions"}],"predecessor-version":[{"id":4875,"href":"https:\/\/www.institutfrancais-jerusalem.org\/ramallah\/wp-json\/wp\/v2\/posts\/4872\/revisions\/4875"}],"wp:featuredmedia":[{"embeddable":true,"href":"https:\/\/www.institutfrancais-jerusalem.org\/ramallah\/wp-json\/wp\/v2\/media\/4873"}],"wp:attachment":[{"href":"https:\/\/www.institutfrancais-jerusalem.org\/ramallah\/wp-json\/wp\/v2\/media?parent=4872"}],"wp:term":[{"taxonomy":"category","embeddable":true,"href":"https:\/\/www.institutfrancais-jerusalem.org\/ramallah\/wp-json\/wp\/v2\/categories?post=4872"},{"taxonomy":"post_tag","embeddable":true,"href":"https:\/\/www.institutfrancais-jerusalem.org\/ramallah\/wp-json\/wp\/v2\/tags?post=4872"}],"curies":[{"name":"wp","href":"https:\/\/api.w.org\/{rel}","templated":true}]}}