{"id":4807,"date":"2020-06-20T15:50:38","date_gmt":"2020-06-20T13:50:38","guid":{"rendered":"https:\/\/www.institutfrancais-jerusalem.org\/ramallah\/?p=4807"},"modified":"2020-06-25T12:07:13","modified_gmt":"2020-06-25T10:07:13","slug":"epidemic-diary","status":"publish","type":"post","link":"https:\/\/www.institutfrancais-jerusalem.org\/ramallah\/epidemic-diary\/","title":{"rendered":"Epidemic diary"},"content":{"rendered":"<h6>French below<\/h6>\n<p class=\"p1\"><span class=\"s1\">We are living in an exceptional period which questions our humanity. We think first of those who suffer from the situation, in their health, through the loss of their income, of those who are separated from their families, those who are confined in difficult conditions.<\/span><\/p>\n<p class=\"p1\"><span class=\"s1\">It is also a period of reflection that requires looking at our society, at what is important to us. On the way we face an unprecedented threat that affects not only us but all of humanity in a world where the other is always closer, where the other is both an ally and a threat.<\/span><\/p>\n<p class=\"p1\"><span class=\"s1\">In this period, we need artists and intellectuals to give us a sensitive vision of reality and help us to think differently to go beyond our daily impressions and give us height.<\/span><\/p>\n<p class=\"p1\"><span class=\"s1\">It is all the more important in our current daily life, where we all fight against an upheaval of our habits, immobility, confinement, a collective life or on the contrary an isolated life, sometimes the need to maintain a professional activity in an external environment which seems hostile to us.<\/span><\/p>\n<p class=\"p1\"><span class=\"s1\">How do artists do? How are they handling the situation? How do they analyze it and try to overcome it?<\/span><\/p>\n<p class=\"p1\"><span class=\"s1\">The project offers artists to keep an \u00ab\u00a0Epidemic Diary\u00a0\u00bb that will build an intimate and at the same time \u201cuniversal\u201d map of Palestine. The \u00ab\u00a0Epidemic Diary\u00a0\u00bb will take stock, once a week, of their life and their vision of things for the next 6 weeks.<\/span><\/p>\n<p class=\"p1\"><span class=\"s1\">A project proposed by the French institute in Jerusalem, in partnership with Khalil Sakakini Cultural Center, El Hakawati theatre, Sareyyet Ramallah and Shababek collective in Gaza.<\/span><\/p>\n<h3>The artists<\/h3>\n<figure id=\"attachment_5875\" aria-describedby=\"caption-attachment-5875\" style=\"width: 150px\" class=\"wp-caption alignleft\"><a href=\"\/?p=5794\" target=\"_blank\" rel=\"noopener noreferrer\"><img loading=\"lazy\" decoding=\"async\" class=\"wp-image-5875 size-thumbnail\" src=\"https:\/\/www.institutfrancais-jerusalem.org\/wp-content\/uploads\/2020\/05\/1-Ali-Abu-Yaseen-150x150.jpg\" alt=\"\" width=\"150\" height=\"150\" \/><\/a><figcaption id=\"caption-attachment-5875\" class=\"wp-caption-text\">Ali Abu Yaseen<\/figcaption><\/figure>\n<figure id=\"attachment_5777\" aria-describedby=\"caption-attachment-5777\" style=\"width: 150px\" class=\"wp-caption alignleft\"><a href=\"\/?p=5797\" target=\"_blank\" rel=\"noopener noreferrer\"><img loading=\"lazy\" decoding=\"async\" class=\"wp-image-5777 size-thumbnail\" src=\"https:\/\/www.institutfrancais-jerusalem.org\/wp-content\/uploads\/2020\/05\/3-Mahdi-Baraghithi-2-150x150.jpg\" alt=\"\" width=\"150\" height=\"150\" \/><\/a><figcaption id=\"caption-attachment-5777\" class=\"wp-caption-text\">Mahdi Baraghithi<\/figcaption><\/figure>\n<figure id=\"attachment_5779\" aria-describedby=\"caption-attachment-5779\" style=\"width: 150px\" class=\"wp-caption alignleft\"><a href=\"\/?p=5796\" target=\"_blank\" rel=\"noopener noreferrer\"><img loading=\"lazy\" decoding=\"async\" class=\"wp-image-5779 size-thumbnail\" src=\"https:\/\/www.institutfrancais-jerusalem.org\/wp-content\/uploads\/2020\/05\/4-Mohamed-Abusal-2-150x150.jpg\" alt=\"\" width=\"150\" height=\"150\" \/><\/a><figcaption id=\"caption-attachment-5779\" class=\"wp-caption-text\">Mohamed Abusal<\/figcaption><\/figure>\n<figure id=\"attachment_5868\" aria-describedby=\"caption-attachment-5868\" style=\"width: 150px\" class=\"wp-caption alignleft\"><a href=\"\/?p=5798\"><img loading=\"lazy\" decoding=\"async\" class=\"size-thumbnail wp-image-5868\" src=\"https:\/\/www.institutfrancais-jerusalem.org\/wp-content\/uploads\/2020\/05\/5-Ashira-Darwish-150x150.jpg\" alt=\"\" width=\"150\" height=\"150\" \/><\/a><figcaption id=\"caption-attachment-5868\" class=\"wp-caption-text\">Ashira Darwish<\/figcaption><\/figure>\n<figure id=\"attachment_5781\" aria-describedby=\"caption-attachment-5781\" style=\"width: 150px\" class=\"wp-caption alignleft\"><a href=\"\/?p=5799\" target=\"_blank\" rel=\"noopener noreferrer\"><img loading=\"lazy\" decoding=\"async\" class=\"wp-image-5781 size-thumbnail\" src=\"https:\/\/www.institutfrancais-jerusalem.org\/wp-content\/uploads\/2020\/05\/6-Salman-Alnawati-2-150x150.jpg\" alt=\"\" width=\"150\" height=\"150\" \/><\/a><figcaption id=\"caption-attachment-5781\" class=\"wp-caption-text\">Salman Alnawati<\/figcaption><\/figure>\n<figure id=\"attachment_5783\" aria-describedby=\"caption-attachment-5783\" style=\"width: 150px\" class=\"wp-caption alignleft\"><a href=\"\/?p=5800\" target=\"_blank\" rel=\"noopener noreferrer\"><img loading=\"lazy\" decoding=\"async\" class=\"wp-image-5783 size-thumbnail\" src=\"https:\/\/www.institutfrancais-jerusalem.org\/wp-content\/uploads\/2020\/05\/7-Salma-Ataya-2-150x150.jpg\" alt=\"\" width=\"150\" height=\"150\" \/><\/a><figcaption id=\"caption-attachment-5783\" class=\"wp-caption-text\">Salma Ataya<\/figcaption><\/figure>\n<figure id=\"attachment_5785\" aria-describedby=\"caption-attachment-5785\" style=\"width: 150px\" class=\"wp-caption alignleft\"><a href=\"\/?p=5801\" target=\"_blank\" rel=\"noopener noreferrer\"><img loading=\"lazy\" decoding=\"async\" class=\"wp-image-5785 size-thumbnail\" src=\"https:\/\/www.institutfrancais-jerusalem.org\/wp-content\/uploads\/2020\/05\/8-Hamza-Albakri-2-150x150.jpg\" alt=\"\" width=\"150\" height=\"150\" \/><\/a><figcaption id=\"caption-attachment-5785\" class=\"wp-caption-text\">Hamza Albakri<\/figcaption><\/figure>\n<figure id=\"attachment_5787\" aria-describedby=\"caption-attachment-5787\" style=\"width: 150px\" class=\"wp-caption alignleft\"><a href=\"\/?p=5803\"><img loading=\"lazy\" decoding=\"async\" class=\"size-thumbnail wp-image-5787\" src=\"https:\/\/www.institutfrancais-jerusalem.org\/wp-content\/uploads\/2020\/05\/10-Ahmed-Kollab-2-150x150.jpg\" alt=\"\" width=\"150\" height=\"150\" \/><\/a><figcaption id=\"caption-attachment-5787\" class=\"wp-caption-text\">Ahmed Kollab<\/figcaption><\/figure>\n<figure id=\"attachment_6032\" aria-describedby=\"caption-attachment-6032\" style=\"width: 150px\" class=\"wp-caption alignleft\"><a href=\"\/?p=5804&amp;fbclid=IwAR2f6bSodPTepRZoUJpQ-L7LsE94dOAlXBAFkjnNSWNtAw5NpGBMyoJZbIU\"><img loading=\"lazy\" decoding=\"async\" class=\"size-thumbnail wp-image-6032\" src=\"https:\/\/www.institutfrancais-jerusalem.org\/wp-content\/uploads\/2020\/05\/11-Mohammad-Joulani-150x150.jpg\" alt=\"\" width=\"150\" height=\"150\" \/><\/a><figcaption id=\"caption-attachment-6032\" class=\"wp-caption-text\">Mohammad Joulani<\/figcaption><\/figure>\n<figure id=\"attachment_5908\" aria-describedby=\"caption-attachment-5908\" style=\"width: 150px\" class=\"wp-caption alignleft\"><a href=\"\/?p=5802\"><img loading=\"lazy\" decoding=\"async\" class=\"size-thumbnail wp-image-5908\" src=\"https:\/\/www.institutfrancais-jerusalem.org\/wp-content\/uploads\/2020\/05\/9-Khaled-Jarada-Hani-Biari-150x150.jpg\" alt=\"\" width=\"150\" height=\"150\" \/><\/a><figcaption id=\"caption-attachment-5908\" class=\"wp-caption-text\">Khaled Jarada &amp; Hani Biari<\/figcaption><\/figure>\n<figure id=\"attachment_5775\" aria-describedby=\"caption-attachment-5775\" style=\"width: 150px\" class=\"wp-caption alignleft\"><a href=\"\/?p=5795\"><img loading=\"lazy\" decoding=\"async\" class=\"size-thumbnail wp-image-5775\" src=\"https:\/\/www.institutfrancais-jerusalem.org\/wp-content\/uploads\/2020\/05\/2-Yara-Odeh-Amer-Shomali-2-150x150.jpg\" alt=\"\" width=\"150\" height=\"150\" \/><\/a><figcaption id=\"caption-attachment-5775\" class=\"wp-caption-text\">Yara Odeh &amp; Amer Shomali<\/figcaption><\/figure>\n<p style=\"text-align: center;\">&nbsp;<\/p>\n<p style=\"text-align: center;\">&nbsp;<\/p>\n<p style=\"text-align: center;\">&nbsp;<\/p>\n<p style=\"text-align: center;\">&nbsp;<\/p>\n<p style=\"text-align: center;\">&nbsp;<\/p>\n<p style=\"text-align: center;\">&nbsp;<\/p>\n<p style=\"text-align: center;\">&nbsp;<\/p>\n<p style=\"text-align: center;\">&nbsp;<\/p>\n<p style=\"text-align: center;\">&nbsp;<\/p>\n<p style=\"text-align: center;\">&nbsp;<\/p>\n<p style=\"text-align: center;\">&nbsp;<\/p>\n<p style=\"text-align: center;\">&nbsp;<\/p>\n<p style=\"text-align: center;\">&nbsp;<\/p>\n<p style=\"text-align: center;\">&nbsp;<\/p>\n<p style=\"text-align: center;\">&nbsp;<\/p>\n<p style=\"text-align: center;\">&nbsp;<\/p>\n<p style=\"text-align: center;\">&nbsp;<\/p>\n<p style=\"text-align: center;\">&nbsp;<\/p>\n<h3>The planning<\/h3>\n<p><img loading=\"lazy\" decoding=\"async\" class=\"aligncenter wp-image-5791 size-large\" src=\"https:\/\/www.institutfrancais-jerusalem.org\/wp-content\/uploads\/2020\/05\/ENG-Epidemic-Diary-sur-Facebook-page-001-e1589450264945-1024x459.jpg\" alt=\"\" width=\"618\" height=\"277\" \/><\/p>\n<h6 class=\"p1\"><span class=\"s1\">Sunday<\/span><\/h6>\n<ul>\n<li class=\"p1\"><span class=\"s1\">Salma Nawati : <\/span>Ink illustrations<\/li>\n<li class=\"p1\">Khaled Jarada &amp; Hani Al Barie : Illustrations &amp; poems<\/li>\n<\/ul>\n<h6 class=\"p1\"><span class=\"s1\">Monday<\/span><\/h6>\n<ul>\n<li class=\"p1\"><span class=\"s1\">Hamza Al Bakri : <\/span><span class=\"s1\">Stories (written)<\/span><\/li>\n<li class=\"p2\"><span class=\"s1\">Mohamed Joulani : <\/span><span class=\"s1\">Oil peintures<\/span><\/li>\n<\/ul>\n<h6 class=\"p1\"><span class=\"s1\">Tuesday<\/span><\/h6>\n<ul>\n<li class=\"p1\"><span class=\"s1\">Ashirah Darwish : <\/span><span class=\"s1\">Interviews (movies)<\/span><\/li>\n<\/ul>\n<h6 class=\"p1\"><span class=\"s1\">Wednesday<\/span><\/h6>\n<ul>\n<li class=\"p1\"><span class=\"s1\">Mahdi Baraghithi : <\/span><span class=\"s1\">Photographies<\/span><\/li>\n<\/ul>\n<h6 class=\"p1\"><span class=\"s1\">Thursday<\/span><\/h6>\n<ul>\n<li class=\"p1\"><span class=\"s1\">Ahmed Kollab : Stories (movies)<\/span><\/li>\n<\/ul>\n<h6 class=\"p1\"><span class=\"s1\">Friday<\/span><\/h6>\n<ul>\n<li class=\"p1\"><span class=\"s1\">Mohamed Abu Sal : Performance arts\u00a0<\/span><\/li>\n<li class=\"p2\"><span class=\"s1\">Yarah Odeh &amp; Amer Shomali : Comics<\/span><\/li>\n<\/ul>\n<h6 class=\"p1\"><span class=\"s1\">Saturday<\/span><\/h6>\n<ul>\n<li class=\"p1\"><span class=\"s1\">Ali Abu Yassen : Theatre texts<\/span><\/li>\n<li class=\"p2\"><span class=\"s1\">Salma Ataya : Danse movies<\/span><\/li>\n<\/ul>\n<hr \/>\n<p class=\"p1\"><span class=\"s1\">Nous vivons une p\u00e9riode exceptionnelle qui interroge notre humanit\u00e9. Nous pensons d&rsquo;abord \u00e0 ceux qui souffrent de la situation, dans leur sant\u00e9, par la perte de leurs revenus, \u00e0 ceux qui sont s\u00e9par\u00e9s de leur famille, ceux qui sont confin\u00e9s dans des conditions difficiles.<\/span><\/p>\n<p class=\"p1\"><span class=\"s1\">C&rsquo;est aussi une p\u00e9riode de r\u00e9flexion qui n\u00e9cessite de regarder notre soci\u00e9t\u00e9, ce qui est important pour nous. Sur le chemin, nous sommes confront\u00e9s \u00e0 une menace sans pr\u00e9c\u00e9dent qui nous affecte non seulement nous mais toute l&rsquo;humanit\u00e9 dans un monde o\u00f9 l&rsquo;autre est toujours plus proche, o\u00f9 l&rsquo;autre est \u00e0 la fois un alli\u00e9 et une menace.<\/span><\/p>\n<p class=\"p1\"><span class=\"s1\">Dans cette p\u00e9riode, nous avons besoin d&rsquo;artistes et d&rsquo;intellectuels pour nous donner une vision sensible de la r\u00e9alit\u00e9 et nous aider \u00e0 penser diff\u00e9remment pour aller au-del\u00e0 de nos impressions quotidiennes et nous donner de la hauteur.<\/span><\/p>\n<p class=\"p1\"><span class=\"s1\">Elle est d&rsquo;autant plus importante dans notre quotidien actuel, o\u00f9 nous luttons tous contre un bouleversement de nos habitudes, l&rsquo;immobilit\u00e9, l&rsquo;enfermement, une vie collective ou au contraire une vie isol\u00e9e, parfois la n\u00e9cessit\u00e9 de maintenir une activit\u00e9 professionnelle dans un environnement ext\u00e9rieur ce qui nous semble hostile.<\/span><\/p>\n<p class=\"p1\"><span class=\"s1\">Comment font les artistes? Comment g\u00e8rent-ils la situation? Comment l&rsquo;analysent-ils et essaient-ils de le surmonter?<\/span><\/p>\n<p class=\"p1\"><span class=\"s1\">Le projet propose aux artistes de tenir un \u00abJournal \u00e9pid\u00e9mique\u00bb qui construira une carte intime et en m\u00eame temps \u00abuniverselle\u00bb de la Palestine. Le \u00abJournal \u00e9pid\u00e9mique\u00bb fera le point, une fois par semaine, sur leur vie et leur vision des choses pour les 6 prochaines semaines.<\/span><\/p>\n<p class=\"p1\"><span class=\"s1\">Epidemic diary est un projet propos\u00e9 et financ\u00e9 par l&rsquo;Institut fran\u00e7ais de J\u00e9rusalem, en partenariat avec le Centre culturel Khalil Sakakini, le th\u00e9\u00e2tre El Hakawati, Sareyyet Ramallah, et le collectif d\u2019artistes Shababek \u00e0 Gaza. Le projet propose aux artistes de tenir un \u00ab\u00a0Journal \u00e9pid\u00e9mique\u00a0\u00bb qui construira une carte, \u00e0 la fois intime et \u00ab\u00a0universelle\u00a0\u00bb de la Palestine.<\/span><\/p>\n<h3>Les artistes<\/h3>\n<figure id=\"attachment_5875\" aria-describedby=\"caption-attachment-5875\" style=\"width: 150px\" class=\"wp-caption alignleft\"><a href=\"\/?p=5794\" target=\"_blank\" rel=\"noopener noreferrer\"><img loading=\"lazy\" decoding=\"async\" class=\"wp-image-5875 size-thumbnail\" src=\"https:\/\/www.institutfrancais-jerusalem.org\/wp-content\/uploads\/2020\/05\/1-Ali-Abu-Yaseen-150x150.jpg\" alt=\"\" width=\"150\" height=\"150\" \/><\/a><figcaption id=\"caption-attachment-5875\" class=\"wp-caption-text\">Ali Abu Yaseen<\/figcaption><\/figure>\n<figure id=\"attachment_5777\" aria-describedby=\"caption-attachment-5777\" style=\"width: 150px\" class=\"wp-caption alignleft\"><a href=\"\/?p=5797\" target=\"_blank\" rel=\"noopener noreferrer\"><img loading=\"lazy\" decoding=\"async\" class=\"wp-image-5777 size-thumbnail\" src=\"https:\/\/www.institutfrancais-jerusalem.org\/wp-content\/uploads\/2020\/05\/3-Mahdi-Baraghithi-2-150x150.jpg\" alt=\"\" width=\"150\" height=\"150\" \/><\/a><figcaption id=\"caption-attachment-5777\" class=\"wp-caption-text\">Mahdi Baraghithi<\/figcaption><\/figure>\n<figure id=\"attachment_5779\" aria-describedby=\"caption-attachment-5779\" style=\"width: 150px\" class=\"wp-caption alignleft\"><a href=\"\/?p=5796\" target=\"_blank\" rel=\"noopener noreferrer\"><img loading=\"lazy\" decoding=\"async\" class=\"wp-image-5779 size-thumbnail\" src=\"https:\/\/www.institutfrancais-jerusalem.org\/wp-content\/uploads\/2020\/05\/4-Mohamed-Abusal-2-150x150.jpg\" alt=\"\" width=\"150\" height=\"150\" \/><\/a><figcaption id=\"caption-attachment-5779\" class=\"wp-caption-text\">Mohamed Abusal<\/figcaption><\/figure>\n<figure id=\"attachment_5868\" aria-describedby=\"caption-attachment-5868\" style=\"width: 150px\" class=\"wp-caption alignleft\"><a href=\"\/?p=5798\"><img loading=\"lazy\" decoding=\"async\" class=\"size-thumbnail wp-image-5868\" src=\"https:\/\/www.institutfrancais-jerusalem.org\/wp-content\/uploads\/2020\/05\/5-Ashira-Darwish-150x150.jpg\" alt=\"\" width=\"150\" height=\"150\" \/><\/a><figcaption id=\"caption-attachment-5868\" class=\"wp-caption-text\">Ashira Darwish<\/figcaption><\/figure>\n<figure id=\"attachment_5781\" aria-describedby=\"caption-attachment-5781\" style=\"width: 150px\" class=\"wp-caption alignleft\"><a href=\"\/?p=5799\" target=\"_blank\" rel=\"noopener noreferrer\"><img loading=\"lazy\" decoding=\"async\" class=\"wp-image-5781 size-thumbnail\" src=\"https:\/\/www.institutfrancais-jerusalem.org\/wp-content\/uploads\/2020\/05\/6-Salman-Alnawati-2-150x150.jpg\" alt=\"\" width=\"150\" height=\"150\" \/><\/a><figcaption id=\"caption-attachment-5781\" class=\"wp-caption-text\">Salman Alnawati<\/figcaption><\/figure>\n<figure id=\"attachment_5783\" aria-describedby=\"caption-attachment-5783\" style=\"width: 150px\" class=\"wp-caption alignleft\"><a href=\"\/?p=5800\" target=\"_blank\" rel=\"noopener noreferrer\"><img loading=\"lazy\" decoding=\"async\" class=\"wp-image-5783 size-thumbnail\" src=\"https:\/\/www.institutfrancais-jerusalem.org\/wp-content\/uploads\/2020\/05\/7-Salma-Ataya-2-150x150.jpg\" alt=\"\" width=\"150\" height=\"150\" \/><\/a><figcaption id=\"caption-attachment-5783\" class=\"wp-caption-text\">Salma Ataya<\/figcaption><\/figure>\n<figure id=\"attachment_5785\" aria-describedby=\"caption-attachment-5785\" style=\"width: 150px\" class=\"wp-caption alignleft\"><a href=\"\/?p=5801\" target=\"_blank\" rel=\"noopener noreferrer\"><img loading=\"lazy\" decoding=\"async\" class=\"wp-image-5785 size-thumbnail\" src=\"https:\/\/www.institutfrancais-jerusalem.org\/wp-content\/uploads\/2020\/05\/8-Hamza-Albakri-2-150x150.jpg\" alt=\"\" width=\"150\" height=\"150\" \/><\/a><figcaption id=\"caption-attachment-5785\" class=\"wp-caption-text\">Hamza Albakri<\/figcaption><\/figure>\n<figure id=\"attachment_5787\" aria-describedby=\"caption-attachment-5787\" style=\"width: 150px\" class=\"wp-caption alignleft\"><a href=\"\/?p=5803\"><img loading=\"lazy\" decoding=\"async\" class=\"size-thumbnail wp-image-5787\" src=\"https:\/\/www.institutfrancais-jerusalem.org\/wp-content\/uploads\/2020\/05\/10-Ahmed-Kollab-2-150x150.jpg\" alt=\"\" width=\"150\" height=\"150\" \/><\/a><figcaption id=\"caption-attachment-5787\" class=\"wp-caption-text\">Ahmed Kollab<\/figcaption><\/figure>\n<figure id=\"attachment_5908\" aria-describedby=\"caption-attachment-5908\" style=\"width: 150px\" class=\"wp-caption alignleft\"><a href=\"\/?p=5802\"><img loading=\"lazy\" decoding=\"async\" class=\"size-thumbnail wp-image-5908\" src=\"https:\/\/www.institutfrancais-jerusalem.org\/wp-content\/uploads\/2020\/05\/9-Khaled-Jarada-Hani-Biari-150x150.jpg\" alt=\"\" width=\"150\" height=\"150\" \/><\/a><figcaption id=\"caption-attachment-5908\" class=\"wp-caption-text\">Khaled Jarada &amp; Hani Biari<\/figcaption><\/figure>\n<figure id=\"attachment_6032\" aria-describedby=\"caption-attachment-6032\" style=\"width: 150px\" class=\"wp-caption alignleft\"><a href=\"\/?p=5804&amp;fbclid=IwAR2f6bSodPTepRZoUJpQ-L7LsE94dOAlXBAFkjnNSWNtAw5NpGBMyoJZbIU\"><img loading=\"lazy\" decoding=\"async\" class=\"size-thumbnail wp-image-6032\" src=\"https:\/\/www.institutfrancais-jerusalem.org\/wp-content\/uploads\/2020\/05\/11-Mohammad-Joulani-150x150.jpg\" alt=\"\" width=\"150\" height=\"150\" \/><\/a><figcaption id=\"caption-attachment-6032\" class=\"wp-caption-text\">Mohammad Joulani<\/figcaption><\/figure>\n<figure id=\"attachment_5775\" aria-describedby=\"caption-attachment-5775\" style=\"width: 150px\" class=\"wp-caption alignleft\"><a href=\"\/?p=5795\"><img loading=\"lazy\" decoding=\"async\" class=\"size-thumbnail wp-image-5775\" src=\"https:\/\/www.institutfrancais-jerusalem.org\/wp-content\/uploads\/2020\/05\/2-Yara-Odeh-Amer-Shomali-2-150x150.jpg\" alt=\"\" width=\"150\" height=\"150\" \/><\/a><figcaption id=\"caption-attachment-5775\" class=\"wp-caption-text\">Yara Odeh &amp; Amer Shomali<\/figcaption><\/figure>\n<h3>\n<p style=\"text-align: center;\">&nbsp;<\/p>\n<p style=\"text-align: center;\">&nbsp;<\/p>\n<p style=\"text-align: center;\">&nbsp;<\/p>\n<p style=\"text-align: center;\">&nbsp;<\/p>\n<p style=\"text-align: center;\">&nbsp;<\/p>\n<p style=\"text-align: center;\">&nbsp;<\/p>\n<p style=\"text-align: center;\">&nbsp;<\/p>\n<p style=\"text-align: center;\">&nbsp;<\/p>\n<p style=\"text-align: center;\">&nbsp;<\/p>\n<p style=\"text-align: center;\">&nbsp;<\/p>\n<p style=\"text-align: center;\">&nbsp;<\/p>\n<p style=\"text-align: center;\">&nbsp;<\/p>\n<p style=\"text-align: center;\">&nbsp;<\/p>\n<p style=\"text-align: center;\">&nbsp;<\/p>\n<p style=\"text-align: center;\">&nbsp;<\/p>\n<p style=\"text-align: center;\">&nbsp;<\/p>\n<p style=\"text-align: center;\">&nbsp;<\/p>\n<p style=\"text-align: center;\">&nbsp;<\/p>\n<p style=\"text-align: center;\">&nbsp;<\/p>\n<h3>Le planning<\/h3>\n<p><img loading=\"lazy\" decoding=\"async\" class=\"aligncenter wp-image-5789 size-large\" src=\"https:\/\/www.institutfrancais-jerusalem.org\/wp-content\/uploads\/2020\/05\/Epidemic-Diary-sur-Facebook-page-001-e1589449957405-1024x466.jpg\" alt=\"\" width=\"618\" height=\"281\" \/><\/p>\n<h6 class=\"p1\"><span class=\"s1\">Dimanche<\/span><\/h6>\n<ul>\n<li class=\"p1\"><span class=\"s1\">Salma Nawati : <\/span>Dessins \u00e0 l&rsquo;encre<\/li>\n<li class=\"p1\">Khaled Jarada &amp; Hani Al Barie : Dessins et po\u00e8mes<\/li>\n<\/ul>\n<h6 class=\"p1\"><span class=\"s1\">Lundi<\/span><\/h6>\n<ul>\n<li class=\"p1\"><span class=\"s1\">Hamza Al Bakri : <\/span><span class=\"s1\">Histoires \u00e9crites<\/span><\/li>\n<li class=\"p2\"><span class=\"s1\">Mohamed Joulani : <\/span><span class=\"s1\">Peinture \u00e0 l&rsquo;huile<\/span><\/li>\n<\/ul>\n<h6 class=\"p1\"><span class=\"s1\">Mardi<\/span><\/h6>\n<ul>\n<li class=\"p1\"><span class=\"s1\">Ashirah Darwish : <\/span><span class=\"s1\">Entretiens en vid\u00e9o<\/span><\/li>\n<\/ul>\n<h6 class=\"p1\"><span class=\"s1\">Mercredi<\/span><\/h6>\n<ul>\n<li class=\"p1\"><span class=\"s1\">Mahdi Baraghithi : <\/span><span class=\"s1\">Photographies<\/span><\/li>\n<\/ul>\n<h6 class=\"p1\"><span class=\"s1\">Jeudi<\/span><\/h6>\n<ul>\n<li class=\"p1\"><span class=\"s1\">Ahmed Kollab : Histoires en vid\u00e9o<\/span><\/li>\n<\/ul>\n<h6 class=\"p1\"><span class=\"s1\">Vendredi<\/span><\/h6>\n<ul>\n<li class=\"p1\"><span class=\"s1\">Mohamed Abu Sal : Arts performatifs<\/span><\/li>\n<li class=\"p2\"><span class=\"s1\">Yarah Odeh &amp; Amer Shomali : Bande dessin\u00e9e<\/span><\/li>\n<\/ul>\n<h6 class=\"p1\"><span class=\"s1\">Samedi<\/span><\/h6>\n<ul>\n<li class=\"p1\"><span class=\"s1\">Ali Abu Yassen : Textes de th\u00e9\u00e2tre<\/span><\/li>\n<li class=\"p2\"><span class=\"s1\">Salma Ataya : Vid\u00e9os de danse<\/span><\/li>\n<\/ul>\n","protected":false},"excerpt":{"rendered":"<p>French below We are living in an exceptional period which questions our humanity. We think first of those who suffer from the situation, in their health, through the loss of their income, of those who are separated from their families, those who are confined in difficult conditions. It is also a period of reflection that &hellip;<\/p>\n","protected":false},"author":1,"featured_media":4827,"comment_status":"closed","ping_status":"closed","sticky":false,"template":"","format":"standard","meta":{"footnotes":""},"categories":[2,3,4,26,7,28,25],"tags":[259,61,68,272,248,90,91,51,266,260,262,48,81,261,59,270,268,201,66,265,50,271],"class_list":["post-4807","post","type-post","status-publish","format-standard","has-post-thumbnail","","category-agenda-culturel","category-arts-visuels","category-arts-vivants","category-agenda-culturel-chateaubriand","category-diaporama","category-gaza","category-ramallah","tag-appel-2","tag-arabe","tag-art","tag-audiovisuel","tag-bande-dessinee","tag-cooperation","tag-culture","tag-danse","tag-dessin","tag-diary","tag-epidemic","tag-institut-francais","tag-jerusalem","tag-journal","tag-palestine","tag-peinture","tag-photo","tag-poeme","tag-territoires-palestiniens","tag-texte","tag-theatre","tag-video"],"yoast_head":"<!-- This site is optimized with the Yoast SEO plugin v27.5 - https:\/\/yoast.com\/product\/yoast-seo-wordpress\/ -->\n<title>Epidemic diary - Institut Fran\u00e7ais de J\u00e9rusalem - Ramallah<\/title>\n<meta name=\"description\" content=\"Le projet propose aux artistes de tenir un \u00abJournal \u00e9pid\u00e9mique\u00bb qui construira une carte intime et en m\u00eame temps \u00abuniverselle\u00bb de la Palestine. Le \u00abJournal \u00e9pid\u00e9mique\u00bb fera le point, une fois par semaine, sur leur vie et leur vision des choses pour les 6 prochaines semaines.\" \/>\n<meta name=\"robots\" content=\"index, follow, max-snippet:-1, max-image-preview:large, max-video-preview:-1\" \/>\n<link rel=\"canonical\" href=\"https:\/\/www.institutfrancais-jerusalem.org\/ramallah\/epidemic-diary\/\" \/>\n<meta property=\"og:locale\" content=\"fr_FR\" \/>\n<meta property=\"og:type\" content=\"article\" \/>\n<meta property=\"og:title\" content=\"Epidemic diary - Institut Fran\u00e7ais de J\u00e9rusalem - Ramallah\" \/>\n<meta property=\"og:description\" content=\"Le projet propose aux artistes de tenir un \u00abJournal \u00e9pid\u00e9mique\u00bb qui construira une carte intime et en m\u00eame temps \u00abuniverselle\u00bb de la Palestine. Le \u00abJournal \u00e9pid\u00e9mique\u00bb fera le point, une fois par semaine, sur leur vie et leur vision des choses pour les 6 prochaines semaines.\" \/>\n<meta property=\"og:url\" content=\"https:\/\/www.institutfrancais-jerusalem.org\/ramallah\/epidemic-diary\/\" \/>\n<meta property=\"og:site_name\" content=\"Institut Fran\u00e7ais de J\u00e9rusalem - Ramallah\" \/>\n<meta property=\"article:published_time\" content=\"2020-06-20T13:50:38+00:00\" \/>\n<meta property=\"article:modified_time\" content=\"2020-06-25T10:07:13+00:00\" \/>\n<meta property=\"og:image\" content=\"https:\/\/www.institutfrancais-jerusalem.org\/ramallah\/wp-content\/uploads\/sites\/11\/2020\/05\/Banniere-epidemic-diary.jpg\" \/>\n\t<meta property=\"og:image:width\" content=\"863\" \/>\n\t<meta property=\"og:image:height\" content=\"422\" \/>\n\t<meta property=\"og:image:type\" content=\"image\/jpeg\" \/>\n<meta name=\"author\" content=\"admin6590\" \/>\n<meta name=\"twitter:card\" content=\"summary_large_image\" \/>\n<meta name=\"twitter:label1\" content=\"\u00c9crit par\" \/>\n\t<meta name=\"twitter:data1\" content=\"admin6590\" \/>\n\t<meta name=\"twitter:label2\" content=\"Dur\u00e9e de lecture estim\u00e9e\" \/>\n\t<meta name=\"twitter:data2\" content=\"5 minutes\" \/>\n<script type=\"application\/ld+json\" class=\"yoast-schema-graph\">{\"@context\":\"https:\\\/\\\/schema.org\",\"@graph\":[{\"@type\":\"Article\",\"@id\":\"https:\\\/\\\/www.institutfrancais-jerusalem.org\\\/ramallah\\\/epidemic-diary\\\/#article\",\"isPartOf\":{\"@id\":\"https:\\\/\\\/www.institutfrancais-jerusalem.org\\\/ramallah\\\/epidemic-diary\\\/\"},\"author\":{\"name\":\"admin6590\",\"@id\":\"https:\\\/\\\/www.institutfrancais-jerusalem.org\\\/ramallah\\\/#\\\/schema\\\/person\\\/0d606b93f4fb1eb5c713b8be3dd4c4bf\"},\"headline\":\"Epidemic diary\",\"datePublished\":\"2020-06-20T13:50:38+00:00\",\"dateModified\":\"2020-06-25T10:07:13+00:00\",\"mainEntityOfPage\":{\"@id\":\"https:\\\/\\\/www.institutfrancais-jerusalem.org\\\/ramallah\\\/epidemic-diary\\\/\"},\"wordCount\":1000,\"image\":{\"@id\":\"https:\\\/\\\/www.institutfrancais-jerusalem.org\\\/ramallah\\\/epidemic-diary\\\/#primaryimage\"},\"thumbnailUrl\":\"https:\\\/\\\/www.institutfrancais-jerusalem.org\\\/ramallah\\\/wp-content\\\/uploads\\\/sites\\\/11\\\/2020\\\/05\\\/Banniere-epidemic-diary.jpg\",\"keywords\":[\"appel\",\"arabe\",\"art\",\"audiovisuel\",\"bande dessin\u00e9e\",\"coop\u00e9ration\",\"culture\",\"danse\",\"dessin\",\"diary\",\"epidemic\",\"Institut fran\u00e7ais\",\"j\u00e9rusalem\",\"journal\",\"palestine\",\"peinture\",\"photo\",\"po\u00e8me\",\"territoires palestiniens\",\"texte\",\"th\u00e9\u00e2tre\",\"vid\u00e9o\"],\"articleSection\":[\"Agenda culturel\",\"Arts visuels\",\"Arts vivants\",\"CHATEAUBRIAND\",\"Diaporama\",\"GAZA\",\"RAMALLAH\"],\"inLanguage\":\"fr-FR\"},{\"@type\":\"WebPage\",\"@id\":\"https:\\\/\\\/www.institutfrancais-jerusalem.org\\\/ramallah\\\/epidemic-diary\\\/\",\"url\":\"https:\\\/\\\/www.institutfrancais-jerusalem.org\\\/ramallah\\\/epidemic-diary\\\/\",\"name\":\"Epidemic diary - Institut Fran\u00e7ais de J\u00e9rusalem - Ramallah\",\"isPartOf\":{\"@id\":\"https:\\\/\\\/www.institutfrancais-jerusalem.org\\\/ramallah\\\/#website\"},\"primaryImageOfPage\":{\"@id\":\"https:\\\/\\\/www.institutfrancais-jerusalem.org\\\/ramallah\\\/epidemic-diary\\\/#primaryimage\"},\"image\":{\"@id\":\"https:\\\/\\\/www.institutfrancais-jerusalem.org\\\/ramallah\\\/epidemic-diary\\\/#primaryimage\"},\"thumbnailUrl\":\"https:\\\/\\\/www.institutfrancais-jerusalem.org\\\/ramallah\\\/wp-content\\\/uploads\\\/sites\\\/11\\\/2020\\\/05\\\/Banniere-epidemic-diary.jpg\",\"datePublished\":\"2020-06-20T13:50:38+00:00\",\"dateModified\":\"2020-06-25T10:07:13+00:00\",\"author\":{\"@id\":\"https:\\\/\\\/www.institutfrancais-jerusalem.org\\\/ramallah\\\/#\\\/schema\\\/person\\\/0d606b93f4fb1eb5c713b8be3dd4c4bf\"},\"description\":\"Le projet propose aux artistes de tenir un \u00abJournal \u00e9pid\u00e9mique\u00bb qui construira une carte intime et en m\u00eame temps \u00abuniverselle\u00bb de la Palestine. Le \u00abJournal \u00e9pid\u00e9mique\u00bb fera le point, une fois par semaine, sur leur vie et leur vision des choses pour les 6 prochaines semaines.\",\"breadcrumb\":{\"@id\":\"https:\\\/\\\/www.institutfrancais-jerusalem.org\\\/ramallah\\\/epidemic-diary\\\/#breadcrumb\"},\"inLanguage\":\"fr-FR\",\"potentialAction\":[{\"@type\":\"ReadAction\",\"target\":[\"https:\\\/\\\/www.institutfrancais-jerusalem.org\\\/ramallah\\\/epidemic-diary\\\/\"]}]},{\"@type\":\"ImageObject\",\"inLanguage\":\"fr-FR\",\"@id\":\"https:\\\/\\\/www.institutfrancais-jerusalem.org\\\/ramallah\\\/epidemic-diary\\\/#primaryimage\",\"url\":\"https:\\\/\\\/www.institutfrancais-jerusalem.org\\\/ramallah\\\/wp-content\\\/uploads\\\/sites\\\/11\\\/2020\\\/05\\\/Banniere-epidemic-diary.jpg\",\"contentUrl\":\"https:\\\/\\\/www.institutfrancais-jerusalem.org\\\/ramallah\\\/wp-content\\\/uploads\\\/sites\\\/11\\\/2020\\\/05\\\/Banniere-epidemic-diary.jpg\",\"width\":863,\"height\":422},{\"@type\":\"BreadcrumbList\",\"@id\":\"https:\\\/\\\/www.institutfrancais-jerusalem.org\\\/ramallah\\\/epidemic-diary\\\/#breadcrumb\",\"itemListElement\":[{\"@type\":\"ListItem\",\"position\":1,\"name\":\"Accueil\",\"item\":\"https:\\\/\\\/www.institutfrancais-jerusalem.org\\\/ramallah\\\/\"},{\"@type\":\"ListItem\",\"position\":2,\"name\":\"Epidemic diary\"}]},{\"@type\":\"WebSite\",\"@id\":\"https:\\\/\\\/www.institutfrancais-jerusalem.org\\\/ramallah\\\/#website\",\"url\":\"https:\\\/\\\/www.institutfrancais-jerusalem.org\\\/ramallah\\\/\",\"name\":\"Institut Fran\u00e7ais de J\u00e9rusalem - Ramallah\",\"description\":\"Ramallah\",\"potentialAction\":[{\"@type\":\"SearchAction\",\"target\":{\"@type\":\"EntryPoint\",\"urlTemplate\":\"https:\\\/\\\/www.institutfrancais-jerusalem.org\\\/ramallah\\\/?s={search_term_string}\"},\"query-input\":{\"@type\":\"PropertyValueSpecification\",\"valueRequired\":true,\"valueName\":\"search_term_string\"}}],\"inLanguage\":\"fr-FR\"},{\"@type\":\"Person\",\"@id\":\"https:\\\/\\\/www.institutfrancais-jerusalem.org\\\/ramallah\\\/#\\\/schema\\\/person\\\/0d606b93f4fb1eb5c713b8be3dd4c4bf\",\"name\":\"admin6590\",\"image\":{\"@type\":\"ImageObject\",\"inLanguage\":\"fr-FR\",\"@id\":\"https:\\\/\\\/secure.gravatar.com\\\/avatar\\\/26482e0f083efa40e5c2db57a3d590897a500390cc256266e30d5da5605a03a9?s=96&d=mm&r=g\",\"url\":\"https:\\\/\\\/secure.gravatar.com\\\/avatar\\\/26482e0f083efa40e5c2db57a3d590897a500390cc256266e30d5da5605a03a9?s=96&d=mm&r=g\",\"contentUrl\":\"https:\\\/\\\/secure.gravatar.com\\\/avatar\\\/26482e0f083efa40e5c2db57a3d590897a500390cc256266e30d5da5605a03a9?s=96&d=mm&r=g\",\"caption\":\"admin6590\"},\"url\":\"https:\\\/\\\/www.institutfrancais-jerusalem.org\\\/ramallah\\\/author\\\/admin6590\\\/\"}]}<\/script>\n<!-- \/ Yoast SEO plugin. -->","yoast_head_json":{"title":"Epidemic diary - Institut Fran\u00e7ais de J\u00e9rusalem - Ramallah","description":"Le projet propose aux artistes de tenir un \u00abJournal \u00e9pid\u00e9mique\u00bb qui construira une carte intime et en m\u00eame temps \u00abuniverselle\u00bb de la Palestine. Le \u00abJournal \u00e9pid\u00e9mique\u00bb fera le point, une fois par semaine, sur leur vie et leur vision des choses pour les 6 prochaines semaines.","robots":{"index":"index","follow":"follow","max-snippet":"max-snippet:-1","max-image-preview":"max-image-preview:large","max-video-preview":"max-video-preview:-1"},"canonical":"https:\/\/www.institutfrancais-jerusalem.org\/ramallah\/epidemic-diary\/","og_locale":"fr_FR","og_type":"article","og_title":"Epidemic diary - Institut Fran\u00e7ais de J\u00e9rusalem - Ramallah","og_description":"Le projet propose aux artistes de tenir un \u00abJournal \u00e9pid\u00e9mique\u00bb qui construira une carte intime et en m\u00eame temps \u00abuniverselle\u00bb de la Palestine. Le \u00abJournal \u00e9pid\u00e9mique\u00bb fera le point, une fois par semaine, sur leur vie et leur vision des choses pour les 6 prochaines semaines.","og_url":"https:\/\/www.institutfrancais-jerusalem.org\/ramallah\/epidemic-diary\/","og_site_name":"Institut Fran\u00e7ais de J\u00e9rusalem - Ramallah","article_published_time":"2020-06-20T13:50:38+00:00","article_modified_time":"2020-06-25T10:07:13+00:00","og_image":[{"width":863,"height":422,"url":"https:\/\/www.institutfrancais-jerusalem.org\/ramallah\/wp-content\/uploads\/sites\/11\/2020\/05\/Banniere-epidemic-diary.jpg","type":"image\/jpeg"}],"author":"admin6590","twitter_card":"summary_large_image","twitter_misc":{"\u00c9crit par":"admin6590","Dur\u00e9e de lecture estim\u00e9e":"5 minutes"},"schema":{"@context":"https:\/\/schema.org","@graph":[{"@type":"Article","@id":"https:\/\/www.institutfrancais-jerusalem.org\/ramallah\/epidemic-diary\/#article","isPartOf":{"@id":"https:\/\/www.institutfrancais-jerusalem.org\/ramallah\/epidemic-diary\/"},"author":{"name":"admin6590","@id":"https:\/\/www.institutfrancais-jerusalem.org\/ramallah\/#\/schema\/person\/0d606b93f4fb1eb5c713b8be3dd4c4bf"},"headline":"Epidemic diary","datePublished":"2020-06-20T13:50:38+00:00","dateModified":"2020-06-25T10:07:13+00:00","mainEntityOfPage":{"@id":"https:\/\/www.institutfrancais-jerusalem.org\/ramallah\/epidemic-diary\/"},"wordCount":1000,"image":{"@id":"https:\/\/www.institutfrancais-jerusalem.org\/ramallah\/epidemic-diary\/#primaryimage"},"thumbnailUrl":"https:\/\/www.institutfrancais-jerusalem.org\/ramallah\/wp-content\/uploads\/sites\/11\/2020\/05\/Banniere-epidemic-diary.jpg","keywords":["appel","arabe","art","audiovisuel","bande dessin\u00e9e","coop\u00e9ration","culture","danse","dessin","diary","epidemic","Institut fran\u00e7ais","j\u00e9rusalem","journal","palestine","peinture","photo","po\u00e8me","territoires palestiniens","texte","th\u00e9\u00e2tre","vid\u00e9o"],"articleSection":["Agenda culturel","Arts visuels","Arts vivants","CHATEAUBRIAND","Diaporama","GAZA","RAMALLAH"],"inLanguage":"fr-FR"},{"@type":"WebPage","@id":"https:\/\/www.institutfrancais-jerusalem.org\/ramallah\/epidemic-diary\/","url":"https:\/\/www.institutfrancais-jerusalem.org\/ramallah\/epidemic-diary\/","name":"Epidemic diary - Institut Fran\u00e7ais de J\u00e9rusalem - Ramallah","isPartOf":{"@id":"https:\/\/www.institutfrancais-jerusalem.org\/ramallah\/#website"},"primaryImageOfPage":{"@id":"https:\/\/www.institutfrancais-jerusalem.org\/ramallah\/epidemic-diary\/#primaryimage"},"image":{"@id":"https:\/\/www.institutfrancais-jerusalem.org\/ramallah\/epidemic-diary\/#primaryimage"},"thumbnailUrl":"https:\/\/www.institutfrancais-jerusalem.org\/ramallah\/wp-content\/uploads\/sites\/11\/2020\/05\/Banniere-epidemic-diary.jpg","datePublished":"2020-06-20T13:50:38+00:00","dateModified":"2020-06-25T10:07:13+00:00","author":{"@id":"https:\/\/www.institutfrancais-jerusalem.org\/ramallah\/#\/schema\/person\/0d606b93f4fb1eb5c713b8be3dd4c4bf"},"description":"Le projet propose aux artistes de tenir un \u00abJournal \u00e9pid\u00e9mique\u00bb qui construira une carte intime et en m\u00eame temps \u00abuniverselle\u00bb de la Palestine. Le \u00abJournal \u00e9pid\u00e9mique\u00bb fera le point, une fois par semaine, sur leur vie et leur vision des choses pour les 6 prochaines semaines.","breadcrumb":{"@id":"https:\/\/www.institutfrancais-jerusalem.org\/ramallah\/epidemic-diary\/#breadcrumb"},"inLanguage":"fr-FR","potentialAction":[{"@type":"ReadAction","target":["https:\/\/www.institutfrancais-jerusalem.org\/ramallah\/epidemic-diary\/"]}]},{"@type":"ImageObject","inLanguage":"fr-FR","@id":"https:\/\/www.institutfrancais-jerusalem.org\/ramallah\/epidemic-diary\/#primaryimage","url":"https:\/\/www.institutfrancais-jerusalem.org\/ramallah\/wp-content\/uploads\/sites\/11\/2020\/05\/Banniere-epidemic-diary.jpg","contentUrl":"https:\/\/www.institutfrancais-jerusalem.org\/ramallah\/wp-content\/uploads\/sites\/11\/2020\/05\/Banniere-epidemic-diary.jpg","width":863,"height":422},{"@type":"BreadcrumbList","@id":"https:\/\/www.institutfrancais-jerusalem.org\/ramallah\/epidemic-diary\/#breadcrumb","itemListElement":[{"@type":"ListItem","position":1,"name":"Accueil","item":"https:\/\/www.institutfrancais-jerusalem.org\/ramallah\/"},{"@type":"ListItem","position":2,"name":"Epidemic diary"}]},{"@type":"WebSite","@id":"https:\/\/www.institutfrancais-jerusalem.org\/ramallah\/#website","url":"https:\/\/www.institutfrancais-jerusalem.org\/ramallah\/","name":"Institut Fran\u00e7ais de J\u00e9rusalem - Ramallah","description":"Ramallah","potentialAction":[{"@type":"SearchAction","target":{"@type":"EntryPoint","urlTemplate":"https:\/\/www.institutfrancais-jerusalem.org\/ramallah\/?s={search_term_string}"},"query-input":{"@type":"PropertyValueSpecification","valueRequired":true,"valueName":"search_term_string"}}],"inLanguage":"fr-FR"},{"@type":"Person","@id":"https:\/\/www.institutfrancais-jerusalem.org\/ramallah\/#\/schema\/person\/0d606b93f4fb1eb5c713b8be3dd4c4bf","name":"admin6590","image":{"@type":"ImageObject","inLanguage":"fr-FR","@id":"https:\/\/secure.gravatar.com\/avatar\/26482e0f083efa40e5c2db57a3d590897a500390cc256266e30d5da5605a03a9?s=96&d=mm&r=g","url":"https:\/\/secure.gravatar.com\/avatar\/26482e0f083efa40e5c2db57a3d590897a500390cc256266e30d5da5605a03a9?s=96&d=mm&r=g","contentUrl":"https:\/\/secure.gravatar.com\/avatar\/26482e0f083efa40e5c2db57a3d590897a500390cc256266e30d5da5605a03a9?s=96&d=mm&r=g","caption":"admin6590"},"url":"https:\/\/www.institutfrancais-jerusalem.org\/ramallah\/author\/admin6590\/"}]}},"_links":{"self":[{"href":"https:\/\/www.institutfrancais-jerusalem.org\/ramallah\/wp-json\/wp\/v2\/posts\/4807","targetHints":{"allow":["GET"]}}],"collection":[{"href":"https:\/\/www.institutfrancais-jerusalem.org\/ramallah\/wp-json\/wp\/v2\/posts"}],"about":[{"href":"https:\/\/www.institutfrancais-jerusalem.org\/ramallah\/wp-json\/wp\/v2\/types\/post"}],"author":[{"embeddable":true,"href":"https:\/\/www.institutfrancais-jerusalem.org\/ramallah\/wp-json\/wp\/v2\/users\/1"}],"replies":[{"embeddable":true,"href":"https:\/\/www.institutfrancais-jerusalem.org\/ramallah\/wp-json\/wp\/v2\/comments?post=4807"}],"version-history":[{"count":8,"href":"https:\/\/www.institutfrancais-jerusalem.org\/ramallah\/wp-json\/wp\/v2\/posts\/4807\/revisions"}],"predecessor-version":[{"id":4931,"href":"https:\/\/www.institutfrancais-jerusalem.org\/ramallah\/wp-json\/wp\/v2\/posts\/4807\/revisions\/4931"}],"wp:featuredmedia":[{"embeddable":true,"href":"https:\/\/www.institutfrancais-jerusalem.org\/ramallah\/wp-json\/wp\/v2\/media\/4827"}],"wp:attachment":[{"href":"https:\/\/www.institutfrancais-jerusalem.org\/ramallah\/wp-json\/wp\/v2\/media?parent=4807"}],"wp:term":[{"taxonomy":"category","embeddable":true,"href":"https:\/\/www.institutfrancais-jerusalem.org\/ramallah\/wp-json\/wp\/v2\/categories?post=4807"},{"taxonomy":"post_tag","embeddable":true,"href":"https:\/\/www.institutfrancais-jerusalem.org\/ramallah\/wp-json\/wp\/v2\/tags?post=4807"}],"curies":[{"name":"wp","href":"https:\/\/api.w.org\/{rel}","templated":true}]}}