{"id":4393,"date":"2020-02-22T16:32:49","date_gmt":"2020-02-22T15:32:49","guid":{"rendered":"https:\/\/www.institutfrancais-jerusalem.org\/ramallah\/?p=4393"},"modified":"2020-02-22T16:32:49","modified_gmt":"2020-02-22T15:32:49","slug":"nous-recrutons-un-une-stagiaire-fle","status":"publish","type":"post","link":"https:\/\/www.institutfrancais-jerusalem.org\/ramallah\/nous-recrutons-un-une-stagiaire-fle\/","title":{"rendered":"Nous recrutons un \/ une stagiaire FLE !"},"content":{"rendered":"<h6 class=\"p2\"><span class=\"s1\">L\u2019Institut fran\u00e7ais de J\u00e9rusalem &#8211; antenne Ramallah recherche un\/ une stagiaire FLE pour une dur\u00e9e de 4 mois (du 15 ao\u00fbt 2020 au 15 d\u00e9cembre 2020).<\/span><\/h6>\n<h3 class=\"p4\"><span class=\"s2\">Descriptif du poste<\/span><\/h3>\n<p class=\"p4\"><span class=\"s1\">Sous l\u2019autorit\u00e9 du directeur d\u00e9l\u00e9gu\u00e9 et de la responsable des cours et des certifications DELF\/DALF, le\/la stagiaire aura pour mission de :<\/span><\/p>\n<ul>\n<li class=\"p4\"><span class=\"s1\">Aider \u00e0 l\u2019organisation des sessions de cours ;<\/span><\/li>\n<li class=\"p4\">Aider \u00e0 la r\u00e9organisation de la salle des profs (cr\u00e9ation d\u2019une plateforme de mutualisation des ressources) ;<\/li>\n<li class=\"p4\">Contribuer au d\u00e9veloppement des supports de cours (activit\u00e9s TBI, fiches, mat\u00e9riel et programme p\u00e9dagogiques) ;<\/li>\n<li class=\"p4\">Participer \u00e0 l\u2019accueil des \u00e9tudiants et des membres de l\u2019Institut fran\u00e7ais J\u00e9rusalem (IFJ) antenne Ramallah ;<\/li>\n<li class=\"p4\">Participer aux activit\u00e9s linguistiques et culturelles de l\u2019IFJ antenne Ramallah ;<\/li>\n<li class=\"p4\">Participer \u00e0 l&rsquo;enseignement destin\u00e9 aux enfants, adolescents et adultes (5h par semaine)<\/li>\n<\/ul>\n<h3 class=\"p4\"><span class=\"s2\">Comp\u00e9tences requises<\/span><\/h3>\n<ul>\n<li class=\"p4\"><span class=\"s1\">Master 1 ou 2 en cours ;<\/span><\/li>\n<li class=\"p4\">Capacit\u00e9 \u00e0 travailler en autonomie ;<\/li>\n<li class=\"p4\">Bon niveau d\u2019anglais (B2) ;<\/li>\n<li class=\"p4\">Enthousiasme, disponibilit\u00e9, flexibilit\u00e9 dans les horaires et capacit\u00e9 d\u2019adaptation ;<\/li>\n<li class=\"p4\">Habilitation DELF\/DALF serait un plus ;<\/li>\n<li class=\"p4\">Ma\u00eetrise du pack Microsoft Office.<\/li>\n<\/ul>\n<h3 class=\"p4\"><span class=\"s2\">Informations sur les conditions de prise en charge et encadrement du stagiaire<\/span><\/h3>\n<ul>\n<li class=\"p4\"><span class=\"s1\">Encadrement p\u00e9dagogique par la responsable des cours (observations de classe, aide \u00e0 la <\/span>pr\u00e9paration des cours, etc\u2026) ;<\/li>\n<li class=\"p4\">Convention obligatoire ;<\/li>\n<li class=\"p4\">Le stagiaire aura au minimum un jour de repos par semaine ;<\/li>\n<li class=\"p4\">Le billet d\u2019avion est \u00e0 la charge du stagiaire ;<\/li>\n<li class=\"p4\">Indemnit\u00e9 de stage mensuelle<\/li>\n<\/ul>\n<h3 class=\"p4\"><span class=\"s2\">Proc\u00e9dure \u00e0 suivre pour pr\u00e9senter sa candidature<\/span><\/h3>\n<p class=\"p4\"><span class=\"s1\">Envoyer lettre de motivation + CV \u00e0 l\u2019attention de Cl\u00e9mence Viaud, Responsable des cours et des <\/span><span class=\"s1\">certifications DELF\/DALF: <\/span><a href=\"mailto:cours@iframallah.org\"><span class=\"s3\">cours@iframallah.org <\/span><\/a><span class=\"s1\">et de Stefano Campopiano, Directeur D\u00e9l\u00e9gu\u00e9 de l\u2019Institut fran\u00e7ais de Jerusalem \u2013 antenne de Ramallah : <\/span><a href=\"mailto:director@iframallah.org\"><span class=\"s3\">director@iframallah.org<\/span><\/a><\/p>\n<p><a href=\"https:\/\/www.institutfrancais-jerusalem.org\/ramallah\/wp-content\/uploads\/sites\/11\/2020\/02\/20200815-Stage-FLE.pdf\"><img loading=\"lazy\" decoding=\"async\" class=\"alignleft size-medium wp-image-4377\" src=\"https:\/\/www.institutfrancais-jerusalem.org\/ramallah\/wp-content\/uploads\/sites\/11\/2020\/02\/20200815-Stage-FLE-page-001-212x300.jpg\" alt=\"\" width=\"212\" height=\"300\" srcset=\"https:\/\/www.institutfrancais-jerusalem.org\/ramallah\/wp-content\/uploads\/sites\/11\/2020\/02\/20200815-Stage-FLE-page-001-212x300.jpg 212w, https:\/\/www.institutfrancais-jerusalem.org\/ramallah\/wp-content\/uploads\/sites\/11\/2020\/02\/20200815-Stage-FLE-page-001-724x1024.jpg 724w, https:\/\/www.institutfrancais-jerusalem.org\/ramallah\/wp-content\/uploads\/sites\/11\/2020\/02\/20200815-Stage-FLE-page-001-768x1086.jpg 768w, https:\/\/www.institutfrancais-jerusalem.org\/ramallah\/wp-content\/uploads\/sites\/11\/2020\/02\/20200815-Stage-FLE-page-001-1086x1536.jpg 1086w, https:\/\/www.institutfrancais-jerusalem.org\/ramallah\/wp-content\/uploads\/sites\/11\/2020\/02\/20200815-Stage-FLE-page-001.jpg 1240w\" sizes=\"auto, (max-width: 212px) 100vw, 212px\" \/><\/a><\/p>\n","protected":false},"excerpt":{"rendered":"<p>L\u2019Institut fran\u00e7ais de J\u00e9rusalem &#8211; antenne Ramallah recherche un\/ une stagiaire FLE pour une dur\u00e9e de 4 mois (du 15 ao\u00fbt 2020 au 15 d\u00e9cembre 2020). Descriptif du poste Sous l\u2019autorit\u00e9 du directeur d\u00e9l\u00e9gu\u00e9 et de la responsable des cours et des certifications DELF\/DALF, le\/la stagiaire aura pour mission de : Aider \u00e0 l\u2019organisation des &hellip;<\/p>\n","protected":false},"author":1,"featured_media":4394,"comment_status":"closed","ping_status":"closed","sticky":false,"template":"","format":"standard","meta":{"footnotes":""},"categories":[7],"tags":[],"class_list":["post-4393","post","type-post","status-publish","format-standard","has-post-thumbnail","","category-diaporama"],"yoast_head":"<!-- This site is optimized with the Yoast SEO plugin v27.5 - https:\/\/yoast.com\/product\/yoast-seo-wordpress\/ -->\n<title>Nous recrutons un \/ une stagiaire FLE ! - Institut Fran\u00e7ais de J\u00e9rusalem - Ramallah<\/title>\n<meta name=\"robots\" content=\"index, follow, max-snippet:-1, max-image-preview:large, max-video-preview:-1\" \/>\n<link rel=\"canonical\" href=\"https:\/\/www.institutfrancais-jerusalem.org\/ramallah\/nous-recrutons-un-une-stagiaire-fle\/\" \/>\n<meta property=\"og:locale\" content=\"fr_FR\" \/>\n<meta property=\"og:type\" content=\"article\" \/>\n<meta property=\"og:title\" content=\"Nous recrutons un \/ une stagiaire FLE ! - Institut Fran\u00e7ais de J\u00e9rusalem - Ramallah\" \/>\n<meta property=\"og:description\" content=\"L\u2019Institut fran\u00e7ais de J\u00e9rusalem &#8211; antenne Ramallah recherche un\/ une stagiaire FLE pour une dur\u00e9e de 4 mois (du 15 ao\u00fbt 2020 au 15 d\u00e9cembre 2020). Descriptif du poste Sous l\u2019autorit\u00e9 du directeur d\u00e9l\u00e9gu\u00e9 et de la responsable des cours et des certifications DELF\/DALF, le\/la stagiaire aura pour mission de : Aider \u00e0 l\u2019organisation des &hellip;\" \/>\n<meta property=\"og:url\" content=\"https:\/\/www.institutfrancais-jerusalem.org\/ramallah\/nous-recrutons-un-une-stagiaire-fle\/\" \/>\n<meta property=\"og:site_name\" content=\"Institut Fran\u00e7ais de J\u00e9rusalem - Ramallah\" \/>\n<meta property=\"article:published_time\" content=\"2020-02-22T15:32:49+00:00\" \/>\n<meta property=\"og:image\" content=\"https:\/\/www.institutfrancais-jerusalem.org\/ramallah\/wp-content\/uploads\/sites\/11\/2020\/02\/element5-digital-OyCl7Y4y0Bk-unsplash-scaled.jpg\" \/>\n\t<meta property=\"og:image:width\" content=\"2560\" \/>\n\t<meta property=\"og:image:height\" content=\"1807\" \/>\n\t<meta property=\"og:image:type\" content=\"image\/jpeg\" \/>\n<meta name=\"author\" content=\"admin6590\" \/>\n<meta name=\"twitter:card\" content=\"summary_large_image\" \/>\n<meta name=\"twitter:label1\" content=\"\u00c9crit par\" \/>\n\t<meta name=\"twitter:data1\" content=\"admin6590\" \/>\n\t<meta name=\"twitter:label2\" content=\"Dur\u00e9e de lecture estim\u00e9e\" \/>\n\t<meta name=\"twitter:data2\" content=\"1 minute\" \/>\n<script type=\"application\/ld+json\" class=\"yoast-schema-graph\">{\"@context\":\"https:\\\/\\\/schema.org\",\"@graph\":[{\"@type\":\"Article\",\"@id\":\"https:\\\/\\\/www.institutfrancais-jerusalem.org\\\/ramallah\\\/nous-recrutons-un-une-stagiaire-fle\\\/#article\",\"isPartOf\":{\"@id\":\"https:\\\/\\\/www.institutfrancais-jerusalem.org\\\/ramallah\\\/nous-recrutons-un-une-stagiaire-fle\\\/\"},\"author\":{\"name\":\"admin6590\",\"@id\":\"https:\\\/\\\/www.institutfrancais-jerusalem.org\\\/ramallah\\\/#\\\/schema\\\/person\\\/0d606b93f4fb1eb5c713b8be3dd4c4bf\"},\"headline\":\"Nous recrutons un \\\/ une stagiaire FLE !\",\"datePublished\":\"2020-02-22T15:32:49+00:00\",\"mainEntityOfPage\":{\"@id\":\"https:\\\/\\\/www.institutfrancais-jerusalem.org\\\/ramallah\\\/nous-recrutons-un-une-stagiaire-fle\\\/\"},\"wordCount\":292,\"image\":{\"@id\":\"https:\\\/\\\/www.institutfrancais-jerusalem.org\\\/ramallah\\\/nous-recrutons-un-une-stagiaire-fle\\\/#primaryimage\"},\"thumbnailUrl\":\"https:\\\/\\\/www.institutfrancais-jerusalem.org\\\/ramallah\\\/wp-content\\\/uploads\\\/sites\\\/11\\\/2020\\\/02\\\/element5-digital-OyCl7Y4y0Bk-unsplash-scaled.jpg\",\"articleSection\":[\"Diaporama\"],\"inLanguage\":\"fr-FR\"},{\"@type\":\"WebPage\",\"@id\":\"https:\\\/\\\/www.institutfrancais-jerusalem.org\\\/ramallah\\\/nous-recrutons-un-une-stagiaire-fle\\\/\",\"url\":\"https:\\\/\\\/www.institutfrancais-jerusalem.org\\\/ramallah\\\/nous-recrutons-un-une-stagiaire-fle\\\/\",\"name\":\"Nous recrutons un \\\/ une stagiaire FLE ! - Institut Fran\u00e7ais de J\u00e9rusalem - Ramallah\",\"isPartOf\":{\"@id\":\"https:\\\/\\\/www.institutfrancais-jerusalem.org\\\/ramallah\\\/#website\"},\"primaryImageOfPage\":{\"@id\":\"https:\\\/\\\/www.institutfrancais-jerusalem.org\\\/ramallah\\\/nous-recrutons-un-une-stagiaire-fle\\\/#primaryimage\"},\"image\":{\"@id\":\"https:\\\/\\\/www.institutfrancais-jerusalem.org\\\/ramallah\\\/nous-recrutons-un-une-stagiaire-fle\\\/#primaryimage\"},\"thumbnailUrl\":\"https:\\\/\\\/www.institutfrancais-jerusalem.org\\\/ramallah\\\/wp-content\\\/uploads\\\/sites\\\/11\\\/2020\\\/02\\\/element5-digital-OyCl7Y4y0Bk-unsplash-scaled.jpg\",\"datePublished\":\"2020-02-22T15:32:49+00:00\",\"author\":{\"@id\":\"https:\\\/\\\/www.institutfrancais-jerusalem.org\\\/ramallah\\\/#\\\/schema\\\/person\\\/0d606b93f4fb1eb5c713b8be3dd4c4bf\"},\"breadcrumb\":{\"@id\":\"https:\\\/\\\/www.institutfrancais-jerusalem.org\\\/ramallah\\\/nous-recrutons-un-une-stagiaire-fle\\\/#breadcrumb\"},\"inLanguage\":\"fr-FR\",\"potentialAction\":[{\"@type\":\"ReadAction\",\"target\":[\"https:\\\/\\\/www.institutfrancais-jerusalem.org\\\/ramallah\\\/nous-recrutons-un-une-stagiaire-fle\\\/\"]}]},{\"@type\":\"ImageObject\",\"inLanguage\":\"fr-FR\",\"@id\":\"https:\\\/\\\/www.institutfrancais-jerusalem.org\\\/ramallah\\\/nous-recrutons-un-une-stagiaire-fle\\\/#primaryimage\",\"url\":\"https:\\\/\\\/www.institutfrancais-jerusalem.org\\\/ramallah\\\/wp-content\\\/uploads\\\/sites\\\/11\\\/2020\\\/02\\\/element5-digital-OyCl7Y4y0Bk-unsplash-scaled.jpg\",\"contentUrl\":\"https:\\\/\\\/www.institutfrancais-jerusalem.org\\\/ramallah\\\/wp-content\\\/uploads\\\/sites\\\/11\\\/2020\\\/02\\\/element5-digital-OyCl7Y4y0Bk-unsplash-scaled.jpg\",\"width\":2560,\"height\":1807,\"caption\":\"Photo by Element5 Digital on Unsplash\"},{\"@type\":\"BreadcrumbList\",\"@id\":\"https:\\\/\\\/www.institutfrancais-jerusalem.org\\\/ramallah\\\/nous-recrutons-un-une-stagiaire-fle\\\/#breadcrumb\",\"itemListElement\":[{\"@type\":\"ListItem\",\"position\":1,\"name\":\"Accueil\",\"item\":\"https:\\\/\\\/www.institutfrancais-jerusalem.org\\\/ramallah\\\/\"},{\"@type\":\"ListItem\",\"position\":2,\"name\":\"Nous recrutons un \\\/ une stagiaire FLE !\"}]},{\"@type\":\"WebSite\",\"@id\":\"https:\\\/\\\/www.institutfrancais-jerusalem.org\\\/ramallah\\\/#website\",\"url\":\"https:\\\/\\\/www.institutfrancais-jerusalem.org\\\/ramallah\\\/\",\"name\":\"Institut Fran\u00e7ais de J\u00e9rusalem - Ramallah\",\"description\":\"Ramallah\",\"potentialAction\":[{\"@type\":\"SearchAction\",\"target\":{\"@type\":\"EntryPoint\",\"urlTemplate\":\"https:\\\/\\\/www.institutfrancais-jerusalem.org\\\/ramallah\\\/?s={search_term_string}\"},\"query-input\":{\"@type\":\"PropertyValueSpecification\",\"valueRequired\":true,\"valueName\":\"search_term_string\"}}],\"inLanguage\":\"fr-FR\"},{\"@type\":\"Person\",\"@id\":\"https:\\\/\\\/www.institutfrancais-jerusalem.org\\\/ramallah\\\/#\\\/schema\\\/person\\\/0d606b93f4fb1eb5c713b8be3dd4c4bf\",\"name\":\"admin6590\",\"image\":{\"@type\":\"ImageObject\",\"inLanguage\":\"fr-FR\",\"@id\":\"https:\\\/\\\/secure.gravatar.com\\\/avatar\\\/26482e0f083efa40e5c2db57a3d590897a500390cc256266e30d5da5605a03a9?s=96&d=mm&r=g\",\"url\":\"https:\\\/\\\/secure.gravatar.com\\\/avatar\\\/26482e0f083efa40e5c2db57a3d590897a500390cc256266e30d5da5605a03a9?s=96&d=mm&r=g\",\"contentUrl\":\"https:\\\/\\\/secure.gravatar.com\\\/avatar\\\/26482e0f083efa40e5c2db57a3d590897a500390cc256266e30d5da5605a03a9?s=96&d=mm&r=g\",\"caption\":\"admin6590\"},\"url\":\"https:\\\/\\\/www.institutfrancais-jerusalem.org\\\/ramallah\\\/author\\\/admin6590\\\/\"}]}<\/script>\n<!-- \/ Yoast SEO plugin. -->","yoast_head_json":{"title":"Nous recrutons un \/ une stagiaire FLE ! - Institut Fran\u00e7ais de J\u00e9rusalem - Ramallah","robots":{"index":"index","follow":"follow","max-snippet":"max-snippet:-1","max-image-preview":"max-image-preview:large","max-video-preview":"max-video-preview:-1"},"canonical":"https:\/\/www.institutfrancais-jerusalem.org\/ramallah\/nous-recrutons-un-une-stagiaire-fle\/","og_locale":"fr_FR","og_type":"article","og_title":"Nous recrutons un \/ une stagiaire FLE ! - Institut Fran\u00e7ais de J\u00e9rusalem - Ramallah","og_description":"L\u2019Institut fran\u00e7ais de J\u00e9rusalem &#8211; antenne Ramallah recherche un\/ une stagiaire FLE pour une dur\u00e9e de 4 mois (du 15 ao\u00fbt 2020 au 15 d\u00e9cembre 2020). Descriptif du poste Sous l\u2019autorit\u00e9 du directeur d\u00e9l\u00e9gu\u00e9 et de la responsable des cours et des certifications DELF\/DALF, le\/la stagiaire aura pour mission de : Aider \u00e0 l\u2019organisation des &hellip;","og_url":"https:\/\/www.institutfrancais-jerusalem.org\/ramallah\/nous-recrutons-un-une-stagiaire-fle\/","og_site_name":"Institut Fran\u00e7ais de J\u00e9rusalem - Ramallah","article_published_time":"2020-02-22T15:32:49+00:00","og_image":[{"width":2560,"height":1807,"url":"https:\/\/www.institutfrancais-jerusalem.org\/ramallah\/wp-content\/uploads\/sites\/11\/2020\/02\/element5-digital-OyCl7Y4y0Bk-unsplash-scaled.jpg","type":"image\/jpeg"}],"author":"admin6590","twitter_card":"summary_large_image","twitter_misc":{"\u00c9crit par":"admin6590","Dur\u00e9e de lecture estim\u00e9e":"1 minute"},"schema":{"@context":"https:\/\/schema.org","@graph":[{"@type":"Article","@id":"https:\/\/www.institutfrancais-jerusalem.org\/ramallah\/nous-recrutons-un-une-stagiaire-fle\/#article","isPartOf":{"@id":"https:\/\/www.institutfrancais-jerusalem.org\/ramallah\/nous-recrutons-un-une-stagiaire-fle\/"},"author":{"name":"admin6590","@id":"https:\/\/www.institutfrancais-jerusalem.org\/ramallah\/#\/schema\/person\/0d606b93f4fb1eb5c713b8be3dd4c4bf"},"headline":"Nous recrutons un \/ une stagiaire FLE !","datePublished":"2020-02-22T15:32:49+00:00","mainEntityOfPage":{"@id":"https:\/\/www.institutfrancais-jerusalem.org\/ramallah\/nous-recrutons-un-une-stagiaire-fle\/"},"wordCount":292,"image":{"@id":"https:\/\/www.institutfrancais-jerusalem.org\/ramallah\/nous-recrutons-un-une-stagiaire-fle\/#primaryimage"},"thumbnailUrl":"https:\/\/www.institutfrancais-jerusalem.org\/ramallah\/wp-content\/uploads\/sites\/11\/2020\/02\/element5-digital-OyCl7Y4y0Bk-unsplash-scaled.jpg","articleSection":["Diaporama"],"inLanguage":"fr-FR"},{"@type":"WebPage","@id":"https:\/\/www.institutfrancais-jerusalem.org\/ramallah\/nous-recrutons-un-une-stagiaire-fle\/","url":"https:\/\/www.institutfrancais-jerusalem.org\/ramallah\/nous-recrutons-un-une-stagiaire-fle\/","name":"Nous recrutons un \/ une stagiaire FLE ! - Institut Fran\u00e7ais de J\u00e9rusalem - Ramallah","isPartOf":{"@id":"https:\/\/www.institutfrancais-jerusalem.org\/ramallah\/#website"},"primaryImageOfPage":{"@id":"https:\/\/www.institutfrancais-jerusalem.org\/ramallah\/nous-recrutons-un-une-stagiaire-fle\/#primaryimage"},"image":{"@id":"https:\/\/www.institutfrancais-jerusalem.org\/ramallah\/nous-recrutons-un-une-stagiaire-fle\/#primaryimage"},"thumbnailUrl":"https:\/\/www.institutfrancais-jerusalem.org\/ramallah\/wp-content\/uploads\/sites\/11\/2020\/02\/element5-digital-OyCl7Y4y0Bk-unsplash-scaled.jpg","datePublished":"2020-02-22T15:32:49+00:00","author":{"@id":"https:\/\/www.institutfrancais-jerusalem.org\/ramallah\/#\/schema\/person\/0d606b93f4fb1eb5c713b8be3dd4c4bf"},"breadcrumb":{"@id":"https:\/\/www.institutfrancais-jerusalem.org\/ramallah\/nous-recrutons-un-une-stagiaire-fle\/#breadcrumb"},"inLanguage":"fr-FR","potentialAction":[{"@type":"ReadAction","target":["https:\/\/www.institutfrancais-jerusalem.org\/ramallah\/nous-recrutons-un-une-stagiaire-fle\/"]}]},{"@type":"ImageObject","inLanguage":"fr-FR","@id":"https:\/\/www.institutfrancais-jerusalem.org\/ramallah\/nous-recrutons-un-une-stagiaire-fle\/#primaryimage","url":"https:\/\/www.institutfrancais-jerusalem.org\/ramallah\/wp-content\/uploads\/sites\/11\/2020\/02\/element5-digital-OyCl7Y4y0Bk-unsplash-scaled.jpg","contentUrl":"https:\/\/www.institutfrancais-jerusalem.org\/ramallah\/wp-content\/uploads\/sites\/11\/2020\/02\/element5-digital-OyCl7Y4y0Bk-unsplash-scaled.jpg","width":2560,"height":1807,"caption":"Photo by Element5 Digital on Unsplash"},{"@type":"BreadcrumbList","@id":"https:\/\/www.institutfrancais-jerusalem.org\/ramallah\/nous-recrutons-un-une-stagiaire-fle\/#breadcrumb","itemListElement":[{"@type":"ListItem","position":1,"name":"Accueil","item":"https:\/\/www.institutfrancais-jerusalem.org\/ramallah\/"},{"@type":"ListItem","position":2,"name":"Nous recrutons un \/ une stagiaire FLE !"}]},{"@type":"WebSite","@id":"https:\/\/www.institutfrancais-jerusalem.org\/ramallah\/#website","url":"https:\/\/www.institutfrancais-jerusalem.org\/ramallah\/","name":"Institut Fran\u00e7ais de J\u00e9rusalem - Ramallah","description":"Ramallah","potentialAction":[{"@type":"SearchAction","target":{"@type":"EntryPoint","urlTemplate":"https:\/\/www.institutfrancais-jerusalem.org\/ramallah\/?s={search_term_string}"},"query-input":{"@type":"PropertyValueSpecification","valueRequired":true,"valueName":"search_term_string"}}],"inLanguage":"fr-FR"},{"@type":"Person","@id":"https:\/\/www.institutfrancais-jerusalem.org\/ramallah\/#\/schema\/person\/0d606b93f4fb1eb5c713b8be3dd4c4bf","name":"admin6590","image":{"@type":"ImageObject","inLanguage":"fr-FR","@id":"https:\/\/secure.gravatar.com\/avatar\/26482e0f083efa40e5c2db57a3d590897a500390cc256266e30d5da5605a03a9?s=96&d=mm&r=g","url":"https:\/\/secure.gravatar.com\/avatar\/26482e0f083efa40e5c2db57a3d590897a500390cc256266e30d5da5605a03a9?s=96&d=mm&r=g","contentUrl":"https:\/\/secure.gravatar.com\/avatar\/26482e0f083efa40e5c2db57a3d590897a500390cc256266e30d5da5605a03a9?s=96&d=mm&r=g","caption":"admin6590"},"url":"https:\/\/www.institutfrancais-jerusalem.org\/ramallah\/author\/admin6590\/"}]}},"_links":{"self":[{"href":"https:\/\/www.institutfrancais-jerusalem.org\/ramallah\/wp-json\/wp\/v2\/posts\/4393","targetHints":{"allow":["GET"]}}],"collection":[{"href":"https:\/\/www.institutfrancais-jerusalem.org\/ramallah\/wp-json\/wp\/v2\/posts"}],"about":[{"href":"https:\/\/www.institutfrancais-jerusalem.org\/ramallah\/wp-json\/wp\/v2\/types\/post"}],"author":[{"embeddable":true,"href":"https:\/\/www.institutfrancais-jerusalem.org\/ramallah\/wp-json\/wp\/v2\/users\/1"}],"replies":[{"embeddable":true,"href":"https:\/\/www.institutfrancais-jerusalem.org\/ramallah\/wp-json\/wp\/v2\/comments?post=4393"}],"version-history":[{"count":1,"href":"https:\/\/www.institutfrancais-jerusalem.org\/ramallah\/wp-json\/wp\/v2\/posts\/4393\/revisions"}],"predecessor-version":[{"id":4396,"href":"https:\/\/www.institutfrancais-jerusalem.org\/ramallah\/wp-json\/wp\/v2\/posts\/4393\/revisions\/4396"}],"wp:featuredmedia":[{"embeddable":true,"href":"https:\/\/www.institutfrancais-jerusalem.org\/ramallah\/wp-json\/wp\/v2\/media\/4394"}],"wp:attachment":[{"href":"https:\/\/www.institutfrancais-jerusalem.org\/ramallah\/wp-json\/wp\/v2\/media?parent=4393"}],"wp:term":[{"taxonomy":"category","embeddable":true,"href":"https:\/\/www.institutfrancais-jerusalem.org\/ramallah\/wp-json\/wp\/v2\/categories?post=4393"},{"taxonomy":"post_tag","embeddable":true,"href":"https:\/\/www.institutfrancais-jerusalem.org\/ramallah\/wp-json\/wp\/v2\/tags?post=4393"}],"curies":[{"name":"wp","href":"https:\/\/api.w.org\/{rel}","templated":true}]}}