{"id":4386,"date":"2020-02-22T16:29:01","date_gmt":"2020-02-22T15:29:01","guid":{"rendered":"https:\/\/www.institutfrancais-jerusalem.org\/ramallah\/?p=4386"},"modified":"2020-02-22T16:29:01","modified_gmt":"2020-02-22T15:29:01","slug":"nous-recrutons-un-une-stagiaire-culture-communication","status":"publish","type":"post","link":"https:\/\/www.institutfrancais-jerusalem.org\/ramallah\/nous-recrutons-un-une-stagiaire-culture-communication\/","title":{"rendered":"Nous recrutons un\/une stagiaire Culture &#038; communication"},"content":{"rendered":"<h6 class=\"p1\"><span class=\"s1\">L\u2019Institut fran\u00e7ais de J\u00e9rusalem &#8211; antenne Ramallah recherche un\/ une stagiaire culture &amp; communication pour une dur\u00e9e de 4 mois (du 15 mars 2020 au 15 juillet 2020).<\/span><\/h6>\n<h3 class=\"p1\"><span class=\"s1\">Descriptif du poste<\/span><\/h3>\n<p class=\"p1\"><span class=\"s2\">Sous l\u2019autorit\u00e9 du Directeur d\u00e9l\u00e9gu\u00e9 et du charg\u00e9 de mission culturelle, le\/la stagiaire aura pour mission:<\/span><\/p>\n<ul>\n<li class=\"p1\"><span class=\"s2\">Participation \u00e0 la mise en \u0153uvre et \u00e0 l\u2019\u00e9valuation des actions culturelles de l\u2019antenne ;<\/span><\/li>\n<li class=\"p1\">Participation aux actions men\u00e9es au sein de la M\u00e9diath\u00e8que et du projet Bibliobus ;<\/li>\n<li class=\"p1\">Participation \u00e0 la mise en \u0153uvre du plan de communication de l\u2019antenne dans le cadre du Centre culturel franco-allemand ;<\/li>\n<li class=\"p1\">Participation \u00e0 l\u2019\u00e9laboration d\u2019un \u00e9tat des lieux et des listes de diffusions de l\u2019antenne.<\/li>\n<\/ul>\n<h3 class=\"p1\"><span class=\"s1\">Comp\u00e9tences requises<\/span><\/h3>\n<ul>\n<li class=\"p1\"><span class=\"s2\">Master 1 ou 2 en cours ;<\/span><\/li>\n<li class=\"p1\"><span class=\"s2\">Capacit\u00e9 \u00e0 travailler en autonomie ;<\/span><\/li>\n<li class=\"p1\"><span class=\"s2\">Bon niveau d\u2019anglais (B2) ;<\/span><\/li>\n<li class=\"p1\"><span class=\"s2\">Enthousiasme, disponibilit\u00e9, flexibilit\u00e9 dans les horaires et capacit\u00e9 d\u2019adaptation ;<\/span><\/li>\n<li class=\"p1\"><span class=\"s2\">Ma\u00eetrise du pack Microsoft Office ;<\/span><\/li>\n<li class=\"p1\"><span class=\"s2\">Connaissances en PAO souhaitable.<\/span><\/li>\n<\/ul>\n<h3 class=\"p1\"><span class=\"s1\">Informations sur les conditions de prise en charge et encadrement du stagiaire<\/span><\/h3>\n<ul>\n<li class=\"p1\"><span class=\"s2\">Convention obligatoire avec un \u00e9tablissement d\u2019enseignement sup\u00e9rieur fran\u00e7ais ;<\/span><\/li>\n<li class=\"p1\"><span class=\"s2\">Le stagiaire aura au minimum un jour de repos par semaine ;<\/span><\/li>\n<li class=\"p1\"><span class=\"s2\">Le billet d\u2019avion est \u00e0 la charge du stagiaire ;<\/span><\/li>\n<li class=\"p1\"><span class=\"s2\">Indemnit\u00e9 de stage mensuelle<\/span><\/li>\n<\/ul>\n<h3 class=\"p1\"><span class=\"s1\">Proc\u00e9dure \u00e0 suivre pour pr\u00e9senter sa candidature<\/span><\/h3>\n<p class=\"p1\"><span class=\"s2\">Envoyer lettre de motivation + CV \u00e0 l\u2019attention de Stefano Campopiano, Directeur D\u00e9l\u00e9gu\u00e9 de l\u2019Institut fran\u00e7ais de J\u00e9rusalem \u2013 antenne de Ramallah : <\/span><span class=\"s3\"><a href=\"mailto:director@iframallah.org\">director@iframallah.org<\/a>\u00a0<\/span><\/p>\n<p><a href=\"Photo by William Iven on Unsplash\"><img loading=\"lazy\" decoding=\"async\" class=\"alignleft size-medium wp-image-4375\" src=\"https:\/\/www.institutfrancais-jerusalem.org\/ramallah\/wp-content\/uploads\/sites\/11\/2020\/02\/20200315-Stage-culture-page-001-212x300.jpg\" alt=\"\" width=\"212\" height=\"300\" srcset=\"https:\/\/www.institutfrancais-jerusalem.org\/ramallah\/wp-content\/uploads\/sites\/11\/2020\/02\/20200315-Stage-culture-page-001-212x300.jpg 212w, https:\/\/www.institutfrancais-jerusalem.org\/ramallah\/wp-content\/uploads\/sites\/11\/2020\/02\/20200315-Stage-culture-page-001-724x1024.jpg 724w, https:\/\/www.institutfrancais-jerusalem.org\/ramallah\/wp-content\/uploads\/sites\/11\/2020\/02\/20200315-Stage-culture-page-001-768x1086.jpg 768w, https:\/\/www.institutfrancais-jerusalem.org\/ramallah\/wp-content\/uploads\/sites\/11\/2020\/02\/20200315-Stage-culture-page-001-1086x1536.jpg 1086w, https:\/\/www.institutfrancais-jerusalem.org\/ramallah\/wp-content\/uploads\/sites\/11\/2020\/02\/20200315-Stage-culture-page-001.jpg 1240w\" sizes=\"auto, (max-width: 212px) 100vw, 212px\" \/><\/a><\/p>\n","protected":false},"excerpt":{"rendered":"<p>L\u2019Institut fran\u00e7ais de J\u00e9rusalem &#8211; antenne Ramallah recherche un\/ une stagiaire culture &amp; communication pour une dur\u00e9e de 4 mois (du 15 mars 2020 au 15 juillet 2020). Descriptif du poste Sous l\u2019autorit\u00e9 du Directeur d\u00e9l\u00e9gu\u00e9 et du charg\u00e9 de mission culturelle, le\/la stagiaire aura pour mission: Participation \u00e0 la mise en \u0153uvre et \u00e0 &hellip;<\/p>\n","protected":false},"author":1,"featured_media":4387,"comment_status":"closed","ping_status":"closed","sticky":false,"template":"","format":"standard","meta":{"footnotes":""},"categories":[7],"tags":[],"class_list":["post-4386","post","type-post","status-publish","format-standard","has-post-thumbnail","","category-diaporama"],"yoast_head":"<!-- This site is optimized with the Yoast SEO plugin v27.5 - https:\/\/yoast.com\/product\/yoast-seo-wordpress\/ -->\n<title>Nous recrutons un\/une stagiaire Culture &amp; communication - Institut Fran\u00e7ais de J\u00e9rusalem - Ramallah<\/title>\n<meta name=\"robots\" content=\"index, follow, max-snippet:-1, max-image-preview:large, max-video-preview:-1\" \/>\n<link rel=\"canonical\" href=\"https:\/\/www.institutfrancais-jerusalem.org\/ramallah\/nous-recrutons-un-une-stagiaire-culture-communication\/\" \/>\n<meta property=\"og:locale\" content=\"fr_FR\" \/>\n<meta property=\"og:type\" content=\"article\" \/>\n<meta property=\"og:title\" content=\"Nous recrutons un\/une stagiaire Culture &amp; communication - Institut Fran\u00e7ais de J\u00e9rusalem - Ramallah\" \/>\n<meta property=\"og:description\" content=\"L\u2019Institut fran\u00e7ais de J\u00e9rusalem &#8211; antenne Ramallah recherche un\/ une stagiaire culture &amp; communication pour une dur\u00e9e de 4 mois (du 15 mars 2020 au 15 juillet 2020). Descriptif du poste Sous l\u2019autorit\u00e9 du Directeur d\u00e9l\u00e9gu\u00e9 et du charg\u00e9 de mission culturelle, le\/la stagiaire aura pour mission: Participation \u00e0 la mise en \u0153uvre et \u00e0 &hellip;\" \/>\n<meta property=\"og:url\" content=\"https:\/\/www.institutfrancais-jerusalem.org\/ramallah\/nous-recrutons-un-une-stagiaire-culture-communication\/\" \/>\n<meta property=\"og:site_name\" content=\"Institut Fran\u00e7ais de J\u00e9rusalem - Ramallah\" \/>\n<meta property=\"article:published_time\" content=\"2020-02-22T15:29:01+00:00\" \/>\n<meta property=\"og:image\" content=\"https:\/\/www.institutfrancais-jerusalem.org\/ramallah\/wp-content\/uploads\/sites\/11\/2020\/02\/william-iven-gcsNOsPEXfs-unsplash-scaled.jpg\" \/>\n\t<meta property=\"og:image:width\" content=\"2560\" \/>\n\t<meta property=\"og:image:height\" content=\"1700\" \/>\n\t<meta property=\"og:image:type\" content=\"image\/jpeg\" \/>\n<meta name=\"author\" content=\"admin6590\" \/>\n<meta name=\"twitter:card\" content=\"summary_large_image\" \/>\n<meta name=\"twitter:label1\" content=\"\u00c9crit par\" \/>\n\t<meta name=\"twitter:data1\" content=\"admin6590\" \/>\n\t<meta name=\"twitter:label2\" content=\"Dur\u00e9e de lecture estim\u00e9e\" \/>\n\t<meta name=\"twitter:data2\" content=\"1 minute\" \/>\n<script type=\"application\/ld+json\" class=\"yoast-schema-graph\">{\"@context\":\"https:\\\/\\\/schema.org\",\"@graph\":[{\"@type\":\"Article\",\"@id\":\"https:\\\/\\\/www.institutfrancais-jerusalem.org\\\/ramallah\\\/nous-recrutons-un-une-stagiaire-culture-communication\\\/#article\",\"isPartOf\":{\"@id\":\"https:\\\/\\\/www.institutfrancais-jerusalem.org\\\/ramallah\\\/nous-recrutons-un-une-stagiaire-culture-communication\\\/\"},\"author\":{\"name\":\"admin6590\",\"@id\":\"https:\\\/\\\/www.institutfrancais-jerusalem.org\\\/ramallah\\\/#\\\/schema\\\/person\\\/0d606b93f4fb1eb5c713b8be3dd4c4bf\"},\"headline\":\"Nous recrutons un\\\/une stagiaire Culture &#038; communication\",\"datePublished\":\"2020-02-22T15:29:01+00:00\",\"mainEntityOfPage\":{\"@id\":\"https:\\\/\\\/www.institutfrancais-jerusalem.org\\\/ramallah\\\/nous-recrutons-un-une-stagiaire-culture-communication\\\/\"},\"wordCount\":241,\"image\":{\"@id\":\"https:\\\/\\\/www.institutfrancais-jerusalem.org\\\/ramallah\\\/nous-recrutons-un-une-stagiaire-culture-communication\\\/#primaryimage\"},\"thumbnailUrl\":\"https:\\\/\\\/www.institutfrancais-jerusalem.org\\\/ramallah\\\/wp-content\\\/uploads\\\/sites\\\/11\\\/2020\\\/02\\\/william-iven-gcsNOsPEXfs-unsplash-scaled.jpg\",\"articleSection\":[\"Diaporama\"],\"inLanguage\":\"fr-FR\"},{\"@type\":\"WebPage\",\"@id\":\"https:\\\/\\\/www.institutfrancais-jerusalem.org\\\/ramallah\\\/nous-recrutons-un-une-stagiaire-culture-communication\\\/\",\"url\":\"https:\\\/\\\/www.institutfrancais-jerusalem.org\\\/ramallah\\\/nous-recrutons-un-une-stagiaire-culture-communication\\\/\",\"name\":\"Nous recrutons un\\\/une stagiaire Culture & communication - Institut Fran\u00e7ais de J\u00e9rusalem - Ramallah\",\"isPartOf\":{\"@id\":\"https:\\\/\\\/www.institutfrancais-jerusalem.org\\\/ramallah\\\/#website\"},\"primaryImageOfPage\":{\"@id\":\"https:\\\/\\\/www.institutfrancais-jerusalem.org\\\/ramallah\\\/nous-recrutons-un-une-stagiaire-culture-communication\\\/#primaryimage\"},\"image\":{\"@id\":\"https:\\\/\\\/www.institutfrancais-jerusalem.org\\\/ramallah\\\/nous-recrutons-un-une-stagiaire-culture-communication\\\/#primaryimage\"},\"thumbnailUrl\":\"https:\\\/\\\/www.institutfrancais-jerusalem.org\\\/ramallah\\\/wp-content\\\/uploads\\\/sites\\\/11\\\/2020\\\/02\\\/william-iven-gcsNOsPEXfs-unsplash-scaled.jpg\",\"datePublished\":\"2020-02-22T15:29:01+00:00\",\"author\":{\"@id\":\"https:\\\/\\\/www.institutfrancais-jerusalem.org\\\/ramallah\\\/#\\\/schema\\\/person\\\/0d606b93f4fb1eb5c713b8be3dd4c4bf\"},\"breadcrumb\":{\"@id\":\"https:\\\/\\\/www.institutfrancais-jerusalem.org\\\/ramallah\\\/nous-recrutons-un-une-stagiaire-culture-communication\\\/#breadcrumb\"},\"inLanguage\":\"fr-FR\",\"potentialAction\":[{\"@type\":\"ReadAction\",\"target\":[\"https:\\\/\\\/www.institutfrancais-jerusalem.org\\\/ramallah\\\/nous-recrutons-un-une-stagiaire-culture-communication\\\/\"]}]},{\"@type\":\"ImageObject\",\"inLanguage\":\"fr-FR\",\"@id\":\"https:\\\/\\\/www.institutfrancais-jerusalem.org\\\/ramallah\\\/nous-recrutons-un-une-stagiaire-culture-communication\\\/#primaryimage\",\"url\":\"https:\\\/\\\/www.institutfrancais-jerusalem.org\\\/ramallah\\\/wp-content\\\/uploads\\\/sites\\\/11\\\/2020\\\/02\\\/william-iven-gcsNOsPEXfs-unsplash-scaled.jpg\",\"contentUrl\":\"https:\\\/\\\/www.institutfrancais-jerusalem.org\\\/ramallah\\\/wp-content\\\/uploads\\\/sites\\\/11\\\/2020\\\/02\\\/william-iven-gcsNOsPEXfs-unsplash-scaled.jpg\",\"width\":2560,\"height\":1700,\"caption\":\"Photo by William Iven on Unsplash\"},{\"@type\":\"BreadcrumbList\",\"@id\":\"https:\\\/\\\/www.institutfrancais-jerusalem.org\\\/ramallah\\\/nous-recrutons-un-une-stagiaire-culture-communication\\\/#breadcrumb\",\"itemListElement\":[{\"@type\":\"ListItem\",\"position\":1,\"name\":\"Accueil\",\"item\":\"https:\\\/\\\/www.institutfrancais-jerusalem.org\\\/ramallah\\\/\"},{\"@type\":\"ListItem\",\"position\":2,\"name\":\"Nous recrutons un\\\/une stagiaire Culture &#038; communication\"}]},{\"@type\":\"WebSite\",\"@id\":\"https:\\\/\\\/www.institutfrancais-jerusalem.org\\\/ramallah\\\/#website\",\"url\":\"https:\\\/\\\/www.institutfrancais-jerusalem.org\\\/ramallah\\\/\",\"name\":\"Institut Fran\u00e7ais de J\u00e9rusalem - Ramallah\",\"description\":\"Ramallah\",\"potentialAction\":[{\"@type\":\"SearchAction\",\"target\":{\"@type\":\"EntryPoint\",\"urlTemplate\":\"https:\\\/\\\/www.institutfrancais-jerusalem.org\\\/ramallah\\\/?s={search_term_string}\"},\"query-input\":{\"@type\":\"PropertyValueSpecification\",\"valueRequired\":true,\"valueName\":\"search_term_string\"}}],\"inLanguage\":\"fr-FR\"},{\"@type\":\"Person\",\"@id\":\"https:\\\/\\\/www.institutfrancais-jerusalem.org\\\/ramallah\\\/#\\\/schema\\\/person\\\/0d606b93f4fb1eb5c713b8be3dd4c4bf\",\"name\":\"admin6590\",\"image\":{\"@type\":\"ImageObject\",\"inLanguage\":\"fr-FR\",\"@id\":\"https:\\\/\\\/secure.gravatar.com\\\/avatar\\\/26482e0f083efa40e5c2db57a3d590897a500390cc256266e30d5da5605a03a9?s=96&d=mm&r=g\",\"url\":\"https:\\\/\\\/secure.gravatar.com\\\/avatar\\\/26482e0f083efa40e5c2db57a3d590897a500390cc256266e30d5da5605a03a9?s=96&d=mm&r=g\",\"contentUrl\":\"https:\\\/\\\/secure.gravatar.com\\\/avatar\\\/26482e0f083efa40e5c2db57a3d590897a500390cc256266e30d5da5605a03a9?s=96&d=mm&r=g\",\"caption\":\"admin6590\"},\"url\":\"https:\\\/\\\/www.institutfrancais-jerusalem.org\\\/ramallah\\\/author\\\/admin6590\\\/\"}]}<\/script>\n<!-- \/ Yoast SEO plugin. -->","yoast_head_json":{"title":"Nous recrutons un\/une stagiaire Culture & communication - Institut Fran\u00e7ais de J\u00e9rusalem - Ramallah","robots":{"index":"index","follow":"follow","max-snippet":"max-snippet:-1","max-image-preview":"max-image-preview:large","max-video-preview":"max-video-preview:-1"},"canonical":"https:\/\/www.institutfrancais-jerusalem.org\/ramallah\/nous-recrutons-un-une-stagiaire-culture-communication\/","og_locale":"fr_FR","og_type":"article","og_title":"Nous recrutons un\/une stagiaire Culture & communication - Institut Fran\u00e7ais de J\u00e9rusalem - Ramallah","og_description":"L\u2019Institut fran\u00e7ais de J\u00e9rusalem &#8211; antenne Ramallah recherche un\/ une stagiaire culture &amp; communication pour une dur\u00e9e de 4 mois (du 15 mars 2020 au 15 juillet 2020). Descriptif du poste Sous l\u2019autorit\u00e9 du Directeur d\u00e9l\u00e9gu\u00e9 et du charg\u00e9 de mission culturelle, le\/la stagiaire aura pour mission: Participation \u00e0 la mise en \u0153uvre et \u00e0 &hellip;","og_url":"https:\/\/www.institutfrancais-jerusalem.org\/ramallah\/nous-recrutons-un-une-stagiaire-culture-communication\/","og_site_name":"Institut Fran\u00e7ais de J\u00e9rusalem - Ramallah","article_published_time":"2020-02-22T15:29:01+00:00","og_image":[{"width":2560,"height":1700,"url":"https:\/\/www.institutfrancais-jerusalem.org\/ramallah\/wp-content\/uploads\/sites\/11\/2020\/02\/william-iven-gcsNOsPEXfs-unsplash-scaled.jpg","type":"image\/jpeg"}],"author":"admin6590","twitter_card":"summary_large_image","twitter_misc":{"\u00c9crit par":"admin6590","Dur\u00e9e de lecture estim\u00e9e":"1 minute"},"schema":{"@context":"https:\/\/schema.org","@graph":[{"@type":"Article","@id":"https:\/\/www.institutfrancais-jerusalem.org\/ramallah\/nous-recrutons-un-une-stagiaire-culture-communication\/#article","isPartOf":{"@id":"https:\/\/www.institutfrancais-jerusalem.org\/ramallah\/nous-recrutons-un-une-stagiaire-culture-communication\/"},"author":{"name":"admin6590","@id":"https:\/\/www.institutfrancais-jerusalem.org\/ramallah\/#\/schema\/person\/0d606b93f4fb1eb5c713b8be3dd4c4bf"},"headline":"Nous recrutons un\/une stagiaire Culture &#038; communication","datePublished":"2020-02-22T15:29:01+00:00","mainEntityOfPage":{"@id":"https:\/\/www.institutfrancais-jerusalem.org\/ramallah\/nous-recrutons-un-une-stagiaire-culture-communication\/"},"wordCount":241,"image":{"@id":"https:\/\/www.institutfrancais-jerusalem.org\/ramallah\/nous-recrutons-un-une-stagiaire-culture-communication\/#primaryimage"},"thumbnailUrl":"https:\/\/www.institutfrancais-jerusalem.org\/ramallah\/wp-content\/uploads\/sites\/11\/2020\/02\/william-iven-gcsNOsPEXfs-unsplash-scaled.jpg","articleSection":["Diaporama"],"inLanguage":"fr-FR"},{"@type":"WebPage","@id":"https:\/\/www.institutfrancais-jerusalem.org\/ramallah\/nous-recrutons-un-une-stagiaire-culture-communication\/","url":"https:\/\/www.institutfrancais-jerusalem.org\/ramallah\/nous-recrutons-un-une-stagiaire-culture-communication\/","name":"Nous recrutons un\/une stagiaire Culture & communication - Institut Fran\u00e7ais de J\u00e9rusalem - Ramallah","isPartOf":{"@id":"https:\/\/www.institutfrancais-jerusalem.org\/ramallah\/#website"},"primaryImageOfPage":{"@id":"https:\/\/www.institutfrancais-jerusalem.org\/ramallah\/nous-recrutons-un-une-stagiaire-culture-communication\/#primaryimage"},"image":{"@id":"https:\/\/www.institutfrancais-jerusalem.org\/ramallah\/nous-recrutons-un-une-stagiaire-culture-communication\/#primaryimage"},"thumbnailUrl":"https:\/\/www.institutfrancais-jerusalem.org\/ramallah\/wp-content\/uploads\/sites\/11\/2020\/02\/william-iven-gcsNOsPEXfs-unsplash-scaled.jpg","datePublished":"2020-02-22T15:29:01+00:00","author":{"@id":"https:\/\/www.institutfrancais-jerusalem.org\/ramallah\/#\/schema\/person\/0d606b93f4fb1eb5c713b8be3dd4c4bf"},"breadcrumb":{"@id":"https:\/\/www.institutfrancais-jerusalem.org\/ramallah\/nous-recrutons-un-une-stagiaire-culture-communication\/#breadcrumb"},"inLanguage":"fr-FR","potentialAction":[{"@type":"ReadAction","target":["https:\/\/www.institutfrancais-jerusalem.org\/ramallah\/nous-recrutons-un-une-stagiaire-culture-communication\/"]}]},{"@type":"ImageObject","inLanguage":"fr-FR","@id":"https:\/\/www.institutfrancais-jerusalem.org\/ramallah\/nous-recrutons-un-une-stagiaire-culture-communication\/#primaryimage","url":"https:\/\/www.institutfrancais-jerusalem.org\/ramallah\/wp-content\/uploads\/sites\/11\/2020\/02\/william-iven-gcsNOsPEXfs-unsplash-scaled.jpg","contentUrl":"https:\/\/www.institutfrancais-jerusalem.org\/ramallah\/wp-content\/uploads\/sites\/11\/2020\/02\/william-iven-gcsNOsPEXfs-unsplash-scaled.jpg","width":2560,"height":1700,"caption":"Photo by William Iven on Unsplash"},{"@type":"BreadcrumbList","@id":"https:\/\/www.institutfrancais-jerusalem.org\/ramallah\/nous-recrutons-un-une-stagiaire-culture-communication\/#breadcrumb","itemListElement":[{"@type":"ListItem","position":1,"name":"Accueil","item":"https:\/\/www.institutfrancais-jerusalem.org\/ramallah\/"},{"@type":"ListItem","position":2,"name":"Nous recrutons un\/une stagiaire Culture &#038; communication"}]},{"@type":"WebSite","@id":"https:\/\/www.institutfrancais-jerusalem.org\/ramallah\/#website","url":"https:\/\/www.institutfrancais-jerusalem.org\/ramallah\/","name":"Institut Fran\u00e7ais de J\u00e9rusalem - Ramallah","description":"Ramallah","potentialAction":[{"@type":"SearchAction","target":{"@type":"EntryPoint","urlTemplate":"https:\/\/www.institutfrancais-jerusalem.org\/ramallah\/?s={search_term_string}"},"query-input":{"@type":"PropertyValueSpecification","valueRequired":true,"valueName":"search_term_string"}}],"inLanguage":"fr-FR"},{"@type":"Person","@id":"https:\/\/www.institutfrancais-jerusalem.org\/ramallah\/#\/schema\/person\/0d606b93f4fb1eb5c713b8be3dd4c4bf","name":"admin6590","image":{"@type":"ImageObject","inLanguage":"fr-FR","@id":"https:\/\/secure.gravatar.com\/avatar\/26482e0f083efa40e5c2db57a3d590897a500390cc256266e30d5da5605a03a9?s=96&d=mm&r=g","url":"https:\/\/secure.gravatar.com\/avatar\/26482e0f083efa40e5c2db57a3d590897a500390cc256266e30d5da5605a03a9?s=96&d=mm&r=g","contentUrl":"https:\/\/secure.gravatar.com\/avatar\/26482e0f083efa40e5c2db57a3d590897a500390cc256266e30d5da5605a03a9?s=96&d=mm&r=g","caption":"admin6590"},"url":"https:\/\/www.institutfrancais-jerusalem.org\/ramallah\/author\/admin6590\/"}]}},"_links":{"self":[{"href":"https:\/\/www.institutfrancais-jerusalem.org\/ramallah\/wp-json\/wp\/v2\/posts\/4386","targetHints":{"allow":["GET"]}}],"collection":[{"href":"https:\/\/www.institutfrancais-jerusalem.org\/ramallah\/wp-json\/wp\/v2\/posts"}],"about":[{"href":"https:\/\/www.institutfrancais-jerusalem.org\/ramallah\/wp-json\/wp\/v2\/types\/post"}],"author":[{"embeddable":true,"href":"https:\/\/www.institutfrancais-jerusalem.org\/ramallah\/wp-json\/wp\/v2\/users\/1"}],"replies":[{"embeddable":true,"href":"https:\/\/www.institutfrancais-jerusalem.org\/ramallah\/wp-json\/wp\/v2\/comments?post=4386"}],"version-history":[{"count":1,"href":"https:\/\/www.institutfrancais-jerusalem.org\/ramallah\/wp-json\/wp\/v2\/posts\/4386\/revisions"}],"predecessor-version":[{"id":4389,"href":"https:\/\/www.institutfrancais-jerusalem.org\/ramallah\/wp-json\/wp\/v2\/posts\/4386\/revisions\/4389"}],"wp:featuredmedia":[{"embeddable":true,"href":"https:\/\/www.institutfrancais-jerusalem.org\/ramallah\/wp-json\/wp\/v2\/media\/4387"}],"wp:attachment":[{"href":"https:\/\/www.institutfrancais-jerusalem.org\/ramallah\/wp-json\/wp\/v2\/media?parent=4386"}],"wp:term":[{"taxonomy":"category","embeddable":true,"href":"https:\/\/www.institutfrancais-jerusalem.org\/ramallah\/wp-json\/wp\/v2\/categories?post=4386"},{"taxonomy":"post_tag","embeddable":true,"href":"https:\/\/www.institutfrancais-jerusalem.org\/ramallah\/wp-json\/wp\/v2\/tags?post=4386"}],"curies":[{"name":"wp","href":"https:\/\/api.w.org\/{rel}","templated":true}]}}