{"id":4344,"date":"2020-03-09T17:59:13","date_gmt":"2020-03-09T16:59:13","guid":{"rendered":"https:\/\/www.institutfrancais-jerusalem.org\/ramallah\/?p=4344"},"modified":"2020-03-11T16:47:32","modified_gmt":"2020-03-11T15:47:32","slug":"les-inscriptions-au-delf-tout-public-et-junior-2020-sont-ouvertes","status":"publish","type":"post","link":"https:\/\/www.institutfrancais-jerusalem.org\/ramallah\/les-inscriptions-au-delf-tout-public-et-junior-2020-sont-ouvertes\/","title":{"rendered":"Les inscriptions au DELF Tout Public et Junior 2020 sont ouvertes\u00a0!"},"content":{"rendered":"<h6><b>Les inscriptions au DELF Tout Public et Junior sont \u00e9tendues jusqu\u2019au 15 avril 2020.<\/b><\/h6>\n<h6>Qu\u2019est-ce que c\u2019est ?<\/h6>\n<p>Le DELF est une certification officielle de votre niveau de fran\u00e7ais. Il est reconnu partout dans le monde et valable \u00e0 vie. Il se compose d\u2019une \u00e9preuve \u00e9crite et d\u2019une \u00e9preuve orale.<\/p>\n<h6>Quand ?<\/h6>\n<p><u>Tout public<\/u>\u00a0: les \u00e9preuves \u00e9crites \u00e0 du 8 au 10 juin \/ les \u00e9preuves orales \u00e0 du 8 au 17 juin 2020<\/p>\n<p><u>Junior\u00a0<\/u>: les \u00e9preuves \u00e9crites \u00e0 du 18 au 19 juin \/ les \u00e9preuves orales \u00e0 du 18 au 21 juin 2020.<\/p>\n<h6>Comment s\u2019inscrire ?<\/h6>\n<p>Vous pouvez vous inscrire en venant \u00e0 l\u2019Institut fran\u00e7ais aux horaires d\u2019ouverture habituels :<\/p>\n<p>Institut fran\u00e7ais de J\u00e9rusalem \u2013 antenne Ramallah<\/p>\n<p>Al Salam Street, 12 \u2013 BP 2113, Ramallah<\/p>\n<ul>\n<li>Lundi : 10h00 \u2013 13h00 \/ 14h00 \u2013 18h00<\/li>\n<li>Mardi : 10h00 \u2013 13h00 \/ 14h00 \u2013 18h00<\/li>\n<li>Mercredi : 10h00 \u2013 13h00 \/ 14h00 \u2013 18h00<\/li>\n<li>Jeudi : 10h00 \u2013 13h00 \/ 14h00 \u2013 18h00<\/li>\n<li>Dimanche : 10h00 \u2013 13h00 \/ 14h00 \u2013 18h00<\/li>\n<\/ul>\n<p>Cl\u00f4ture des inscriptions le 15 avril 2020.<\/p>\n<h6>Tarifs d\u2019inscription<\/h6>\n<ul>\n<li>A1 : 150 NIS<\/li>\n<li>A2 : 150 NIS<\/li>\n<li>B1 : 170 NIS<\/li>\n<li>B2 : 250 NIS<\/li>\n<li>C1 : 300 NIS<\/li>\n<li>C2 : 350 NIS<\/li>\n<\/ul>\n<table>\n<tbody>\n<tr>\n<td colspan=\"3\" width=\"623\">DELF Tout Public<\/td>\n<\/tr>\n<tr>\n<td width=\"208\"><\/td>\n<td width=\"207\">Dates des \u00e9preuves collectives<\/td>\n<td width=\"208\">Dates des \u00e9preuves individuelles<\/td>\n<\/tr>\n<tr>\n<td width=\"208\">A1<\/td>\n<td width=\"207\">08\/06\/2020<\/td>\n<td width=\"208\">Du 08\/06\/2020 au 17\/06\/2020<\/td>\n<\/tr>\n<tr>\n<td width=\"208\">A2<\/td>\n<td width=\"207\">08\/06\/2020<\/td>\n<td width=\"208\">Du 08\/06\/2020 au 17\/06\/2020<\/td>\n<\/tr>\n<tr>\n<td width=\"208\">B1<\/td>\n<td width=\"207\">09\/06\/2020<\/td>\n<td width=\"208\">Du 08\/06\/2020 au 17\/06\/2020<\/td>\n<\/tr>\n<tr>\n<td width=\"208\">B2<\/td>\n<td width=\"207\">09\/06\/2020<\/td>\n<td width=\"208\">Du 08\/06\/2020 au 17\/06\/2020<\/td>\n<\/tr>\n<tr>\n<td width=\"208\">C1<\/td>\n<td width=\"207\">10\/06\/2020<\/td>\n<td width=\"208\">Du 08\/06\/2020 au 17\/06\/2020<\/td>\n<\/tr>\n<tr>\n<td width=\"208\">C2<\/td>\n<td width=\"207\">10\/06\/2020<\/td>\n<td width=\"208\">Du 08\/06\/2020 au 17\/06\/2020<\/td>\n<\/tr>\n<\/tbody>\n<\/table>\n<p>&nbsp;<\/p>\n<table>\n<tbody>\n<tr>\n<td colspan=\"3\" width=\"623\">DELF Junior<\/td>\n<\/tr>\n<tr>\n<td width=\"208\"><\/td>\n<td width=\"207\">Dates des \u00e9preuves collectives<\/td>\n<td width=\"208\">Dates des \u00e9preuves individuelles<\/td>\n<\/tr>\n<tr>\n<td width=\"208\">A1<\/td>\n<td width=\"207\">18\/06\/2020<\/td>\n<td width=\"208\">Du 18\/06\/2020 au 21\/06\/2020<\/td>\n<\/tr>\n<tr>\n<td width=\"208\">A2<\/td>\n<td width=\"207\">18\/06\/2020<\/td>\n<td width=\"208\">Du 18\/06\/2020 au 21\/06\/2020<\/td>\n<\/tr>\n<tr>\n<td width=\"208\">B1<\/td>\n<td width=\"207\">18\/06\/2020<\/td>\n<td width=\"208\">Du 18\/06\/2020 au 21\/06\/2020<\/td>\n<\/tr>\n<tr>\n<td width=\"208\">B2<\/td>\n<td width=\"207\">18\/06\/2020<\/td>\n<td width=\"208\">Du 18\/06\/2020 au 21\/06\/2020<\/td>\n<\/tr>\n<\/tbody>\n<\/table>\n<h6>Plus d\u2019informations<\/h6>\n<p><a href=\"mailto:cours-chateaubriand@consulfrance-jerusalem.org\">cours@iframallah.org<\/a><\/p>\n<p>+ 972 2\u00a0298 1922<\/p>\n<p>&nbsp;<\/p>\n<p>&nbsp;<\/p>\n","protected":false},"excerpt":{"rendered":"<p>Les inscriptions au DELF Tout Public et Junior sont \u00e9tendues jusqu\u2019au 15 avril 2020. Qu\u2019est-ce que c\u2019est ? Le DELF est une certification officielle de votre niveau de fran\u00e7ais. Il est reconnu partout dans le monde et valable \u00e0 vie. Il se compose d\u2019une \u00e9preuve \u00e9crite et d\u2019une \u00e9preuve orale. Quand ? Tout public\u00a0: les &hellip;<\/p>\n","protected":false},"author":1,"featured_media":4345,"comment_status":"closed","ping_status":"closed","sticky":false,"template":"","format":"standard","meta":{"footnotes":""},"categories":[7],"tags":[190,191,90,188,187,189,184,193,48,81,192,59,49,66],"class_list":["post-4344","post","type-post","status-publish","format-standard","has-post-thumbnail","","category-diaporama","tag-certificat","tag-certification","tag-cooperation","tag-dalf","tag-delf","tag-examen","tag-francais","tag-francophonie","tag-institut-francais","tag-jerusalem","tag-langue","tag-palestine","tag-ramallah","tag-territoires-palestiniens"],"yoast_head":"<!-- This site is optimized with the Yoast SEO plugin v27.5 - https:\/\/yoast.com\/product\/yoast-seo-wordpress\/ -->\n<title>Les inscriptions au DELF Tout Public et Junior 2020 sont ouvertes\u00a0! - Institut Fran\u00e7ais de J\u00e9rusalem - Ramallah<\/title>\n<meta name=\"robots\" content=\"index, follow, max-snippet:-1, max-image-preview:large, max-video-preview:-1\" \/>\n<link rel=\"canonical\" href=\"https:\/\/www.institutfrancais-jerusalem.org\/ramallah\/les-inscriptions-au-delf-tout-public-et-junior-2020-sont-ouvertes\/\" \/>\n<meta property=\"og:locale\" content=\"fr_FR\" \/>\n<meta property=\"og:type\" content=\"article\" \/>\n<meta property=\"og:title\" content=\"Les inscriptions au DELF Tout Public et Junior 2020 sont ouvertes\u00a0! - Institut Fran\u00e7ais de J\u00e9rusalem - Ramallah\" \/>\n<meta property=\"og:description\" content=\"Les inscriptions au DELF Tout Public et Junior sont \u00e9tendues jusqu\u2019au 15 avril 2020. Qu\u2019est-ce que c\u2019est ? Le DELF est une certification officielle de votre niveau de fran\u00e7ais. Il est reconnu partout dans le monde et valable \u00e0 vie. Il se compose d\u2019une \u00e9preuve \u00e9crite et d\u2019une \u00e9preuve orale. Quand ? Tout public\u00a0: les &hellip;\" \/>\n<meta property=\"og:url\" content=\"https:\/\/www.institutfrancais-jerusalem.org\/ramallah\/les-inscriptions-au-delf-tout-public-et-junior-2020-sont-ouvertes\/\" \/>\n<meta property=\"og:site_name\" content=\"Institut Fran\u00e7ais de J\u00e9rusalem - Ramallah\" \/>\n<meta property=\"article:published_time\" content=\"2020-03-09T16:59:13+00:00\" \/>\n<meta property=\"article:modified_time\" content=\"2020-03-11T15:47:32+00:00\" \/>\n<meta property=\"og:image\" content=\"https:\/\/www.institutfrancais-jerusalem.org\/ramallah\/wp-content\/uploads\/sites\/11\/2020\/02\/ex1.jpg\" \/>\n\t<meta property=\"og:image:width\" content=\"2480\" \/>\n\t<meta property=\"og:image:height\" content=\"1181\" \/>\n\t<meta property=\"og:image:type\" content=\"image\/jpeg\" \/>\n<meta name=\"author\" content=\"admin6590\" \/>\n<meta name=\"twitter:card\" content=\"summary_large_image\" \/>\n<meta name=\"twitter:label1\" content=\"\u00c9crit par\" \/>\n\t<meta name=\"twitter:data1\" content=\"admin6590\" \/>\n\t<meta name=\"twitter:label2\" content=\"Dur\u00e9e de lecture estim\u00e9e\" \/>\n\t<meta name=\"twitter:data2\" content=\"1 minute\" \/>\n<script type=\"application\/ld+json\" class=\"yoast-schema-graph\">{\"@context\":\"https:\\\/\\\/schema.org\",\"@graph\":[{\"@type\":\"Article\",\"@id\":\"https:\\\/\\\/www.institutfrancais-jerusalem.org\\\/ramallah\\\/les-inscriptions-au-delf-tout-public-et-junior-2020-sont-ouvertes\\\/#article\",\"isPartOf\":{\"@id\":\"https:\\\/\\\/www.institutfrancais-jerusalem.org\\\/ramallah\\\/les-inscriptions-au-delf-tout-public-et-junior-2020-sont-ouvertes\\\/\"},\"author\":{\"name\":\"admin6590\",\"@id\":\"https:\\\/\\\/www.institutfrancais-jerusalem.org\\\/ramallah\\\/#\\\/schema\\\/person\\\/0d606b93f4fb1eb5c713b8be3dd4c4bf\"},\"headline\":\"Les inscriptions au DELF Tout Public et Junior 2020 sont ouvertes\u00a0!\",\"datePublished\":\"2020-03-09T16:59:13+00:00\",\"dateModified\":\"2020-03-11T15:47:32+00:00\",\"mainEntityOfPage\":{\"@id\":\"https:\\\/\\\/www.institutfrancais-jerusalem.org\\\/ramallah\\\/les-inscriptions-au-delf-tout-public-et-junior-2020-sont-ouvertes\\\/\"},\"wordCount\":227,\"image\":{\"@id\":\"https:\\\/\\\/www.institutfrancais-jerusalem.org\\\/ramallah\\\/les-inscriptions-au-delf-tout-public-et-junior-2020-sont-ouvertes\\\/#primaryimage\"},\"thumbnailUrl\":\"https:\\\/\\\/www.institutfrancais-jerusalem.org\\\/ramallah\\\/wp-content\\\/uploads\\\/sites\\\/11\\\/2020\\\/02\\\/ex1.jpg\",\"keywords\":[\"certificat\",\"certification\",\"coop\u00e9ration\",\"dalf\",\"delf\",\"examen\",\"fran\u00e7ais\",\"francophonie\",\"Institut fran\u00e7ais\",\"j\u00e9rusalem\",\"langue\",\"palestine\",\"ramallah\",\"territoires palestiniens\"],\"articleSection\":[\"Diaporama\"],\"inLanguage\":\"fr-FR\"},{\"@type\":\"WebPage\",\"@id\":\"https:\\\/\\\/www.institutfrancais-jerusalem.org\\\/ramallah\\\/les-inscriptions-au-delf-tout-public-et-junior-2020-sont-ouvertes\\\/\",\"url\":\"https:\\\/\\\/www.institutfrancais-jerusalem.org\\\/ramallah\\\/les-inscriptions-au-delf-tout-public-et-junior-2020-sont-ouvertes\\\/\",\"name\":\"Les inscriptions au DELF Tout Public et Junior 2020 sont ouvertes\u00a0! - Institut Fran\u00e7ais de J\u00e9rusalem - Ramallah\",\"isPartOf\":{\"@id\":\"https:\\\/\\\/www.institutfrancais-jerusalem.org\\\/ramallah\\\/#website\"},\"primaryImageOfPage\":{\"@id\":\"https:\\\/\\\/www.institutfrancais-jerusalem.org\\\/ramallah\\\/les-inscriptions-au-delf-tout-public-et-junior-2020-sont-ouvertes\\\/#primaryimage\"},\"image\":{\"@id\":\"https:\\\/\\\/www.institutfrancais-jerusalem.org\\\/ramallah\\\/les-inscriptions-au-delf-tout-public-et-junior-2020-sont-ouvertes\\\/#primaryimage\"},\"thumbnailUrl\":\"https:\\\/\\\/www.institutfrancais-jerusalem.org\\\/ramallah\\\/wp-content\\\/uploads\\\/sites\\\/11\\\/2020\\\/02\\\/ex1.jpg\",\"datePublished\":\"2020-03-09T16:59:13+00:00\",\"dateModified\":\"2020-03-11T15:47:32+00:00\",\"author\":{\"@id\":\"https:\\\/\\\/www.institutfrancais-jerusalem.org\\\/ramallah\\\/#\\\/schema\\\/person\\\/0d606b93f4fb1eb5c713b8be3dd4c4bf\"},\"breadcrumb\":{\"@id\":\"https:\\\/\\\/www.institutfrancais-jerusalem.org\\\/ramallah\\\/les-inscriptions-au-delf-tout-public-et-junior-2020-sont-ouvertes\\\/#breadcrumb\"},\"inLanguage\":\"fr-FR\",\"potentialAction\":[{\"@type\":\"ReadAction\",\"target\":[\"https:\\\/\\\/www.institutfrancais-jerusalem.org\\\/ramallah\\\/les-inscriptions-au-delf-tout-public-et-junior-2020-sont-ouvertes\\\/\"]}]},{\"@type\":\"ImageObject\",\"inLanguage\":\"fr-FR\",\"@id\":\"https:\\\/\\\/www.institutfrancais-jerusalem.org\\\/ramallah\\\/les-inscriptions-au-delf-tout-public-et-junior-2020-sont-ouvertes\\\/#primaryimage\",\"url\":\"https:\\\/\\\/www.institutfrancais-jerusalem.org\\\/ramallah\\\/wp-content\\\/uploads\\\/sites\\\/11\\\/2020\\\/02\\\/ex1.jpg\",\"contentUrl\":\"https:\\\/\\\/www.institutfrancais-jerusalem.org\\\/ramallah\\\/wp-content\\\/uploads\\\/sites\\\/11\\\/2020\\\/02\\\/ex1.jpg\",\"width\":2480,\"height\":1181},{\"@type\":\"BreadcrumbList\",\"@id\":\"https:\\\/\\\/www.institutfrancais-jerusalem.org\\\/ramallah\\\/les-inscriptions-au-delf-tout-public-et-junior-2020-sont-ouvertes\\\/#breadcrumb\",\"itemListElement\":[{\"@type\":\"ListItem\",\"position\":1,\"name\":\"Accueil\",\"item\":\"https:\\\/\\\/www.institutfrancais-jerusalem.org\\\/ramallah\\\/\"},{\"@type\":\"ListItem\",\"position\":2,\"name\":\"Les inscriptions au DELF Tout Public et Junior 2020 sont ouvertes\u00a0!\"}]},{\"@type\":\"WebSite\",\"@id\":\"https:\\\/\\\/www.institutfrancais-jerusalem.org\\\/ramallah\\\/#website\",\"url\":\"https:\\\/\\\/www.institutfrancais-jerusalem.org\\\/ramallah\\\/\",\"name\":\"Institut Fran\u00e7ais de J\u00e9rusalem - Ramallah\",\"description\":\"Ramallah\",\"potentialAction\":[{\"@type\":\"SearchAction\",\"target\":{\"@type\":\"EntryPoint\",\"urlTemplate\":\"https:\\\/\\\/www.institutfrancais-jerusalem.org\\\/ramallah\\\/?s={search_term_string}\"},\"query-input\":{\"@type\":\"PropertyValueSpecification\",\"valueRequired\":true,\"valueName\":\"search_term_string\"}}],\"inLanguage\":\"fr-FR\"},{\"@type\":\"Person\",\"@id\":\"https:\\\/\\\/www.institutfrancais-jerusalem.org\\\/ramallah\\\/#\\\/schema\\\/person\\\/0d606b93f4fb1eb5c713b8be3dd4c4bf\",\"name\":\"admin6590\",\"image\":{\"@type\":\"ImageObject\",\"inLanguage\":\"fr-FR\",\"@id\":\"https:\\\/\\\/secure.gravatar.com\\\/avatar\\\/26482e0f083efa40e5c2db57a3d590897a500390cc256266e30d5da5605a03a9?s=96&d=mm&r=g\",\"url\":\"https:\\\/\\\/secure.gravatar.com\\\/avatar\\\/26482e0f083efa40e5c2db57a3d590897a500390cc256266e30d5da5605a03a9?s=96&d=mm&r=g\",\"contentUrl\":\"https:\\\/\\\/secure.gravatar.com\\\/avatar\\\/26482e0f083efa40e5c2db57a3d590897a500390cc256266e30d5da5605a03a9?s=96&d=mm&r=g\",\"caption\":\"admin6590\"},\"url\":\"https:\\\/\\\/www.institutfrancais-jerusalem.org\\\/ramallah\\\/author\\\/admin6590\\\/\"}]}<\/script>\n<!-- \/ Yoast SEO plugin. -->","yoast_head_json":{"title":"Les inscriptions au DELF Tout Public et Junior 2020 sont ouvertes\u00a0! - Institut Fran\u00e7ais de J\u00e9rusalem - Ramallah","robots":{"index":"index","follow":"follow","max-snippet":"max-snippet:-1","max-image-preview":"max-image-preview:large","max-video-preview":"max-video-preview:-1"},"canonical":"https:\/\/www.institutfrancais-jerusalem.org\/ramallah\/les-inscriptions-au-delf-tout-public-et-junior-2020-sont-ouvertes\/","og_locale":"fr_FR","og_type":"article","og_title":"Les inscriptions au DELF Tout Public et Junior 2020 sont ouvertes\u00a0! - Institut Fran\u00e7ais de J\u00e9rusalem - Ramallah","og_description":"Les inscriptions au DELF Tout Public et Junior sont \u00e9tendues jusqu\u2019au 15 avril 2020. Qu\u2019est-ce que c\u2019est ? Le DELF est une certification officielle de votre niveau de fran\u00e7ais. Il est reconnu partout dans le monde et valable \u00e0 vie. Il se compose d\u2019une \u00e9preuve \u00e9crite et d\u2019une \u00e9preuve orale. Quand ? Tout public\u00a0: les &hellip;","og_url":"https:\/\/www.institutfrancais-jerusalem.org\/ramallah\/les-inscriptions-au-delf-tout-public-et-junior-2020-sont-ouvertes\/","og_site_name":"Institut Fran\u00e7ais de J\u00e9rusalem - Ramallah","article_published_time":"2020-03-09T16:59:13+00:00","article_modified_time":"2020-03-11T15:47:32+00:00","og_image":[{"width":2480,"height":1181,"url":"https:\/\/www.institutfrancais-jerusalem.org\/ramallah\/wp-content\/uploads\/sites\/11\/2020\/02\/ex1.jpg","type":"image\/jpeg"}],"author":"admin6590","twitter_card":"summary_large_image","twitter_misc":{"\u00c9crit par":"admin6590","Dur\u00e9e de lecture estim\u00e9e":"1 minute"},"schema":{"@context":"https:\/\/schema.org","@graph":[{"@type":"Article","@id":"https:\/\/www.institutfrancais-jerusalem.org\/ramallah\/les-inscriptions-au-delf-tout-public-et-junior-2020-sont-ouvertes\/#article","isPartOf":{"@id":"https:\/\/www.institutfrancais-jerusalem.org\/ramallah\/les-inscriptions-au-delf-tout-public-et-junior-2020-sont-ouvertes\/"},"author":{"name":"admin6590","@id":"https:\/\/www.institutfrancais-jerusalem.org\/ramallah\/#\/schema\/person\/0d606b93f4fb1eb5c713b8be3dd4c4bf"},"headline":"Les inscriptions au DELF Tout Public et Junior 2020 sont ouvertes\u00a0!","datePublished":"2020-03-09T16:59:13+00:00","dateModified":"2020-03-11T15:47:32+00:00","mainEntityOfPage":{"@id":"https:\/\/www.institutfrancais-jerusalem.org\/ramallah\/les-inscriptions-au-delf-tout-public-et-junior-2020-sont-ouvertes\/"},"wordCount":227,"image":{"@id":"https:\/\/www.institutfrancais-jerusalem.org\/ramallah\/les-inscriptions-au-delf-tout-public-et-junior-2020-sont-ouvertes\/#primaryimage"},"thumbnailUrl":"https:\/\/www.institutfrancais-jerusalem.org\/ramallah\/wp-content\/uploads\/sites\/11\/2020\/02\/ex1.jpg","keywords":["certificat","certification","coop\u00e9ration","dalf","delf","examen","fran\u00e7ais","francophonie","Institut fran\u00e7ais","j\u00e9rusalem","langue","palestine","ramallah","territoires palestiniens"],"articleSection":["Diaporama"],"inLanguage":"fr-FR"},{"@type":"WebPage","@id":"https:\/\/www.institutfrancais-jerusalem.org\/ramallah\/les-inscriptions-au-delf-tout-public-et-junior-2020-sont-ouvertes\/","url":"https:\/\/www.institutfrancais-jerusalem.org\/ramallah\/les-inscriptions-au-delf-tout-public-et-junior-2020-sont-ouvertes\/","name":"Les inscriptions au DELF Tout Public et Junior 2020 sont ouvertes\u00a0! - Institut Fran\u00e7ais de J\u00e9rusalem - Ramallah","isPartOf":{"@id":"https:\/\/www.institutfrancais-jerusalem.org\/ramallah\/#website"},"primaryImageOfPage":{"@id":"https:\/\/www.institutfrancais-jerusalem.org\/ramallah\/les-inscriptions-au-delf-tout-public-et-junior-2020-sont-ouvertes\/#primaryimage"},"image":{"@id":"https:\/\/www.institutfrancais-jerusalem.org\/ramallah\/les-inscriptions-au-delf-tout-public-et-junior-2020-sont-ouvertes\/#primaryimage"},"thumbnailUrl":"https:\/\/www.institutfrancais-jerusalem.org\/ramallah\/wp-content\/uploads\/sites\/11\/2020\/02\/ex1.jpg","datePublished":"2020-03-09T16:59:13+00:00","dateModified":"2020-03-11T15:47:32+00:00","author":{"@id":"https:\/\/www.institutfrancais-jerusalem.org\/ramallah\/#\/schema\/person\/0d606b93f4fb1eb5c713b8be3dd4c4bf"},"breadcrumb":{"@id":"https:\/\/www.institutfrancais-jerusalem.org\/ramallah\/les-inscriptions-au-delf-tout-public-et-junior-2020-sont-ouvertes\/#breadcrumb"},"inLanguage":"fr-FR","potentialAction":[{"@type":"ReadAction","target":["https:\/\/www.institutfrancais-jerusalem.org\/ramallah\/les-inscriptions-au-delf-tout-public-et-junior-2020-sont-ouvertes\/"]}]},{"@type":"ImageObject","inLanguage":"fr-FR","@id":"https:\/\/www.institutfrancais-jerusalem.org\/ramallah\/les-inscriptions-au-delf-tout-public-et-junior-2020-sont-ouvertes\/#primaryimage","url":"https:\/\/www.institutfrancais-jerusalem.org\/ramallah\/wp-content\/uploads\/sites\/11\/2020\/02\/ex1.jpg","contentUrl":"https:\/\/www.institutfrancais-jerusalem.org\/ramallah\/wp-content\/uploads\/sites\/11\/2020\/02\/ex1.jpg","width":2480,"height":1181},{"@type":"BreadcrumbList","@id":"https:\/\/www.institutfrancais-jerusalem.org\/ramallah\/les-inscriptions-au-delf-tout-public-et-junior-2020-sont-ouvertes\/#breadcrumb","itemListElement":[{"@type":"ListItem","position":1,"name":"Accueil","item":"https:\/\/www.institutfrancais-jerusalem.org\/ramallah\/"},{"@type":"ListItem","position":2,"name":"Les inscriptions au DELF Tout Public et Junior 2020 sont ouvertes\u00a0!"}]},{"@type":"WebSite","@id":"https:\/\/www.institutfrancais-jerusalem.org\/ramallah\/#website","url":"https:\/\/www.institutfrancais-jerusalem.org\/ramallah\/","name":"Institut Fran\u00e7ais de J\u00e9rusalem - Ramallah","description":"Ramallah","potentialAction":[{"@type":"SearchAction","target":{"@type":"EntryPoint","urlTemplate":"https:\/\/www.institutfrancais-jerusalem.org\/ramallah\/?s={search_term_string}"},"query-input":{"@type":"PropertyValueSpecification","valueRequired":true,"valueName":"search_term_string"}}],"inLanguage":"fr-FR"},{"@type":"Person","@id":"https:\/\/www.institutfrancais-jerusalem.org\/ramallah\/#\/schema\/person\/0d606b93f4fb1eb5c713b8be3dd4c4bf","name":"admin6590","image":{"@type":"ImageObject","inLanguage":"fr-FR","@id":"https:\/\/secure.gravatar.com\/avatar\/26482e0f083efa40e5c2db57a3d590897a500390cc256266e30d5da5605a03a9?s=96&d=mm&r=g","url":"https:\/\/secure.gravatar.com\/avatar\/26482e0f083efa40e5c2db57a3d590897a500390cc256266e30d5da5605a03a9?s=96&d=mm&r=g","contentUrl":"https:\/\/secure.gravatar.com\/avatar\/26482e0f083efa40e5c2db57a3d590897a500390cc256266e30d5da5605a03a9?s=96&d=mm&r=g","caption":"admin6590"},"url":"https:\/\/www.institutfrancais-jerusalem.org\/ramallah\/author\/admin6590\/"}]}},"_links":{"self":[{"href":"https:\/\/www.institutfrancais-jerusalem.org\/ramallah\/wp-json\/wp\/v2\/posts\/4344","targetHints":{"allow":["GET"]}}],"collection":[{"href":"https:\/\/www.institutfrancais-jerusalem.org\/ramallah\/wp-json\/wp\/v2\/posts"}],"about":[{"href":"https:\/\/www.institutfrancais-jerusalem.org\/ramallah\/wp-json\/wp\/v2\/types\/post"}],"author":[{"embeddable":true,"href":"https:\/\/www.institutfrancais-jerusalem.org\/ramallah\/wp-json\/wp\/v2\/users\/1"}],"replies":[{"embeddable":true,"href":"https:\/\/www.institutfrancais-jerusalem.org\/ramallah\/wp-json\/wp\/v2\/comments?post=4344"}],"version-history":[{"count":4,"href":"https:\/\/www.institutfrancais-jerusalem.org\/ramallah\/wp-json\/wp\/v2\/posts\/4344\/revisions"}],"predecessor-version":[{"id":4494,"href":"https:\/\/www.institutfrancais-jerusalem.org\/ramallah\/wp-json\/wp\/v2\/posts\/4344\/revisions\/4494"}],"wp:featuredmedia":[{"embeddable":true,"href":"https:\/\/www.institutfrancais-jerusalem.org\/ramallah\/wp-json\/wp\/v2\/media\/4345"}],"wp:attachment":[{"href":"https:\/\/www.institutfrancais-jerusalem.org\/ramallah\/wp-json\/wp\/v2\/media?parent=4344"}],"wp:term":[{"taxonomy":"category","embeddable":true,"href":"https:\/\/www.institutfrancais-jerusalem.org\/ramallah\/wp-json\/wp\/v2\/categories?post=4344"},{"taxonomy":"post_tag","embeddable":true,"href":"https:\/\/www.institutfrancais-jerusalem.org\/ramallah\/wp-json\/wp\/v2\/tags?post=4344"}],"curies":[{"name":"wp","href":"https:\/\/api.w.org\/{rel}","templated":true}]}}