{"id":3810,"date":"2019-08-26T12:42:07","date_gmt":"2019-08-26T10:42:07","guid":{"rendered":"https:\/\/www.institutfrancais-jerusalem.org\/ramallah\/?p=3810"},"modified":"2019-08-26T12:42:07","modified_gmt":"2019-08-26T10:42:07","slug":"exposition-collective-de-peinture-de-galilee-a-jerusalem","status":"publish","type":"post","link":"https:\/\/www.institutfrancais-jerusalem.org\/ramallah\/exposition-collective-de-peinture-de-galilee-a-jerusalem\/","title":{"rendered":"Exposition collective de peinture \u00a0\u00bb De Galil\u00e9e \u00e0 J\u00e9rusalem\u00a0\u00bb"},"content":{"rendered":"<p>Les peintres investissent la galerie de l\u2019Institut fran\u00e7ais de J\u00e9rusalem &#8211; antenne de Ramallah<\/p>\n<p>Dunia Majdoub, Juhaynah Habibi Qandalaft, Khalil Rayyan, Ibrahim Hijazi, Imad Khoury, Subhieh Hasan Qais, Abed Al Jalil Razem, Anas Dweik, Ha&rsquo;ela Waari, Issam Sabbah, Nadine Touqan, Shihab Qawasmeh, Taleb Dweik<\/p>\n<p>13 artistes peintres, 6 originaires de Galil\u00e9e, 7 originaires de J\u00e9rusalem, pour un voyage artistique \u00e0 travers le territoire.<\/p>\n<p>Cette exposition intitul\u00e9e \u201cDe la Galil\u00e9e \u00e0 J\u00e9rusalem\u201d est parrain\u00e9e par deux artistes de renom qui ont pr\u00e9sent\u00e9 des expositions individuelles &#8211; que ce soit en Palestine, dans le monde arabe ou \u00e0 l\u2019international &#8211; et ont \u00e9galement particip\u00e9 \u00e0 de nombreuses expositions collectives.<\/p>\n<p>Taleb Dweik, n\u00e9 \u00e0 J\u00e9rusalem en 1952, il est dipl\u00f4m\u00e9 aux beaux-arts de l\u2019universit\u00e9 de Hilwan au Caire (Egypte) en 1977. Anciennement directeur de la ligue des plasticiens palestiniens, il a \u00e9t\u00e9 \u00e9galement directeur du d\u00e9partement des beaux-arts de l\u2019Universit\u00e9 AL-Quds entre 2011 et 2003, a particip\u00e9 \u00e0 Al-Sharique de 1995 \u00e0 2003 et est un membre-fondateur du centre Al-Wasitit \u00e0 J\u00e9rusalem.<\/p>\n<p>Ibrahim Hijazi est un architecte et plasticien n\u00e9 et vivant toujours \u00e0 Tamra, dans l\u2019ouest de la Galil\u00e9e. Diplom\u00e9 de \u201cBetsalel\u201d en 1977 et de l\u2019Institut \u00ab Technion \u00bb de l\u2019architecture \u00e0 Haifa en 1987, il a \u00e9t\u00e9 un temps directeur du centre \u201cPele\u201d des beaux-arts \u00e0 J\u00e9rusalem. De 2004 \u00e0 2010, il a \u00e9t\u00e9 \u00e9galement membre du conseil d\u2019administration de la ligue arabe \u201cIbda\u2019a\u201d<\/p>\n<p>L\u2019Institut fran\u00e7ais de J\u00e9rusalem &#8211; antenne de Ramallah a le plaisir de vous convier au vernissage de l\u2019exposition de peinture mercredi 28 ao\u00fbt \u00e0 19 heures afin de voyager \u201cde la Galil\u00e9e et J\u00e9rusalem\u201d.<\/p>\n","protected":false},"excerpt":{"rendered":"<p>Les peintres investissent la galerie de l\u2019Institut fran\u00e7ais de J\u00e9rusalem &#8211; antenne de Ramallah Dunia Majdoub, Juhaynah Habibi Qandalaft, Khalil Rayyan, Ibrahim Hijazi, Imad Khoury, Subhieh Hasan Qais, Abed Al Jalil Razem, Anas Dweik, Ha&rsquo;ela Waari, Issam Sabbah, Nadine Touqan, Shihab Qawasmeh, Taleb Dweik 13 artistes peintres, 6 originaires de Galil\u00e9e, 7 originaires de J\u00e9rusalem, &hellip;<\/p>\n","protected":false},"author":4,"featured_media":3811,"comment_status":"closed","ping_status":"closed","sticky":false,"template":"","format":"standard","meta":{"footnotes":""},"categories":[3,7,25],"tags":[],"class_list":["post-3810","post","type-post","status-publish","format-standard","has-post-thumbnail","","category-arts-visuels","category-diaporama","category-ramallah"],"yoast_head":"<!-- This site is optimized with the Yoast SEO plugin v27.5 - https:\/\/yoast.com\/product\/yoast-seo-wordpress\/ -->\n<title>Exposition collective de peinture &quot; De Galil\u00e9e \u00e0 J\u00e9rusalem&quot; - Institut Fran\u00e7ais de J\u00e9rusalem - Ramallah<\/title>\n<meta name=\"robots\" content=\"index, follow, max-snippet:-1, max-image-preview:large, max-video-preview:-1\" \/>\n<link rel=\"canonical\" href=\"https:\/\/www.institutfrancais-jerusalem.org\/ramallah\/exposition-collective-de-peinture-de-galilee-a-jerusalem\/\" \/>\n<meta property=\"og:locale\" content=\"fr_FR\" \/>\n<meta property=\"og:type\" content=\"article\" \/>\n<meta property=\"og:title\" content=\"Exposition collective de peinture &quot; De Galil\u00e9e \u00e0 J\u00e9rusalem&quot; - Institut Fran\u00e7ais de J\u00e9rusalem - Ramallah\" \/>\n<meta property=\"og:description\" content=\"Les peintres investissent la galerie de l\u2019Institut fran\u00e7ais de J\u00e9rusalem &#8211; antenne de Ramallah Dunia Majdoub, Juhaynah Habibi Qandalaft, Khalil Rayyan, Ibrahim Hijazi, Imad Khoury, Subhieh Hasan Qais, Abed Al Jalil Razem, Anas Dweik, Ha&rsquo;ela Waari, Issam Sabbah, Nadine Touqan, Shihab Qawasmeh, Taleb Dweik 13 artistes peintres, 6 originaires de Galil\u00e9e, 7 originaires de J\u00e9rusalem, &hellip;\" \/>\n<meta property=\"og:url\" content=\"https:\/\/www.institutfrancais-jerusalem.org\/ramallah\/exposition-collective-de-peinture-de-galilee-a-jerusalem\/\" \/>\n<meta property=\"og:site_name\" content=\"Institut Fran\u00e7ais de J\u00e9rusalem - Ramallah\" \/>\n<meta property=\"article:published_time\" content=\"2019-08-26T10:42:07+00:00\" \/>\n<meta property=\"og:image\" content=\"https:\/\/www.institutfrancais-jerusalem.org\/ramallah\/wp-content\/uploads\/sites\/11\/2019\/08\/visuel-site.jpg\" \/>\n\t<meta property=\"og:image:width\" content=\"737\" \/>\n\t<meta property=\"og:image:height\" content=\"360\" \/>\n\t<meta property=\"og:image:type\" content=\"image\/jpeg\" \/>\n<meta name=\"author\" content=\"adminramallah\" \/>\n<meta name=\"twitter:card\" content=\"summary_large_image\" \/>\n<meta name=\"twitter:label1\" content=\"\u00c9crit par\" \/>\n\t<meta name=\"twitter:data1\" content=\"adminramallah\" \/>\n\t<meta name=\"twitter:label2\" content=\"Dur\u00e9e de lecture estim\u00e9e\" \/>\n\t<meta name=\"twitter:data2\" content=\"1 minute\" \/>\n<script type=\"application\/ld+json\" class=\"yoast-schema-graph\">{\"@context\":\"https:\\\/\\\/schema.org\",\"@graph\":[{\"@type\":\"Article\",\"@id\":\"https:\\\/\\\/www.institutfrancais-jerusalem.org\\\/ramallah\\\/exposition-collective-de-peinture-de-galilee-a-jerusalem\\\/#article\",\"isPartOf\":{\"@id\":\"https:\\\/\\\/www.institutfrancais-jerusalem.org\\\/ramallah\\\/exposition-collective-de-peinture-de-galilee-a-jerusalem\\\/\"},\"author\":{\"name\":\"adminramallah\",\"@id\":\"https:\\\/\\\/www.institutfrancais-jerusalem.org\\\/ramallah\\\/#\\\/schema\\\/person\\\/f4a1f5d2a23089442dda029e01bfc0f6\"},\"headline\":\"Exposition collective de peinture \u00a0\u00bb De Galil\u00e9e \u00e0 J\u00e9rusalem\u00a0\u00bb\",\"datePublished\":\"2019-08-26T10:42:07+00:00\",\"mainEntityOfPage\":{\"@id\":\"https:\\\/\\\/www.institutfrancais-jerusalem.org\\\/ramallah\\\/exposition-collective-de-peinture-de-galilee-a-jerusalem\\\/\"},\"wordCount\":279,\"image\":{\"@id\":\"https:\\\/\\\/www.institutfrancais-jerusalem.org\\\/ramallah\\\/exposition-collective-de-peinture-de-galilee-a-jerusalem\\\/#primaryimage\"},\"thumbnailUrl\":\"https:\\\/\\\/www.institutfrancais-jerusalem.org\\\/ramallah\\\/wp-content\\\/uploads\\\/sites\\\/11\\\/2019\\\/08\\\/visuel-site.jpg\",\"articleSection\":[\"Arts visuels\",\"Diaporama\",\"RAMALLAH\"],\"inLanguage\":\"fr-FR\"},{\"@type\":\"WebPage\",\"@id\":\"https:\\\/\\\/www.institutfrancais-jerusalem.org\\\/ramallah\\\/exposition-collective-de-peinture-de-galilee-a-jerusalem\\\/\",\"url\":\"https:\\\/\\\/www.institutfrancais-jerusalem.org\\\/ramallah\\\/exposition-collective-de-peinture-de-galilee-a-jerusalem\\\/\",\"name\":\"Exposition collective de peinture \\\" De Galil\u00e9e \u00e0 J\u00e9rusalem\\\" - Institut Fran\u00e7ais de J\u00e9rusalem - Ramallah\",\"isPartOf\":{\"@id\":\"https:\\\/\\\/www.institutfrancais-jerusalem.org\\\/ramallah\\\/#website\"},\"primaryImageOfPage\":{\"@id\":\"https:\\\/\\\/www.institutfrancais-jerusalem.org\\\/ramallah\\\/exposition-collective-de-peinture-de-galilee-a-jerusalem\\\/#primaryimage\"},\"image\":{\"@id\":\"https:\\\/\\\/www.institutfrancais-jerusalem.org\\\/ramallah\\\/exposition-collective-de-peinture-de-galilee-a-jerusalem\\\/#primaryimage\"},\"thumbnailUrl\":\"https:\\\/\\\/www.institutfrancais-jerusalem.org\\\/ramallah\\\/wp-content\\\/uploads\\\/sites\\\/11\\\/2019\\\/08\\\/visuel-site.jpg\",\"datePublished\":\"2019-08-26T10:42:07+00:00\",\"author\":{\"@id\":\"https:\\\/\\\/www.institutfrancais-jerusalem.org\\\/ramallah\\\/#\\\/schema\\\/person\\\/f4a1f5d2a23089442dda029e01bfc0f6\"},\"breadcrumb\":{\"@id\":\"https:\\\/\\\/www.institutfrancais-jerusalem.org\\\/ramallah\\\/exposition-collective-de-peinture-de-galilee-a-jerusalem\\\/#breadcrumb\"},\"inLanguage\":\"fr-FR\",\"potentialAction\":[{\"@type\":\"ReadAction\",\"target\":[\"https:\\\/\\\/www.institutfrancais-jerusalem.org\\\/ramallah\\\/exposition-collective-de-peinture-de-galilee-a-jerusalem\\\/\"]}]},{\"@type\":\"ImageObject\",\"inLanguage\":\"fr-FR\",\"@id\":\"https:\\\/\\\/www.institutfrancais-jerusalem.org\\\/ramallah\\\/exposition-collective-de-peinture-de-galilee-a-jerusalem\\\/#primaryimage\",\"url\":\"https:\\\/\\\/www.institutfrancais-jerusalem.org\\\/ramallah\\\/wp-content\\\/uploads\\\/sites\\\/11\\\/2019\\\/08\\\/visuel-site.jpg\",\"contentUrl\":\"https:\\\/\\\/www.institutfrancais-jerusalem.org\\\/ramallah\\\/wp-content\\\/uploads\\\/sites\\\/11\\\/2019\\\/08\\\/visuel-site.jpg\",\"width\":737,\"height\":360},{\"@type\":\"BreadcrumbList\",\"@id\":\"https:\\\/\\\/www.institutfrancais-jerusalem.org\\\/ramallah\\\/exposition-collective-de-peinture-de-galilee-a-jerusalem\\\/#breadcrumb\",\"itemListElement\":[{\"@type\":\"ListItem\",\"position\":1,\"name\":\"Accueil\",\"item\":\"https:\\\/\\\/www.institutfrancais-jerusalem.org\\\/ramallah\\\/\"},{\"@type\":\"ListItem\",\"position\":2,\"name\":\"Exposition collective de peinture \u00a0\u00bb De Galil\u00e9e \u00e0 J\u00e9rusalem\u00a0\u00bb\"}]},{\"@type\":\"WebSite\",\"@id\":\"https:\\\/\\\/www.institutfrancais-jerusalem.org\\\/ramallah\\\/#website\",\"url\":\"https:\\\/\\\/www.institutfrancais-jerusalem.org\\\/ramallah\\\/\",\"name\":\"Institut Fran\u00e7ais de J\u00e9rusalem - Ramallah\",\"description\":\"Ramallah\",\"potentialAction\":[{\"@type\":\"SearchAction\",\"target\":{\"@type\":\"EntryPoint\",\"urlTemplate\":\"https:\\\/\\\/www.institutfrancais-jerusalem.org\\\/ramallah\\\/?s={search_term_string}\"},\"query-input\":{\"@type\":\"PropertyValueSpecification\",\"valueRequired\":true,\"valueName\":\"search_term_string\"}}],\"inLanguage\":\"fr-FR\"},{\"@type\":\"Person\",\"@id\":\"https:\\\/\\\/www.institutfrancais-jerusalem.org\\\/ramallah\\\/#\\\/schema\\\/person\\\/f4a1f5d2a23089442dda029e01bfc0f6\",\"name\":\"adminramallah\",\"image\":{\"@type\":\"ImageObject\",\"inLanguage\":\"fr-FR\",\"@id\":\"https:\\\/\\\/secure.gravatar.com\\\/avatar\\\/6216f5aa493bc443765562f9771c136d975831306741da42dcc5a7d47e3db063?s=96&d=mm&r=g\",\"url\":\"https:\\\/\\\/secure.gravatar.com\\\/avatar\\\/6216f5aa493bc443765562f9771c136d975831306741da42dcc5a7d47e3db063?s=96&d=mm&r=g\",\"contentUrl\":\"https:\\\/\\\/secure.gravatar.com\\\/avatar\\\/6216f5aa493bc443765562f9771c136d975831306741da42dcc5a7d47e3db063?s=96&d=mm&r=g\",\"caption\":\"adminramallah\"},\"url\":\"https:\\\/\\\/www.institutfrancais-jerusalem.org\\\/ramallah\\\/author\\\/adminramallah\\\/\"}]}<\/script>\n<!-- \/ Yoast SEO plugin. -->","yoast_head_json":{"title":"Exposition collective de peinture \" De Galil\u00e9e \u00e0 J\u00e9rusalem\" - Institut Fran\u00e7ais de J\u00e9rusalem - Ramallah","robots":{"index":"index","follow":"follow","max-snippet":"max-snippet:-1","max-image-preview":"max-image-preview:large","max-video-preview":"max-video-preview:-1"},"canonical":"https:\/\/www.institutfrancais-jerusalem.org\/ramallah\/exposition-collective-de-peinture-de-galilee-a-jerusalem\/","og_locale":"fr_FR","og_type":"article","og_title":"Exposition collective de peinture \" De Galil\u00e9e \u00e0 J\u00e9rusalem\" - Institut Fran\u00e7ais de J\u00e9rusalem - Ramallah","og_description":"Les peintres investissent la galerie de l\u2019Institut fran\u00e7ais de J\u00e9rusalem &#8211; antenne de Ramallah Dunia Majdoub, Juhaynah Habibi Qandalaft, Khalil Rayyan, Ibrahim Hijazi, Imad Khoury, Subhieh Hasan Qais, Abed Al Jalil Razem, Anas Dweik, Ha&rsquo;ela Waari, Issam Sabbah, Nadine Touqan, Shihab Qawasmeh, Taleb Dweik 13 artistes peintres, 6 originaires de Galil\u00e9e, 7 originaires de J\u00e9rusalem, &hellip;","og_url":"https:\/\/www.institutfrancais-jerusalem.org\/ramallah\/exposition-collective-de-peinture-de-galilee-a-jerusalem\/","og_site_name":"Institut Fran\u00e7ais de J\u00e9rusalem - Ramallah","article_published_time":"2019-08-26T10:42:07+00:00","og_image":[{"width":737,"height":360,"url":"https:\/\/www.institutfrancais-jerusalem.org\/ramallah\/wp-content\/uploads\/sites\/11\/2019\/08\/visuel-site.jpg","type":"image\/jpeg"}],"author":"adminramallah","twitter_card":"summary_large_image","twitter_misc":{"\u00c9crit par":"adminramallah","Dur\u00e9e de lecture estim\u00e9e":"1 minute"},"schema":{"@context":"https:\/\/schema.org","@graph":[{"@type":"Article","@id":"https:\/\/www.institutfrancais-jerusalem.org\/ramallah\/exposition-collective-de-peinture-de-galilee-a-jerusalem\/#article","isPartOf":{"@id":"https:\/\/www.institutfrancais-jerusalem.org\/ramallah\/exposition-collective-de-peinture-de-galilee-a-jerusalem\/"},"author":{"name":"adminramallah","@id":"https:\/\/www.institutfrancais-jerusalem.org\/ramallah\/#\/schema\/person\/f4a1f5d2a23089442dda029e01bfc0f6"},"headline":"Exposition collective de peinture \u00a0\u00bb De Galil\u00e9e \u00e0 J\u00e9rusalem\u00a0\u00bb","datePublished":"2019-08-26T10:42:07+00:00","mainEntityOfPage":{"@id":"https:\/\/www.institutfrancais-jerusalem.org\/ramallah\/exposition-collective-de-peinture-de-galilee-a-jerusalem\/"},"wordCount":279,"image":{"@id":"https:\/\/www.institutfrancais-jerusalem.org\/ramallah\/exposition-collective-de-peinture-de-galilee-a-jerusalem\/#primaryimage"},"thumbnailUrl":"https:\/\/www.institutfrancais-jerusalem.org\/ramallah\/wp-content\/uploads\/sites\/11\/2019\/08\/visuel-site.jpg","articleSection":["Arts visuels","Diaporama","RAMALLAH"],"inLanguage":"fr-FR"},{"@type":"WebPage","@id":"https:\/\/www.institutfrancais-jerusalem.org\/ramallah\/exposition-collective-de-peinture-de-galilee-a-jerusalem\/","url":"https:\/\/www.institutfrancais-jerusalem.org\/ramallah\/exposition-collective-de-peinture-de-galilee-a-jerusalem\/","name":"Exposition collective de peinture \" De Galil\u00e9e \u00e0 J\u00e9rusalem\" - Institut Fran\u00e7ais de J\u00e9rusalem - Ramallah","isPartOf":{"@id":"https:\/\/www.institutfrancais-jerusalem.org\/ramallah\/#website"},"primaryImageOfPage":{"@id":"https:\/\/www.institutfrancais-jerusalem.org\/ramallah\/exposition-collective-de-peinture-de-galilee-a-jerusalem\/#primaryimage"},"image":{"@id":"https:\/\/www.institutfrancais-jerusalem.org\/ramallah\/exposition-collective-de-peinture-de-galilee-a-jerusalem\/#primaryimage"},"thumbnailUrl":"https:\/\/www.institutfrancais-jerusalem.org\/ramallah\/wp-content\/uploads\/sites\/11\/2019\/08\/visuel-site.jpg","datePublished":"2019-08-26T10:42:07+00:00","author":{"@id":"https:\/\/www.institutfrancais-jerusalem.org\/ramallah\/#\/schema\/person\/f4a1f5d2a23089442dda029e01bfc0f6"},"breadcrumb":{"@id":"https:\/\/www.institutfrancais-jerusalem.org\/ramallah\/exposition-collective-de-peinture-de-galilee-a-jerusalem\/#breadcrumb"},"inLanguage":"fr-FR","potentialAction":[{"@type":"ReadAction","target":["https:\/\/www.institutfrancais-jerusalem.org\/ramallah\/exposition-collective-de-peinture-de-galilee-a-jerusalem\/"]}]},{"@type":"ImageObject","inLanguage":"fr-FR","@id":"https:\/\/www.institutfrancais-jerusalem.org\/ramallah\/exposition-collective-de-peinture-de-galilee-a-jerusalem\/#primaryimage","url":"https:\/\/www.institutfrancais-jerusalem.org\/ramallah\/wp-content\/uploads\/sites\/11\/2019\/08\/visuel-site.jpg","contentUrl":"https:\/\/www.institutfrancais-jerusalem.org\/ramallah\/wp-content\/uploads\/sites\/11\/2019\/08\/visuel-site.jpg","width":737,"height":360},{"@type":"BreadcrumbList","@id":"https:\/\/www.institutfrancais-jerusalem.org\/ramallah\/exposition-collective-de-peinture-de-galilee-a-jerusalem\/#breadcrumb","itemListElement":[{"@type":"ListItem","position":1,"name":"Accueil","item":"https:\/\/www.institutfrancais-jerusalem.org\/ramallah\/"},{"@type":"ListItem","position":2,"name":"Exposition collective de peinture \u00a0\u00bb De Galil\u00e9e \u00e0 J\u00e9rusalem\u00a0\u00bb"}]},{"@type":"WebSite","@id":"https:\/\/www.institutfrancais-jerusalem.org\/ramallah\/#website","url":"https:\/\/www.institutfrancais-jerusalem.org\/ramallah\/","name":"Institut Fran\u00e7ais de J\u00e9rusalem - Ramallah","description":"Ramallah","potentialAction":[{"@type":"SearchAction","target":{"@type":"EntryPoint","urlTemplate":"https:\/\/www.institutfrancais-jerusalem.org\/ramallah\/?s={search_term_string}"},"query-input":{"@type":"PropertyValueSpecification","valueRequired":true,"valueName":"search_term_string"}}],"inLanguage":"fr-FR"},{"@type":"Person","@id":"https:\/\/www.institutfrancais-jerusalem.org\/ramallah\/#\/schema\/person\/f4a1f5d2a23089442dda029e01bfc0f6","name":"adminramallah","image":{"@type":"ImageObject","inLanguage":"fr-FR","@id":"https:\/\/secure.gravatar.com\/avatar\/6216f5aa493bc443765562f9771c136d975831306741da42dcc5a7d47e3db063?s=96&d=mm&r=g","url":"https:\/\/secure.gravatar.com\/avatar\/6216f5aa493bc443765562f9771c136d975831306741da42dcc5a7d47e3db063?s=96&d=mm&r=g","contentUrl":"https:\/\/secure.gravatar.com\/avatar\/6216f5aa493bc443765562f9771c136d975831306741da42dcc5a7d47e3db063?s=96&d=mm&r=g","caption":"adminramallah"},"url":"https:\/\/www.institutfrancais-jerusalem.org\/ramallah\/author\/adminramallah\/"}]}},"_links":{"self":[{"href":"https:\/\/www.institutfrancais-jerusalem.org\/ramallah\/wp-json\/wp\/v2\/posts\/3810","targetHints":{"allow":["GET"]}}],"collection":[{"href":"https:\/\/www.institutfrancais-jerusalem.org\/ramallah\/wp-json\/wp\/v2\/posts"}],"about":[{"href":"https:\/\/www.institutfrancais-jerusalem.org\/ramallah\/wp-json\/wp\/v2\/types\/post"}],"author":[{"embeddable":true,"href":"https:\/\/www.institutfrancais-jerusalem.org\/ramallah\/wp-json\/wp\/v2\/users\/4"}],"replies":[{"embeddable":true,"href":"https:\/\/www.institutfrancais-jerusalem.org\/ramallah\/wp-json\/wp\/v2\/comments?post=3810"}],"version-history":[{"count":1,"href":"https:\/\/www.institutfrancais-jerusalem.org\/ramallah\/wp-json\/wp\/v2\/posts\/3810\/revisions"}],"predecessor-version":[{"id":3813,"href":"https:\/\/www.institutfrancais-jerusalem.org\/ramallah\/wp-json\/wp\/v2\/posts\/3810\/revisions\/3813"}],"wp:featuredmedia":[{"embeddable":true,"href":"https:\/\/www.institutfrancais-jerusalem.org\/ramallah\/wp-json\/wp\/v2\/media\/3811"}],"wp:attachment":[{"href":"https:\/\/www.institutfrancais-jerusalem.org\/ramallah\/wp-json\/wp\/v2\/media?parent=3810"}],"wp:term":[{"taxonomy":"category","embeddable":true,"href":"https:\/\/www.institutfrancais-jerusalem.org\/ramallah\/wp-json\/wp\/v2\/categories?post=3810"},{"taxonomy":"post_tag","embeddable":true,"href":"https:\/\/www.institutfrancais-jerusalem.org\/ramallah\/wp-json\/wp\/v2\/tags?post=3810"}],"curies":[{"name":"wp","href":"https:\/\/api.w.org\/{rel}","templated":true}]}}