{"id":3652,"date":"2019-05-15T12:49:58","date_gmt":"2019-05-15T10:49:58","guid":{"rendered":"https:\/\/www.institutfrancais-jerusalem.org\/ramallah\/?p=3652"},"modified":"2019-05-27T10:41:13","modified_gmt":"2019-05-27T08:41:13","slug":"exposition-dart","status":"publish","type":"post","link":"https:\/\/www.institutfrancais-jerusalem.org\/ramallah\/exposition-dart\/","title":{"rendered":"Exposition d\u2019art"},"content":{"rendered":"<h3 class=\"p1\"><span class=\"s1\">La jeunesse palestinienne investit la galerie du Centre Culturel Franco-Allemand !<\/span><\/h3>\n<p class=\"p1\"><span class=\"s1\">L\u2019Institut Fran\u00e7ais de J\u00e9rusalem &#8211; antenne Ramallah est heureux de vous convier au vernissage de son exposition pr\u00e9sentant les travaux de 8 jeunes artistes palestiniens.<\/span><\/p>\n<p class=\"p1\"><span class=\"s1\">Issue d\u2019un appel ouvert encourageant tout jeune artiste \u2013 qu\u2019il soit d\u00e9butant, confirm\u00e9, professionnel, amateur, ayant d\u00e9j\u00e0 expos\u00e9 ou non \u2013 \u00e0 candidater, cette exposition constitue un moyen de leur offrir \u00e0 chacun un espace d\u2019exposition et d\u2019expression accessible au centre de Ramallah. <\/span><\/p>\n<p class=\"p1\"><span class=\"s1\">M\u00e9lange de divers moyens d\u2019expression artistique, cette exposition est un voyage au c\u0153ur des pr\u00e9occupations, ambitions et aspirations d\u2019une jeunesse palestinienne cr\u00e9ative.<\/span><\/p>\n<p class=\"p1\"><span class=\"s1\">Les travaux des artistes suivants seront pr\u00e9sent\u00e9s :<\/span><\/p>\n<ul>\n<li class=\"p1\"><span class=\"s1\">Adb Al Rahman Julani<\/span><\/li>\n<li class=\"p1\"><span class=\"s1\">Alaa Dayeh<\/span><\/li>\n<li class=\"p1\"><span class=\"s1\">Fadi Dahabreh<\/span><\/li>\n<li class=\"p1\"><span class=\"s1\">Juman Daraghmeh<\/span><\/li>\n<li class=\"p1\"><span class=\"s1\">Michael Jabareen<\/span><\/li>\n<li class=\"p1\"><span class=\"s1\">Ola Zaitoun<\/span><\/li>\n<li class=\"p1\"><span class=\"s1\">Jyhan Abu Omar<\/span><\/li>\n<li class=\"p1\"><span class=\"s1\">Elias Wakeem<\/span><\/li>\n<\/ul>\n<h6 class=\"p1\"><span class=\"s1\">Le vernissage aura lieu de 19 \u00e0 21 heures, dans la galerie du Centre Culturel Franco-Allemand de Ramallah, et un buffet d\u2019Iftar sera servi dans la cour ext\u00e9rieure. <\/span><\/h6>\n<p class=\"p1\"><span class=\"s1\">Vous pouvez visiter l\u2019exposition jusqu\u2019au 11 juin.<\/span><\/p>\n<h3>Galerie photos du vernissage<\/h3>\n<div id='gallery-1' class='gallery galleryid-3652 gallery-columns-3 gallery-size-thumbnail'><figure class='gallery-item'>\n\t\t\t<div class='gallery-icon landscape'>\n\t\t\t\t<a href='https:\/\/www.institutfrancais-jerusalem.org\/ramallah\/exposition-dart\/dsc_2953\/'><img loading=\"lazy\" decoding=\"async\" width=\"150\" height=\"150\" src=\"https:\/\/www.institutfrancais-jerusalem.org\/ramallah\/wp-content\/uploads\/sites\/11\/2019\/05\/DSC_2953-150x150.jpg\" class=\"attachment-thumbnail size-thumbnail\" alt=\"\" \/><\/a>\n\t\t\t<\/div><\/figure><figure class='gallery-item'>\n\t\t\t<div class='gallery-icon landscape'>\n\t\t\t\t<a href='https:\/\/www.institutfrancais-jerusalem.org\/ramallah\/exposition-dart\/dsc_2956\/'><img loading=\"lazy\" decoding=\"async\" width=\"150\" height=\"150\" src=\"https:\/\/www.institutfrancais-jerusalem.org\/ramallah\/wp-content\/uploads\/sites\/11\/2019\/05\/DSC_2956-150x150.jpg\" class=\"attachment-thumbnail size-thumbnail\" alt=\"\" \/><\/a>\n\t\t\t<\/div><\/figure><figure class='gallery-item'>\n\t\t\t<div class='gallery-icon landscape'>\n\t\t\t\t<a href='https:\/\/www.institutfrancais-jerusalem.org\/ramallah\/exposition-dart\/dsc_2959\/'><img loading=\"lazy\" decoding=\"async\" width=\"150\" height=\"150\" src=\"https:\/\/www.institutfrancais-jerusalem.org\/ramallah\/wp-content\/uploads\/sites\/11\/2019\/05\/DSC_2959-150x150.jpg\" class=\"attachment-thumbnail size-thumbnail\" alt=\"\" \/><\/a>\n\t\t\t<\/div><\/figure><figure class='gallery-item'>\n\t\t\t<div class='gallery-icon portrait'>\n\t\t\t\t<a href='https:\/\/www.institutfrancais-jerusalem.org\/ramallah\/exposition-dart\/dsc_2960\/'><img loading=\"lazy\" decoding=\"async\" width=\"150\" height=\"150\" src=\"https:\/\/www.institutfrancais-jerusalem.org\/ramallah\/wp-content\/uploads\/sites\/11\/2019\/05\/DSC_2960-e1558946446906-150x150.jpg\" class=\"attachment-thumbnail size-thumbnail\" alt=\"\" \/><\/a>\n\t\t\t<\/div><\/figure><figure class='gallery-item'>\n\t\t\t<div class='gallery-icon landscape'>\n\t\t\t\t<a href='https:\/\/www.institutfrancais-jerusalem.org\/ramallah\/exposition-dart\/dsc_2961\/'><img loading=\"lazy\" decoding=\"async\" width=\"150\" height=\"150\" src=\"https:\/\/www.institutfrancais-jerusalem.org\/ramallah\/wp-content\/uploads\/sites\/11\/2019\/05\/DSC_2961-150x150.jpg\" class=\"attachment-thumbnail size-thumbnail\" alt=\"\" \/><\/a>\n\t\t\t<\/div><\/figure><figure class='gallery-item'>\n\t\t\t<div class='gallery-icon landscape'>\n\t\t\t\t<a href='https:\/\/www.institutfrancais-jerusalem.org\/ramallah\/exposition-dart\/dsc_2970\/'><img loading=\"lazy\" decoding=\"async\" width=\"150\" height=\"150\" src=\"https:\/\/www.institutfrancais-jerusalem.org\/ramallah\/wp-content\/uploads\/sites\/11\/2019\/05\/DSC_2970-150x150.jpg\" class=\"attachment-thumbnail size-thumbnail\" alt=\"\" \/><\/a>\n\t\t\t<\/div><\/figure><figure class='gallery-item'>\n\t\t\t<div class='gallery-icon portrait'>\n\t\t\t\t<a href='https:\/\/www.institutfrancais-jerusalem.org\/ramallah\/exposition-dart\/dsc_2971\/'><img loading=\"lazy\" decoding=\"async\" width=\"150\" height=\"150\" src=\"https:\/\/www.institutfrancais-jerusalem.org\/ramallah\/wp-content\/uploads\/sites\/11\/2019\/05\/DSC_2971-e1558946415907-150x150.jpg\" class=\"attachment-thumbnail size-thumbnail\" alt=\"\" \/><\/a>\n\t\t\t<\/div><\/figure>\n\t\t<\/div>\n\n","protected":false},"excerpt":{"rendered":"<p>La jeunesse palestinienne investit la galerie du Centre Culturel Franco-Allemand ! L\u2019Institut Fran\u00e7ais de J\u00e9rusalem &#8211; antenne Ramallah est heureux de vous convier au vernissage de son exposition pr\u00e9sentant les travaux de 8 jeunes artistes palestiniens. Issue d\u2019un appel ouvert encourageant tout jeune artiste \u2013 qu\u2019il soit d\u00e9butant, confirm\u00e9, professionnel, amateur, ayant d\u00e9j\u00e0 expos\u00e9 ou &hellip;<\/p>\n","protected":false},"author":1,"featured_media":3653,"comment_status":"closed","ping_status":"closed","sticky":false,"template":"","format":"standard","meta":{"footnotes":""},"categories":[2,3,7,25],"tags":[70,71,68,77,67,72,69,73,76,74,75,59,49,66],"class_list":["post-3652","post","type-post","status-publish","format-standard","has-post-thumbnail","","category-agenda-culturel","category-arts-visuels","category-diaporama","category-ramallah","tag-adb-al-rahman-julani","tag-alaa-dayeh","tag-art","tag-elias-wakeem","tag-exposition","tag-fadi-dahabreh","tag-france","tag-juman-daraghmeh","tag-jyhan-abu-omar","tag-michael-jabareen","tag-ola-zaitoun","tag-palestine","tag-ramallah","tag-territoires-palestiniens"],"yoast_head":"<!-- This site is optimized with the Yoast SEO plugin v27.5 - https:\/\/yoast.com\/product\/yoast-seo-wordpress\/ -->\n<title>Exposition d\u2019art - Institut Fran\u00e7ais de J\u00e9rusalem - Ramallah<\/title>\n<meta name=\"robots\" content=\"index, follow, max-snippet:-1, max-image-preview:large, max-video-preview:-1\" \/>\n<link rel=\"canonical\" href=\"https:\/\/www.institutfrancais-jerusalem.org\/ramallah\/exposition-dart\/\" \/>\n<meta property=\"og:locale\" content=\"fr_FR\" \/>\n<meta property=\"og:type\" content=\"article\" \/>\n<meta property=\"og:title\" content=\"Exposition d\u2019art - Institut Fran\u00e7ais de J\u00e9rusalem - Ramallah\" \/>\n<meta property=\"og:description\" content=\"La jeunesse palestinienne investit la galerie du Centre Culturel Franco-Allemand ! L\u2019Institut Fran\u00e7ais de J\u00e9rusalem &#8211; antenne Ramallah est heureux de vous convier au vernissage de son exposition pr\u00e9sentant les travaux de 8 jeunes artistes palestiniens. Issue d\u2019un appel ouvert encourageant tout jeune artiste \u2013 qu\u2019il soit d\u00e9butant, confirm\u00e9, professionnel, amateur, ayant d\u00e9j\u00e0 expos\u00e9 ou &hellip;\" \/>\n<meta property=\"og:url\" content=\"https:\/\/www.institutfrancais-jerusalem.org\/ramallah\/exposition-dart\/\" \/>\n<meta property=\"og:site_name\" content=\"Institut Fran\u00e7ais de J\u00e9rusalem - Ramallah\" \/>\n<meta property=\"article:published_time\" content=\"2019-05-15T10:49:58+00:00\" \/>\n<meta property=\"article:modified_time\" content=\"2019-05-27T08:41:13+00:00\" \/>\n<meta property=\"og:image\" content=\"https:\/\/www.institutfrancais-jerusalem.org\/ramallah\/wp-content\/uploads\/sites\/11\/2019\/05\/Couverture-exposition-rsite.png\" \/>\n\t<meta property=\"og:image:width\" content=\"679\" \/>\n\t<meta property=\"og:image:height\" content=\"450\" \/>\n\t<meta property=\"og:image:type\" content=\"image\/png\" \/>\n<meta name=\"author\" content=\"admin6590\" \/>\n<meta name=\"twitter:card\" content=\"summary_large_image\" \/>\n<meta name=\"twitter:label1\" content=\"\u00c9crit par\" \/>\n\t<meta name=\"twitter:data1\" content=\"admin6590\" \/>\n\t<meta name=\"twitter:label2\" content=\"Dur\u00e9e de lecture estim\u00e9e\" \/>\n\t<meta name=\"twitter:data2\" content=\"1 minute\" \/>\n<script type=\"application\/ld+json\" class=\"yoast-schema-graph\">{\"@context\":\"https:\\\/\\\/schema.org\",\"@graph\":[{\"@type\":\"Article\",\"@id\":\"https:\\\/\\\/www.institutfrancais-jerusalem.org\\\/ramallah\\\/exposition-dart\\\/#article\",\"isPartOf\":{\"@id\":\"https:\\\/\\\/www.institutfrancais-jerusalem.org\\\/ramallah\\\/exposition-dart\\\/\"},\"author\":{\"name\":\"admin6590\",\"@id\":\"https:\\\/\\\/www.institutfrancais-jerusalem.org\\\/ramallah\\\/#\\\/schema\\\/person\\\/0d606b93f4fb1eb5c713b8be3dd4c4bf\"},\"headline\":\"Exposition d\u2019art\",\"datePublished\":\"2019-05-15T10:49:58+00:00\",\"dateModified\":\"2019-05-27T08:41:13+00:00\",\"mainEntityOfPage\":{\"@id\":\"https:\\\/\\\/www.institutfrancais-jerusalem.org\\\/ramallah\\\/exposition-dart\\\/\"},\"wordCount\":183,\"image\":{\"@id\":\"https:\\\/\\\/www.institutfrancais-jerusalem.org\\\/ramallah\\\/exposition-dart\\\/#primaryimage\"},\"thumbnailUrl\":\"https:\\\/\\\/www.institutfrancais-jerusalem.org\\\/ramallah\\\/wp-content\\\/uploads\\\/sites\\\/11\\\/2019\\\/05\\\/Couverture-exposition-rsite.png\",\"keywords\":[\"Adb Al Rahman Julani\",\"Alaa Dayeh\",\"art\",\"Elias Wakeem\",\"exposition\",\"Fadi Dahabreh\",\"france\",\"Juman Daraghmeh\",\"Jyhan Abu Omar\",\"Michael Jabareen\",\"Ola Zaitoun\",\"palestine\",\"ramallah\",\"territoires palestiniens\"],\"articleSection\":[\"Agenda culturel\",\"Arts visuels\",\"Diaporama\",\"RAMALLAH\"],\"inLanguage\":\"fr-FR\"},{\"@type\":\"WebPage\",\"@id\":\"https:\\\/\\\/www.institutfrancais-jerusalem.org\\\/ramallah\\\/exposition-dart\\\/\",\"url\":\"https:\\\/\\\/www.institutfrancais-jerusalem.org\\\/ramallah\\\/exposition-dart\\\/\",\"name\":\"Exposition d\u2019art - Institut Fran\u00e7ais de J\u00e9rusalem - Ramallah\",\"isPartOf\":{\"@id\":\"https:\\\/\\\/www.institutfrancais-jerusalem.org\\\/ramallah\\\/#website\"},\"primaryImageOfPage\":{\"@id\":\"https:\\\/\\\/www.institutfrancais-jerusalem.org\\\/ramallah\\\/exposition-dart\\\/#primaryimage\"},\"image\":{\"@id\":\"https:\\\/\\\/www.institutfrancais-jerusalem.org\\\/ramallah\\\/exposition-dart\\\/#primaryimage\"},\"thumbnailUrl\":\"https:\\\/\\\/www.institutfrancais-jerusalem.org\\\/ramallah\\\/wp-content\\\/uploads\\\/sites\\\/11\\\/2019\\\/05\\\/Couverture-exposition-rsite.png\",\"datePublished\":\"2019-05-15T10:49:58+00:00\",\"dateModified\":\"2019-05-27T08:41:13+00:00\",\"author\":{\"@id\":\"https:\\\/\\\/www.institutfrancais-jerusalem.org\\\/ramallah\\\/#\\\/schema\\\/person\\\/0d606b93f4fb1eb5c713b8be3dd4c4bf\"},\"breadcrumb\":{\"@id\":\"https:\\\/\\\/www.institutfrancais-jerusalem.org\\\/ramallah\\\/exposition-dart\\\/#breadcrumb\"},\"inLanguage\":\"fr-FR\",\"potentialAction\":[{\"@type\":\"ReadAction\",\"target\":[\"https:\\\/\\\/www.institutfrancais-jerusalem.org\\\/ramallah\\\/exposition-dart\\\/\"]}]},{\"@type\":\"ImageObject\",\"inLanguage\":\"fr-FR\",\"@id\":\"https:\\\/\\\/www.institutfrancais-jerusalem.org\\\/ramallah\\\/exposition-dart\\\/#primaryimage\",\"url\":\"https:\\\/\\\/www.institutfrancais-jerusalem.org\\\/ramallah\\\/wp-content\\\/uploads\\\/sites\\\/11\\\/2019\\\/05\\\/Couverture-exposition-rsite.png\",\"contentUrl\":\"https:\\\/\\\/www.institutfrancais-jerusalem.org\\\/ramallah\\\/wp-content\\\/uploads\\\/sites\\\/11\\\/2019\\\/05\\\/Couverture-exposition-rsite.png\",\"width\":679,\"height\":450},{\"@type\":\"BreadcrumbList\",\"@id\":\"https:\\\/\\\/www.institutfrancais-jerusalem.org\\\/ramallah\\\/exposition-dart\\\/#breadcrumb\",\"itemListElement\":[{\"@type\":\"ListItem\",\"position\":1,\"name\":\"Accueil\",\"item\":\"https:\\\/\\\/www.institutfrancais-jerusalem.org\\\/ramallah\\\/\"},{\"@type\":\"ListItem\",\"position\":2,\"name\":\"Exposition d\u2019art\"}]},{\"@type\":\"WebSite\",\"@id\":\"https:\\\/\\\/www.institutfrancais-jerusalem.org\\\/ramallah\\\/#website\",\"url\":\"https:\\\/\\\/www.institutfrancais-jerusalem.org\\\/ramallah\\\/\",\"name\":\"Institut Fran\u00e7ais de J\u00e9rusalem - Ramallah\",\"description\":\"Ramallah\",\"potentialAction\":[{\"@type\":\"SearchAction\",\"target\":{\"@type\":\"EntryPoint\",\"urlTemplate\":\"https:\\\/\\\/www.institutfrancais-jerusalem.org\\\/ramallah\\\/?s={search_term_string}\"},\"query-input\":{\"@type\":\"PropertyValueSpecification\",\"valueRequired\":true,\"valueName\":\"search_term_string\"}}],\"inLanguage\":\"fr-FR\"},{\"@type\":\"Person\",\"@id\":\"https:\\\/\\\/www.institutfrancais-jerusalem.org\\\/ramallah\\\/#\\\/schema\\\/person\\\/0d606b93f4fb1eb5c713b8be3dd4c4bf\",\"name\":\"admin6590\",\"image\":{\"@type\":\"ImageObject\",\"inLanguage\":\"fr-FR\",\"@id\":\"https:\\\/\\\/secure.gravatar.com\\\/avatar\\\/26482e0f083efa40e5c2db57a3d590897a500390cc256266e30d5da5605a03a9?s=96&d=mm&r=g\",\"url\":\"https:\\\/\\\/secure.gravatar.com\\\/avatar\\\/26482e0f083efa40e5c2db57a3d590897a500390cc256266e30d5da5605a03a9?s=96&d=mm&r=g\",\"contentUrl\":\"https:\\\/\\\/secure.gravatar.com\\\/avatar\\\/26482e0f083efa40e5c2db57a3d590897a500390cc256266e30d5da5605a03a9?s=96&d=mm&r=g\",\"caption\":\"admin6590\"},\"url\":\"https:\\\/\\\/www.institutfrancais-jerusalem.org\\\/ramallah\\\/author\\\/admin6590\\\/\"}]}<\/script>\n<!-- \/ Yoast SEO plugin. -->","yoast_head_json":{"title":"Exposition d\u2019art - Institut Fran\u00e7ais de J\u00e9rusalem - Ramallah","robots":{"index":"index","follow":"follow","max-snippet":"max-snippet:-1","max-image-preview":"max-image-preview:large","max-video-preview":"max-video-preview:-1"},"canonical":"https:\/\/www.institutfrancais-jerusalem.org\/ramallah\/exposition-dart\/","og_locale":"fr_FR","og_type":"article","og_title":"Exposition d\u2019art - Institut Fran\u00e7ais de J\u00e9rusalem - Ramallah","og_description":"La jeunesse palestinienne investit la galerie du Centre Culturel Franco-Allemand ! L\u2019Institut Fran\u00e7ais de J\u00e9rusalem &#8211; antenne Ramallah est heureux de vous convier au vernissage de son exposition pr\u00e9sentant les travaux de 8 jeunes artistes palestiniens. Issue d\u2019un appel ouvert encourageant tout jeune artiste \u2013 qu\u2019il soit d\u00e9butant, confirm\u00e9, professionnel, amateur, ayant d\u00e9j\u00e0 expos\u00e9 ou &hellip;","og_url":"https:\/\/www.institutfrancais-jerusalem.org\/ramallah\/exposition-dart\/","og_site_name":"Institut Fran\u00e7ais de J\u00e9rusalem - Ramallah","article_published_time":"2019-05-15T10:49:58+00:00","article_modified_time":"2019-05-27T08:41:13+00:00","og_image":[{"width":679,"height":450,"url":"https:\/\/www.institutfrancais-jerusalem.org\/ramallah\/wp-content\/uploads\/sites\/11\/2019\/05\/Couverture-exposition-rsite.png","type":"image\/png"}],"author":"admin6590","twitter_card":"summary_large_image","twitter_misc":{"\u00c9crit par":"admin6590","Dur\u00e9e de lecture estim\u00e9e":"1 minute"},"schema":{"@context":"https:\/\/schema.org","@graph":[{"@type":"Article","@id":"https:\/\/www.institutfrancais-jerusalem.org\/ramallah\/exposition-dart\/#article","isPartOf":{"@id":"https:\/\/www.institutfrancais-jerusalem.org\/ramallah\/exposition-dart\/"},"author":{"name":"admin6590","@id":"https:\/\/www.institutfrancais-jerusalem.org\/ramallah\/#\/schema\/person\/0d606b93f4fb1eb5c713b8be3dd4c4bf"},"headline":"Exposition d\u2019art","datePublished":"2019-05-15T10:49:58+00:00","dateModified":"2019-05-27T08:41:13+00:00","mainEntityOfPage":{"@id":"https:\/\/www.institutfrancais-jerusalem.org\/ramallah\/exposition-dart\/"},"wordCount":183,"image":{"@id":"https:\/\/www.institutfrancais-jerusalem.org\/ramallah\/exposition-dart\/#primaryimage"},"thumbnailUrl":"https:\/\/www.institutfrancais-jerusalem.org\/ramallah\/wp-content\/uploads\/sites\/11\/2019\/05\/Couverture-exposition-rsite.png","keywords":["Adb Al Rahman Julani","Alaa Dayeh","art","Elias Wakeem","exposition","Fadi Dahabreh","france","Juman Daraghmeh","Jyhan Abu Omar","Michael Jabareen","Ola Zaitoun","palestine","ramallah","territoires palestiniens"],"articleSection":["Agenda culturel","Arts visuels","Diaporama","RAMALLAH"],"inLanguage":"fr-FR"},{"@type":"WebPage","@id":"https:\/\/www.institutfrancais-jerusalem.org\/ramallah\/exposition-dart\/","url":"https:\/\/www.institutfrancais-jerusalem.org\/ramallah\/exposition-dart\/","name":"Exposition d\u2019art - Institut Fran\u00e7ais de J\u00e9rusalem - Ramallah","isPartOf":{"@id":"https:\/\/www.institutfrancais-jerusalem.org\/ramallah\/#website"},"primaryImageOfPage":{"@id":"https:\/\/www.institutfrancais-jerusalem.org\/ramallah\/exposition-dart\/#primaryimage"},"image":{"@id":"https:\/\/www.institutfrancais-jerusalem.org\/ramallah\/exposition-dart\/#primaryimage"},"thumbnailUrl":"https:\/\/www.institutfrancais-jerusalem.org\/ramallah\/wp-content\/uploads\/sites\/11\/2019\/05\/Couverture-exposition-rsite.png","datePublished":"2019-05-15T10:49:58+00:00","dateModified":"2019-05-27T08:41:13+00:00","author":{"@id":"https:\/\/www.institutfrancais-jerusalem.org\/ramallah\/#\/schema\/person\/0d606b93f4fb1eb5c713b8be3dd4c4bf"},"breadcrumb":{"@id":"https:\/\/www.institutfrancais-jerusalem.org\/ramallah\/exposition-dart\/#breadcrumb"},"inLanguage":"fr-FR","potentialAction":[{"@type":"ReadAction","target":["https:\/\/www.institutfrancais-jerusalem.org\/ramallah\/exposition-dart\/"]}]},{"@type":"ImageObject","inLanguage":"fr-FR","@id":"https:\/\/www.institutfrancais-jerusalem.org\/ramallah\/exposition-dart\/#primaryimage","url":"https:\/\/www.institutfrancais-jerusalem.org\/ramallah\/wp-content\/uploads\/sites\/11\/2019\/05\/Couverture-exposition-rsite.png","contentUrl":"https:\/\/www.institutfrancais-jerusalem.org\/ramallah\/wp-content\/uploads\/sites\/11\/2019\/05\/Couverture-exposition-rsite.png","width":679,"height":450},{"@type":"BreadcrumbList","@id":"https:\/\/www.institutfrancais-jerusalem.org\/ramallah\/exposition-dart\/#breadcrumb","itemListElement":[{"@type":"ListItem","position":1,"name":"Accueil","item":"https:\/\/www.institutfrancais-jerusalem.org\/ramallah\/"},{"@type":"ListItem","position":2,"name":"Exposition d\u2019art"}]},{"@type":"WebSite","@id":"https:\/\/www.institutfrancais-jerusalem.org\/ramallah\/#website","url":"https:\/\/www.institutfrancais-jerusalem.org\/ramallah\/","name":"Institut Fran\u00e7ais de J\u00e9rusalem - Ramallah","description":"Ramallah","potentialAction":[{"@type":"SearchAction","target":{"@type":"EntryPoint","urlTemplate":"https:\/\/www.institutfrancais-jerusalem.org\/ramallah\/?s={search_term_string}"},"query-input":{"@type":"PropertyValueSpecification","valueRequired":true,"valueName":"search_term_string"}}],"inLanguage":"fr-FR"},{"@type":"Person","@id":"https:\/\/www.institutfrancais-jerusalem.org\/ramallah\/#\/schema\/person\/0d606b93f4fb1eb5c713b8be3dd4c4bf","name":"admin6590","image":{"@type":"ImageObject","inLanguage":"fr-FR","@id":"https:\/\/secure.gravatar.com\/avatar\/26482e0f083efa40e5c2db57a3d590897a500390cc256266e30d5da5605a03a9?s=96&d=mm&r=g","url":"https:\/\/secure.gravatar.com\/avatar\/26482e0f083efa40e5c2db57a3d590897a500390cc256266e30d5da5605a03a9?s=96&d=mm&r=g","contentUrl":"https:\/\/secure.gravatar.com\/avatar\/26482e0f083efa40e5c2db57a3d590897a500390cc256266e30d5da5605a03a9?s=96&d=mm&r=g","caption":"admin6590"},"url":"https:\/\/www.institutfrancais-jerusalem.org\/ramallah\/author\/admin6590\/"}]}},"_links":{"self":[{"href":"https:\/\/www.institutfrancais-jerusalem.org\/ramallah\/wp-json\/wp\/v2\/posts\/3652","targetHints":{"allow":["GET"]}}],"collection":[{"href":"https:\/\/www.institutfrancais-jerusalem.org\/ramallah\/wp-json\/wp\/v2\/posts"}],"about":[{"href":"https:\/\/www.institutfrancais-jerusalem.org\/ramallah\/wp-json\/wp\/v2\/types\/post"}],"author":[{"embeddable":true,"href":"https:\/\/www.institutfrancais-jerusalem.org\/ramallah\/wp-json\/wp\/v2\/users\/1"}],"replies":[{"embeddable":true,"href":"https:\/\/www.institutfrancais-jerusalem.org\/ramallah\/wp-json\/wp\/v2\/comments?post=3652"}],"version-history":[{"count":3,"href":"https:\/\/www.institutfrancais-jerusalem.org\/ramallah\/wp-json\/wp\/v2\/posts\/3652\/revisions"}],"predecessor-version":[{"id":3715,"href":"https:\/\/www.institutfrancais-jerusalem.org\/ramallah\/wp-json\/wp\/v2\/posts\/3652\/revisions\/3715"}],"wp:featuredmedia":[{"embeddable":true,"href":"https:\/\/www.institutfrancais-jerusalem.org\/ramallah\/wp-json\/wp\/v2\/media\/3653"}],"wp:attachment":[{"href":"https:\/\/www.institutfrancais-jerusalem.org\/ramallah\/wp-json\/wp\/v2\/media?parent=3652"}],"wp:term":[{"taxonomy":"category","embeddable":true,"href":"https:\/\/www.institutfrancais-jerusalem.org\/ramallah\/wp-json\/wp\/v2\/categories?post=3652"},{"taxonomy":"post_tag","embeddable":true,"href":"https:\/\/www.institutfrancais-jerusalem.org\/ramallah\/wp-json\/wp\/v2\/tags?post=3652"}],"curies":[{"name":"wp","href":"https:\/\/api.w.org\/{rel}","templated":true}]}}