{"id":3267,"date":"2019-04-10T16:26:03","date_gmt":"2019-04-10T14:26:03","guid":{"rendered":"https:\/\/www.institutfrancais-jerusalem.org\/ramallah\/?p=3267"},"modified":"2019-04-17T09:55:55","modified_gmt":"2019-04-17T07:55:55","slug":"le-festival-al-kamandjati-du-12-au-27-avril-2019","status":"publish","type":"post","link":"https:\/\/www.institutfrancais-jerusalem.org\/ramallah\/le-festival-al-kamandjati-du-12-au-27-avril-2019\/","title":{"rendered":"Le Festival Al Kamandj\u00e2ti du 12 au 27 avril 2019"},"content":{"rendered":"<p>Le Festival Al Kamandj\u00e2ti vous invite \u00e0 rejoindre villes et villages palestiniens pour vivre une odyss\u00e9e musicale et spirituelle unique.<\/p>\n<h6>R\u00e9servez vos dates !<\/h6>\n<ul>\n<li>12-13 avril : J\u00e9richo, Al nabi Mousa<\/li>\n<li>14-17 avril : J\u00e9rusalem<\/li>\n<li>17-21 avril : Ramallah, Bani Zeid<\/li>\n<li>24-27 avril : Gaza<\/li>\n<\/ul>\n<p>12 avril \u00e0 20 heures : lancement officiel du festival avec une cr\u00e9ation unique au Palais de Hisham, J\u00e9richo<\/p>\n<p><a href=\"https:\/\/www.institutfrancais-jerusalem.org\/wp-content\/uploads\/2019\/04\/FLYER-Ak-Festival.pdf\">Consultez l&rsquo;ensemble du programme en cliquant ici !<\/a><\/p>\n<h3>Le Festival Al Kamandj\u00e2ti<\/h3>\n<h6>15 jours de c\u00e9l\u00e9brations<\/h6>\n<p>Du nord au sud, son patrimoine s\u00e9culaire r\u00e9v\u00e8le ses secrets d\u2019arts et d\u2019histoires gr\u00e2ce aux visites alternatives imagin\u00e9es par nos partenaires professionnels du tourisme. Le festival fera escale \u00e0 J\u00e9richo, J\u00e9rusalem, Ramallah, Bani Zeid et Gaza.<\/p>\n<h6>Un voyage unique, \u00e0 la rencontre des musiques et traditions<\/h6>\n<p>Le festival Al Kamandj\u00e2ti accueillera des artistes, penseurs et calligraphes venus des quatre coins du monde: Maroc, Alg\u00e9rie, Tunisie, Iraq, Kowe\u00eft, Azerba\u00efdjan, Indon\u00e9sie ou d&rsquo;ici.<\/p>\n<h6>Une programmation ambitieuse et vari\u00e9e pour cette \u00e9dition<\/h6>\n<p>Plac\u00e9e sous la direction artistique d\u2019Alain Weber, sp\u00e9cialiste des musiques traditionnelles et responsable, entre autres, du <em>Festival de F\u00e8s des musiques sacr\u00e9es du monde<\/em>, cette manifestation associe cr\u00e9ations et concerts, rencontres musicales improvis\u00e9es, lectures, conf\u00e9rences, expositions de photographies, visites guid\u00e9es alternatives.<\/p>\n<h6>Dhikr &amp; nuits Soufies autour du \u00ab Mawsem d\u2019Al Nabi Mousa\u201d<\/h6>\n<p>La saison de <em>\u201cAl Nabi Mousa\u201d<\/em> est un p\u00e8lerinage de 7 jours li\u00e9 \u00e0 l\u2019h\u00e9ritage religieux et populaire de la ville de J\u00e9rusalem. Des palestiniens de l\u2019ensemble du territoire avaient l\u2019habitude de s\u2019y retrouver, dans la vieille ville, quelques jours avant le Mawsem, afin de d\u00e9buter les c\u00e9l\u00e9brations et entamer une longue marche vers Al Nabi Mousa en brandissant leurs grands drapeaux. Et cette ann\u00e9e, le festival y c\u00e9l\u00e8brera donc le Mawsem \u00e9galement, avec du Dhikr et des nuits Soufies du 8 au 11 Avril.<\/p>\n<p>L&rsquo;Institut fran\u00e7ais de J\u00e9rusalem et le festival Al Kamandj\u00e2ti<\/p>\n<p>Dans le cadre du Festival et en co-organisation avec l&rsquo;association Al Kamandj\u00e2ti, l&rsquo;Institut fran\u00e7ais de J\u00e9rusalem propose deux artistes uniques en leur genre.<\/p>\n<h6 class=\"p1\"><span class=\"s1\"><b>Duplessy and the Violin of the world, France <\/b><\/span><\/h6>\n<p class=\"p3\"><span class=\"s2\">Le multi-instrumentiste iconoclaste refait la route de la soie dans une cord\u00e9e mystique et ludique de vielles asiatiques. <\/span><span class=\"s1\">C\u2019est en 2010 que Mathias a eu l\u2019id\u00e9e de r\u00e9unir trois virtuoses du violon traditionnel. C\u2019\u00e9tait la premi\u00e8re fois que sur sc\u00e8ne et sur album le <i>sarangi<\/i> indien, le <i>erhu<\/i> chinois et le <i>morin khuur <\/i>mongol jouaient ensemble, unis par la guitare <i>flamenca<\/i> de Mathias.<\/span><\/p>\n<p class=\"p3\"><span class=\"s1\">Apr\u00e8s le succ\u00e8s du premier album <em>\u00abMarco Polo\u00bb<\/em>, salu\u00e9 par Andr\u00e9 Manoukian comme <em>\u00abpont tress\u00e9 en crin de cheval entre la musique classique europ\u00e9enne et l\u2019Asie\u00bb<\/em>, Mathias et ses fr\u00e8res de cordes enregistrent <em>\u00abCrazy Horse\u00bb<\/em> aux sonorit\u00e9s plus blues et celtiques gr\u00e2ce, entre autres, \u00e0 l\u2019arriv\u00e9e du <i>nickelharpa<\/i> (vi\u00e8le su\u00e9doise) de Aliocha.<\/span><\/p>\n<h6 class=\"p1\"><span class=\"s1\"><b>Aka Kaalam \u2013 Julien Breton, France<\/b><\/span><\/h6>\n<p class=\"p1\"><b> <\/b><span class=\"s2\">L\u2019art de Julien Breton est un cri dans le silence. Tout est silence. Son mouvement, la lumi\u00e8re qui traverse l\u2019air, les paroles \u00e9ph\u00e9m\u00e8res, l\u2019obscurit\u00e9 qui l\u2019enveloppe, les traces \u00e9vanescentes de son ombre, les couleurs \u00e9lectriques et la g\u00e9om\u00e9trie qui se dissout dans le n\u00e9ant.<\/span><\/p>\n<p class=\"p1\"><span class=\"s2\">\u00c9crire dans le silence est une immersion totale, se concentrant sur chaque geste qui trouve son expression au moment m\u00eame o\u00f9 la lentille de la cam\u00e9ra, en une seule fois, est imprim\u00e9e par la somme complexe de dessin de l\u2019artiste avec la lumi\u00e8re. Des traits qui se transforment en un film avec une seule trame. Une performance qui dure quelques minutes pour une image o\u00f9 l\u2019artiste dispara\u00eet et o\u00f9 le r\u00e9sultat de son art demeure. \u00catre pr\u00e9sent quand il entreprend un travail, c\u2019est comme espionner un alchimiste \u00e0 travers la serrure. Vous restez bouche b\u00e9e et en silence sans savoir o\u00f9 tous ses gestes, ses pas de danse silencieux, conduisent. Pendant toute la r\u00e9alisation, ce qui est le plus impressionnant est le regard s\u00e9v\u00e8re et concentr\u00e9e de l\u2019artiste qui a \u00e9chang\u00e9 ses pots et ses pinceaux avec les courbes de lumi\u00e8re qu\u2019il laisse derri\u00e8re lui. Pourtant quand le travail est termin\u00e9, le regard dispara\u00eet et se perd \u00e0 l\u2019int\u00e9rieur du diaphragme d\u2019un appareil photo, et tout ce qui reste est, ce qui auparavant, avaient paru si \u00e9ph\u00e9m\u00e8re et confus.<\/span><\/p>\n<p class=\"p1\"><span class=\"s2\">Un rayon de lumi\u00e8re parfaitement \u00e9tabli dans l\u2019air. Son art est un cadeau pour le territoire qui l\u2019entoure. Une danse entre l\u2019artiste et le paysage. Chacun de ses r\u00e9sultats \u0153uvres de la fusion compl\u00e8te avec le contexte dans lequel le travail se d\u00e9veloppe. Un cadeau \u00e9ph\u00e9m\u00e8re qui ne tache pas le paysage mais l\u2019exalte et le rend unique. Son art est une \u00e9toile filante sur laquelle l\u2019artiste parvient \u00e0 imposer la discipline et la spontan\u00e9it\u00e9, la danse et la peinture. Ses \u0153uvres rappellent l\u2019expressionnisme abstrait et l\u2019art informel de Georges Mathieu. Nous ressentons la m\u00eame \u00e9nergie, le m\u00eame jet de couleur, la m\u00eame volont\u00e9 de couper dans le fond d\u2019un geste profond et pr\u00e9cis.<\/span><\/p>\n<h3>Galerie photos<\/h3>\n<div id='gallery-1' class='gallery galleryid-3267 gallery-columns-3 gallery-size-thumbnail'><figure class='gallery-item'>\n\t\t\t<div class='gallery-icon landscape'>\n\t\t\t\t<a href='https:\/\/www.institutfrancais-jerusalem.org\/ramallah\/le-festival-al-kamandjati-du-12-au-27-avril-2019\/1cz3b70irtmortko0pcpfa_thumb_29e6\/'><img loading=\"lazy\" decoding=\"async\" width=\"150\" height=\"150\" src=\"https:\/\/www.institutfrancais-jerusalem.org\/ramallah\/wp-content\/uploads\/sites\/11\/2019\/04\/1cz3b70iRtmorTko0PCpfA_thumb_29e6-150x150.jpg\" class=\"attachment-thumbnail size-thumbnail\" alt=\"\" \/><\/a>\n\t\t\t<\/div><\/figure><figure class='gallery-item'>\n\t\t\t<div class='gallery-icon landscape'>\n\t\t\t\t<a href='https:\/\/www.institutfrancais-jerusalem.org\/ramallah\/le-festival-al-kamandjati-du-12-au-27-avril-2019\/5cd9kadvs7u1utn4a2cew_thumb_2a27\/'><img loading=\"lazy\" decoding=\"async\" width=\"150\" height=\"150\" src=\"https:\/\/www.institutfrancais-jerusalem.org\/ramallah\/wp-content\/uploads\/sites\/11\/2019\/04\/5CD9KaDVS7u1uTN4A2CEw_thumb_2a27-150x150.jpg\" class=\"attachment-thumbnail size-thumbnail\" alt=\"\" \/><\/a>\n\t\t\t<\/div><\/figure><figure class='gallery-item'>\n\t\t\t<div class='gallery-icon landscape'>\n\t\t\t\t<a href='https:\/\/www.institutfrancais-jerusalem.org\/ramallah\/le-festival-al-kamandjati-du-12-au-27-avril-2019\/6tlt5533ta2cqelf7vrxuq_thumb_2960\/'><img loading=\"lazy\" decoding=\"async\" width=\"150\" height=\"150\" src=\"https:\/\/www.institutfrancais-jerusalem.org\/ramallah\/wp-content\/uploads\/sites\/11\/2019\/04\/6TLt5533Ta2CqElf7vRxUQ_thumb_2960-150x150.jpg\" class=\"attachment-thumbnail size-thumbnail\" alt=\"\" \/><\/a>\n\t\t\t<\/div><\/figure><figure class='gallery-item'>\n\t\t\t<div class='gallery-icon landscape'>\n\t\t\t\t<a href='https:\/\/www.institutfrancais-jerusalem.org\/ramallah\/le-festival-al-kamandjati-du-12-au-27-avril-2019\/7my2q1tjt26valhomjrzja_thumb_2a4a\/'><img loading=\"lazy\" decoding=\"async\" width=\"150\" height=\"150\" src=\"https:\/\/www.institutfrancais-jerusalem.org\/ramallah\/wp-content\/uploads\/sites\/11\/2019\/04\/7my2q1tJT26VALHoMJrzJA_thumb_2a4a-150x150.jpg\" class=\"attachment-thumbnail size-thumbnail\" alt=\"\" \/><\/a>\n\t\t\t<\/div><\/figure><figure class='gallery-item'>\n\t\t\t<div class='gallery-icon landscape'>\n\t\t\t\t<a href='https:\/\/www.institutfrancais-jerusalem.org\/ramallah\/le-festival-al-kamandjati-du-12-au-27-avril-2019\/9l5z9x5qrha4f0ad883gka_thumb_29ee\/'><img loading=\"lazy\" decoding=\"async\" width=\"150\" height=\"150\" src=\"https:\/\/www.institutfrancais-jerusalem.org\/ramallah\/wp-content\/uploads\/sites\/11\/2019\/04\/9L5z9x5qRHa4f0ad883GkA_thumb_29ee-150x150.jpg\" class=\"attachment-thumbnail size-thumbnail\" alt=\"\" \/><\/a>\n\t\t\t<\/div><\/figure><figure class='gallery-item'>\n\t\t\t<div class='gallery-icon landscape'>\n\t\t\t\t<a href='https:\/\/www.institutfrancais-jerusalem.org\/ramallah\/le-festival-al-kamandjati-du-12-au-27-avril-2019\/acw9lqbarm6awpjfxj5rhw_thumb_29b5\/'><img loading=\"lazy\" decoding=\"async\" width=\"150\" height=\"150\" src=\"https:\/\/www.institutfrancais-jerusalem.org\/ramallah\/wp-content\/uploads\/sites\/11\/2019\/04\/AcW9lQbARM6aWPjFxJ5rHw_thumb_29b5-150x150.jpg\" class=\"attachment-thumbnail size-thumbnail\" alt=\"\" \/><\/a>\n\t\t\t<\/div><\/figure><figure class='gallery-item'>\n\t\t\t<div class='gallery-icon landscape'>\n\t\t\t\t<a href='https:\/\/www.institutfrancais-jerusalem.org\/ramallah\/le-festival-al-kamandjati-du-12-au-27-avril-2019\/bqgundseusgvjdl2rj1q_thumb_292f\/'><img loading=\"lazy\" decoding=\"async\" width=\"150\" height=\"150\" src=\"https:\/\/www.institutfrancais-jerusalem.org\/ramallah\/wp-content\/uploads\/sites\/11\/2019\/04\/bQGUndSeusgVJDL2rj1Q_thumb_292f-150x150.jpg\" class=\"attachment-thumbnail size-thumbnail\" alt=\"\" \/><\/a>\n\t\t\t<\/div><\/figure><figure class='gallery-item'>\n\t\t\t<div class='gallery-icon landscape'>\n\t\t\t\t<a href='https:\/\/www.institutfrancais-jerusalem.org\/ramallah\/le-festival-al-kamandjati-du-12-au-27-avril-2019\/ctbzhznprhgvimbhrqrutq_thumb_2a54\/'><img loading=\"lazy\" decoding=\"async\" width=\"150\" height=\"150\" src=\"https:\/\/www.institutfrancais-jerusalem.org\/ramallah\/wp-content\/uploads\/sites\/11\/2019\/04\/CTbZhZNPRHGVImBhRqRUTQ_thumb_2a54-150x150.jpg\" class=\"attachment-thumbnail size-thumbnail\" alt=\"\" \/><\/a>\n\t\t\t<\/div><\/figure><figure class='gallery-item'>\n\t\t\t<div class='gallery-icon landscape'>\n\t\t\t\t<a href='https:\/\/www.institutfrancais-jerusalem.org\/ramallah\/le-festival-al-kamandjati-du-12-au-27-avril-2019\/d2bowtw4rjcd0puh0us2gq_thumb_2941\/'><img loading=\"lazy\" decoding=\"async\" width=\"150\" height=\"150\" src=\"https:\/\/www.institutfrancais-jerusalem.org\/ramallah\/wp-content\/uploads\/sites\/11\/2019\/04\/d2bowtw4RJCD0PUH0Us2GQ_thumb_2941-150x150.jpg\" class=\"attachment-thumbnail size-thumbnail\" alt=\"\" \/><\/a>\n\t\t\t<\/div><\/figure><figure class='gallery-item'>\n\t\t\t<div class='gallery-icon landscape'>\n\t\t\t\t<a href='https:\/\/www.institutfrancais-jerusalem.org\/ramallah\/le-festival-al-kamandjati-du-12-au-27-avril-2019\/d4msvkwpsigd6gyycigarq_thumb_293d\/'><img loading=\"lazy\" decoding=\"async\" width=\"150\" height=\"150\" src=\"https:\/\/www.institutfrancais-jerusalem.org\/ramallah\/wp-content\/uploads\/sites\/11\/2019\/04\/d4msvkWPSIGd6gYYcIGarQ_thumb_293d-150x150.jpg\" class=\"attachment-thumbnail size-thumbnail\" alt=\"\" \/><\/a>\n\t\t\t<\/div><\/figure><figure class='gallery-item'>\n\t\t\t<div class='gallery-icon landscape'>\n\t\t\t\t<a href='https:\/\/www.institutfrancais-jerusalem.org\/ramallah\/le-festival-al-kamandjati-du-12-au-27-avril-2019\/eagezx9mqosowckkdgpscw_thumb_2a26\/'><img loading=\"lazy\" decoding=\"async\" width=\"150\" height=\"150\" src=\"https:\/\/www.institutfrancais-jerusalem.org\/ramallah\/wp-content\/uploads\/sites\/11\/2019\/04\/EAgEzx9MQOSOwckkDgpScw_thumb_2a26-150x150.jpg\" class=\"attachment-thumbnail size-thumbnail\" alt=\"\" \/><\/a>\n\t\t\t<\/div><\/figure><figure class='gallery-item'>\n\t\t\t<div class='gallery-icon landscape'>\n\t\t\t\t<a href='https:\/\/www.institutfrancais-jerusalem.org\/ramallah\/le-festival-al-kamandjati-du-12-au-27-avril-2019\/eczmyln1tvgynkseyzdf1q_thumb_29ce\/'><img loading=\"lazy\" decoding=\"async\" width=\"150\" height=\"150\" src=\"https:\/\/www.institutfrancais-jerusalem.org\/ramallah\/wp-content\/uploads\/sites\/11\/2019\/04\/EczMYLn1TVGYnksEYzDf1Q_thumb_29ce-150x150.jpg\" class=\"attachment-thumbnail size-thumbnail\" alt=\"\" \/><\/a>\n\t\t\t<\/div><\/figure><figure class='gallery-item'>\n\t\t\t<div class='gallery-icon landscape'>\n\t\t\t\t<a href='https:\/\/www.institutfrancais-jerusalem.org\/ramallah\/le-festival-al-kamandjati-du-12-au-27-avril-2019\/fuhalhxtocfhkg8mddb1g_thumb_29eb\/'><img loading=\"lazy\" decoding=\"async\" width=\"150\" height=\"150\" src=\"https:\/\/www.institutfrancais-jerusalem.org\/ramallah\/wp-content\/uploads\/sites\/11\/2019\/04\/fuhALHXTOCFhKg8mdDb1g_thumb_29eb-150x150.jpg\" class=\"attachment-thumbnail size-thumbnail\" alt=\"\" \/><\/a>\n\t\t\t<\/div><\/figure><figure class='gallery-item'>\n\t\t\t<div class='gallery-icon landscape'>\n\t\t\t\t<a href='https:\/\/www.institutfrancais-jerusalem.org\/ramallah\/le-festival-al-kamandjati-du-12-au-27-avril-2019\/g3t1cvfrhkewpssbb0hha_thumb_29cc\/'><img loading=\"lazy\" decoding=\"async\" width=\"150\" height=\"150\" src=\"https:\/\/www.institutfrancais-jerusalem.org\/ramallah\/wp-content\/uploads\/sites\/11\/2019\/04\/G3T1cvFRHKEWPSSBB0hhA_thumb_29cc-150x150.jpg\" class=\"attachment-thumbnail size-thumbnail\" alt=\"\" \/><\/a>\n\t\t\t<\/div><\/figure><figure class='gallery-item'>\n\t\t\t<div class='gallery-icon landscape'>\n\t\t\t\t<a href='https:\/\/www.institutfrancais-jerusalem.org\/ramallah\/le-festival-al-kamandjati-du-12-au-27-avril-2019\/gnuteso4qpeimndkx11qq_thumb_29c5\/'><img loading=\"lazy\" decoding=\"async\" width=\"150\" height=\"150\" src=\"https:\/\/www.institutfrancais-jerusalem.org\/ramallah\/wp-content\/uploads\/sites\/11\/2019\/04\/GnutESo4QpeimNDkX11qQ_thumb_29c5-150x150.jpg\" class=\"attachment-thumbnail size-thumbnail\" alt=\"\" \/><\/a>\n\t\t\t<\/div><\/figure><figure class='gallery-item'>\n\t\t\t<div class='gallery-icon landscape'>\n\t\t\t\t<a href='https:\/\/www.institutfrancais-jerusalem.org\/ramallah\/le-festival-al-kamandjati-du-12-au-27-avril-2019\/hi9m2nwgqfayc0ybdppduq_thumb_2954\/'><img loading=\"lazy\" decoding=\"async\" width=\"150\" height=\"150\" src=\"https:\/\/www.institutfrancais-jerusalem.org\/ramallah\/wp-content\/uploads\/sites\/11\/2019\/04\/HI9M2nWgQfaYc0ybdppDUQ_thumb_2954-150x150.jpg\" class=\"attachment-thumbnail size-thumbnail\" alt=\"\" \/><\/a>\n\t\t\t<\/div><\/figure><figure class='gallery-item'>\n\t\t\t<div class='gallery-icon landscape'>\n\t\t\t\t<a href='https:\/\/www.institutfrancais-jerusalem.org\/ramallah\/le-festival-al-kamandjati-du-12-au-27-avril-2019\/kqchuvbat5onfuf4lokl7w_thumb_2a0e\/'><img loading=\"lazy\" decoding=\"async\" width=\"150\" height=\"150\" src=\"https:\/\/www.institutfrancais-jerusalem.org\/ramallah\/wp-content\/uploads\/sites\/11\/2019\/04\/kqcHUvbaT5ONfuF4lOKL7w_thumb_2a0e-150x150.jpg\" class=\"attachment-thumbnail size-thumbnail\" alt=\"\" \/><\/a>\n\t\t\t<\/div><\/figure><figure class='gallery-item'>\n\t\t\t<div class='gallery-icon landscape'>\n\t\t\t\t<a href='https:\/\/www.institutfrancais-jerusalem.org\/ramallah\/le-festival-al-kamandjati-du-12-au-27-avril-2019\/lzupj85zqkkrhegam6lta_thumb_2964\/'><img loading=\"lazy\" decoding=\"async\" width=\"150\" height=\"150\" src=\"https:\/\/www.institutfrancais-jerusalem.org\/ramallah\/wp-content\/uploads\/sites\/11\/2019\/04\/LzUPj85zQKKRhEGAm6LTA_thumb_2964-150x150.jpg\" class=\"attachment-thumbnail size-thumbnail\" alt=\"\" \/><\/a>\n\t\t\t<\/div><\/figure><figure class='gallery-item'>\n\t\t\t<div class='gallery-icon landscape'>\n\t\t\t\t<a href='https:\/\/www.institutfrancais-jerusalem.org\/ramallah\/le-festival-al-kamandjati-du-12-au-27-avril-2019\/o4ewdcdptgejg7sx9a8zvg_thumb_2a50\/'><img loading=\"lazy\" decoding=\"async\" width=\"150\" height=\"150\" src=\"https:\/\/www.institutfrancais-jerusalem.org\/ramallah\/wp-content\/uploads\/sites\/11\/2019\/04\/O4ewdCDPTGejg7Sx9a8zVg_thumb_2a50-150x150.jpg\" class=\"attachment-thumbnail size-thumbnail\" alt=\"\" \/><\/a>\n\t\t\t<\/div><\/figure><figure class='gallery-item'>\n\t\t\t<div class='gallery-icon landscape'>\n\t\t\t\t<a href='https:\/\/www.institutfrancais-jerusalem.org\/ramallah\/le-festival-al-kamandjati-du-12-au-27-avril-2019\/ows0m7bbtospk5sh9c3zg_thumb_29b8\/'><img loading=\"lazy\" decoding=\"async\" width=\"150\" height=\"150\" src=\"https:\/\/www.institutfrancais-jerusalem.org\/ramallah\/wp-content\/uploads\/sites\/11\/2019\/04\/oWs0m7bbTOSpk5Sh9C3Zg_thumb_29b8-150x150.jpg\" class=\"attachment-thumbnail size-thumbnail\" alt=\"\" \/><\/a>\n\t\t\t<\/div><\/figure><figure class='gallery-item'>\n\t\t\t<div class='gallery-icon landscape'>\n\t\t\t\t<a href='https:\/\/www.institutfrancais-jerusalem.org\/ramallah\/le-festival-al-kamandjati-du-12-au-27-avril-2019\/qzkijbdqwuzmt31wlpyrg_thumb_2953\/'><img loading=\"lazy\" decoding=\"async\" width=\"150\" height=\"150\" src=\"https:\/\/www.institutfrancais-jerusalem.org\/ramallah\/wp-content\/uploads\/sites\/11\/2019\/04\/qzkiJBDQwuZmt31WLpyrg_thumb_2953-150x150.jpg\" class=\"attachment-thumbnail size-thumbnail\" alt=\"\" \/><\/a>\n\t\t\t<\/div><\/figure><figure class='gallery-item'>\n\t\t\t<div class='gallery-icon landscape'>\n\t\t\t\t<a href='https:\/\/www.institutfrancais-jerusalem.org\/ramallah\/le-festival-al-kamandjati-du-12-au-27-avril-2019\/tvt6csrsqvtk8da5mvg3w_thumb_29fe\/'><img loading=\"lazy\" decoding=\"async\" width=\"150\" height=\"150\" src=\"https:\/\/www.institutfrancais-jerusalem.org\/ramallah\/wp-content\/uploads\/sites\/11\/2019\/04\/tvt6CsRSQVtk8DA5mVG3w_thumb_29fe-150x150.jpg\" class=\"attachment-thumbnail size-thumbnail\" alt=\"\" \/><\/a>\n\t\t\t<\/div><\/figure>\n\t\t<\/div>\n\n","protected":false},"excerpt":{"rendered":"<p>Le Festival Al Kamandj\u00e2ti vous invite \u00e0 rejoindre villes et villages palestiniens pour vivre une odyss\u00e9e musicale et spirituelle unique. R\u00e9servez vos dates ! 12-13 avril : J\u00e9richo, Al nabi Mousa 14-17 avril : J\u00e9rusalem 17-21 avril : Ramallah, Bani Zeid 24-27 avril : Gaza 12 avril \u00e0 20 heures : lancement officiel du festival &hellip;<\/p>\n","protected":false},"author":1,"featured_media":3268,"comment_status":"closed","ping_status":"closed","sticky":false,"template":"","format":"standard","meta":{"footnotes":""},"categories":[2,4,7],"tags":[56,57,58,59],"class_list":["post-3267","post","type-post","status-publish","format-standard","has-post-thumbnail","","category-agenda-culturel","category-arts-vivants","category-diaporama","tag-al-kamandjati","tag-festival","tag-musiques-sacrees","tag-palestine"],"yoast_head":"<!-- This site is optimized with the Yoast SEO plugin v27.5 - https:\/\/yoast.com\/product\/yoast-seo-wordpress\/ -->\n<title>Le Festival Al Kamandj\u00e2ti du 12 au 27 avril 2019 - Institut Fran\u00e7ais de J\u00e9rusalem - Ramallah<\/title>\n<meta name=\"robots\" content=\"index, follow, max-snippet:-1, max-image-preview:large, max-video-preview:-1\" \/>\n<link rel=\"canonical\" href=\"https:\/\/www.institutfrancais-jerusalem.org\/ramallah\/le-festival-al-kamandjati-du-12-au-27-avril-2019\/\" \/>\n<meta property=\"og:locale\" content=\"fr_FR\" \/>\n<meta property=\"og:type\" content=\"article\" \/>\n<meta property=\"og:title\" content=\"Le Festival Al Kamandj\u00e2ti du 12 au 27 avril 2019 - Institut Fran\u00e7ais de J\u00e9rusalem - Ramallah\" \/>\n<meta property=\"og:description\" content=\"Le Festival Al Kamandj\u00e2ti vous invite \u00e0 rejoindre villes et villages palestiniens pour vivre une odyss\u00e9e musicale et spirituelle unique. R\u00e9servez vos dates ! 12-13 avril : J\u00e9richo, Al nabi Mousa 14-17 avril : J\u00e9rusalem 17-21 avril : Ramallah, Bani Zeid 24-27 avril : Gaza 12 avril \u00e0 20 heures : lancement officiel du festival &hellip;\" \/>\n<meta property=\"og:url\" content=\"https:\/\/www.institutfrancais-jerusalem.org\/ramallah\/le-festival-al-kamandjati-du-12-au-27-avril-2019\/\" \/>\n<meta property=\"og:site_name\" content=\"Institut Fran\u00e7ais de J\u00e9rusalem - Ramallah\" \/>\n<meta property=\"article:published_time\" content=\"2019-04-10T14:26:03+00:00\" \/>\n<meta property=\"article:modified_time\" content=\"2019-04-17T07:55:55+00:00\" \/>\n<meta property=\"og:image\" content=\"https:\/\/www.institutfrancais-jerusalem.org\/ramallah\/wp-content\/uploads\/sites\/11\/2019\/04\/Illustration-Al-Kamandjati-Festival-2019.png\" \/>\n\t<meta property=\"og:image:width\" content=\"494\" \/>\n\t<meta property=\"og:image:height\" content=\"261\" \/>\n\t<meta property=\"og:image:type\" content=\"image\/png\" \/>\n<meta name=\"author\" content=\"admin6590\" \/>\n<meta name=\"twitter:card\" content=\"summary_large_image\" \/>\n<meta name=\"twitter:label1\" content=\"\u00c9crit par\" \/>\n\t<meta name=\"twitter:data1\" content=\"admin6590\" \/>\n\t<meta name=\"twitter:label2\" content=\"Dur\u00e9e de lecture estim\u00e9e\" \/>\n\t<meta name=\"twitter:data2\" content=\"5 minutes\" \/>\n<script type=\"application\/ld+json\" class=\"yoast-schema-graph\">{\"@context\":\"https:\\\/\\\/schema.org\",\"@graph\":[{\"@type\":\"Article\",\"@id\":\"https:\\\/\\\/www.institutfrancais-jerusalem.org\\\/ramallah\\\/le-festival-al-kamandjati-du-12-au-27-avril-2019\\\/#article\",\"isPartOf\":{\"@id\":\"https:\\\/\\\/www.institutfrancais-jerusalem.org\\\/ramallah\\\/le-festival-al-kamandjati-du-12-au-27-avril-2019\\\/\"},\"author\":{\"name\":\"admin6590\",\"@id\":\"https:\\\/\\\/www.institutfrancais-jerusalem.org\\\/ramallah\\\/#\\\/schema\\\/person\\\/0d606b93f4fb1eb5c713b8be3dd4c4bf\"},\"headline\":\"Le Festival Al Kamandj\u00e2ti du 12 au 27 avril 2019\",\"datePublished\":\"2019-04-10T14:26:03+00:00\",\"dateModified\":\"2019-04-17T07:55:55+00:00\",\"mainEntityOfPage\":{\"@id\":\"https:\\\/\\\/www.institutfrancais-jerusalem.org\\\/ramallah\\\/le-festival-al-kamandjati-du-12-au-27-avril-2019\\\/\"},\"wordCount\":913,\"image\":{\"@id\":\"https:\\\/\\\/www.institutfrancais-jerusalem.org\\\/ramallah\\\/le-festival-al-kamandjati-du-12-au-27-avril-2019\\\/#primaryimage\"},\"thumbnailUrl\":\"https:\\\/\\\/www.institutfrancais-jerusalem.org\\\/ramallah\\\/wp-content\\\/uploads\\\/sites\\\/11\\\/2019\\\/04\\\/Illustration-Al-Kamandjati-Festival-2019.png\",\"keywords\":[\"al-kamandj\u00e2ti\",\"festival\",\"musiques sacr\u00e9es\",\"palestine\"],\"articleSection\":[\"Agenda culturel\",\"Arts vivants\",\"Diaporama\"],\"inLanguage\":\"fr-FR\"},{\"@type\":\"WebPage\",\"@id\":\"https:\\\/\\\/www.institutfrancais-jerusalem.org\\\/ramallah\\\/le-festival-al-kamandjati-du-12-au-27-avril-2019\\\/\",\"url\":\"https:\\\/\\\/www.institutfrancais-jerusalem.org\\\/ramallah\\\/le-festival-al-kamandjati-du-12-au-27-avril-2019\\\/\",\"name\":\"Le Festival Al Kamandj\u00e2ti du 12 au 27 avril 2019 - Institut Fran\u00e7ais de J\u00e9rusalem - Ramallah\",\"isPartOf\":{\"@id\":\"https:\\\/\\\/www.institutfrancais-jerusalem.org\\\/ramallah\\\/#website\"},\"primaryImageOfPage\":{\"@id\":\"https:\\\/\\\/www.institutfrancais-jerusalem.org\\\/ramallah\\\/le-festival-al-kamandjati-du-12-au-27-avril-2019\\\/#primaryimage\"},\"image\":{\"@id\":\"https:\\\/\\\/www.institutfrancais-jerusalem.org\\\/ramallah\\\/le-festival-al-kamandjati-du-12-au-27-avril-2019\\\/#primaryimage\"},\"thumbnailUrl\":\"https:\\\/\\\/www.institutfrancais-jerusalem.org\\\/ramallah\\\/wp-content\\\/uploads\\\/sites\\\/11\\\/2019\\\/04\\\/Illustration-Al-Kamandjati-Festival-2019.png\",\"datePublished\":\"2019-04-10T14:26:03+00:00\",\"dateModified\":\"2019-04-17T07:55:55+00:00\",\"author\":{\"@id\":\"https:\\\/\\\/www.institutfrancais-jerusalem.org\\\/ramallah\\\/#\\\/schema\\\/person\\\/0d606b93f4fb1eb5c713b8be3dd4c4bf\"},\"breadcrumb\":{\"@id\":\"https:\\\/\\\/www.institutfrancais-jerusalem.org\\\/ramallah\\\/le-festival-al-kamandjati-du-12-au-27-avril-2019\\\/#breadcrumb\"},\"inLanguage\":\"fr-FR\",\"potentialAction\":[{\"@type\":\"ReadAction\",\"target\":[\"https:\\\/\\\/www.institutfrancais-jerusalem.org\\\/ramallah\\\/le-festival-al-kamandjati-du-12-au-27-avril-2019\\\/\"]}]},{\"@type\":\"ImageObject\",\"inLanguage\":\"fr-FR\",\"@id\":\"https:\\\/\\\/www.institutfrancais-jerusalem.org\\\/ramallah\\\/le-festival-al-kamandjati-du-12-au-27-avril-2019\\\/#primaryimage\",\"url\":\"https:\\\/\\\/www.institutfrancais-jerusalem.org\\\/ramallah\\\/wp-content\\\/uploads\\\/sites\\\/11\\\/2019\\\/04\\\/Illustration-Al-Kamandjati-Festival-2019.png\",\"contentUrl\":\"https:\\\/\\\/www.institutfrancais-jerusalem.org\\\/ramallah\\\/wp-content\\\/uploads\\\/sites\\\/11\\\/2019\\\/04\\\/Illustration-Al-Kamandjati-Festival-2019.png\",\"width\":494,\"height\":261},{\"@type\":\"BreadcrumbList\",\"@id\":\"https:\\\/\\\/www.institutfrancais-jerusalem.org\\\/ramallah\\\/le-festival-al-kamandjati-du-12-au-27-avril-2019\\\/#breadcrumb\",\"itemListElement\":[{\"@type\":\"ListItem\",\"position\":1,\"name\":\"Accueil\",\"item\":\"https:\\\/\\\/www.institutfrancais-jerusalem.org\\\/ramallah\\\/\"},{\"@type\":\"ListItem\",\"position\":2,\"name\":\"Le Festival Al Kamandj\u00e2ti du 12 au 27 avril 2019\"}]},{\"@type\":\"WebSite\",\"@id\":\"https:\\\/\\\/www.institutfrancais-jerusalem.org\\\/ramallah\\\/#website\",\"url\":\"https:\\\/\\\/www.institutfrancais-jerusalem.org\\\/ramallah\\\/\",\"name\":\"Institut Fran\u00e7ais de J\u00e9rusalem - Ramallah\",\"description\":\"Ramallah\",\"potentialAction\":[{\"@type\":\"SearchAction\",\"target\":{\"@type\":\"EntryPoint\",\"urlTemplate\":\"https:\\\/\\\/www.institutfrancais-jerusalem.org\\\/ramallah\\\/?s={search_term_string}\"},\"query-input\":{\"@type\":\"PropertyValueSpecification\",\"valueRequired\":true,\"valueName\":\"search_term_string\"}}],\"inLanguage\":\"fr-FR\"},{\"@type\":\"Person\",\"@id\":\"https:\\\/\\\/www.institutfrancais-jerusalem.org\\\/ramallah\\\/#\\\/schema\\\/person\\\/0d606b93f4fb1eb5c713b8be3dd4c4bf\",\"name\":\"admin6590\",\"image\":{\"@type\":\"ImageObject\",\"inLanguage\":\"fr-FR\",\"@id\":\"https:\\\/\\\/secure.gravatar.com\\\/avatar\\\/26482e0f083efa40e5c2db57a3d590897a500390cc256266e30d5da5605a03a9?s=96&d=mm&r=g\",\"url\":\"https:\\\/\\\/secure.gravatar.com\\\/avatar\\\/26482e0f083efa40e5c2db57a3d590897a500390cc256266e30d5da5605a03a9?s=96&d=mm&r=g\",\"contentUrl\":\"https:\\\/\\\/secure.gravatar.com\\\/avatar\\\/26482e0f083efa40e5c2db57a3d590897a500390cc256266e30d5da5605a03a9?s=96&d=mm&r=g\",\"caption\":\"admin6590\"},\"url\":\"https:\\\/\\\/www.institutfrancais-jerusalem.org\\\/ramallah\\\/author\\\/admin6590\\\/\"}]}<\/script>\n<!-- \/ Yoast SEO plugin. -->","yoast_head_json":{"title":"Le Festival Al Kamandj\u00e2ti du 12 au 27 avril 2019 - Institut Fran\u00e7ais de J\u00e9rusalem - Ramallah","robots":{"index":"index","follow":"follow","max-snippet":"max-snippet:-1","max-image-preview":"max-image-preview:large","max-video-preview":"max-video-preview:-1"},"canonical":"https:\/\/www.institutfrancais-jerusalem.org\/ramallah\/le-festival-al-kamandjati-du-12-au-27-avril-2019\/","og_locale":"fr_FR","og_type":"article","og_title":"Le Festival Al Kamandj\u00e2ti du 12 au 27 avril 2019 - Institut Fran\u00e7ais de J\u00e9rusalem - Ramallah","og_description":"Le Festival Al Kamandj\u00e2ti vous invite \u00e0 rejoindre villes et villages palestiniens pour vivre une odyss\u00e9e musicale et spirituelle unique. R\u00e9servez vos dates ! 12-13 avril : J\u00e9richo, Al nabi Mousa 14-17 avril : J\u00e9rusalem 17-21 avril : Ramallah, Bani Zeid 24-27 avril : Gaza 12 avril \u00e0 20 heures : lancement officiel du festival &hellip;","og_url":"https:\/\/www.institutfrancais-jerusalem.org\/ramallah\/le-festival-al-kamandjati-du-12-au-27-avril-2019\/","og_site_name":"Institut Fran\u00e7ais de J\u00e9rusalem - Ramallah","article_published_time":"2019-04-10T14:26:03+00:00","article_modified_time":"2019-04-17T07:55:55+00:00","og_image":[{"width":494,"height":261,"url":"https:\/\/www.institutfrancais-jerusalem.org\/ramallah\/wp-content\/uploads\/sites\/11\/2019\/04\/Illustration-Al-Kamandjati-Festival-2019.png","type":"image\/png"}],"author":"admin6590","twitter_card":"summary_large_image","twitter_misc":{"\u00c9crit par":"admin6590","Dur\u00e9e de lecture estim\u00e9e":"5 minutes"},"schema":{"@context":"https:\/\/schema.org","@graph":[{"@type":"Article","@id":"https:\/\/www.institutfrancais-jerusalem.org\/ramallah\/le-festival-al-kamandjati-du-12-au-27-avril-2019\/#article","isPartOf":{"@id":"https:\/\/www.institutfrancais-jerusalem.org\/ramallah\/le-festival-al-kamandjati-du-12-au-27-avril-2019\/"},"author":{"name":"admin6590","@id":"https:\/\/www.institutfrancais-jerusalem.org\/ramallah\/#\/schema\/person\/0d606b93f4fb1eb5c713b8be3dd4c4bf"},"headline":"Le Festival Al Kamandj\u00e2ti du 12 au 27 avril 2019","datePublished":"2019-04-10T14:26:03+00:00","dateModified":"2019-04-17T07:55:55+00:00","mainEntityOfPage":{"@id":"https:\/\/www.institutfrancais-jerusalem.org\/ramallah\/le-festival-al-kamandjati-du-12-au-27-avril-2019\/"},"wordCount":913,"image":{"@id":"https:\/\/www.institutfrancais-jerusalem.org\/ramallah\/le-festival-al-kamandjati-du-12-au-27-avril-2019\/#primaryimage"},"thumbnailUrl":"https:\/\/www.institutfrancais-jerusalem.org\/ramallah\/wp-content\/uploads\/sites\/11\/2019\/04\/Illustration-Al-Kamandjati-Festival-2019.png","keywords":["al-kamandj\u00e2ti","festival","musiques sacr\u00e9es","palestine"],"articleSection":["Agenda culturel","Arts vivants","Diaporama"],"inLanguage":"fr-FR"},{"@type":"WebPage","@id":"https:\/\/www.institutfrancais-jerusalem.org\/ramallah\/le-festival-al-kamandjati-du-12-au-27-avril-2019\/","url":"https:\/\/www.institutfrancais-jerusalem.org\/ramallah\/le-festival-al-kamandjati-du-12-au-27-avril-2019\/","name":"Le Festival Al Kamandj\u00e2ti du 12 au 27 avril 2019 - Institut Fran\u00e7ais de J\u00e9rusalem - Ramallah","isPartOf":{"@id":"https:\/\/www.institutfrancais-jerusalem.org\/ramallah\/#website"},"primaryImageOfPage":{"@id":"https:\/\/www.institutfrancais-jerusalem.org\/ramallah\/le-festival-al-kamandjati-du-12-au-27-avril-2019\/#primaryimage"},"image":{"@id":"https:\/\/www.institutfrancais-jerusalem.org\/ramallah\/le-festival-al-kamandjati-du-12-au-27-avril-2019\/#primaryimage"},"thumbnailUrl":"https:\/\/www.institutfrancais-jerusalem.org\/ramallah\/wp-content\/uploads\/sites\/11\/2019\/04\/Illustration-Al-Kamandjati-Festival-2019.png","datePublished":"2019-04-10T14:26:03+00:00","dateModified":"2019-04-17T07:55:55+00:00","author":{"@id":"https:\/\/www.institutfrancais-jerusalem.org\/ramallah\/#\/schema\/person\/0d606b93f4fb1eb5c713b8be3dd4c4bf"},"breadcrumb":{"@id":"https:\/\/www.institutfrancais-jerusalem.org\/ramallah\/le-festival-al-kamandjati-du-12-au-27-avril-2019\/#breadcrumb"},"inLanguage":"fr-FR","potentialAction":[{"@type":"ReadAction","target":["https:\/\/www.institutfrancais-jerusalem.org\/ramallah\/le-festival-al-kamandjati-du-12-au-27-avril-2019\/"]}]},{"@type":"ImageObject","inLanguage":"fr-FR","@id":"https:\/\/www.institutfrancais-jerusalem.org\/ramallah\/le-festival-al-kamandjati-du-12-au-27-avril-2019\/#primaryimage","url":"https:\/\/www.institutfrancais-jerusalem.org\/ramallah\/wp-content\/uploads\/sites\/11\/2019\/04\/Illustration-Al-Kamandjati-Festival-2019.png","contentUrl":"https:\/\/www.institutfrancais-jerusalem.org\/ramallah\/wp-content\/uploads\/sites\/11\/2019\/04\/Illustration-Al-Kamandjati-Festival-2019.png","width":494,"height":261},{"@type":"BreadcrumbList","@id":"https:\/\/www.institutfrancais-jerusalem.org\/ramallah\/le-festival-al-kamandjati-du-12-au-27-avril-2019\/#breadcrumb","itemListElement":[{"@type":"ListItem","position":1,"name":"Accueil","item":"https:\/\/www.institutfrancais-jerusalem.org\/ramallah\/"},{"@type":"ListItem","position":2,"name":"Le Festival Al Kamandj\u00e2ti du 12 au 27 avril 2019"}]},{"@type":"WebSite","@id":"https:\/\/www.institutfrancais-jerusalem.org\/ramallah\/#website","url":"https:\/\/www.institutfrancais-jerusalem.org\/ramallah\/","name":"Institut Fran\u00e7ais de J\u00e9rusalem - Ramallah","description":"Ramallah","potentialAction":[{"@type":"SearchAction","target":{"@type":"EntryPoint","urlTemplate":"https:\/\/www.institutfrancais-jerusalem.org\/ramallah\/?s={search_term_string}"},"query-input":{"@type":"PropertyValueSpecification","valueRequired":true,"valueName":"search_term_string"}}],"inLanguage":"fr-FR"},{"@type":"Person","@id":"https:\/\/www.institutfrancais-jerusalem.org\/ramallah\/#\/schema\/person\/0d606b93f4fb1eb5c713b8be3dd4c4bf","name":"admin6590","image":{"@type":"ImageObject","inLanguage":"fr-FR","@id":"https:\/\/secure.gravatar.com\/avatar\/26482e0f083efa40e5c2db57a3d590897a500390cc256266e30d5da5605a03a9?s=96&d=mm&r=g","url":"https:\/\/secure.gravatar.com\/avatar\/26482e0f083efa40e5c2db57a3d590897a500390cc256266e30d5da5605a03a9?s=96&d=mm&r=g","contentUrl":"https:\/\/secure.gravatar.com\/avatar\/26482e0f083efa40e5c2db57a3d590897a500390cc256266e30d5da5605a03a9?s=96&d=mm&r=g","caption":"admin6590"},"url":"https:\/\/www.institutfrancais-jerusalem.org\/ramallah\/author\/admin6590\/"}]}},"_links":{"self":[{"href":"https:\/\/www.institutfrancais-jerusalem.org\/ramallah\/wp-json\/wp\/v2\/posts\/3267","targetHints":{"allow":["GET"]}}],"collection":[{"href":"https:\/\/www.institutfrancais-jerusalem.org\/ramallah\/wp-json\/wp\/v2\/posts"}],"about":[{"href":"https:\/\/www.institutfrancais-jerusalem.org\/ramallah\/wp-json\/wp\/v2\/types\/post"}],"author":[{"embeddable":true,"href":"https:\/\/www.institutfrancais-jerusalem.org\/ramallah\/wp-json\/wp\/v2\/users\/1"}],"replies":[{"embeddable":true,"href":"https:\/\/www.institutfrancais-jerusalem.org\/ramallah\/wp-json\/wp\/v2\/comments?post=3267"}],"version-history":[{"count":3,"href":"https:\/\/www.institutfrancais-jerusalem.org\/ramallah\/wp-json\/wp\/v2\/posts\/3267\/revisions"}],"predecessor-version":[{"id":3319,"href":"https:\/\/www.institutfrancais-jerusalem.org\/ramallah\/wp-json\/wp\/v2\/posts\/3267\/revisions\/3319"}],"wp:featuredmedia":[{"embeddable":true,"href":"https:\/\/www.institutfrancais-jerusalem.org\/ramallah\/wp-json\/wp\/v2\/media\/3268"}],"wp:attachment":[{"href":"https:\/\/www.institutfrancais-jerusalem.org\/ramallah\/wp-json\/wp\/v2\/media?parent=3267"}],"wp:term":[{"taxonomy":"category","embeddable":true,"href":"https:\/\/www.institutfrancais-jerusalem.org\/ramallah\/wp-json\/wp\/v2\/categories?post=3267"},{"taxonomy":"post_tag","embeddable":true,"href":"https:\/\/www.institutfrancais-jerusalem.org\/ramallah\/wp-json\/wp\/v2\/tags?post=3267"}],"curies":[{"name":"wp","href":"https:\/\/api.w.org\/{rel}","templated":true}]}}