{"id":4620,"date":"2022-07-06T10:55:37","date_gmt":"2022-07-06T08:55:37","guid":{"rendered":"https:\/\/www.institutfrancais-jerusalem.org\/gaza\/?p=4620"},"modified":"2022-07-06T10:55:37","modified_gmt":"2022-07-06T08:55:37","slug":"temps-fort-sur-les-cultures-urbaines-en-palestine","status":"publish","type":"post","link":"https:\/\/www.institutfrancais-jerusalem.org\/gaza\/temps-fort-sur-les-cultures-urbaines-en-palestine\/","title":{"rendered":"Temps fort sur les cultures urbaines en Palestine"},"content":{"rendered":"<div class=\"cxmmr5t8 oygrvhab hcukyx3x c1et5uql o9v6fnle ii04i59q\">\n<div dir=\"auto\">Dans le cadre du temps fort sur les cultures urbaines, <span style=\"color: #000080;\"><strong><a style=\"color: #000080;\" href=\"https:\/\/www.facebook.com\/comer.obk\">COMER OBK<\/a><\/strong><\/span>, graffeur fran\u00e7ais, <span style=\"color: #000080;\"><strong><a style=\"color: #000080;\" href=\"https:\/\/www.facebook.com\/RaidDog\/\">Jungle RaidDog<\/a><\/strong><\/span>, street artist fran\u00e7ais, ainsi que des artistes palestiniens &#8211; Taqi Spateen, Rani Sharabati, Michael Sansour et Samar sont venus peindre des murs \u00e0 Ramallah, <span style=\"color: #000080;\"><strong><a style=\"color: #000080;\" href=\"http:\/\/Al Bustan association \u062c\u0645\u0639\u064a\u0629 \u0627\u0644\u0628\u0633\u062a\u0627\u0646 \u0633\u0644\u0648\u0627\u0646\">J\u00e9rusalem<\/a><\/strong><\/span> et Bethl\u00e9em avec des graphistes palestiniens. Shareef Sarhan, Feda Al-Hasana, Ayman Al Hossary et Youssef Klopp ont \u00e9galement r\u00e9alis\u00e9 une fresque \u00e0 Gaza sur le mur du collectif d&rsquo;artistes <span style=\"color: #000080;\"><strong><a style=\"color: #000080;\" href=\"http:\/\/\u0631\u0648\u0627\u0628\u0637 \u0645\u0639\u0627\u0635\u0631\u0629 \u0634\u0628\u0627\u0628\u064a\u0643 -Shababek Contemplinkages\">Shababek for contemporary art<\/a><\/strong><\/span>.<\/div>\n<\/div>\n<div class=\"cxmmr5t8 oygrvhab hcukyx3x c1et5uql o9v6fnle ii04i59q\">\n<div dir=\"auto\"><span style=\"color: #ffffff;\">&#8211;<\/span><\/div>\n<div dir=\"auto\">Cette collaboration entre artistes palestiniens et fran\u00e7ais vise \u00e0 cr\u00e9er un pont entre deux cultures urbaines qui ont \u00e9merg\u00e9 dans deux parties diff\u00e9rentes du monde, dans des contextes tr\u00e8s diff\u00e9rents, mais qui convergent vers des objectifs similaires, \u00e0 savoir offrir de nouvelles voies d&rsquo;expression pour la pens\u00e9e critique et le changement social.<\/div>\n<\/div>\n<div class=\"cxmmr5t8 oygrvhab hcukyx3x c1et5uql o9v6fnle ii04i59q\">\n<div dir=\"auto\"><span style=\"color: #ffffff;\">&#8211;<\/span><\/div>\n<div dir=\"auto\">Le titre \u00ab Slap Future | \u0635\u064e\u0641\u0639\u0629 \u0627\u0644\u0645\u0633\u062a\u0642\u0628\u0644 \u00bb, \u00e0 contre-courant, vise \u00e0 interpeller le public et \u00e0 \u00e9veiller sa curiosit\u00e9. Il cherche surtout \u00e0 provoquer une r\u00e9action pour \u00ab mettre une claque au futur \u00bb, en incitant \u00e0 sortir de nos zones de confort et commencer \u00e0 construire un meilleur lendemain malgr\u00e9 les d\u00e9fis attendus, qu&rsquo;il s&rsquo;agisse du changement climatique, des in\u00e9galit\u00e9s ou de l\u2019instabilit\u00e9 politique. \u00ab\u00a0Gifler\u00a0\u00bb collectivement le futur, maintenant, tout de suite, \u00e0 travers une fresque murale, non pas pour le perturber mais pour le mettre sur la bonne voie !<\/div>\n<\/div>\n<div class=\"cxmmr5t8 oygrvhab hcukyx3x c1et5uql o9v6fnle ii04i59q\">\n<div dir=\"auto\">Projet soutenu par l\u2019Institut fran\u00e7ais de J\u00e9rusalem, le collectif d\u2019artistes <span style=\"color: #000080;\"><strong><a class=\"oajrlxb2 g5ia77u1 qu0x051f esr5mh6w e9989ue4 r7d6kgcz rq0escxv nhd2j8a9 nc684nl6 p7hjln8o kvgmc6g5 cxmmr5t8 oygrvhab hcukyx3x jb3vyjys rz4wbd8a qt6c0cv9 a8nywdso i1ao9s8h esuyzwwr f1sip0of lzcic4wl gpro0wi8 q66pz984 b1v8xokw\" style=\"color: #000080;\" tabindex=\"0\" role=\"link\" href=\"https:\/\/www.facebook.com\/hiya.fr\/?__cft__[0]=AZVc0SOMy-HpEXlA5GeJbXxyhOoCgmPnvuNPACGd-MGulT-PdQ2cMBQUBWOxfTqaxr66NPYfE9oQCbtUqYGzTETm4QGfOHh1pMeS3Qt2yR19uyYmWVgjJ8a3cyMwwM4Mq2oJYO6lsFi_b1mLLPs1UpvbC22v8XAA1LE11N0h4wZlEYisVwAAhh52qxrF_1fetUFFySiC8THn4g-FTE7ap4EC&amp;__tn__=kK-R\"><span class=\"nc684nl6\">HIYA!<\/span><\/a><\/strong><\/span>\u00a0et <span style=\"color: #000080;\"><strong><a style=\"color: #000080;\" href=\"https:\/\/www.facebook.com\/Imagesforhealth\/?__cft__[0]=AZVc0SOMy-HpEXlA5GeJbXxyhOoCgmPnvuNPACGd-MGulT-PdQ2cMBQUBWOxfTqaxr66NPYfE9oQCbtUqYGzTETm4QGfOHh1pMeS3Qt2yR19uyYmWVgjJ8a3cyMwwM4Mq2oJYO6lsFi_b1mLLPs1UpvbC22v8XAA1LE11N0h4wZlEYisVwAAhh52qxrF_1fetUFFySiC8THn4g-FTE7ap4EC&amp;__tn__=kK-R\">Images<\/a><\/strong><\/span>.<\/div>\n<div dir=\"auto\"><span style=\"color: #ffffff;\">&#8211;<\/span><\/div>\n<\/div>\n<div class=\"cxmmr5t8 oygrvhab hcukyx3x c1et5uql o9v6fnle ii04i59q\">\n<div dir=\"auto\">Merci \u00e0 la chercheuse Marion Slitine pour l\u2019animation de la discussion sur les cultures urbaines en Palestine.<\/div>\n<div dir=\"auto\"><\/div>\n<\/div>\n<div class=\"cxmmr5t8 oygrvhab hcukyx3x c1et5uql o9v6fnle ii04i59q\">\n<p><span style=\"color: #000080;\"><strong><a style=\"color: #000080;\" href=\"https:\/\/www.institutfrancais-jerusalem.org\/wp-content\/uploads\/2022\/07\/Press-release-_-Urban-cultures-in-Palestine-VF.pdf\">&gt;&gt;&gt;Download the Press Release (English)&lt;&lt;&lt;<\/a><\/strong><\/span><\/p>\n<div dir=\"auto\"><\/div>\n<\/div>\n<div><span style=\"color: #000080;\"><strong><a style=\"color: #000080;\" href=\"https:\/\/www.institutfrancais-jerusalem.org\/wp-content\/uploads\/2022\/07\/DP_CULTURES-URBAINES-EN-PALESTINE-VF.pdf\">&gt;&gt;&gt;T\u00e9l\u00e9chargez le dossier de presse (fran\u00e7ais)&lt;&lt;&lt;<\/a><\/strong><\/span><\/div>\n<div><\/div>\n<div><img loading=\"lazy\" decoding=\"async\" class=\"aligncenter size-full wp-image-8808\" src=\"https:\/\/www.institutfrancais-jerusalem.org\/wp-content\/uploads\/2022\/07\/291480710_5270122496406025_8650906503795343256_n.jpeg\" alt=\"\" width=\"1024\" height=\"768\" \/> <img loading=\"lazy\" decoding=\"async\" class=\"aligncenter size-full wp-image-8806\" src=\"https:\/\/www.institutfrancais-jerusalem.org\/wp-content\/uploads\/2022\/07\/291466534_5270110543073887_8394380335123633213_n.jpeg\" alt=\"\" width=\"960\" height=\"720\" \/> <img loading=\"lazy\" decoding=\"async\" class=\"aligncenter size-full wp-image-8804\" src=\"https:\/\/www.institutfrancais-jerusalem.org\/wp-content\/uploads\/2022\/07\/291430223_5270122576406017_1476248984210033282_n.jpeg\" alt=\"\" width=\"1024\" height=\"768\" \/> <img loading=\"lazy\" decoding=\"async\" class=\"aligncenter size-full wp-image-8802\" src=\"https:\/\/www.institutfrancais-jerusalem.org\/wp-content\/uploads\/2022\/07\/291424285_5270121746406100_7977449468719271082_n.jpeg\" alt=\"\" width=\"1024\" height=\"768\" \/> <img loading=\"lazy\" decoding=\"async\" class=\"aligncenter size-full wp-image-8810\" src=\"https:\/\/www.institutfrancais-jerusalem.org\/wp-content\/uploads\/2022\/07\/291622960_5270122433072698_6184661878925614478_n.jpeg\" alt=\"\" width=\"2048\" height=\"1536\" \/> <img loading=\"lazy\" decoding=\"async\" class=\"aligncenter size-full wp-image-8800\" src=\"https:\/\/www.institutfrancais-jerusalem.org\/wp-content\/uploads\/2022\/07\/291409964_5270122449739363_4806714240922272792_n.jpeg\" alt=\"\" width=\"2048\" height=\"1536\" \/> <img loading=\"lazy\" decoding=\"async\" class=\"aligncenter size-full wp-image-8798\" src=\"https:\/\/www.institutfrancais-jerusalem.org\/wp-content\/uploads\/2022\/07\/291402334_5270122529739355_7198741287453049316_n.jpeg\" alt=\"\" width=\"1080\" height=\"1440\" \/> <img loading=\"lazy\" decoding=\"async\" class=\"aligncenter size-full wp-image-8796\" src=\"https:\/\/www.institutfrancais-jerusalem.org\/wp-content\/uploads\/2022\/07\/291394556_5270122633072678_5966524460908516693_n.jpeg\" alt=\"\" width=\"2048\" height=\"1536\" \/> <img loading=\"lazy\" decoding=\"async\" class=\"aligncenter size-full wp-image-8794\" src=\"https:\/\/www.institutfrancais-jerusalem.org\/wp-content\/uploads\/2022\/07\/291390752_5270121789739429_3831853050441349629_n.jpeg\" alt=\"\" width=\"2048\" height=\"1536\" \/><\/div>\n<div class=\"cxmmr5t8 oygrvhab hcukyx3x c1et5uql o9v6fnle ii04i59q\"><\/div>\n","protected":false},"excerpt":{"rendered":"<p>Dans le cadre du temps fort sur les cultures urbaines, COMER OBK, graffeur fran\u00e7ais, Jungle RaidDog, street artist fran\u00e7ais, ainsi que des artistes palestiniens &#8211; Taqi Spateen, Rani Sharabati, Michael Sansour et Samar sont venus peindre des murs \u00e0 Ramallah, J\u00e9rusalem et Bethl\u00e9em avec des graphistes palestiniens. Shareef Sarhan, Feda Al-Hasana, Ayman Al Hossary et &hellip;<\/p>\n","protected":false},"author":1,"featured_media":4621,"comment_status":"closed","ping_status":"closed","sticky":false,"template":"","format":"standard","meta":{"footnotes":""},"categories":[2,3,5,26,7,28],"tags":[40,95,51,41,366,54,56,58,365],"class_list":["post-4620","post","type-post","status-publish","format-standard","has-post-thumbnail","","category-agenda-culturel","category-arts-visuels","category-breaking-news","category-agenda-culturel-chateaubriand","category-diaporama","category-gaza","tag-art","tag-culture","tag-france","tag-gaza","tag-graffiti","tag-jerusalem","tag-palestine","tag-ramallah","tag-street-art"],"yoast_head":"<!-- This site is optimized with the Yoast SEO plugin v27.5 - https:\/\/yoast.com\/product\/yoast-seo-wordpress\/ -->\n<title>Temps fort sur les cultures urbaines en Palestine - Institut Fran\u00e7ais de J\u00e9rusalem - Gaza<\/title>\n<meta name=\"description\" content=\"Graffiti et street art en Palestine !\" \/>\n<meta name=\"robots\" content=\"index, follow, max-snippet:-1, max-image-preview:large, max-video-preview:-1\" \/>\n<link rel=\"canonical\" href=\"https:\/\/www.institutfrancais-jerusalem.org\/gaza\/temps-fort-sur-les-cultures-urbaines-en-palestine\/\" \/>\n<meta property=\"og:locale\" content=\"fr_FR\" \/>\n<meta property=\"og:type\" content=\"article\" \/>\n<meta property=\"og:title\" content=\"Temps fort sur les cultures urbaines en Palestine - Institut Fran\u00e7ais de J\u00e9rusalem - Gaza\" \/>\n<meta property=\"og:description\" content=\"Graffiti et street art en Palestine !\" \/>\n<meta property=\"og:url\" content=\"https:\/\/www.institutfrancais-jerusalem.org\/gaza\/temps-fort-sur-les-cultures-urbaines-en-palestine\/\" \/>\n<meta property=\"og:site_name\" content=\"Institut Fran\u00e7ais de J\u00e9rusalem - Gaza\" \/>\n<meta property=\"article:published_time\" content=\"2022-07-06T08:55:37+00:00\" \/>\n<meta property=\"og:image\" content=\"https:\/\/www.institutfrancais-jerusalem.org\/gaza\/wp-content\/uploads\/sites\/9\/2022\/07\/291466534_5270110543073887_8394380335123633213_n.jpeg\" \/>\n\t<meta property=\"og:image:width\" content=\"960\" \/>\n\t<meta property=\"og:image:height\" content=\"720\" \/>\n\t<meta property=\"og:image:type\" content=\"image\/jpeg\" \/>\n<meta name=\"author\" content=\"admin6590\" \/>\n<meta name=\"twitter:card\" content=\"summary_large_image\" \/>\n<meta name=\"twitter:label1\" content=\"\u00c9crit par\" \/>\n\t<meta name=\"twitter:data1\" content=\"admin6590\" \/>\n\t<meta name=\"twitter:label2\" content=\"Dur\u00e9e de lecture estim\u00e9e\" \/>\n\t<meta name=\"twitter:data2\" content=\"1 minute\" \/>\n<script type=\"application\/ld+json\" class=\"yoast-schema-graph\">{\"@context\":\"https:\\\/\\\/schema.org\",\"@graph\":[{\"@type\":\"Article\",\"@id\":\"https:\\\/\\\/www.institutfrancais-jerusalem.org\\\/gaza\\\/temps-fort-sur-les-cultures-urbaines-en-palestine\\\/#article\",\"isPartOf\":{\"@id\":\"https:\\\/\\\/www.institutfrancais-jerusalem.org\\\/gaza\\\/temps-fort-sur-les-cultures-urbaines-en-palestine\\\/\"},\"author\":{\"name\":\"admin6590\",\"@id\":\"https:\\\/\\\/www.institutfrancais-jerusalem.org\\\/gaza\\\/#\\\/schema\\\/person\\\/0d606b93f4fb1eb5c713b8be3dd4c4bf\"},\"headline\":\"Temps fort sur les cultures urbaines en Palestine\",\"datePublished\":\"2022-07-06T08:55:37+00:00\",\"mainEntityOfPage\":{\"@id\":\"https:\\\/\\\/www.institutfrancais-jerusalem.org\\\/gaza\\\/temps-fort-sur-les-cultures-urbaines-en-palestine\\\/\"},\"wordCount\":292,\"image\":{\"@id\":\"https:\\\/\\\/www.institutfrancais-jerusalem.org\\\/gaza\\\/temps-fort-sur-les-cultures-urbaines-en-palestine\\\/#primaryimage\"},\"thumbnailUrl\":\"https:\\\/\\\/www.institutfrancais-jerusalem.org\\\/gaza\\\/wp-content\\\/uploads\\\/sites\\\/9\\\/2022\\\/07\\\/291466534_5270110543073887_8394380335123633213_n.jpeg\",\"keywords\":[\"art\",\"culture\",\"france\",\"gaza\",\"graffiti\",\"j\u00e9rusalem\",\"palestine\",\"ramallah\",\"street art\"],\"articleSection\":[\"Agenda culturel\",\"Arts visuels\",\"breaking-news\",\"CHATEAUBRIAND\",\"Diaporama\",\"GAZA\"],\"inLanguage\":\"fr-FR\"},{\"@type\":\"WebPage\",\"@id\":\"https:\\\/\\\/www.institutfrancais-jerusalem.org\\\/gaza\\\/temps-fort-sur-les-cultures-urbaines-en-palestine\\\/\",\"url\":\"https:\\\/\\\/www.institutfrancais-jerusalem.org\\\/gaza\\\/temps-fort-sur-les-cultures-urbaines-en-palestine\\\/\",\"name\":\"Temps fort sur les cultures urbaines en Palestine - Institut Fran\u00e7ais de J\u00e9rusalem - Gaza\",\"isPartOf\":{\"@id\":\"https:\\\/\\\/www.institutfrancais-jerusalem.org\\\/gaza\\\/#website\"},\"primaryImageOfPage\":{\"@id\":\"https:\\\/\\\/www.institutfrancais-jerusalem.org\\\/gaza\\\/temps-fort-sur-les-cultures-urbaines-en-palestine\\\/#primaryimage\"},\"image\":{\"@id\":\"https:\\\/\\\/www.institutfrancais-jerusalem.org\\\/gaza\\\/temps-fort-sur-les-cultures-urbaines-en-palestine\\\/#primaryimage\"},\"thumbnailUrl\":\"https:\\\/\\\/www.institutfrancais-jerusalem.org\\\/gaza\\\/wp-content\\\/uploads\\\/sites\\\/9\\\/2022\\\/07\\\/291466534_5270110543073887_8394380335123633213_n.jpeg\",\"datePublished\":\"2022-07-06T08:55:37+00:00\",\"author\":{\"@id\":\"https:\\\/\\\/www.institutfrancais-jerusalem.org\\\/gaza\\\/#\\\/schema\\\/person\\\/0d606b93f4fb1eb5c713b8be3dd4c4bf\"},\"description\":\"Graffiti et street art en Palestine !\",\"breadcrumb\":{\"@id\":\"https:\\\/\\\/www.institutfrancais-jerusalem.org\\\/gaza\\\/temps-fort-sur-les-cultures-urbaines-en-palestine\\\/#breadcrumb\"},\"inLanguage\":\"fr-FR\",\"potentialAction\":[{\"@type\":\"ReadAction\",\"target\":[\"https:\\\/\\\/www.institutfrancais-jerusalem.org\\\/gaza\\\/temps-fort-sur-les-cultures-urbaines-en-palestine\\\/\"]}]},{\"@type\":\"ImageObject\",\"inLanguage\":\"fr-FR\",\"@id\":\"https:\\\/\\\/www.institutfrancais-jerusalem.org\\\/gaza\\\/temps-fort-sur-les-cultures-urbaines-en-palestine\\\/#primaryimage\",\"url\":\"https:\\\/\\\/www.institutfrancais-jerusalem.org\\\/gaza\\\/wp-content\\\/uploads\\\/sites\\\/9\\\/2022\\\/07\\\/291466534_5270110543073887_8394380335123633213_n.jpeg\",\"contentUrl\":\"https:\\\/\\\/www.institutfrancais-jerusalem.org\\\/gaza\\\/wp-content\\\/uploads\\\/sites\\\/9\\\/2022\\\/07\\\/291466534_5270110543073887_8394380335123633213_n.jpeg\",\"width\":960,\"height\":720},{\"@type\":\"BreadcrumbList\",\"@id\":\"https:\\\/\\\/www.institutfrancais-jerusalem.org\\\/gaza\\\/temps-fort-sur-les-cultures-urbaines-en-palestine\\\/#breadcrumb\",\"itemListElement\":[{\"@type\":\"ListItem\",\"position\":1,\"name\":\"Accueil\",\"item\":\"https:\\\/\\\/www.institutfrancais-jerusalem.org\\\/gaza\\\/\"},{\"@type\":\"ListItem\",\"position\":2,\"name\":\"Temps fort sur les cultures urbaines en Palestine\"}]},{\"@type\":\"WebSite\",\"@id\":\"https:\\\/\\\/www.institutfrancais-jerusalem.org\\\/gaza\\\/#website\",\"url\":\"https:\\\/\\\/www.institutfrancais-jerusalem.org\\\/gaza\\\/\",\"name\":\"Institut Fran\u00e7ais de J\u00e9rusalem - Gaza\",\"description\":\"\",\"potentialAction\":[{\"@type\":\"SearchAction\",\"target\":{\"@type\":\"EntryPoint\",\"urlTemplate\":\"https:\\\/\\\/www.institutfrancais-jerusalem.org\\\/gaza\\\/?s={search_term_string}\"},\"query-input\":{\"@type\":\"PropertyValueSpecification\",\"valueRequired\":true,\"valueName\":\"search_term_string\"}}],\"inLanguage\":\"fr-FR\"},{\"@type\":\"Person\",\"@id\":\"https:\\\/\\\/www.institutfrancais-jerusalem.org\\\/gaza\\\/#\\\/schema\\\/person\\\/0d606b93f4fb1eb5c713b8be3dd4c4bf\",\"name\":\"admin6590\",\"image\":{\"@type\":\"ImageObject\",\"inLanguage\":\"fr-FR\",\"@id\":\"https:\\\/\\\/secure.gravatar.com\\\/avatar\\\/26482e0f083efa40e5c2db57a3d590897a500390cc256266e30d5da5605a03a9?s=96&d=mm&r=g\",\"url\":\"https:\\\/\\\/secure.gravatar.com\\\/avatar\\\/26482e0f083efa40e5c2db57a3d590897a500390cc256266e30d5da5605a03a9?s=96&d=mm&r=g\",\"contentUrl\":\"https:\\\/\\\/secure.gravatar.com\\\/avatar\\\/26482e0f083efa40e5c2db57a3d590897a500390cc256266e30d5da5605a03a9?s=96&d=mm&r=g\",\"caption\":\"admin6590\"},\"url\":\"https:\\\/\\\/www.institutfrancais-jerusalem.org\\\/gaza\\\/author\\\/admin6590\\\/\"}]}<\/script>\n<!-- \/ Yoast SEO plugin. -->","yoast_head_json":{"title":"Temps fort sur les cultures urbaines en Palestine - Institut Fran\u00e7ais de J\u00e9rusalem - Gaza","description":"Graffiti et street art en Palestine !","robots":{"index":"index","follow":"follow","max-snippet":"max-snippet:-1","max-image-preview":"max-image-preview:large","max-video-preview":"max-video-preview:-1"},"canonical":"https:\/\/www.institutfrancais-jerusalem.org\/gaza\/temps-fort-sur-les-cultures-urbaines-en-palestine\/","og_locale":"fr_FR","og_type":"article","og_title":"Temps fort sur les cultures urbaines en Palestine - Institut Fran\u00e7ais de J\u00e9rusalem - Gaza","og_description":"Graffiti et street art en Palestine !","og_url":"https:\/\/www.institutfrancais-jerusalem.org\/gaza\/temps-fort-sur-les-cultures-urbaines-en-palestine\/","og_site_name":"Institut Fran\u00e7ais de J\u00e9rusalem - Gaza","article_published_time":"2022-07-06T08:55:37+00:00","og_image":[{"width":960,"height":720,"url":"https:\/\/www.institutfrancais-jerusalem.org\/gaza\/wp-content\/uploads\/sites\/9\/2022\/07\/291466534_5270110543073887_8394380335123633213_n.jpeg","type":"image\/jpeg"}],"author":"admin6590","twitter_card":"summary_large_image","twitter_misc":{"\u00c9crit par":"admin6590","Dur\u00e9e de lecture estim\u00e9e":"1 minute"},"schema":{"@context":"https:\/\/schema.org","@graph":[{"@type":"Article","@id":"https:\/\/www.institutfrancais-jerusalem.org\/gaza\/temps-fort-sur-les-cultures-urbaines-en-palestine\/#article","isPartOf":{"@id":"https:\/\/www.institutfrancais-jerusalem.org\/gaza\/temps-fort-sur-les-cultures-urbaines-en-palestine\/"},"author":{"name":"admin6590","@id":"https:\/\/www.institutfrancais-jerusalem.org\/gaza\/#\/schema\/person\/0d606b93f4fb1eb5c713b8be3dd4c4bf"},"headline":"Temps fort sur les cultures urbaines en Palestine","datePublished":"2022-07-06T08:55:37+00:00","mainEntityOfPage":{"@id":"https:\/\/www.institutfrancais-jerusalem.org\/gaza\/temps-fort-sur-les-cultures-urbaines-en-palestine\/"},"wordCount":292,"image":{"@id":"https:\/\/www.institutfrancais-jerusalem.org\/gaza\/temps-fort-sur-les-cultures-urbaines-en-palestine\/#primaryimage"},"thumbnailUrl":"https:\/\/www.institutfrancais-jerusalem.org\/gaza\/wp-content\/uploads\/sites\/9\/2022\/07\/291466534_5270110543073887_8394380335123633213_n.jpeg","keywords":["art","culture","france","gaza","graffiti","j\u00e9rusalem","palestine","ramallah","street art"],"articleSection":["Agenda culturel","Arts visuels","breaking-news","CHATEAUBRIAND","Diaporama","GAZA"],"inLanguage":"fr-FR"},{"@type":"WebPage","@id":"https:\/\/www.institutfrancais-jerusalem.org\/gaza\/temps-fort-sur-les-cultures-urbaines-en-palestine\/","url":"https:\/\/www.institutfrancais-jerusalem.org\/gaza\/temps-fort-sur-les-cultures-urbaines-en-palestine\/","name":"Temps fort sur les cultures urbaines en Palestine - Institut Fran\u00e7ais de J\u00e9rusalem - Gaza","isPartOf":{"@id":"https:\/\/www.institutfrancais-jerusalem.org\/gaza\/#website"},"primaryImageOfPage":{"@id":"https:\/\/www.institutfrancais-jerusalem.org\/gaza\/temps-fort-sur-les-cultures-urbaines-en-palestine\/#primaryimage"},"image":{"@id":"https:\/\/www.institutfrancais-jerusalem.org\/gaza\/temps-fort-sur-les-cultures-urbaines-en-palestine\/#primaryimage"},"thumbnailUrl":"https:\/\/www.institutfrancais-jerusalem.org\/gaza\/wp-content\/uploads\/sites\/9\/2022\/07\/291466534_5270110543073887_8394380335123633213_n.jpeg","datePublished":"2022-07-06T08:55:37+00:00","author":{"@id":"https:\/\/www.institutfrancais-jerusalem.org\/gaza\/#\/schema\/person\/0d606b93f4fb1eb5c713b8be3dd4c4bf"},"description":"Graffiti et street art en Palestine !","breadcrumb":{"@id":"https:\/\/www.institutfrancais-jerusalem.org\/gaza\/temps-fort-sur-les-cultures-urbaines-en-palestine\/#breadcrumb"},"inLanguage":"fr-FR","potentialAction":[{"@type":"ReadAction","target":["https:\/\/www.institutfrancais-jerusalem.org\/gaza\/temps-fort-sur-les-cultures-urbaines-en-palestine\/"]}]},{"@type":"ImageObject","inLanguage":"fr-FR","@id":"https:\/\/www.institutfrancais-jerusalem.org\/gaza\/temps-fort-sur-les-cultures-urbaines-en-palestine\/#primaryimage","url":"https:\/\/www.institutfrancais-jerusalem.org\/gaza\/wp-content\/uploads\/sites\/9\/2022\/07\/291466534_5270110543073887_8394380335123633213_n.jpeg","contentUrl":"https:\/\/www.institutfrancais-jerusalem.org\/gaza\/wp-content\/uploads\/sites\/9\/2022\/07\/291466534_5270110543073887_8394380335123633213_n.jpeg","width":960,"height":720},{"@type":"BreadcrumbList","@id":"https:\/\/www.institutfrancais-jerusalem.org\/gaza\/temps-fort-sur-les-cultures-urbaines-en-palestine\/#breadcrumb","itemListElement":[{"@type":"ListItem","position":1,"name":"Accueil","item":"https:\/\/www.institutfrancais-jerusalem.org\/gaza\/"},{"@type":"ListItem","position":2,"name":"Temps fort sur les cultures urbaines en Palestine"}]},{"@type":"WebSite","@id":"https:\/\/www.institutfrancais-jerusalem.org\/gaza\/#website","url":"https:\/\/www.institutfrancais-jerusalem.org\/gaza\/","name":"Institut Fran\u00e7ais de J\u00e9rusalem - Gaza","description":"","potentialAction":[{"@type":"SearchAction","target":{"@type":"EntryPoint","urlTemplate":"https:\/\/www.institutfrancais-jerusalem.org\/gaza\/?s={search_term_string}"},"query-input":{"@type":"PropertyValueSpecification","valueRequired":true,"valueName":"search_term_string"}}],"inLanguage":"fr-FR"},{"@type":"Person","@id":"https:\/\/www.institutfrancais-jerusalem.org\/gaza\/#\/schema\/person\/0d606b93f4fb1eb5c713b8be3dd4c4bf","name":"admin6590","image":{"@type":"ImageObject","inLanguage":"fr-FR","@id":"https:\/\/secure.gravatar.com\/avatar\/26482e0f083efa40e5c2db57a3d590897a500390cc256266e30d5da5605a03a9?s=96&d=mm&r=g","url":"https:\/\/secure.gravatar.com\/avatar\/26482e0f083efa40e5c2db57a3d590897a500390cc256266e30d5da5605a03a9?s=96&d=mm&r=g","contentUrl":"https:\/\/secure.gravatar.com\/avatar\/26482e0f083efa40e5c2db57a3d590897a500390cc256266e30d5da5605a03a9?s=96&d=mm&r=g","caption":"admin6590"},"url":"https:\/\/www.institutfrancais-jerusalem.org\/gaza\/author\/admin6590\/"}]}},"_links":{"self":[{"href":"https:\/\/www.institutfrancais-jerusalem.org\/gaza\/wp-json\/wp\/v2\/posts\/4620","targetHints":{"allow":["GET"]}}],"collection":[{"href":"https:\/\/www.institutfrancais-jerusalem.org\/gaza\/wp-json\/wp\/v2\/posts"}],"about":[{"href":"https:\/\/www.institutfrancais-jerusalem.org\/gaza\/wp-json\/wp\/v2\/types\/post"}],"author":[{"embeddable":true,"href":"https:\/\/www.institutfrancais-jerusalem.org\/gaza\/wp-json\/wp\/v2\/users\/1"}],"replies":[{"embeddable":true,"href":"https:\/\/www.institutfrancais-jerusalem.org\/gaza\/wp-json\/wp\/v2\/comments?post=4620"}],"version-history":[{"count":1,"href":"https:\/\/www.institutfrancais-jerusalem.org\/gaza\/wp-json\/wp\/v2\/posts\/4620\/revisions"}],"predecessor-version":[{"id":4623,"href":"https:\/\/www.institutfrancais-jerusalem.org\/gaza\/wp-json\/wp\/v2\/posts\/4620\/revisions\/4623"}],"wp:featuredmedia":[{"embeddable":true,"href":"https:\/\/www.institutfrancais-jerusalem.org\/gaza\/wp-json\/wp\/v2\/media\/4621"}],"wp:attachment":[{"href":"https:\/\/www.institutfrancais-jerusalem.org\/gaza\/wp-json\/wp\/v2\/media?parent=4620"}],"wp:term":[{"taxonomy":"category","embeddable":true,"href":"https:\/\/www.institutfrancais-jerusalem.org\/gaza\/wp-json\/wp\/v2\/categories?post=4620"},{"taxonomy":"post_tag","embeddable":true,"href":"https:\/\/www.institutfrancais-jerusalem.org\/gaza\/wp-json\/wp\/v2\/tags?post=4620"}],"curies":[{"name":"wp","href":"https:\/\/api.w.org\/{rel}","templated":true}]}}