{"id":4577,"date":"2022-03-23T16:51:21","date_gmt":"2022-03-23T15:51:21","guid":{"rendered":"https:\/\/www.institutfrancais-jerusalem.org\/gaza\/?p=4577"},"modified":"2022-03-23T16:52:14","modified_gmt":"2022-03-23T15:52:14","slug":"jean-pierre-filiu-a-linstitut-francais-de-gaza","status":"publish","type":"post","link":"https:\/\/www.institutfrancais-jerusalem.org\/gaza\/jean-pierre-filiu-a-linstitut-francais-de-gaza\/","title":{"rendered":"Jean-Pierre Filiu \u00e0 l&rsquo;Institut fran\u00e7ais de Gaza"},"content":{"rendered":"<p>ENGLISH BELOW<\/p>\n<p>Nous sommes heureux d\u2019avoir accueilli le Professeur d\u2019histoire du Moyen-Orient Jean-Pierre Filiu de Sciences Po \u00e0 l\u2019Institut fran\u00e7ais de Gaza.<\/p>\n<p><span class=\"d2edcug0 hpfvmrgz qv66sw1b c1et5uql oi732d6d ik7dh3pa ht8s03o8 a8c37x1j fe6kdd0r mau55g9w c8b282yb keod5gw0 nxhoafnm aigsh9s9 d3f4x2em iv3no6db jq4qci2q a3bd9o3v b1v8xokw oo9gr5id\" dir=\"auto\">Jean-Pierre Filiu est professeur des universit\u00e9s en histoire du Moyen-Orient contemporain \u00e0 Sciences Po, Paris, apr\u00e8s avoir \u00e9t\u00e9 professeur invit\u00e9 dans les universit\u00e9s am\u00e9ricaines de Columbia et de Georgetown. Il est l\u2019auteur d\u2019une vingtaine d\u2019ouvrages publi\u00e9s dans plus de quinze langues, dont l\u2019arabe, et r\u00e9guli\u00e8rement prim\u00e9s, en France comme \u00e0 l\u2019\u00e9tranger. Il vient de publier, au Seuil, \u00ab Le Milieu des mondes, une histoire la\u00efque du Moyen-Orient de 395 \u00e0 nos jours \u00bb. Il a aussi \u00e9crit le sc\u00e9nario de romans graphiques dessin\u00e9s par David B. (\u00ab Les Meilleurs ennemis \u00bb, en trois volumes) et Cyrille Pom\u00e8s (\u00ab Le Printemps des Arabes \u00bb et \u00ab La Dame de Damas \u00bb). Son blog \u00ab Un si proche Orient \u00bb, publi\u00e9 tous les dimanches sur le site du \u00ab Monde \u00bb a attir\u00e9 en 2021 pr\u00e8s de sept millions de lecteurs.<\/span><\/p>\n<p>Ce f\u00fbt une conf\u00e9rence passionnante \u00e0 propos de son livre \u201cGaza. A History\u201d \ud83c\uddf5\ud83c\uddf8\u00a0 et de sa BD \u00ab\u00a0Best of Enemies: A History of US and Middle East Relations\u00a0\u00bb !<br \/>\nMerci pour votre pr\u00e9sence !<\/p>\n<p>\u2014<\/p>\n<p>We were happy to welcome the Professor of history of the Middle-East Jean-Pierre Filiu from Sciences Po at the French Institute in Gaza.<\/p>\n<p><span class=\"d2edcug0 hpfvmrgz qv66sw1b c1et5uql oi732d6d ik7dh3pa ht8s03o8 a8c37x1j fe6kdd0r mau55g9w c8b282yb keod5gw0 nxhoafnm aigsh9s9 d3f4x2em iv3no6db jq4qci2q a3bd9o3v b1v8xokw oo9gr5id\" dir=\"auto\">Jean-Pierre Filiu is professor of Middle East Studies at Sciences Po, Paris School of International Affairs (PSIA). A historian and an Arabist, he has also held visiting professorships at the universities of Columbia and Georgetown. Hurst (London) and Oxford University Press (New York) published his Arab Revolution in 2011, Gaza, a History in 2014 (Palestine Book Award) and From Deep State to Islamic State in 2015. His works about contemporary Islam and the Arab world have been translated in more than fifteen languages, including Arabic. He also wrote the story of graphic novels with David B. (Best of Enemies, the history of America and the Middle East, 1783-1953, three volumes) and with Cyrille Pom\u00e8s.<\/span><\/p>\n<p>It was an exciting conference about his book \u201cGaza. A History\u201d \ud83c\uddf5\ud83c\uddf8\u00a0 and his comic book \u00ab\u00a0Best of Enemies: A History of US and Middle East Relations\u00a0\u00bb\u00a0!<\/p>\n<p>&nbsp;<\/p>\n<p><iframe loading=\"lazy\" title=\"Jean-Pierre Filiu \u00e0 l&#039;institut fran\u00e7ais de Gaza\" width=\"618\" height=\"348\" src=\"https:\/\/www.youtube.com\/embed\/mwDmEnCAA8U?feature=oembed\" frameborder=\"0\" allow=\"accelerometer; autoplay; clipboard-write; encrypted-media; gyroscope; picture-in-picture; web-share\" referrerpolicy=\"strict-origin-when-cross-origin\" allowfullscreen><\/iframe><\/p>\n","protected":false},"excerpt":{"rendered":"<p>ENGLISH BELOW Nous sommes heureux d\u2019avoir accueilli le Professeur d\u2019histoire du Moyen-Orient Jean-Pierre Filiu de Sciences Po \u00e0 l\u2019Institut fran\u00e7ais de Gaza. Jean-Pierre Filiu est professeur des universit\u00e9s en histoire du Moyen-Orient contemporain \u00e0 Sciences Po, Paris, apr\u00e8s avoir \u00e9t\u00e9 professeur invit\u00e9 dans les universit\u00e9s am\u00e9ricaines de Columbia et de Georgetown. Il est l\u2019auteur d\u2019une &hellip;<\/p>\n","protected":false},"author":1,"featured_media":4578,"comment_status":"closed","ping_status":"closed","sticky":false,"template":"","format":"standard","meta":{"footnotes":""},"categories":[2,5,10,7,28],"tags":[72,359,361],"class_list":["post-4577","post","type-post","status-publish","format-standard","has-post-thumbnail","","category-agenda-culturel","category-breaking-news","category-debats-didees-livres","category-diaporama","category-gaza","tag-conference","tag-debat","tag-jean-pierre-filiu"],"yoast_head":"<!-- This site is optimized with the Yoast SEO plugin v27.5 - https:\/\/yoast.com\/product\/yoast-seo-wordpress\/ -->\n<title>Jean-Pierre Filiu \u00e0 l&#039;Institut fran\u00e7ais de Gaza - Institut Fran\u00e7ais de J\u00e9rusalem - Gaza<\/title>\n<meta name=\"robots\" content=\"index, follow, max-snippet:-1, max-image-preview:large, max-video-preview:-1\" \/>\n<link rel=\"canonical\" href=\"https:\/\/www.institutfrancais-jerusalem.org\/gaza\/jean-pierre-filiu-a-linstitut-francais-de-gaza\/\" \/>\n<meta property=\"og:locale\" content=\"fr_FR\" \/>\n<meta property=\"og:type\" content=\"article\" \/>\n<meta property=\"og:title\" content=\"Jean-Pierre Filiu \u00e0 l&#039;Institut fran\u00e7ais de Gaza - Institut Fran\u00e7ais de J\u00e9rusalem - Gaza\" \/>\n<meta property=\"og:description\" content=\"ENGLISH BELOW Nous sommes heureux d\u2019avoir accueilli le Professeur d\u2019histoire du Moyen-Orient Jean-Pierre Filiu de Sciences Po \u00e0 l\u2019Institut fran\u00e7ais de Gaza. Jean-Pierre Filiu est professeur des universit\u00e9s en histoire du Moyen-Orient contemporain \u00e0 Sciences Po, Paris, apr\u00e8s avoir \u00e9t\u00e9 professeur invit\u00e9 dans les universit\u00e9s am\u00e9ricaines de Columbia et de Georgetown. Il est l\u2019auteur d\u2019une &hellip;\" \/>\n<meta property=\"og:url\" content=\"https:\/\/www.institutfrancais-jerusalem.org\/gaza\/jean-pierre-filiu-a-linstitut-francais-de-gaza\/\" \/>\n<meta property=\"og:site_name\" content=\"Institut Fran\u00e7ais de J\u00e9rusalem - Gaza\" \/>\n<meta property=\"article:published_time\" content=\"2022-03-23T15:51:21+00:00\" \/>\n<meta property=\"article:modified_time\" content=\"2022-03-23T15:52:14+00:00\" \/>\n<meta property=\"og:image\" content=\"https:\/\/www.institutfrancais-jerusalem.org\/gaza\/wp-content\/uploads\/sites\/9\/2022\/03\/Capture-de\u0301cran-2022-03-23-a\u0300-17.48.13.png\" \/>\n\t<meta property=\"og:image:width\" content=\"1115\" \/>\n\t<meta property=\"og:image:height\" content=\"592\" \/>\n\t<meta property=\"og:image:type\" content=\"image\/png\" \/>\n<meta name=\"author\" content=\"admin6590\" \/>\n<meta name=\"twitter:card\" content=\"summary_large_image\" \/>\n<meta name=\"twitter:label1\" content=\"\u00c9crit par\" \/>\n\t<meta name=\"twitter:data1\" content=\"admin6590\" \/>\n\t<meta name=\"twitter:label2\" content=\"Dur\u00e9e de lecture estim\u00e9e\" \/>\n\t<meta name=\"twitter:data2\" content=\"2 minutes\" \/>\n<script type=\"application\/ld+json\" class=\"yoast-schema-graph\">{\"@context\":\"https:\\\/\\\/schema.org\",\"@graph\":[{\"@type\":\"Article\",\"@id\":\"https:\\\/\\\/www.institutfrancais-jerusalem.org\\\/gaza\\\/jean-pierre-filiu-a-linstitut-francais-de-gaza\\\/#article\",\"isPartOf\":{\"@id\":\"https:\\\/\\\/www.institutfrancais-jerusalem.org\\\/gaza\\\/jean-pierre-filiu-a-linstitut-francais-de-gaza\\\/\"},\"author\":{\"name\":\"admin6590\",\"@id\":\"https:\\\/\\\/www.institutfrancais-jerusalem.org\\\/gaza\\\/#\\\/schema\\\/person\\\/0d606b93f4fb1eb5c713b8be3dd4c4bf\"},\"headline\":\"Jean-Pierre Filiu \u00e0 l&rsquo;Institut fran\u00e7ais de Gaza\",\"datePublished\":\"2022-03-23T15:51:21+00:00\",\"dateModified\":\"2022-03-23T15:52:14+00:00\",\"mainEntityOfPage\":{\"@id\":\"https:\\\/\\\/www.institutfrancais-jerusalem.org\\\/gaza\\\/jean-pierre-filiu-a-linstitut-francais-de-gaza\\\/\"},\"wordCount\":382,\"image\":{\"@id\":\"https:\\\/\\\/www.institutfrancais-jerusalem.org\\\/gaza\\\/jean-pierre-filiu-a-linstitut-francais-de-gaza\\\/#primaryimage\"},\"thumbnailUrl\":\"https:\\\/\\\/www.institutfrancais-jerusalem.org\\\/gaza\\\/wp-content\\\/uploads\\\/sites\\\/9\\\/2022\\\/03\\\/Capture-de\u0301cran-2022-03-23-a\u0300-17.48.13.png\",\"keywords\":[\"conf\u00e9rence\",\"d\u00e9bat\",\"jean pierre filiu\"],\"articleSection\":[\"Agenda culturel\",\"breaking-news\",\"D\u00e9bats-d'id\u00e9es &amp; Livres\",\"Diaporama\",\"GAZA\"],\"inLanguage\":\"fr-FR\"},{\"@type\":\"WebPage\",\"@id\":\"https:\\\/\\\/www.institutfrancais-jerusalem.org\\\/gaza\\\/jean-pierre-filiu-a-linstitut-francais-de-gaza\\\/\",\"url\":\"https:\\\/\\\/www.institutfrancais-jerusalem.org\\\/gaza\\\/jean-pierre-filiu-a-linstitut-francais-de-gaza\\\/\",\"name\":\"Jean-Pierre Filiu \u00e0 l'Institut fran\u00e7ais de Gaza - Institut Fran\u00e7ais de J\u00e9rusalem - Gaza\",\"isPartOf\":{\"@id\":\"https:\\\/\\\/www.institutfrancais-jerusalem.org\\\/gaza\\\/#website\"},\"primaryImageOfPage\":{\"@id\":\"https:\\\/\\\/www.institutfrancais-jerusalem.org\\\/gaza\\\/jean-pierre-filiu-a-linstitut-francais-de-gaza\\\/#primaryimage\"},\"image\":{\"@id\":\"https:\\\/\\\/www.institutfrancais-jerusalem.org\\\/gaza\\\/jean-pierre-filiu-a-linstitut-francais-de-gaza\\\/#primaryimage\"},\"thumbnailUrl\":\"https:\\\/\\\/www.institutfrancais-jerusalem.org\\\/gaza\\\/wp-content\\\/uploads\\\/sites\\\/9\\\/2022\\\/03\\\/Capture-de\u0301cran-2022-03-23-a\u0300-17.48.13.png\",\"datePublished\":\"2022-03-23T15:51:21+00:00\",\"dateModified\":\"2022-03-23T15:52:14+00:00\",\"author\":{\"@id\":\"https:\\\/\\\/www.institutfrancais-jerusalem.org\\\/gaza\\\/#\\\/schema\\\/person\\\/0d606b93f4fb1eb5c713b8be3dd4c4bf\"},\"breadcrumb\":{\"@id\":\"https:\\\/\\\/www.institutfrancais-jerusalem.org\\\/gaza\\\/jean-pierre-filiu-a-linstitut-francais-de-gaza\\\/#breadcrumb\"},\"inLanguage\":\"fr-FR\",\"potentialAction\":[{\"@type\":\"ReadAction\",\"target\":[\"https:\\\/\\\/www.institutfrancais-jerusalem.org\\\/gaza\\\/jean-pierre-filiu-a-linstitut-francais-de-gaza\\\/\"]}]},{\"@type\":\"ImageObject\",\"inLanguage\":\"fr-FR\",\"@id\":\"https:\\\/\\\/www.institutfrancais-jerusalem.org\\\/gaza\\\/jean-pierre-filiu-a-linstitut-francais-de-gaza\\\/#primaryimage\",\"url\":\"https:\\\/\\\/www.institutfrancais-jerusalem.org\\\/gaza\\\/wp-content\\\/uploads\\\/sites\\\/9\\\/2022\\\/03\\\/Capture-de\u0301cran-2022-03-23-a\u0300-17.48.13.png\",\"contentUrl\":\"https:\\\/\\\/www.institutfrancais-jerusalem.org\\\/gaza\\\/wp-content\\\/uploads\\\/sites\\\/9\\\/2022\\\/03\\\/Capture-de\u0301cran-2022-03-23-a\u0300-17.48.13.png\",\"width\":1115,\"height\":592},{\"@type\":\"BreadcrumbList\",\"@id\":\"https:\\\/\\\/www.institutfrancais-jerusalem.org\\\/gaza\\\/jean-pierre-filiu-a-linstitut-francais-de-gaza\\\/#breadcrumb\",\"itemListElement\":[{\"@type\":\"ListItem\",\"position\":1,\"name\":\"Accueil\",\"item\":\"https:\\\/\\\/www.institutfrancais-jerusalem.org\\\/gaza\\\/\"},{\"@type\":\"ListItem\",\"position\":2,\"name\":\"Jean-Pierre Filiu \u00e0 l&rsquo;Institut fran\u00e7ais de Gaza\"}]},{\"@type\":\"WebSite\",\"@id\":\"https:\\\/\\\/www.institutfrancais-jerusalem.org\\\/gaza\\\/#website\",\"url\":\"https:\\\/\\\/www.institutfrancais-jerusalem.org\\\/gaza\\\/\",\"name\":\"Institut Fran\u00e7ais de J\u00e9rusalem - Gaza\",\"description\":\"\",\"potentialAction\":[{\"@type\":\"SearchAction\",\"target\":{\"@type\":\"EntryPoint\",\"urlTemplate\":\"https:\\\/\\\/www.institutfrancais-jerusalem.org\\\/gaza\\\/?s={search_term_string}\"},\"query-input\":{\"@type\":\"PropertyValueSpecification\",\"valueRequired\":true,\"valueName\":\"search_term_string\"}}],\"inLanguage\":\"fr-FR\"},{\"@type\":\"Person\",\"@id\":\"https:\\\/\\\/www.institutfrancais-jerusalem.org\\\/gaza\\\/#\\\/schema\\\/person\\\/0d606b93f4fb1eb5c713b8be3dd4c4bf\",\"name\":\"admin6590\",\"image\":{\"@type\":\"ImageObject\",\"inLanguage\":\"fr-FR\",\"@id\":\"https:\\\/\\\/secure.gravatar.com\\\/avatar\\\/26482e0f083efa40e5c2db57a3d590897a500390cc256266e30d5da5605a03a9?s=96&d=mm&r=g\",\"url\":\"https:\\\/\\\/secure.gravatar.com\\\/avatar\\\/26482e0f083efa40e5c2db57a3d590897a500390cc256266e30d5da5605a03a9?s=96&d=mm&r=g\",\"contentUrl\":\"https:\\\/\\\/secure.gravatar.com\\\/avatar\\\/26482e0f083efa40e5c2db57a3d590897a500390cc256266e30d5da5605a03a9?s=96&d=mm&r=g\",\"caption\":\"admin6590\"},\"url\":\"https:\\\/\\\/www.institutfrancais-jerusalem.org\\\/gaza\\\/author\\\/admin6590\\\/\"}]}<\/script>\n<!-- \/ Yoast SEO plugin. -->","yoast_head_json":{"title":"Jean-Pierre Filiu \u00e0 l'Institut fran\u00e7ais de Gaza - Institut Fran\u00e7ais de J\u00e9rusalem - Gaza","robots":{"index":"index","follow":"follow","max-snippet":"max-snippet:-1","max-image-preview":"max-image-preview:large","max-video-preview":"max-video-preview:-1"},"canonical":"https:\/\/www.institutfrancais-jerusalem.org\/gaza\/jean-pierre-filiu-a-linstitut-francais-de-gaza\/","og_locale":"fr_FR","og_type":"article","og_title":"Jean-Pierre Filiu \u00e0 l'Institut fran\u00e7ais de Gaza - Institut Fran\u00e7ais de J\u00e9rusalem - Gaza","og_description":"ENGLISH BELOW Nous sommes heureux d\u2019avoir accueilli le Professeur d\u2019histoire du Moyen-Orient Jean-Pierre Filiu de Sciences Po \u00e0 l\u2019Institut fran\u00e7ais de Gaza. Jean-Pierre Filiu est professeur des universit\u00e9s en histoire du Moyen-Orient contemporain \u00e0 Sciences Po, Paris, apr\u00e8s avoir \u00e9t\u00e9 professeur invit\u00e9 dans les universit\u00e9s am\u00e9ricaines de Columbia et de Georgetown. Il est l\u2019auteur d\u2019une &hellip;","og_url":"https:\/\/www.institutfrancais-jerusalem.org\/gaza\/jean-pierre-filiu-a-linstitut-francais-de-gaza\/","og_site_name":"Institut Fran\u00e7ais de J\u00e9rusalem - Gaza","article_published_time":"2022-03-23T15:51:21+00:00","article_modified_time":"2022-03-23T15:52:14+00:00","og_image":[{"width":1115,"height":592,"url":"https:\/\/www.institutfrancais-jerusalem.org\/gaza\/wp-content\/uploads\/sites\/9\/2022\/03\/Capture-de\u0301cran-2022-03-23-a\u0300-17.48.13.png","type":"image\/png"}],"author":"admin6590","twitter_card":"summary_large_image","twitter_misc":{"\u00c9crit par":"admin6590","Dur\u00e9e de lecture estim\u00e9e":"2 minutes"},"schema":{"@context":"https:\/\/schema.org","@graph":[{"@type":"Article","@id":"https:\/\/www.institutfrancais-jerusalem.org\/gaza\/jean-pierre-filiu-a-linstitut-francais-de-gaza\/#article","isPartOf":{"@id":"https:\/\/www.institutfrancais-jerusalem.org\/gaza\/jean-pierre-filiu-a-linstitut-francais-de-gaza\/"},"author":{"name":"admin6590","@id":"https:\/\/www.institutfrancais-jerusalem.org\/gaza\/#\/schema\/person\/0d606b93f4fb1eb5c713b8be3dd4c4bf"},"headline":"Jean-Pierre Filiu \u00e0 l&rsquo;Institut fran\u00e7ais de Gaza","datePublished":"2022-03-23T15:51:21+00:00","dateModified":"2022-03-23T15:52:14+00:00","mainEntityOfPage":{"@id":"https:\/\/www.institutfrancais-jerusalem.org\/gaza\/jean-pierre-filiu-a-linstitut-francais-de-gaza\/"},"wordCount":382,"image":{"@id":"https:\/\/www.institutfrancais-jerusalem.org\/gaza\/jean-pierre-filiu-a-linstitut-francais-de-gaza\/#primaryimage"},"thumbnailUrl":"https:\/\/www.institutfrancais-jerusalem.org\/gaza\/wp-content\/uploads\/sites\/9\/2022\/03\/Capture-de\u0301cran-2022-03-23-a\u0300-17.48.13.png","keywords":["conf\u00e9rence","d\u00e9bat","jean pierre filiu"],"articleSection":["Agenda culturel","breaking-news","D\u00e9bats-d'id\u00e9es &amp; Livres","Diaporama","GAZA"],"inLanguage":"fr-FR"},{"@type":"WebPage","@id":"https:\/\/www.institutfrancais-jerusalem.org\/gaza\/jean-pierre-filiu-a-linstitut-francais-de-gaza\/","url":"https:\/\/www.institutfrancais-jerusalem.org\/gaza\/jean-pierre-filiu-a-linstitut-francais-de-gaza\/","name":"Jean-Pierre Filiu \u00e0 l'Institut fran\u00e7ais de Gaza - Institut Fran\u00e7ais de J\u00e9rusalem - Gaza","isPartOf":{"@id":"https:\/\/www.institutfrancais-jerusalem.org\/gaza\/#website"},"primaryImageOfPage":{"@id":"https:\/\/www.institutfrancais-jerusalem.org\/gaza\/jean-pierre-filiu-a-linstitut-francais-de-gaza\/#primaryimage"},"image":{"@id":"https:\/\/www.institutfrancais-jerusalem.org\/gaza\/jean-pierre-filiu-a-linstitut-francais-de-gaza\/#primaryimage"},"thumbnailUrl":"https:\/\/www.institutfrancais-jerusalem.org\/gaza\/wp-content\/uploads\/sites\/9\/2022\/03\/Capture-de\u0301cran-2022-03-23-a\u0300-17.48.13.png","datePublished":"2022-03-23T15:51:21+00:00","dateModified":"2022-03-23T15:52:14+00:00","author":{"@id":"https:\/\/www.institutfrancais-jerusalem.org\/gaza\/#\/schema\/person\/0d606b93f4fb1eb5c713b8be3dd4c4bf"},"breadcrumb":{"@id":"https:\/\/www.institutfrancais-jerusalem.org\/gaza\/jean-pierre-filiu-a-linstitut-francais-de-gaza\/#breadcrumb"},"inLanguage":"fr-FR","potentialAction":[{"@type":"ReadAction","target":["https:\/\/www.institutfrancais-jerusalem.org\/gaza\/jean-pierre-filiu-a-linstitut-francais-de-gaza\/"]}]},{"@type":"ImageObject","inLanguage":"fr-FR","@id":"https:\/\/www.institutfrancais-jerusalem.org\/gaza\/jean-pierre-filiu-a-linstitut-francais-de-gaza\/#primaryimage","url":"https:\/\/www.institutfrancais-jerusalem.org\/gaza\/wp-content\/uploads\/sites\/9\/2022\/03\/Capture-de\u0301cran-2022-03-23-a\u0300-17.48.13.png","contentUrl":"https:\/\/www.institutfrancais-jerusalem.org\/gaza\/wp-content\/uploads\/sites\/9\/2022\/03\/Capture-de\u0301cran-2022-03-23-a\u0300-17.48.13.png","width":1115,"height":592},{"@type":"BreadcrumbList","@id":"https:\/\/www.institutfrancais-jerusalem.org\/gaza\/jean-pierre-filiu-a-linstitut-francais-de-gaza\/#breadcrumb","itemListElement":[{"@type":"ListItem","position":1,"name":"Accueil","item":"https:\/\/www.institutfrancais-jerusalem.org\/gaza\/"},{"@type":"ListItem","position":2,"name":"Jean-Pierre Filiu \u00e0 l&rsquo;Institut fran\u00e7ais de Gaza"}]},{"@type":"WebSite","@id":"https:\/\/www.institutfrancais-jerusalem.org\/gaza\/#website","url":"https:\/\/www.institutfrancais-jerusalem.org\/gaza\/","name":"Institut Fran\u00e7ais de J\u00e9rusalem - Gaza","description":"","potentialAction":[{"@type":"SearchAction","target":{"@type":"EntryPoint","urlTemplate":"https:\/\/www.institutfrancais-jerusalem.org\/gaza\/?s={search_term_string}"},"query-input":{"@type":"PropertyValueSpecification","valueRequired":true,"valueName":"search_term_string"}}],"inLanguage":"fr-FR"},{"@type":"Person","@id":"https:\/\/www.institutfrancais-jerusalem.org\/gaza\/#\/schema\/person\/0d606b93f4fb1eb5c713b8be3dd4c4bf","name":"admin6590","image":{"@type":"ImageObject","inLanguage":"fr-FR","@id":"https:\/\/secure.gravatar.com\/avatar\/26482e0f083efa40e5c2db57a3d590897a500390cc256266e30d5da5605a03a9?s=96&d=mm&r=g","url":"https:\/\/secure.gravatar.com\/avatar\/26482e0f083efa40e5c2db57a3d590897a500390cc256266e30d5da5605a03a9?s=96&d=mm&r=g","contentUrl":"https:\/\/secure.gravatar.com\/avatar\/26482e0f083efa40e5c2db57a3d590897a500390cc256266e30d5da5605a03a9?s=96&d=mm&r=g","caption":"admin6590"},"url":"https:\/\/www.institutfrancais-jerusalem.org\/gaza\/author\/admin6590\/"}]}},"_links":{"self":[{"href":"https:\/\/www.institutfrancais-jerusalem.org\/gaza\/wp-json\/wp\/v2\/posts\/4577","targetHints":{"allow":["GET"]}}],"collection":[{"href":"https:\/\/www.institutfrancais-jerusalem.org\/gaza\/wp-json\/wp\/v2\/posts"}],"about":[{"href":"https:\/\/www.institutfrancais-jerusalem.org\/gaza\/wp-json\/wp\/v2\/types\/post"}],"author":[{"embeddable":true,"href":"https:\/\/www.institutfrancais-jerusalem.org\/gaza\/wp-json\/wp\/v2\/users\/1"}],"replies":[{"embeddable":true,"href":"https:\/\/www.institutfrancais-jerusalem.org\/gaza\/wp-json\/wp\/v2\/comments?post=4577"}],"version-history":[{"count":1,"href":"https:\/\/www.institutfrancais-jerusalem.org\/gaza\/wp-json\/wp\/v2\/posts\/4577\/revisions"}],"predecessor-version":[{"id":4580,"href":"https:\/\/www.institutfrancais-jerusalem.org\/gaza\/wp-json\/wp\/v2\/posts\/4577\/revisions\/4580"}],"wp:featuredmedia":[{"embeddable":true,"href":"https:\/\/www.institutfrancais-jerusalem.org\/gaza\/wp-json\/wp\/v2\/media\/4578"}],"wp:attachment":[{"href":"https:\/\/www.institutfrancais-jerusalem.org\/gaza\/wp-json\/wp\/v2\/media?parent=4577"}],"wp:term":[{"taxonomy":"category","embeddable":true,"href":"https:\/\/www.institutfrancais-jerusalem.org\/gaza\/wp-json\/wp\/v2\/categories?post=4577"},{"taxonomy":"post_tag","embeddable":true,"href":"https:\/\/www.institutfrancais-jerusalem.org\/gaza\/wp-json\/wp\/v2\/tags?post=4577"}],"curies":[{"name":"wp","href":"https:\/\/api.w.org\/{rel}","templated":true}]}}