{"id":4558,"date":"2022-03-08T11:39:53","date_gmt":"2022-03-08T10:39:53","guid":{"rendered":"https:\/\/www.institutfrancais-jerusalem.org\/gaza\/?p=4558"},"modified":"2022-03-08T11:40:09","modified_gmt":"2022-03-08T10:40:09","slug":"celebration-de-la-journee-internationale-de-la-francophonie-a-linstitut-francais-de-gaza","status":"publish","type":"post","link":"https:\/\/www.institutfrancais-jerusalem.org\/gaza\/celebration-de-la-journee-internationale-de-la-francophonie-a-linstitut-francais-de-gaza\/","title":{"rendered":"C\u00e9l\u00e9bration de la Journ\u00e9e internationale de la francophonie \u00e0 l\u2019Institut fran\u00e7ais de Gaza"},"content":{"rendered":"<p><img loading=\"lazy\" decoding=\"async\" class=\"aligncenter size-full wp-image-4561\" src=\"https:\/\/www.institutfrancais-jerusalem.org\/gaza\/wp-content\/uploads\/sites\/9\/2022\/03\/annonce-concours-10mots-1-scaled.jpg\" alt=\"\" width=\"2560\" height=\"1344\" srcset=\"https:\/\/www.institutfrancais-jerusalem.org\/gaza\/wp-content\/uploads\/sites\/9\/2022\/03\/annonce-concours-10mots-1-scaled.jpg 2560w, https:\/\/www.institutfrancais-jerusalem.org\/gaza\/wp-content\/uploads\/sites\/9\/2022\/03\/annonce-concours-10mots-1-300x158.jpg 300w, https:\/\/www.institutfrancais-jerusalem.org\/gaza\/wp-content\/uploads\/sites\/9\/2022\/03\/annonce-concours-10mots-1-1024x538.jpg 1024w, https:\/\/www.institutfrancais-jerusalem.org\/gaza\/wp-content\/uploads\/sites\/9\/2022\/03\/annonce-concours-10mots-1-768x403.jpg 768w, https:\/\/www.institutfrancais-jerusalem.org\/gaza\/wp-content\/uploads\/sites\/9\/2022\/03\/annonce-concours-10mots-1-1536x806.jpg 1536w, https:\/\/www.institutfrancais-jerusalem.org\/gaza\/wp-content\/uploads\/sites\/9\/2022\/03\/annonce-concours-10mots-1-2048x1075.jpg 2048w\" sizes=\"auto, (max-width: 2560px) 100vw, 2560px\" \/><\/p>\n<p><strong>Organisation d\u2019un concours pour la r\u00e9alisation d&rsquo;une vid\u00e9o \u00e0 destination des \u00e9tudiants de fran\u00e7ais et des francophones de Gaza.<\/strong><\/p>\n<p>Le concours de vid\u00e9os porte sur les 10 mots de l\u2019op\u00e9ration Dis-moi dix mots 2022.\u00a0Ce concours est ouvert aux \u00e9tudiants des universit\u00e9s et aux francophones de Gaza qui peuvent candidater de fa\u00e7on individuelle ou collective.\u00a0Chacun est invit\u00e9 \u00e0 proposer une vid\u00e9o sur un th\u00e8me et un format libres d\u2019une dur\u00e9e de 30 secondes \u00e0 1 minute.<\/p>\n<p>Les participants devront placer dans la vid\u00e9o au moins 5 des 10 mots de l\u2019op\u00e9ration Dis-moi dix mots 2022. Un jury se r\u00e9unira pour s\u00e9lectionner les 3 meilleures vid\u00e9os. Les finalistes pr\u00e9senteront leurs textes sur sc\u00e8ne et en public lors de la c\u00e9l\u00e9bration de la journ\u00e9e de la francophonie qui se d\u00e9roulera le 14 mars \u00e0 l\u2019Institut fran\u00e7ais de Gaza.<\/p>\n<p>Les 10 mots de cette ann\u00e9e :<\/p>\n<p><strong>d\u00e9cal\u00e9 \/ \u00e9baubi \/ m\u00e9dus\u00e9 \/ saperlipopette \/ farcer \/ ka\u00ef \/ divulg\u00e2cher \/ tintamarre \/ \u00e9poustouflant \/ pince-moi<\/strong><\/p>\n<p><strong><u>Contacts\u00a0:<\/u><\/strong><\/p>\n<p><strong>Zeinab ALEMOUR<\/strong><br \/>\nCoordinatrice p\u00e9dagogique<\/p>\n<p>Institut fran\u00e7ais de J\u00e9rusalem \u2013 antenne de Gaza<br \/>\n<a href=\"mailto:zeinab.alemour@consulfrance-jerusalem.org\">zeinab.alemour@consulfrance-jerusalem.org<\/a><\/p>\n<p>Tel +972 54-283 40 64<\/p>\n","protected":false},"excerpt":{"rendered":"<p>Organisation d\u2019un concours pour la r\u00e9alisation d&rsquo;une vid\u00e9o \u00e0 destination des \u00e9tudiants de fran\u00e7ais et des francophones de Gaza. Le concours de vid\u00e9os porte sur les 10 mots de l\u2019op\u00e9ration Dis-moi dix mots 2022.\u00a0Ce concours est ouvert aux \u00e9tudiants des universit\u00e9s et aux francophones de Gaza qui peuvent candidater de fa\u00e7on individuelle ou collective.\u00a0Chacun est &hellip;<\/p>\n","protected":false},"author":6,"featured_media":0,"comment_status":"closed","ping_status":"closed","sticky":false,"template":"","format":"standard","meta":{"footnotes":""},"categories":[28,1],"tags":[],"class_list":["post-4558","post","type-post","status-publish","format-standard","","category-gaza","category-non-classifiee"],"yoast_head":"<!-- This site is optimized with the Yoast SEO plugin v27.5 - https:\/\/yoast.com\/product\/yoast-seo-wordpress\/ -->\n<title>C\u00e9l\u00e9bration de la Journ\u00e9e internationale de la francophonie \u00e0 l\u2019Institut fran\u00e7ais de Gaza - Institut Fran\u00e7ais de J\u00e9rusalem - Gaza<\/title>\n<meta name=\"robots\" content=\"index, follow, max-snippet:-1, max-image-preview:large, max-video-preview:-1\" \/>\n<link rel=\"canonical\" href=\"https:\/\/www.institutfrancais-jerusalem.org\/gaza\/celebration-de-la-journee-internationale-de-la-francophonie-a-linstitut-francais-de-gaza\/\" \/>\n<meta property=\"og:locale\" content=\"fr_FR\" \/>\n<meta property=\"og:type\" content=\"article\" \/>\n<meta property=\"og:title\" content=\"C\u00e9l\u00e9bration de la Journ\u00e9e internationale de la francophonie \u00e0 l\u2019Institut fran\u00e7ais de Gaza - Institut Fran\u00e7ais de J\u00e9rusalem - Gaza\" \/>\n<meta property=\"og:description\" content=\"Organisation d\u2019un concours pour la r\u00e9alisation d&rsquo;une vid\u00e9o \u00e0 destination des \u00e9tudiants de fran\u00e7ais et des francophones de Gaza. Le concours de vid\u00e9os porte sur les 10 mots de l\u2019op\u00e9ration Dis-moi dix mots 2022.\u00a0Ce concours est ouvert aux \u00e9tudiants des universit\u00e9s et aux francophones de Gaza qui peuvent candidater de fa\u00e7on individuelle ou collective.\u00a0Chacun est &hellip;\" \/>\n<meta property=\"og:url\" content=\"https:\/\/www.institutfrancais-jerusalem.org\/gaza\/celebration-de-la-journee-internationale-de-la-francophonie-a-linstitut-francais-de-gaza\/\" \/>\n<meta property=\"og:site_name\" content=\"Institut Fran\u00e7ais de J\u00e9rusalem - Gaza\" \/>\n<meta property=\"article:published_time\" content=\"2022-03-08T10:39:53+00:00\" \/>\n<meta property=\"article:modified_time\" content=\"2022-03-08T10:40:09+00:00\" \/>\n<meta property=\"og:image\" content=\"https:\/\/www.institutfrancais-jerusalem.org\/gaza\/wp-content\/uploads\/sites\/9\/2022\/03\/annonce-concours-10mots-1-scaled.jpg\" \/>\n<meta name=\"author\" content=\"ifjgaza\" \/>\n<meta name=\"twitter:card\" content=\"summary_large_image\" \/>\n<meta name=\"twitter:label1\" content=\"\u00c9crit par\" \/>\n\t<meta name=\"twitter:data1\" content=\"ifjgaza\" \/>\n\t<meta name=\"twitter:label2\" content=\"Dur\u00e9e de lecture estim\u00e9e\" \/>\n\t<meta name=\"twitter:data2\" content=\"2 minutes\" \/>\n<script type=\"application\/ld+json\" class=\"yoast-schema-graph\">{\"@context\":\"https:\\\/\\\/schema.org\",\"@graph\":[{\"@type\":\"Article\",\"@id\":\"https:\\\/\\\/www.institutfrancais-jerusalem.org\\\/gaza\\\/celebration-de-la-journee-internationale-de-la-francophonie-a-linstitut-francais-de-gaza\\\/#article\",\"isPartOf\":{\"@id\":\"https:\\\/\\\/www.institutfrancais-jerusalem.org\\\/gaza\\\/celebration-de-la-journee-internationale-de-la-francophonie-a-linstitut-francais-de-gaza\\\/\"},\"author\":{\"name\":\"ifjgaza\",\"@id\":\"https:\\\/\\\/www.institutfrancais-jerusalem.org\\\/gaza\\\/#\\\/schema\\\/person\\\/f2207ffbd94a37d0b7a1446e3f6f0950\"},\"headline\":\"C\u00e9l\u00e9bration de la Journ\u00e9e internationale de la francophonie \u00e0 l\u2019Institut fran\u00e7ais de Gaza\",\"datePublished\":\"2022-03-08T10:39:53+00:00\",\"dateModified\":\"2022-03-08T10:40:09+00:00\",\"mainEntityOfPage\":{\"@id\":\"https:\\\/\\\/www.institutfrancais-jerusalem.org\\\/gaza\\\/celebration-de-la-journee-internationale-de-la-francophonie-a-linstitut-francais-de-gaza\\\/\"},\"wordCount\":209,\"image\":{\"@id\":\"https:\\\/\\\/www.institutfrancais-jerusalem.org\\\/gaza\\\/celebration-de-la-journee-internationale-de-la-francophonie-a-linstitut-francais-de-gaza\\\/#primaryimage\"},\"thumbnailUrl\":\"https:\\\/\\\/www.institutfrancais-jerusalem.org\\\/gaza\\\/wp-content\\\/uploads\\\/sites\\\/9\\\/2022\\\/03\\\/annonce-concours-10mots-1-scaled.jpg\",\"articleSection\":[\"GAZA\",\"Non classifi\u00e9(e)\"],\"inLanguage\":\"fr-FR\"},{\"@type\":\"WebPage\",\"@id\":\"https:\\\/\\\/www.institutfrancais-jerusalem.org\\\/gaza\\\/celebration-de-la-journee-internationale-de-la-francophonie-a-linstitut-francais-de-gaza\\\/\",\"url\":\"https:\\\/\\\/www.institutfrancais-jerusalem.org\\\/gaza\\\/celebration-de-la-journee-internationale-de-la-francophonie-a-linstitut-francais-de-gaza\\\/\",\"name\":\"C\u00e9l\u00e9bration de la Journ\u00e9e internationale de la francophonie \u00e0 l\u2019Institut fran\u00e7ais de Gaza - Institut Fran\u00e7ais de J\u00e9rusalem - Gaza\",\"isPartOf\":{\"@id\":\"https:\\\/\\\/www.institutfrancais-jerusalem.org\\\/gaza\\\/#website\"},\"primaryImageOfPage\":{\"@id\":\"https:\\\/\\\/www.institutfrancais-jerusalem.org\\\/gaza\\\/celebration-de-la-journee-internationale-de-la-francophonie-a-linstitut-francais-de-gaza\\\/#primaryimage\"},\"image\":{\"@id\":\"https:\\\/\\\/www.institutfrancais-jerusalem.org\\\/gaza\\\/celebration-de-la-journee-internationale-de-la-francophonie-a-linstitut-francais-de-gaza\\\/#primaryimage\"},\"thumbnailUrl\":\"https:\\\/\\\/www.institutfrancais-jerusalem.org\\\/gaza\\\/wp-content\\\/uploads\\\/sites\\\/9\\\/2022\\\/03\\\/annonce-concours-10mots-1-scaled.jpg\",\"datePublished\":\"2022-03-08T10:39:53+00:00\",\"dateModified\":\"2022-03-08T10:40:09+00:00\",\"author\":{\"@id\":\"https:\\\/\\\/www.institutfrancais-jerusalem.org\\\/gaza\\\/#\\\/schema\\\/person\\\/f2207ffbd94a37d0b7a1446e3f6f0950\"},\"breadcrumb\":{\"@id\":\"https:\\\/\\\/www.institutfrancais-jerusalem.org\\\/gaza\\\/celebration-de-la-journee-internationale-de-la-francophonie-a-linstitut-francais-de-gaza\\\/#breadcrumb\"},\"inLanguage\":\"fr-FR\",\"potentialAction\":[{\"@type\":\"ReadAction\",\"target\":[\"https:\\\/\\\/www.institutfrancais-jerusalem.org\\\/gaza\\\/celebration-de-la-journee-internationale-de-la-francophonie-a-linstitut-francais-de-gaza\\\/\"]}]},{\"@type\":\"ImageObject\",\"inLanguage\":\"fr-FR\",\"@id\":\"https:\\\/\\\/www.institutfrancais-jerusalem.org\\\/gaza\\\/celebration-de-la-journee-internationale-de-la-francophonie-a-linstitut-francais-de-gaza\\\/#primaryimage\",\"url\":\"https:\\\/\\\/www.institutfrancais-jerusalem.org\\\/gaza\\\/wp-content\\\/uploads\\\/sites\\\/9\\\/2022\\\/03\\\/annonce-concours-10mots-1-scaled.jpg\",\"contentUrl\":\"https:\\\/\\\/www.institutfrancais-jerusalem.org\\\/gaza\\\/wp-content\\\/uploads\\\/sites\\\/9\\\/2022\\\/03\\\/annonce-concours-10mots-1-scaled.jpg\",\"width\":2560,\"height\":1344},{\"@type\":\"BreadcrumbList\",\"@id\":\"https:\\\/\\\/www.institutfrancais-jerusalem.org\\\/gaza\\\/celebration-de-la-journee-internationale-de-la-francophonie-a-linstitut-francais-de-gaza\\\/#breadcrumb\",\"itemListElement\":[{\"@type\":\"ListItem\",\"position\":1,\"name\":\"Accueil\",\"item\":\"https:\\\/\\\/www.institutfrancais-jerusalem.org\\\/gaza\\\/\"},{\"@type\":\"ListItem\",\"position\":2,\"name\":\"C\u00e9l\u00e9bration de la Journ\u00e9e internationale de la francophonie \u00e0 l\u2019Institut fran\u00e7ais de Gaza\"}]},{\"@type\":\"WebSite\",\"@id\":\"https:\\\/\\\/www.institutfrancais-jerusalem.org\\\/gaza\\\/#website\",\"url\":\"https:\\\/\\\/www.institutfrancais-jerusalem.org\\\/gaza\\\/\",\"name\":\"Institut Fran\u00e7ais de J\u00e9rusalem - Gaza\",\"description\":\"\",\"potentialAction\":[{\"@type\":\"SearchAction\",\"target\":{\"@type\":\"EntryPoint\",\"urlTemplate\":\"https:\\\/\\\/www.institutfrancais-jerusalem.org\\\/gaza\\\/?s={search_term_string}\"},\"query-input\":{\"@type\":\"PropertyValueSpecification\",\"valueRequired\":true,\"valueName\":\"search_term_string\"}}],\"inLanguage\":\"fr-FR\"},{\"@type\":\"Person\",\"@id\":\"https:\\\/\\\/www.institutfrancais-jerusalem.org\\\/gaza\\\/#\\\/schema\\\/person\\\/f2207ffbd94a37d0b7a1446e3f6f0950\",\"name\":\"ifjgaza\",\"image\":{\"@type\":\"ImageObject\",\"inLanguage\":\"fr-FR\",\"@id\":\"https:\\\/\\\/secure.gravatar.com\\\/avatar\\\/567bd01b6ac69646c7067e93093a1d868ab71cfbf8c99120aa16a03d96aa27c9?s=96&d=mm&r=g\",\"url\":\"https:\\\/\\\/secure.gravatar.com\\\/avatar\\\/567bd01b6ac69646c7067e93093a1d868ab71cfbf8c99120aa16a03d96aa27c9?s=96&d=mm&r=g\",\"contentUrl\":\"https:\\\/\\\/secure.gravatar.com\\\/avatar\\\/567bd01b6ac69646c7067e93093a1d868ab71cfbf8c99120aa16a03d96aa27c9?s=96&d=mm&r=g\",\"caption\":\"ifjgaza\"},\"url\":\"https:\\\/\\\/www.institutfrancais-jerusalem.org\\\/gaza\\\/author\\\/ifjgaza\\\/\"}]}<\/script>\n<!-- \/ Yoast SEO plugin. -->","yoast_head_json":{"title":"C\u00e9l\u00e9bration de la Journ\u00e9e internationale de la francophonie \u00e0 l\u2019Institut fran\u00e7ais de Gaza - Institut Fran\u00e7ais de J\u00e9rusalem - Gaza","robots":{"index":"index","follow":"follow","max-snippet":"max-snippet:-1","max-image-preview":"max-image-preview:large","max-video-preview":"max-video-preview:-1"},"canonical":"https:\/\/www.institutfrancais-jerusalem.org\/gaza\/celebration-de-la-journee-internationale-de-la-francophonie-a-linstitut-francais-de-gaza\/","og_locale":"fr_FR","og_type":"article","og_title":"C\u00e9l\u00e9bration de la Journ\u00e9e internationale de la francophonie \u00e0 l\u2019Institut fran\u00e7ais de Gaza - Institut Fran\u00e7ais de J\u00e9rusalem - Gaza","og_description":"Organisation d\u2019un concours pour la r\u00e9alisation d&rsquo;une vid\u00e9o \u00e0 destination des \u00e9tudiants de fran\u00e7ais et des francophones de Gaza. Le concours de vid\u00e9os porte sur les 10 mots de l\u2019op\u00e9ration Dis-moi dix mots 2022.\u00a0Ce concours est ouvert aux \u00e9tudiants des universit\u00e9s et aux francophones de Gaza qui peuvent candidater de fa\u00e7on individuelle ou collective.\u00a0Chacun est &hellip;","og_url":"https:\/\/www.institutfrancais-jerusalem.org\/gaza\/celebration-de-la-journee-internationale-de-la-francophonie-a-linstitut-francais-de-gaza\/","og_site_name":"Institut Fran\u00e7ais de J\u00e9rusalem - Gaza","article_published_time":"2022-03-08T10:39:53+00:00","article_modified_time":"2022-03-08T10:40:09+00:00","og_image":[{"url":"https:\/\/www.institutfrancais-jerusalem.org\/gaza\/wp-content\/uploads\/sites\/9\/2022\/03\/annonce-concours-10mots-1-scaled.jpg","type":"","width":"","height":""}],"author":"ifjgaza","twitter_card":"summary_large_image","twitter_misc":{"\u00c9crit par":"ifjgaza","Dur\u00e9e de lecture estim\u00e9e":"2 minutes"},"schema":{"@context":"https:\/\/schema.org","@graph":[{"@type":"Article","@id":"https:\/\/www.institutfrancais-jerusalem.org\/gaza\/celebration-de-la-journee-internationale-de-la-francophonie-a-linstitut-francais-de-gaza\/#article","isPartOf":{"@id":"https:\/\/www.institutfrancais-jerusalem.org\/gaza\/celebration-de-la-journee-internationale-de-la-francophonie-a-linstitut-francais-de-gaza\/"},"author":{"name":"ifjgaza","@id":"https:\/\/www.institutfrancais-jerusalem.org\/gaza\/#\/schema\/person\/f2207ffbd94a37d0b7a1446e3f6f0950"},"headline":"C\u00e9l\u00e9bration de la Journ\u00e9e internationale de la francophonie \u00e0 l\u2019Institut fran\u00e7ais de Gaza","datePublished":"2022-03-08T10:39:53+00:00","dateModified":"2022-03-08T10:40:09+00:00","mainEntityOfPage":{"@id":"https:\/\/www.institutfrancais-jerusalem.org\/gaza\/celebration-de-la-journee-internationale-de-la-francophonie-a-linstitut-francais-de-gaza\/"},"wordCount":209,"image":{"@id":"https:\/\/www.institutfrancais-jerusalem.org\/gaza\/celebration-de-la-journee-internationale-de-la-francophonie-a-linstitut-francais-de-gaza\/#primaryimage"},"thumbnailUrl":"https:\/\/www.institutfrancais-jerusalem.org\/gaza\/wp-content\/uploads\/sites\/9\/2022\/03\/annonce-concours-10mots-1-scaled.jpg","articleSection":["GAZA","Non classifi\u00e9(e)"],"inLanguage":"fr-FR"},{"@type":"WebPage","@id":"https:\/\/www.institutfrancais-jerusalem.org\/gaza\/celebration-de-la-journee-internationale-de-la-francophonie-a-linstitut-francais-de-gaza\/","url":"https:\/\/www.institutfrancais-jerusalem.org\/gaza\/celebration-de-la-journee-internationale-de-la-francophonie-a-linstitut-francais-de-gaza\/","name":"C\u00e9l\u00e9bration de la Journ\u00e9e internationale de la francophonie \u00e0 l\u2019Institut fran\u00e7ais de Gaza - Institut Fran\u00e7ais de J\u00e9rusalem - Gaza","isPartOf":{"@id":"https:\/\/www.institutfrancais-jerusalem.org\/gaza\/#website"},"primaryImageOfPage":{"@id":"https:\/\/www.institutfrancais-jerusalem.org\/gaza\/celebration-de-la-journee-internationale-de-la-francophonie-a-linstitut-francais-de-gaza\/#primaryimage"},"image":{"@id":"https:\/\/www.institutfrancais-jerusalem.org\/gaza\/celebration-de-la-journee-internationale-de-la-francophonie-a-linstitut-francais-de-gaza\/#primaryimage"},"thumbnailUrl":"https:\/\/www.institutfrancais-jerusalem.org\/gaza\/wp-content\/uploads\/sites\/9\/2022\/03\/annonce-concours-10mots-1-scaled.jpg","datePublished":"2022-03-08T10:39:53+00:00","dateModified":"2022-03-08T10:40:09+00:00","author":{"@id":"https:\/\/www.institutfrancais-jerusalem.org\/gaza\/#\/schema\/person\/f2207ffbd94a37d0b7a1446e3f6f0950"},"breadcrumb":{"@id":"https:\/\/www.institutfrancais-jerusalem.org\/gaza\/celebration-de-la-journee-internationale-de-la-francophonie-a-linstitut-francais-de-gaza\/#breadcrumb"},"inLanguage":"fr-FR","potentialAction":[{"@type":"ReadAction","target":["https:\/\/www.institutfrancais-jerusalem.org\/gaza\/celebration-de-la-journee-internationale-de-la-francophonie-a-linstitut-francais-de-gaza\/"]}]},{"@type":"ImageObject","inLanguage":"fr-FR","@id":"https:\/\/www.institutfrancais-jerusalem.org\/gaza\/celebration-de-la-journee-internationale-de-la-francophonie-a-linstitut-francais-de-gaza\/#primaryimage","url":"https:\/\/www.institutfrancais-jerusalem.org\/gaza\/wp-content\/uploads\/sites\/9\/2022\/03\/annonce-concours-10mots-1-scaled.jpg","contentUrl":"https:\/\/www.institutfrancais-jerusalem.org\/gaza\/wp-content\/uploads\/sites\/9\/2022\/03\/annonce-concours-10mots-1-scaled.jpg","width":2560,"height":1344},{"@type":"BreadcrumbList","@id":"https:\/\/www.institutfrancais-jerusalem.org\/gaza\/celebration-de-la-journee-internationale-de-la-francophonie-a-linstitut-francais-de-gaza\/#breadcrumb","itemListElement":[{"@type":"ListItem","position":1,"name":"Accueil","item":"https:\/\/www.institutfrancais-jerusalem.org\/gaza\/"},{"@type":"ListItem","position":2,"name":"C\u00e9l\u00e9bration de la Journ\u00e9e internationale de la francophonie \u00e0 l\u2019Institut fran\u00e7ais de Gaza"}]},{"@type":"WebSite","@id":"https:\/\/www.institutfrancais-jerusalem.org\/gaza\/#website","url":"https:\/\/www.institutfrancais-jerusalem.org\/gaza\/","name":"Institut Fran\u00e7ais de J\u00e9rusalem - Gaza","description":"","potentialAction":[{"@type":"SearchAction","target":{"@type":"EntryPoint","urlTemplate":"https:\/\/www.institutfrancais-jerusalem.org\/gaza\/?s={search_term_string}"},"query-input":{"@type":"PropertyValueSpecification","valueRequired":true,"valueName":"search_term_string"}}],"inLanguage":"fr-FR"},{"@type":"Person","@id":"https:\/\/www.institutfrancais-jerusalem.org\/gaza\/#\/schema\/person\/f2207ffbd94a37d0b7a1446e3f6f0950","name":"ifjgaza","image":{"@type":"ImageObject","inLanguage":"fr-FR","@id":"https:\/\/secure.gravatar.com\/avatar\/567bd01b6ac69646c7067e93093a1d868ab71cfbf8c99120aa16a03d96aa27c9?s=96&d=mm&r=g","url":"https:\/\/secure.gravatar.com\/avatar\/567bd01b6ac69646c7067e93093a1d868ab71cfbf8c99120aa16a03d96aa27c9?s=96&d=mm&r=g","contentUrl":"https:\/\/secure.gravatar.com\/avatar\/567bd01b6ac69646c7067e93093a1d868ab71cfbf8c99120aa16a03d96aa27c9?s=96&d=mm&r=g","caption":"ifjgaza"},"url":"https:\/\/www.institutfrancais-jerusalem.org\/gaza\/author\/ifjgaza\/"}]}},"_links":{"self":[{"href":"https:\/\/www.institutfrancais-jerusalem.org\/gaza\/wp-json\/wp\/v2\/posts\/4558","targetHints":{"allow":["GET"]}}],"collection":[{"href":"https:\/\/www.institutfrancais-jerusalem.org\/gaza\/wp-json\/wp\/v2\/posts"}],"about":[{"href":"https:\/\/www.institutfrancais-jerusalem.org\/gaza\/wp-json\/wp\/v2\/types\/post"}],"author":[{"embeddable":true,"href":"https:\/\/www.institutfrancais-jerusalem.org\/gaza\/wp-json\/wp\/v2\/users\/6"}],"replies":[{"embeddable":true,"href":"https:\/\/www.institutfrancais-jerusalem.org\/gaza\/wp-json\/wp\/v2\/comments?post=4558"}],"version-history":[{"count":1,"href":"https:\/\/www.institutfrancais-jerusalem.org\/gaza\/wp-json\/wp\/v2\/posts\/4558\/revisions"}],"predecessor-version":[{"id":4563,"href":"https:\/\/www.institutfrancais-jerusalem.org\/gaza\/wp-json\/wp\/v2\/posts\/4558\/revisions\/4563"}],"wp:attachment":[{"href":"https:\/\/www.institutfrancais-jerusalem.org\/gaza\/wp-json\/wp\/v2\/media?parent=4558"}],"wp:term":[{"taxonomy":"category","embeddable":true,"href":"https:\/\/www.institutfrancais-jerusalem.org\/gaza\/wp-json\/wp\/v2\/categories?post=4558"},{"taxonomy":"post_tag","embeddable":true,"href":"https:\/\/www.institutfrancais-jerusalem.org\/gaza\/wp-json\/wp\/v2\/tags?post=4558"}],"curies":[{"name":"wp","href":"https:\/\/api.w.org\/{rel}","templated":true}]}}