{"id":4500,"date":"2022-01-21T16:18:01","date_gmt":"2022-01-21T15:18:01","guid":{"rendered":"https:\/\/www.institutfrancais-jerusalem.org\/gaza\/?p=4500"},"modified":"2022-01-21T16:19:54","modified_gmt":"2022-01-21T15:19:54","slug":"presentation-video-de-linstitut-francais-de-gaza","status":"publish","type":"post","link":"https:\/\/www.institutfrancais-jerusalem.org\/gaza\/presentation-video-de-linstitut-francais-de-gaza\/","title":{"rendered":"Pr\u00e9sentation vid\u00e9o de l&rsquo;Institut fran\u00e7ais de Gaza"},"content":{"rendered":"<div class=\"cxmmr5t8 oygrvhab hcukyx3x c1et5uql o9v6fnle ii04i59q\">\n<div dir=\"auto\">D\u00e9couvrez en vid\u00e9o l&rsquo;Institut fran\u00e7ais de J\u00e9rusalem &#8211; antenne de Gaza, un lieu o\u00f9 on apprend le fran\u00e7ais\u2026 mais pas que !<\/div>\n<\/div>\n<div class=\"cxmmr5t8 oygrvhab hcukyx3x c1et5uql o9v6fnle ii04i59q\">\n<div dir=\"auto\">Inscrivez-vous d\u00e8s maintenant pour la session de cours de fran\u00e7ais <span class=\"pq6dq46d tbxw36s4 knj5qynh kvgmc6g5 ditlmg2l oygrvhab nvdbi5me sf5mxxl7 gl3lb2sf hhz5lgdu\"><img loading=\"lazy\" decoding=\"async\" src=\"https:\/\/static.xx.fbcdn.net\/images\/emoji.php\/v9\/t74\/1\/16\/1f1eb_1f1f7.png\" alt=\"\ud83c\uddeb\ud83c\uddf7\" width=\"16\" height=\"16\" \/><\/span> qui d\u00e9butera le 3 f\u00e9vrier 2022. Contactez nous au 08 28 67 883<\/div>\n<\/div>\n<div class=\"cxmmr5t8 oygrvhab hcukyx3x c1et5uql o9v6fnle ii04i59q\">\n<div dir=\"auto\">Venez d\u00e9couvrir le magnifique espace m\u00e9diath\u00e8que qui propose de nombreux ateliers (num\u00e9rique, cuisine, th\u00e9\u00e2tre, etc.).<\/div>\n<\/div>\n<div class=\"cxmmr5t8 oygrvhab hcukyx3x c1et5uql o9v6fnle ii04i59q\">\n<div dir=\"auto\">L\u2019Institut offre \u00e9galement un programme culturel vari\u00e9 avec expositions, projections, conf\u00e9rences, pi\u00e8ces de th\u00e9\u00e2tre\u2026 et des camps de vacances pour les enfants !<\/div>\n<div dir=\"auto\"><\/div>\n<\/div>\n<div dir=\"auto\">\n<p><iframe loading=\"lazy\" title=\"Institut fran\u00e7ais de Gaza \/ \u0627\u0644\u0645\u0639\u0647\u062f \u0627\u0644\u0641\u0631\u0646\u0633\u064a \u0641\u064a \u063a\u0632\u0629\" width=\"618\" height=\"348\" src=\"https:\/\/www.youtube.com\/embed\/DResh2Y79F0?feature=oembed\" frameborder=\"0\" allow=\"accelerometer; autoplay; clipboard-write; encrypted-media; gyroscope; picture-in-picture; web-share\" referrerpolicy=\"strict-origin-when-cross-origin\" allowfullscreen><\/iframe><\/p>\n<\/div>\n","protected":false},"excerpt":{"rendered":"<p>D\u00e9couvrez en vid\u00e9o l&rsquo;Institut fran\u00e7ais de J\u00e9rusalem &#8211; antenne de Gaza, un lieu o\u00f9 on apprend le fran\u00e7ais\u2026 mais pas que ! Inscrivez-vous d\u00e8s maintenant pour la session de cours de fran\u00e7ais qui d\u00e9butera le 3 f\u00e9vrier 2022. Contactez nous au 08 28 67 883 Venez d\u00e9couvrir le magnifique espace m\u00e9diath\u00e8que qui propose de nombreux &hellip;<\/p>\n","protected":false},"author":1,"featured_media":0,"comment_status":"open","ping_status":"closed","sticky":false,"template":"","format":"standard","meta":{"footnotes":""},"categories":[2,5,7,28],"tags":[41,349,54,166],"class_list":["post-4500","post","type-post","status-publish","format-standard","","category-agenda-culturel","category-breaking-news","category-diaporama","category-gaza","tag-gaza","tag-institut-francais-de-gaza","tag-jerusalem","tag-video"],"yoast_head":"<!-- This site is optimized with the Yoast SEO plugin v27.5 - https:\/\/yoast.com\/product\/yoast-seo-wordpress\/ -->\n<title>Pr\u00e9sentation vid\u00e9o de l&#039;Institut fran\u00e7ais de Gaza - Institut Fran\u00e7ais de J\u00e9rusalem - Gaza<\/title>\n<meta name=\"description\" content=\"D\u00e9couvrez en vid\u00e9o l&#039;Institut fran\u00e7ais de J\u00e9rusalem - antenne de Gaza, un lieu o\u00f9 on apprend le fran\u00e7ais... mais pas que !\" \/>\n<meta name=\"robots\" content=\"index, follow, max-snippet:-1, max-image-preview:large, max-video-preview:-1\" \/>\n<link rel=\"canonical\" href=\"https:\/\/www.institutfrancais-jerusalem.org\/gaza\/presentation-video-de-linstitut-francais-de-gaza\/\" \/>\n<meta property=\"og:locale\" content=\"fr_FR\" \/>\n<meta property=\"og:type\" content=\"article\" \/>\n<meta property=\"og:title\" content=\"Pr\u00e9sentation vid\u00e9o de l&#039;Institut fran\u00e7ais de Gaza - Institut Fran\u00e7ais de J\u00e9rusalem - Gaza\" \/>\n<meta property=\"og:description\" content=\"D\u00e9couvrez en vid\u00e9o l&#039;Institut fran\u00e7ais de J\u00e9rusalem - antenne de Gaza, un lieu o\u00f9 on apprend le fran\u00e7ais... mais pas que !\" \/>\n<meta property=\"og:url\" content=\"https:\/\/www.institutfrancais-jerusalem.org\/gaza\/presentation-video-de-linstitut-francais-de-gaza\/\" \/>\n<meta property=\"og:site_name\" content=\"Institut Fran\u00e7ais de J\u00e9rusalem - Gaza\" \/>\n<meta property=\"article:published_time\" content=\"2022-01-21T15:18:01+00:00\" \/>\n<meta property=\"article:modified_time\" content=\"2022-01-21T15:19:54+00:00\" \/>\n<meta property=\"og:image\" content=\"https:\/\/static.xx.fbcdn.net\/images\/emoji.php\/v9\/t74\/1\/16\/1f1eb_1f1f7.png\" \/>\n<meta name=\"author\" content=\"admin6590\" \/>\n<meta name=\"twitter:card\" content=\"summary_large_image\" \/>\n<meta name=\"twitter:label1\" content=\"\u00c9crit par\" \/>\n\t<meta name=\"twitter:data1\" content=\"admin6590\" \/>\n\t<meta name=\"twitter:label2\" content=\"Dur\u00e9e de lecture estim\u00e9e\" \/>\n\t<meta name=\"twitter:data2\" content=\"1 minute\" \/>\n<script type=\"application\/ld+json\" class=\"yoast-schema-graph\">{\"@context\":\"https:\\\/\\\/schema.org\",\"@graph\":[{\"@type\":\"Article\",\"@id\":\"https:\\\/\\\/www.institutfrancais-jerusalem.org\\\/gaza\\\/presentation-video-de-linstitut-francais-de-gaza\\\/#article\",\"isPartOf\":{\"@id\":\"https:\\\/\\\/www.institutfrancais-jerusalem.org\\\/gaza\\\/presentation-video-de-linstitut-francais-de-gaza\\\/\"},\"author\":{\"name\":\"admin6590\",\"@id\":\"https:\\\/\\\/www.institutfrancais-jerusalem.org\\\/gaza\\\/#\\\/schema\\\/person\\\/0d606b93f4fb1eb5c713b8be3dd4c4bf\"},\"headline\":\"Pr\u00e9sentation vid\u00e9o de l&rsquo;Institut fran\u00e7ais de Gaza\",\"datePublished\":\"2022-01-21T15:18:01+00:00\",\"dateModified\":\"2022-01-21T15:19:54+00:00\",\"mainEntityOfPage\":{\"@id\":\"https:\\\/\\\/www.institutfrancais-jerusalem.org\\\/gaza\\\/presentation-video-de-linstitut-francais-de-gaza\\\/\"},\"wordCount\":113,\"commentCount\":0,\"image\":{\"@id\":\"https:\\\/\\\/www.institutfrancais-jerusalem.org\\\/gaza\\\/presentation-video-de-linstitut-francais-de-gaza\\\/#primaryimage\"},\"thumbnailUrl\":\"https:\\\/\\\/static.xx.fbcdn.net\\\/images\\\/emoji.php\\\/v9\\\/t74\\\/1\\\/16\\\/1f1eb_1f1f7.png\",\"keywords\":[\"gaza\",\"Institut fran\u00e7ais de Gaza\",\"j\u00e9rusalem\",\"vid\u00e9o\"],\"articleSection\":[\"Agenda culturel\",\"breaking-news\",\"Diaporama\",\"GAZA\"],\"inLanguage\":\"fr-FR\",\"potentialAction\":[{\"@type\":\"CommentAction\",\"name\":\"Comment\",\"target\":[\"https:\\\/\\\/www.institutfrancais-jerusalem.org\\\/gaza\\\/presentation-video-de-linstitut-francais-de-gaza\\\/#respond\"]}]},{\"@type\":\"WebPage\",\"@id\":\"https:\\\/\\\/www.institutfrancais-jerusalem.org\\\/gaza\\\/presentation-video-de-linstitut-francais-de-gaza\\\/\",\"url\":\"https:\\\/\\\/www.institutfrancais-jerusalem.org\\\/gaza\\\/presentation-video-de-linstitut-francais-de-gaza\\\/\",\"name\":\"Pr\u00e9sentation vid\u00e9o de l'Institut fran\u00e7ais de Gaza - Institut Fran\u00e7ais de J\u00e9rusalem - Gaza\",\"isPartOf\":{\"@id\":\"https:\\\/\\\/www.institutfrancais-jerusalem.org\\\/gaza\\\/#website\"},\"primaryImageOfPage\":{\"@id\":\"https:\\\/\\\/www.institutfrancais-jerusalem.org\\\/gaza\\\/presentation-video-de-linstitut-francais-de-gaza\\\/#primaryimage\"},\"image\":{\"@id\":\"https:\\\/\\\/www.institutfrancais-jerusalem.org\\\/gaza\\\/presentation-video-de-linstitut-francais-de-gaza\\\/#primaryimage\"},\"thumbnailUrl\":\"https:\\\/\\\/static.xx.fbcdn.net\\\/images\\\/emoji.php\\\/v9\\\/t74\\\/1\\\/16\\\/1f1eb_1f1f7.png\",\"datePublished\":\"2022-01-21T15:18:01+00:00\",\"dateModified\":\"2022-01-21T15:19:54+00:00\",\"author\":{\"@id\":\"https:\\\/\\\/www.institutfrancais-jerusalem.org\\\/gaza\\\/#\\\/schema\\\/person\\\/0d606b93f4fb1eb5c713b8be3dd4c4bf\"},\"description\":\"D\u00e9couvrez en vid\u00e9o l'Institut fran\u00e7ais de J\u00e9rusalem - antenne de Gaza, un lieu o\u00f9 on apprend le fran\u00e7ais... mais pas que !\",\"breadcrumb\":{\"@id\":\"https:\\\/\\\/www.institutfrancais-jerusalem.org\\\/gaza\\\/presentation-video-de-linstitut-francais-de-gaza\\\/#breadcrumb\"},\"inLanguage\":\"fr-FR\",\"potentialAction\":[{\"@type\":\"ReadAction\",\"target\":[\"https:\\\/\\\/www.institutfrancais-jerusalem.org\\\/gaza\\\/presentation-video-de-linstitut-francais-de-gaza\\\/\"]}]},{\"@type\":\"ImageObject\",\"inLanguage\":\"fr-FR\",\"@id\":\"https:\\\/\\\/www.institutfrancais-jerusalem.org\\\/gaza\\\/presentation-video-de-linstitut-francais-de-gaza\\\/#primaryimage\",\"url\":\"https:\\\/\\\/static.xx.fbcdn.net\\\/images\\\/emoji.php\\\/v9\\\/t74\\\/1\\\/16\\\/1f1eb_1f1f7.png\",\"contentUrl\":\"https:\\\/\\\/static.xx.fbcdn.net\\\/images\\\/emoji.php\\\/v9\\\/t74\\\/1\\\/16\\\/1f1eb_1f1f7.png\"},{\"@type\":\"BreadcrumbList\",\"@id\":\"https:\\\/\\\/www.institutfrancais-jerusalem.org\\\/gaza\\\/presentation-video-de-linstitut-francais-de-gaza\\\/#breadcrumb\",\"itemListElement\":[{\"@type\":\"ListItem\",\"position\":1,\"name\":\"Accueil\",\"item\":\"https:\\\/\\\/www.institutfrancais-jerusalem.org\\\/gaza\\\/\"},{\"@type\":\"ListItem\",\"position\":2,\"name\":\"Pr\u00e9sentation vid\u00e9o de l&rsquo;Institut fran\u00e7ais de Gaza\"}]},{\"@type\":\"WebSite\",\"@id\":\"https:\\\/\\\/www.institutfrancais-jerusalem.org\\\/gaza\\\/#website\",\"url\":\"https:\\\/\\\/www.institutfrancais-jerusalem.org\\\/gaza\\\/\",\"name\":\"Institut Fran\u00e7ais de J\u00e9rusalem - Gaza\",\"description\":\"\",\"potentialAction\":[{\"@type\":\"SearchAction\",\"target\":{\"@type\":\"EntryPoint\",\"urlTemplate\":\"https:\\\/\\\/www.institutfrancais-jerusalem.org\\\/gaza\\\/?s={search_term_string}\"},\"query-input\":{\"@type\":\"PropertyValueSpecification\",\"valueRequired\":true,\"valueName\":\"search_term_string\"}}],\"inLanguage\":\"fr-FR\"},{\"@type\":\"Person\",\"@id\":\"https:\\\/\\\/www.institutfrancais-jerusalem.org\\\/gaza\\\/#\\\/schema\\\/person\\\/0d606b93f4fb1eb5c713b8be3dd4c4bf\",\"name\":\"admin6590\",\"image\":{\"@type\":\"ImageObject\",\"inLanguage\":\"fr-FR\",\"@id\":\"https:\\\/\\\/secure.gravatar.com\\\/avatar\\\/26482e0f083efa40e5c2db57a3d590897a500390cc256266e30d5da5605a03a9?s=96&d=mm&r=g\",\"url\":\"https:\\\/\\\/secure.gravatar.com\\\/avatar\\\/26482e0f083efa40e5c2db57a3d590897a500390cc256266e30d5da5605a03a9?s=96&d=mm&r=g\",\"contentUrl\":\"https:\\\/\\\/secure.gravatar.com\\\/avatar\\\/26482e0f083efa40e5c2db57a3d590897a500390cc256266e30d5da5605a03a9?s=96&d=mm&r=g\",\"caption\":\"admin6590\"},\"url\":\"https:\\\/\\\/www.institutfrancais-jerusalem.org\\\/gaza\\\/author\\\/admin6590\\\/\"}]}<\/script>\n<!-- \/ Yoast SEO plugin. -->","yoast_head_json":{"title":"Pr\u00e9sentation vid\u00e9o de l'Institut fran\u00e7ais de Gaza - Institut Fran\u00e7ais de J\u00e9rusalem - Gaza","description":"D\u00e9couvrez en vid\u00e9o l'Institut fran\u00e7ais de J\u00e9rusalem - antenne de Gaza, un lieu o\u00f9 on apprend le fran\u00e7ais... mais pas que !","robots":{"index":"index","follow":"follow","max-snippet":"max-snippet:-1","max-image-preview":"max-image-preview:large","max-video-preview":"max-video-preview:-1"},"canonical":"https:\/\/www.institutfrancais-jerusalem.org\/gaza\/presentation-video-de-linstitut-francais-de-gaza\/","og_locale":"fr_FR","og_type":"article","og_title":"Pr\u00e9sentation vid\u00e9o de l'Institut fran\u00e7ais de Gaza - Institut Fran\u00e7ais de J\u00e9rusalem - Gaza","og_description":"D\u00e9couvrez en vid\u00e9o l'Institut fran\u00e7ais de J\u00e9rusalem - antenne de Gaza, un lieu o\u00f9 on apprend le fran\u00e7ais... mais pas que !","og_url":"https:\/\/www.institutfrancais-jerusalem.org\/gaza\/presentation-video-de-linstitut-francais-de-gaza\/","og_site_name":"Institut Fran\u00e7ais de J\u00e9rusalem - Gaza","article_published_time":"2022-01-21T15:18:01+00:00","article_modified_time":"2022-01-21T15:19:54+00:00","og_image":[{"url":"https:\/\/static.xx.fbcdn.net\/images\/emoji.php\/v9\/t74\/1\/16\/1f1eb_1f1f7.png","type":"","width":"","height":""}],"author":"admin6590","twitter_card":"summary_large_image","twitter_misc":{"\u00c9crit par":"admin6590","Dur\u00e9e de lecture estim\u00e9e":"1 minute"},"schema":{"@context":"https:\/\/schema.org","@graph":[{"@type":"Article","@id":"https:\/\/www.institutfrancais-jerusalem.org\/gaza\/presentation-video-de-linstitut-francais-de-gaza\/#article","isPartOf":{"@id":"https:\/\/www.institutfrancais-jerusalem.org\/gaza\/presentation-video-de-linstitut-francais-de-gaza\/"},"author":{"name":"admin6590","@id":"https:\/\/www.institutfrancais-jerusalem.org\/gaza\/#\/schema\/person\/0d606b93f4fb1eb5c713b8be3dd4c4bf"},"headline":"Pr\u00e9sentation vid\u00e9o de l&rsquo;Institut fran\u00e7ais de Gaza","datePublished":"2022-01-21T15:18:01+00:00","dateModified":"2022-01-21T15:19:54+00:00","mainEntityOfPage":{"@id":"https:\/\/www.institutfrancais-jerusalem.org\/gaza\/presentation-video-de-linstitut-francais-de-gaza\/"},"wordCount":113,"commentCount":0,"image":{"@id":"https:\/\/www.institutfrancais-jerusalem.org\/gaza\/presentation-video-de-linstitut-francais-de-gaza\/#primaryimage"},"thumbnailUrl":"https:\/\/static.xx.fbcdn.net\/images\/emoji.php\/v9\/t74\/1\/16\/1f1eb_1f1f7.png","keywords":["gaza","Institut fran\u00e7ais de Gaza","j\u00e9rusalem","vid\u00e9o"],"articleSection":["Agenda culturel","breaking-news","Diaporama","GAZA"],"inLanguage":"fr-FR","potentialAction":[{"@type":"CommentAction","name":"Comment","target":["https:\/\/www.institutfrancais-jerusalem.org\/gaza\/presentation-video-de-linstitut-francais-de-gaza\/#respond"]}]},{"@type":"WebPage","@id":"https:\/\/www.institutfrancais-jerusalem.org\/gaza\/presentation-video-de-linstitut-francais-de-gaza\/","url":"https:\/\/www.institutfrancais-jerusalem.org\/gaza\/presentation-video-de-linstitut-francais-de-gaza\/","name":"Pr\u00e9sentation vid\u00e9o de l'Institut fran\u00e7ais de Gaza - Institut Fran\u00e7ais de J\u00e9rusalem - Gaza","isPartOf":{"@id":"https:\/\/www.institutfrancais-jerusalem.org\/gaza\/#website"},"primaryImageOfPage":{"@id":"https:\/\/www.institutfrancais-jerusalem.org\/gaza\/presentation-video-de-linstitut-francais-de-gaza\/#primaryimage"},"image":{"@id":"https:\/\/www.institutfrancais-jerusalem.org\/gaza\/presentation-video-de-linstitut-francais-de-gaza\/#primaryimage"},"thumbnailUrl":"https:\/\/static.xx.fbcdn.net\/images\/emoji.php\/v9\/t74\/1\/16\/1f1eb_1f1f7.png","datePublished":"2022-01-21T15:18:01+00:00","dateModified":"2022-01-21T15:19:54+00:00","author":{"@id":"https:\/\/www.institutfrancais-jerusalem.org\/gaza\/#\/schema\/person\/0d606b93f4fb1eb5c713b8be3dd4c4bf"},"description":"D\u00e9couvrez en vid\u00e9o l'Institut fran\u00e7ais de J\u00e9rusalem - antenne de Gaza, un lieu o\u00f9 on apprend le fran\u00e7ais... mais pas que !","breadcrumb":{"@id":"https:\/\/www.institutfrancais-jerusalem.org\/gaza\/presentation-video-de-linstitut-francais-de-gaza\/#breadcrumb"},"inLanguage":"fr-FR","potentialAction":[{"@type":"ReadAction","target":["https:\/\/www.institutfrancais-jerusalem.org\/gaza\/presentation-video-de-linstitut-francais-de-gaza\/"]}]},{"@type":"ImageObject","inLanguage":"fr-FR","@id":"https:\/\/www.institutfrancais-jerusalem.org\/gaza\/presentation-video-de-linstitut-francais-de-gaza\/#primaryimage","url":"https:\/\/static.xx.fbcdn.net\/images\/emoji.php\/v9\/t74\/1\/16\/1f1eb_1f1f7.png","contentUrl":"https:\/\/static.xx.fbcdn.net\/images\/emoji.php\/v9\/t74\/1\/16\/1f1eb_1f1f7.png"},{"@type":"BreadcrumbList","@id":"https:\/\/www.institutfrancais-jerusalem.org\/gaza\/presentation-video-de-linstitut-francais-de-gaza\/#breadcrumb","itemListElement":[{"@type":"ListItem","position":1,"name":"Accueil","item":"https:\/\/www.institutfrancais-jerusalem.org\/gaza\/"},{"@type":"ListItem","position":2,"name":"Pr\u00e9sentation vid\u00e9o de l&rsquo;Institut fran\u00e7ais de Gaza"}]},{"@type":"WebSite","@id":"https:\/\/www.institutfrancais-jerusalem.org\/gaza\/#website","url":"https:\/\/www.institutfrancais-jerusalem.org\/gaza\/","name":"Institut Fran\u00e7ais de J\u00e9rusalem - Gaza","description":"","potentialAction":[{"@type":"SearchAction","target":{"@type":"EntryPoint","urlTemplate":"https:\/\/www.institutfrancais-jerusalem.org\/gaza\/?s={search_term_string}"},"query-input":{"@type":"PropertyValueSpecification","valueRequired":true,"valueName":"search_term_string"}}],"inLanguage":"fr-FR"},{"@type":"Person","@id":"https:\/\/www.institutfrancais-jerusalem.org\/gaza\/#\/schema\/person\/0d606b93f4fb1eb5c713b8be3dd4c4bf","name":"admin6590","image":{"@type":"ImageObject","inLanguage":"fr-FR","@id":"https:\/\/secure.gravatar.com\/avatar\/26482e0f083efa40e5c2db57a3d590897a500390cc256266e30d5da5605a03a9?s=96&d=mm&r=g","url":"https:\/\/secure.gravatar.com\/avatar\/26482e0f083efa40e5c2db57a3d590897a500390cc256266e30d5da5605a03a9?s=96&d=mm&r=g","contentUrl":"https:\/\/secure.gravatar.com\/avatar\/26482e0f083efa40e5c2db57a3d590897a500390cc256266e30d5da5605a03a9?s=96&d=mm&r=g","caption":"admin6590"},"url":"https:\/\/www.institutfrancais-jerusalem.org\/gaza\/author\/admin6590\/"}]}},"_links":{"self":[{"href":"https:\/\/www.institutfrancais-jerusalem.org\/gaza\/wp-json\/wp\/v2\/posts\/4500","targetHints":{"allow":["GET"]}}],"collection":[{"href":"https:\/\/www.institutfrancais-jerusalem.org\/gaza\/wp-json\/wp\/v2\/posts"}],"about":[{"href":"https:\/\/www.institutfrancais-jerusalem.org\/gaza\/wp-json\/wp\/v2\/types\/post"}],"author":[{"embeddable":true,"href":"https:\/\/www.institutfrancais-jerusalem.org\/gaza\/wp-json\/wp\/v2\/users\/1"}],"replies":[{"embeddable":true,"href":"https:\/\/www.institutfrancais-jerusalem.org\/gaza\/wp-json\/wp\/v2\/comments?post=4500"}],"version-history":[{"count":1,"href":"https:\/\/www.institutfrancais-jerusalem.org\/gaza\/wp-json\/wp\/v2\/posts\/4500\/revisions"}],"predecessor-version":[{"id":4507,"href":"https:\/\/www.institutfrancais-jerusalem.org\/gaza\/wp-json\/wp\/v2\/posts\/4500\/revisions\/4507"}],"wp:attachment":[{"href":"https:\/\/www.institutfrancais-jerusalem.org\/gaza\/wp-json\/wp\/v2\/media?parent=4500"}],"wp:term":[{"taxonomy":"category","embeddable":true,"href":"https:\/\/www.institutfrancais-jerusalem.org\/gaza\/wp-json\/wp\/v2\/categories?post=4500"},{"taxonomy":"post_tag","embeddable":true,"href":"https:\/\/www.institutfrancais-jerusalem.org\/gaza\/wp-json\/wp\/v2\/tags?post=4500"}],"curies":[{"name":"wp","href":"https:\/\/api.w.org\/{rel}","templated":true}]}}