{"id":4368,"date":"2021-07-05T15:57:35","date_gmt":"2021-07-05T13:57:35","guid":{"rendered":"https:\/\/www.institutfrancais-jerusalem.org\/gaza\/?p=4368"},"modified":"2021-07-05T16:03:50","modified_gmt":"2021-07-05T14:03:50","slug":"ashtar-international-youth-theatre-festival","status":"publish","type":"post","link":"https:\/\/www.institutfrancais-jerusalem.org\/gaza\/ashtar-international-youth-theatre-festival\/","title":{"rendered":"Ashtar International Youth Theatre Festival"},"content":{"rendered":"<div class=\"kvgmc6g5 cxmmr5t8 oygrvhab hcukyx3x c1et5uql ii04i59q\">\n<h4 dir=\"auto\">We are delighted to be supporting \u2018ARTIVISM\u2019, the 5th edition of Ashtar International Youth Theatre Festival, which also marks the 30th anniversary of <span style=\"text-decoration: underline;\"><span style=\"color: #0000ff;\"><strong><a class=\"oajrlxb2 g5ia77u1 qu0x051f esr5mh6w e9989ue4 r7d6kgcz rq0escxv nhd2j8a9 nc684nl6 p7hjln8o kvgmc6g5 cxmmr5t8 oygrvhab hcukyx3x jb3vyjys rz4wbd8a qt6c0cv9 a8nywdso i1ao9s8h esuyzwwr f1sip0of lzcic4wl q66pz984 gpro0wi8 b1v8xokw\" style=\"color: #0000ff; text-decoration: underline;\" tabindex=\"0\" role=\"link\" href=\"https:\/\/www.facebook.com\/ashtartheatre\/?__cft__[0]=AZWZzMUusVdEYj5Fqwe5icnLiGhfCNTlSphQm2y8T2kIDDOv_opdu6FZ79eE0xMVVIeJbENL2zpacoEeGHqNnNFxb60FtI_PAbOW_QKLJYZBHC-Rf_lenFgrEyqkGS4OG8FmcfmkG84fehM70coRPIts_DGNf6y8asAcEsYXRWt2HbAyDSBLXgNFsJmRXsp_CF8&amp;__tn__=kK-R\"><span class=\"nc684nl6\">Ashtar for Theatre Productions and Training \u0639\u0634\u062a\u0627\u0631 \u0644\u0625\u0646\u062a\u0627\u062c \u0648\u062a\u062f\u0631\u064a\u0628 \u0627\u0644\u0645\u0633\u0631\u062d<\/span><\/a><\/strong><\/span><\/span>and will run until 7th July.<\/h4>\n<\/div>\n<div dir=\"auto\"><\/div>\n<div dir=\"auto\"><\/div>\n<div class=\"o9v6fnle cxmmr5t8 oygrvhab hcukyx3x c1et5uql ii04i59q\">\n<p dir=\"auto\">We attended the launch at the Ramallah Municipality for the opening play The Brainwashers Conference; by Bertholt Brecht, adapted by Iman Aoun and Khalil Batran and directed by Khalil Batran. You will find here the #festival <a href=\"http:\/\/tinyurl.com\/33awdh2y\"><span style=\"text-decoration: underline; color: #0000ff;\"><strong>programme<\/strong><\/span><\/a> and the festival&rsquo;s <a href=\"http:\/\/tinyurl.com\/8hdyj4dp\"><span style=\"text-decoration: underline; color: #0000ff;\"><strong>trailer<\/strong><\/span><\/a>.<\/p>\n<\/div>\n<div dir=\"auto\"><\/div>\n<div class=\"o9v6fnle cxmmr5t8 oygrvhab hcukyx3x c1et5uql ii04i59q\">\n<p dir=\"auto\">The festival will run until 7 July with live performances in Ramallah and Oxford, in partnership with the <span style=\"text-decoration: underline;\"><span style=\"color: #0000ff;\"><strong><a class=\"oajrlxb2 g5ia77u1 qu0x051f esr5mh6w e9989ue4 r7d6kgcz rq0escxv nhd2j8a9 nc684nl6 p7hjln8o kvgmc6g5 cxmmr5t8 oygrvhab hcukyx3x jb3vyjys rz4wbd8a qt6c0cv9 a8nywdso i1ao9s8h esuyzwwr f1sip0of lzcic4wl q66pz984 gpro0wi8 b1v8xokw\" style=\"color: #0000ff;\" tabindex=\"0\" role=\"link\" href=\"https:\/\/www.facebook.com\/MandalaTheatre\/?__cft__[0]=AZWZzMUusVdEYj5Fqwe5icnLiGhfCNTlSphQm2y8T2kIDDOv_opdu6FZ79eE0xMVVIeJbENL2zpacoEeGHqNnNFxb60FtI_PAbOW_QKLJYZBHC-Rf_lenFgrEyqkGS4OG8FmcfmkG84fehM70coRPIts_DGNf6y8asAcEsYXRWt2HbAyDSBLXgNFsJmRXsp_CF8&amp;__tn__=kK-R\"><span class=\"nc684nl6\">Mandala Theatre Company<\/span><\/a><\/strong><\/span><\/span> through the Digital Collaboration Fund, as well as online performances subtitled in English from Palestine, UK, France, Sri Lanka, Rwanda, Lebanon, Spain, Ireland, USA that will be available for a week from the date of their launch. The festival programme also includes a series of webinars and are open for everyone to join!<\/p>\n<p dir=\"auto\">The themes: Artivism &amp; Politics, Artivism &amp;Capitalism, Artivism &amp; society, Artivism &amp; Racism.<\/p>\n<\/div>\n<div dir=\"auto\"><\/div>\n<div dir=\"auto\"><\/div>\n<div class=\"o9v6fnle cxmmr5t8 oygrvhab hcukyx3x c1et5uql ii04i59q\">\n<p dir=\"auto\">All info on the <a href=\"http:\/\/fb.me\/e\/MfH8A8pw\"><span style=\"text-decoration: underline;\"><span style=\"color: #0000ff;\"><strong>Facebook event<\/strong><\/span><\/span><\/a><\/p>\n<\/div>\n<div dir=\"auto\"><\/div>\n<div dir=\"auto\"><\/div>\n<div class=\"o9v6fnle cxmmr5t8 oygrvhab hcukyx3x c1et5uql ii04i59q\">SAVE THE DATE:<\/div>\n<div class=\"o9v6fnle cxmmr5t8 oygrvhab hcukyx3x c1et5uql ii04i59q\">\/\/ Monday 5th of July, 8p.m. (Palestine time) \\\\Video performance of the play \u00ab F(l)ammes \u00bb by French artists from the <a class=\"oajrlxb2 g5ia77u1 qu0x051f esr5mh6w e9989ue4 r7d6kgcz rq0escxv nhd2j8a9 nc684nl6 p7hjln8o kvgmc6g5 cxmmr5t8 oygrvhab hcukyx3x jb3vyjys rz4wbd8a qt6c0cv9 a8nywdso i1ao9s8h esuyzwwr f1sip0of lzcic4wl q66pz984 gpro0wi8 b1v8xokw\" tabindex=\"0\" role=\"link\" href=\"https:\/\/www.facebook.com\/madanicompagnie\/?__cft__[0]=AZWZzMUusVdEYj5Fqwe5icnLiGhfCNTlSphQm2y8T2kIDDOv_opdu6FZ79eE0xMVVIeJbENL2zpacoEeGHqNnNFxb60FtI_PAbOW_QKLJYZBHC-Rf_lenFgrEyqkGS4OG8FmcfmkG84fehM70coRPIts_DGNf6y8asAcEsYXRWt2HbAyDSBLXgNFsJmRXsp_CF8&amp;__tn__=kK-R\"><span class=\"nc684nl6\"><span style=\"text-decoration: underline; color: #0000ff;\"><strong>Madani Compagnie<\/strong><\/span><\/span><\/a> &#8211; video in French with Arabic subtitlesVideo trailer of <a href=\"http:\/\/tinyurl.com\/p5veknr8\"><span style=\"text-decoration: underline;\"><span style=\"color: #0000ff; text-decoration: underline;\"><strong>F(l)ammes<\/strong><\/span><\/span><\/a><\/div>\n<div class=\"o9v6fnle cxmmr5t8 oygrvhab hcukyx3x c1et5uql ii04i59q\">\/\/ Tuesday 6th of July 12 a.m. (Palestine time) \\\\<\/div>\n<div dir=\"auto\">Master class with the F(l)ammes&rsquo; Director Ahmed Madani<\/div>\n<div dir=\"auto\"><\/div>\n<div class=\"o9v6fnle cxmmr5t8 oygrvhab hcukyx3x c1et5uql ii04i59q\">\n<p dir=\"auto\">Visuals by Palestinian artist Emile Saba<\/p>\n<\/div>\n<div dir=\"auto\"><\/div>\n<div dir=\"auto\"><\/div>\n<div class=\"o9v6fnle cxmmr5t8 oygrvhab hcukyx3x c1et5uql ii04i59q\">\n<div dir=\"auto\"><a class=\"oajrlxb2 g5ia77u1 qu0x051f esr5mh6w e9989ue4 r7d6kgcz rq0escxv nhd2j8a9 nc684nl6 p7hjln8o kvgmc6g5 cxmmr5t8 oygrvhab hcukyx3x jb3vyjys rz4wbd8a qt6c0cv9 a8nywdso i1ao9s8h esuyzwwr f1sip0of lzcic4wl q66pz984 gpro0wi8 b1v8xokw\" tabindex=\"0\" role=\"link\" href=\"https:\/\/www.facebook.com\/hashtag\/artivism?__eep__=6&amp;__cft__[0]=AZWZzMUusVdEYj5Fqwe5icnLiGhfCNTlSphQm2y8T2kIDDOv_opdu6FZ79eE0xMVVIeJbENL2zpacoEeGHqNnNFxb60FtI_PAbOW_QKLJYZBHC-Rf_lenFgrEyqkGS4OG8FmcfmkG84fehM70coRPIts_DGNf6y8asAcEsYXRWt2HbAyDSBLXgNFsJmRXsp_CF8&amp;__tn__=*NK-R\">#Artivism<\/a> <a class=\"oajrlxb2 g5ia77u1 qu0x051f esr5mh6w e9989ue4 r7d6kgcz rq0escxv nhd2j8a9 nc684nl6 p7hjln8o kvgmc6g5 cxmmr5t8 oygrvhab hcukyx3x jb3vyjys rz4wbd8a qt6c0cv9 a8nywdso i1ao9s8h esuyzwwr f1sip0of lzcic4wl q66pz984 gpro0wi8 b1v8xokw\" tabindex=\"0\" role=\"link\" href=\"https:\/\/www.facebook.com\/hashtag\/culture?__eep__=6&amp;__cft__[0]=AZWZzMUusVdEYj5Fqwe5icnLiGhfCNTlSphQm2y8T2kIDDOv_opdu6FZ79eE0xMVVIeJbENL2zpacoEeGHqNnNFxb60FtI_PAbOW_QKLJYZBHC-Rf_lenFgrEyqkGS4OG8FmcfmkG84fehM70coRPIts_DGNf6y8asAcEsYXRWt2HbAyDSBLXgNFsJmRXsp_CF8&amp;__tn__=*NK-R\">#Culture<\/a> <a class=\"oajrlxb2 g5ia77u1 qu0x051f esr5mh6w e9989ue4 r7d6kgcz rq0escxv nhd2j8a9 nc684nl6 p7hjln8o kvgmc6g5 cxmmr5t8 oygrvhab hcukyx3x jb3vyjys rz4wbd8a qt6c0cv9 a8nywdso i1ao9s8h esuyzwwr f1sip0of lzcic4wl q66pz984 gpro0wi8 b1v8xokw\" tabindex=\"0\" role=\"link\" href=\"https:\/\/www.facebook.com\/hashtag\/theatre?__eep__=6&amp;__cft__[0]=AZWZzMUusVdEYj5Fqwe5icnLiGhfCNTlSphQm2y8T2kIDDOv_opdu6FZ79eE0xMVVIeJbENL2zpacoEeGHqNnNFxb60FtI_PAbOW_QKLJYZBHC-Rf_lenFgrEyqkGS4OG8FmcfmkG84fehM70coRPIts_DGNf6y8asAcEsYXRWt2HbAyDSBLXgNFsJmRXsp_CF8&amp;__tn__=*NK-R\">#Theatre<\/a> <a class=\"oajrlxb2 g5ia77u1 qu0x051f esr5mh6w e9989ue4 r7d6kgcz rq0escxv nhd2j8a9 nc684nl6 p7hjln8o kvgmc6g5 cxmmr5t8 oygrvhab hcukyx3x jb3vyjys rz4wbd8a qt6c0cv9 a8nywdso i1ao9s8h esuyzwwr f1sip0of lzcic4wl q66pz984 gpro0wi8 b1v8xokw\" tabindex=\"0\" role=\"link\" href=\"https:\/\/www.facebook.com\/hashtag\/visualart?__eep__=6&amp;__cft__[0]=AZWZzMUusVdEYj5Fqwe5icnLiGhfCNTlSphQm2y8T2kIDDOv_opdu6FZ79eE0xMVVIeJbENL2zpacoEeGHqNnNFxb60FtI_PAbOW_QKLJYZBHC-Rf_lenFgrEyqkGS4OG8FmcfmkG84fehM70coRPIts_DGNf6y8asAcEsYXRWt2HbAyDSBLXgNFsJmRXsp_CF8&amp;__tn__=*NK-R\">#VisualArt<\/a> <a class=\"oajrlxb2 g5ia77u1 qu0x051f esr5mh6w e9989ue4 r7d6kgcz rq0escxv nhd2j8a9 nc684nl6 p7hjln8o kvgmc6g5 cxmmr5t8 oygrvhab hcukyx3x jb3vyjys rz4wbd8a qt6c0cv9 a8nywdso i1ao9s8h esuyzwwr f1sip0of lzcic4wl q66pz984 gpro0wi8 b1v8xokw\" tabindex=\"0\" role=\"link\" href=\"https:\/\/www.facebook.com\/hashtag\/youth?__eep__=6&amp;__cft__[0]=AZWZzMUusVdEYj5Fqwe5icnLiGhfCNTlSphQm2y8T2kIDDOv_opdu6FZ79eE0xMVVIeJbENL2zpacoEeGHqNnNFxb60FtI_PAbOW_QKLJYZBHC-Rf_lenFgrEyqkGS4OG8FmcfmkG84fehM70coRPIts_DGNf6y8asAcEsYXRWt2HbAyDSBLXgNFsJmRXsp_CF8&amp;__tn__=*NK-R\">#Youth<\/a> <a class=\"oajrlxb2 g5ia77u1 qu0x051f esr5mh6w e9989ue4 r7d6kgcz rq0escxv nhd2j8a9 nc684nl6 p7hjln8o kvgmc6g5 cxmmr5t8 oygrvhab hcukyx3x jb3vyjys rz4wbd8a qt6c0cv9 a8nywdso i1ao9s8h esuyzwwr f1sip0of lzcic4wl q66pz984 gpro0wi8 b1v8xokw\" tabindex=\"0\" role=\"link\" href=\"https:\/\/www.facebook.com\/hashtag\/masterclass?__eep__=6&amp;__cft__[0]=AZWZzMUusVdEYj5Fqwe5icnLiGhfCNTlSphQm2y8T2kIDDOv_opdu6FZ79eE0xMVVIeJbENL2zpacoEeGHqNnNFxb60FtI_PAbOW_QKLJYZBHC-Rf_lenFgrEyqkGS4OG8FmcfmkG84fehM70coRPIts_DGNf6y8asAcEsYXRWt2HbAyDSBLXgNFsJmRXsp_CF8&amp;__tn__=*NK-R\">#MasterClass<\/a><\/div>\n<\/div>\n<div dir=\"auto\"><\/div>\n<div dir=\"auto\"><img loading=\"lazy\" decoding=\"async\" class=\"aligncenter size-full wp-image-8258\" src=\"https:\/\/www.institutfrancais-jerusalem.org\/wp-content\/uploads\/2021\/07\/Affiche-Ashtar-festival-juillet-2021-copie.jpg\" alt=\"\" width=\"1131\" height=\"1600\" \/> <img loading=\"lazy\" decoding=\"async\" class=\"aligncenter size-full wp-image-8264\" src=\"https:\/\/www.institutfrancais-jerusalem.org\/wp-content\/uploads\/2021\/07\/Final-Schedule-English-16-June-Ashtar-International-Youth-Theatre-Festival-scaled.jpg\" alt=\"\" width=\"2560\" height=\"1995\" \/><\/div>\n","protected":false},"excerpt":{"rendered":"<p>We are delighted to be supporting \u2018ARTIVISM\u2019, the 5th edition of Ashtar International Youth Theatre Festival, which also marks the 30th anniversary of Ashtar for Theatre Productions and Training \u0639\u0634\u062a\u0627\u0631 \u0644\u0625\u0646\u062a\u0627\u062c \u0648\u062a\u062f\u0631\u064a\u0628 \u0627\u0644\u0645\u0633\u0631\u062dand will run until 7th July. We attended the launch at the Ramallah Municipality for the opening play The Brainwashers Conference; by Bertholt &hellip;<\/p>\n","protected":false},"author":1,"featured_media":4369,"comment_status":"closed","ping_status":"closed","sticky":false,"template":"","format":"standard","meta":{"footnotes":""},"categories":[2,4,7,28,25],"tags":[40,334,338,95,135,337,58,45,335,336],"class_list":["post-4368","post","type-post","status-publish","format-standard","has-post-thumbnail","","category-agenda-culturel","category-arts-vivants","category-diaporama","category-gaza","category-ramallah","tag-art","tag-artivism","tag-ashtar","tag-culture","tag-jeunesse","tag-master-class","tag-ramallah","tag-theatre","tag-visual-art","tag-youth"],"yoast_head":"<!-- This site is optimized with the Yoast SEO plugin v27.5 - https:\/\/yoast.com\/product\/yoast-seo-wordpress\/ -->\n<title>Ashtar International Youth Theatre Festival - Institut Fran\u00e7ais de J\u00e9rusalem - Gaza<\/title>\n<meta name=\"description\" content=\"\u00a0We are delighted to be supporting \u2018ARTIVISM\u2019, the 5th edition of Ashtar\u00a0International Youth Theatre Festival, which also marks the 30th anniversary of\u00a0Ashtar for Theatre Productions and Training \u0639\u0634\u062a\u0627\u0631 \u0644\u0625\u0646\u062a\u0627\u062c \u0648\u062a\u062f\u0631\u064a\u0628 \u0627\u0644\u0645\u0633\u0631\u062d\u00a0and will run until 7th July.\" \/>\n<meta name=\"robots\" content=\"index, follow, max-snippet:-1, max-image-preview:large, max-video-preview:-1\" \/>\n<link rel=\"canonical\" href=\"https:\/\/www.institutfrancais-jerusalem.org\/gaza\/ashtar-international-youth-theatre-festival\/\" \/>\n<meta property=\"og:locale\" content=\"fr_FR\" \/>\n<meta property=\"og:type\" content=\"article\" \/>\n<meta property=\"og:title\" content=\"Ashtar International Youth Theatre Festival - Institut Fran\u00e7ais de J\u00e9rusalem - Gaza\" \/>\n<meta property=\"og:description\" content=\"\u00a0We are delighted to be supporting \u2018ARTIVISM\u2019, the 5th edition of Ashtar\u00a0International Youth Theatre Festival, which also marks the 30th anniversary of\u00a0Ashtar for Theatre Productions and Training \u0639\u0634\u062a\u0627\u0631 \u0644\u0625\u0646\u062a\u0627\u062c \u0648\u062a\u062f\u0631\u064a\u0628 \u0627\u0644\u0645\u0633\u0631\u062d\u00a0and will run until 7th July.\" \/>\n<meta property=\"og:url\" content=\"https:\/\/www.institutfrancais-jerusalem.org\/gaza\/ashtar-international-youth-theatre-festival\/\" \/>\n<meta property=\"og:site_name\" content=\"Institut Fran\u00e7ais de J\u00e9rusalem - Gaza\" \/>\n<meta property=\"article:published_time\" content=\"2021-07-05T13:57:35+00:00\" \/>\n<meta property=\"article:modified_time\" content=\"2021-07-05T14:03:50+00:00\" \/>\n<meta property=\"og:image\" content=\"https:\/\/www.institutfrancais-jerusalem.org\/gaza\/wp-content\/uploads\/sites\/9\/2021\/07\/Affiche-Ashtar-festival-juillet-2021.jpg\" \/>\n\t<meta property=\"og:image:width\" content=\"1131\" \/>\n\t<meta property=\"og:image:height\" content=\"1600\" \/>\n\t<meta property=\"og:image:type\" content=\"image\/jpeg\" \/>\n<meta name=\"author\" content=\"admin6590\" \/>\n<meta name=\"twitter:card\" content=\"summary_large_image\" \/>\n<meta name=\"twitter:label1\" content=\"\u00c9crit par\" \/>\n\t<meta name=\"twitter:data1\" content=\"admin6590\" \/>\n\t<meta name=\"twitter:label2\" content=\"Dur\u00e9e de lecture estim\u00e9e\" \/>\n\t<meta name=\"twitter:data2\" content=\"2 minutes\" \/>\n<script type=\"application\/ld+json\" class=\"yoast-schema-graph\">{\"@context\":\"https:\\\/\\\/schema.org\",\"@graph\":[{\"@type\":\"Article\",\"@id\":\"https:\\\/\\\/www.institutfrancais-jerusalem.org\\\/gaza\\\/ashtar-international-youth-theatre-festival\\\/#article\",\"isPartOf\":{\"@id\":\"https:\\\/\\\/www.institutfrancais-jerusalem.org\\\/gaza\\\/ashtar-international-youth-theatre-festival\\\/\"},\"author\":{\"name\":\"admin6590\",\"@id\":\"https:\\\/\\\/www.institutfrancais-jerusalem.org\\\/gaza\\\/#\\\/schema\\\/person\\\/0d606b93f4fb1eb5c713b8be3dd4c4bf\"},\"headline\":\"Ashtar International Youth Theatre Festival\",\"datePublished\":\"2021-07-05T13:57:35+00:00\",\"dateModified\":\"2021-07-05T14:03:50+00:00\",\"mainEntityOfPage\":{\"@id\":\"https:\\\/\\\/www.institutfrancais-jerusalem.org\\\/gaza\\\/ashtar-international-youth-theatre-festival\\\/\"},\"wordCount\":243,\"image\":{\"@id\":\"https:\\\/\\\/www.institutfrancais-jerusalem.org\\\/gaza\\\/ashtar-international-youth-theatre-festival\\\/#primaryimage\"},\"thumbnailUrl\":\"https:\\\/\\\/www.institutfrancais-jerusalem.org\\\/gaza\\\/wp-content\\\/uploads\\\/sites\\\/9\\\/2021\\\/07\\\/Affiche-Ashtar-festival-juillet-2021.jpg\",\"keywords\":[\"art\",\"artivism\",\"ashtar\",\"culture\",\"jeunesse\",\"master class\",\"ramallah\",\"th\u00e9\u00e2tre\",\"visual art\",\"youth\"],\"articleSection\":[\"Agenda culturel\",\"Arts vivants\",\"Diaporama\",\"GAZA\",\"RAMALLAH\"],\"inLanguage\":\"fr-FR\"},{\"@type\":\"WebPage\",\"@id\":\"https:\\\/\\\/www.institutfrancais-jerusalem.org\\\/gaza\\\/ashtar-international-youth-theatre-festival\\\/\",\"url\":\"https:\\\/\\\/www.institutfrancais-jerusalem.org\\\/gaza\\\/ashtar-international-youth-theatre-festival\\\/\",\"name\":\"Ashtar International Youth Theatre Festival - Institut Fran\u00e7ais de J\u00e9rusalem - Gaza\",\"isPartOf\":{\"@id\":\"https:\\\/\\\/www.institutfrancais-jerusalem.org\\\/gaza\\\/#website\"},\"primaryImageOfPage\":{\"@id\":\"https:\\\/\\\/www.institutfrancais-jerusalem.org\\\/gaza\\\/ashtar-international-youth-theatre-festival\\\/#primaryimage\"},\"image\":{\"@id\":\"https:\\\/\\\/www.institutfrancais-jerusalem.org\\\/gaza\\\/ashtar-international-youth-theatre-festival\\\/#primaryimage\"},\"thumbnailUrl\":\"https:\\\/\\\/www.institutfrancais-jerusalem.org\\\/gaza\\\/wp-content\\\/uploads\\\/sites\\\/9\\\/2021\\\/07\\\/Affiche-Ashtar-festival-juillet-2021.jpg\",\"datePublished\":\"2021-07-05T13:57:35+00:00\",\"dateModified\":\"2021-07-05T14:03:50+00:00\",\"author\":{\"@id\":\"https:\\\/\\\/www.institutfrancais-jerusalem.org\\\/gaza\\\/#\\\/schema\\\/person\\\/0d606b93f4fb1eb5c713b8be3dd4c4bf\"},\"description\":\"\u00a0We are delighted to be supporting \u2018ARTIVISM\u2019, the 5th edition of Ashtar\u00a0International Youth Theatre Festival, which also marks the 30th anniversary of\u00a0Ashtar for Theatre Productions and Training \u0639\u0634\u062a\u0627\u0631 \u0644\u0625\u0646\u062a\u0627\u062c \u0648\u062a\u062f\u0631\u064a\u0628 \u0627\u0644\u0645\u0633\u0631\u062d\u00a0and will run until 7th July.\",\"breadcrumb\":{\"@id\":\"https:\\\/\\\/www.institutfrancais-jerusalem.org\\\/gaza\\\/ashtar-international-youth-theatre-festival\\\/#breadcrumb\"},\"inLanguage\":\"fr-FR\",\"potentialAction\":[{\"@type\":\"ReadAction\",\"target\":[\"https:\\\/\\\/www.institutfrancais-jerusalem.org\\\/gaza\\\/ashtar-international-youth-theatre-festival\\\/\"]}]},{\"@type\":\"ImageObject\",\"inLanguage\":\"fr-FR\",\"@id\":\"https:\\\/\\\/www.institutfrancais-jerusalem.org\\\/gaza\\\/ashtar-international-youth-theatre-festival\\\/#primaryimage\",\"url\":\"https:\\\/\\\/www.institutfrancais-jerusalem.org\\\/gaza\\\/wp-content\\\/uploads\\\/sites\\\/9\\\/2021\\\/07\\\/Affiche-Ashtar-festival-juillet-2021.jpg\",\"contentUrl\":\"https:\\\/\\\/www.institutfrancais-jerusalem.org\\\/gaza\\\/wp-content\\\/uploads\\\/sites\\\/9\\\/2021\\\/07\\\/Affiche-Ashtar-festival-juillet-2021.jpg\",\"width\":1131,\"height\":1600},{\"@type\":\"BreadcrumbList\",\"@id\":\"https:\\\/\\\/www.institutfrancais-jerusalem.org\\\/gaza\\\/ashtar-international-youth-theatre-festival\\\/#breadcrumb\",\"itemListElement\":[{\"@type\":\"ListItem\",\"position\":1,\"name\":\"Accueil\",\"item\":\"https:\\\/\\\/www.institutfrancais-jerusalem.org\\\/gaza\\\/\"},{\"@type\":\"ListItem\",\"position\":2,\"name\":\"Ashtar International Youth Theatre Festival\"}]},{\"@type\":\"WebSite\",\"@id\":\"https:\\\/\\\/www.institutfrancais-jerusalem.org\\\/gaza\\\/#website\",\"url\":\"https:\\\/\\\/www.institutfrancais-jerusalem.org\\\/gaza\\\/\",\"name\":\"Institut Fran\u00e7ais de J\u00e9rusalem - Gaza\",\"description\":\"\",\"potentialAction\":[{\"@type\":\"SearchAction\",\"target\":{\"@type\":\"EntryPoint\",\"urlTemplate\":\"https:\\\/\\\/www.institutfrancais-jerusalem.org\\\/gaza\\\/?s={search_term_string}\"},\"query-input\":{\"@type\":\"PropertyValueSpecification\",\"valueRequired\":true,\"valueName\":\"search_term_string\"}}],\"inLanguage\":\"fr-FR\"},{\"@type\":\"Person\",\"@id\":\"https:\\\/\\\/www.institutfrancais-jerusalem.org\\\/gaza\\\/#\\\/schema\\\/person\\\/0d606b93f4fb1eb5c713b8be3dd4c4bf\",\"name\":\"admin6590\",\"image\":{\"@type\":\"ImageObject\",\"inLanguage\":\"fr-FR\",\"@id\":\"https:\\\/\\\/secure.gravatar.com\\\/avatar\\\/26482e0f083efa40e5c2db57a3d590897a500390cc256266e30d5da5605a03a9?s=96&d=mm&r=g\",\"url\":\"https:\\\/\\\/secure.gravatar.com\\\/avatar\\\/26482e0f083efa40e5c2db57a3d590897a500390cc256266e30d5da5605a03a9?s=96&d=mm&r=g\",\"contentUrl\":\"https:\\\/\\\/secure.gravatar.com\\\/avatar\\\/26482e0f083efa40e5c2db57a3d590897a500390cc256266e30d5da5605a03a9?s=96&d=mm&r=g\",\"caption\":\"admin6590\"},\"url\":\"https:\\\/\\\/www.institutfrancais-jerusalem.org\\\/gaza\\\/author\\\/admin6590\\\/\"}]}<\/script>\n<!-- \/ Yoast SEO plugin. -->","yoast_head_json":{"title":"Ashtar International Youth Theatre Festival - Institut Fran\u00e7ais de J\u00e9rusalem - Gaza","description":"\u00a0We are delighted to be supporting \u2018ARTIVISM\u2019, the 5th edition of Ashtar\u00a0International Youth Theatre Festival, which also marks the 30th anniversary of\u00a0Ashtar for Theatre Productions and Training \u0639\u0634\u062a\u0627\u0631 \u0644\u0625\u0646\u062a\u0627\u062c \u0648\u062a\u062f\u0631\u064a\u0628 \u0627\u0644\u0645\u0633\u0631\u062d\u00a0and will run until 7th July.","robots":{"index":"index","follow":"follow","max-snippet":"max-snippet:-1","max-image-preview":"max-image-preview:large","max-video-preview":"max-video-preview:-1"},"canonical":"https:\/\/www.institutfrancais-jerusalem.org\/gaza\/ashtar-international-youth-theatre-festival\/","og_locale":"fr_FR","og_type":"article","og_title":"Ashtar International Youth Theatre Festival - Institut Fran\u00e7ais de J\u00e9rusalem - Gaza","og_description":"\u00a0We are delighted to be supporting \u2018ARTIVISM\u2019, the 5th edition of Ashtar\u00a0International Youth Theatre Festival, which also marks the 30th anniversary of\u00a0Ashtar for Theatre Productions and Training \u0639\u0634\u062a\u0627\u0631 \u0644\u0625\u0646\u062a\u0627\u062c \u0648\u062a\u062f\u0631\u064a\u0628 \u0627\u0644\u0645\u0633\u0631\u062d\u00a0and will run until 7th July.","og_url":"https:\/\/www.institutfrancais-jerusalem.org\/gaza\/ashtar-international-youth-theatre-festival\/","og_site_name":"Institut Fran\u00e7ais de J\u00e9rusalem - Gaza","article_published_time":"2021-07-05T13:57:35+00:00","article_modified_time":"2021-07-05T14:03:50+00:00","og_image":[{"width":1131,"height":1600,"url":"https:\/\/www.institutfrancais-jerusalem.org\/gaza\/wp-content\/uploads\/sites\/9\/2021\/07\/Affiche-Ashtar-festival-juillet-2021.jpg","type":"image\/jpeg"}],"author":"admin6590","twitter_card":"summary_large_image","twitter_misc":{"\u00c9crit par":"admin6590","Dur\u00e9e de lecture estim\u00e9e":"2 minutes"},"schema":{"@context":"https:\/\/schema.org","@graph":[{"@type":"Article","@id":"https:\/\/www.institutfrancais-jerusalem.org\/gaza\/ashtar-international-youth-theatre-festival\/#article","isPartOf":{"@id":"https:\/\/www.institutfrancais-jerusalem.org\/gaza\/ashtar-international-youth-theatre-festival\/"},"author":{"name":"admin6590","@id":"https:\/\/www.institutfrancais-jerusalem.org\/gaza\/#\/schema\/person\/0d606b93f4fb1eb5c713b8be3dd4c4bf"},"headline":"Ashtar International Youth Theatre Festival","datePublished":"2021-07-05T13:57:35+00:00","dateModified":"2021-07-05T14:03:50+00:00","mainEntityOfPage":{"@id":"https:\/\/www.institutfrancais-jerusalem.org\/gaza\/ashtar-international-youth-theatre-festival\/"},"wordCount":243,"image":{"@id":"https:\/\/www.institutfrancais-jerusalem.org\/gaza\/ashtar-international-youth-theatre-festival\/#primaryimage"},"thumbnailUrl":"https:\/\/www.institutfrancais-jerusalem.org\/gaza\/wp-content\/uploads\/sites\/9\/2021\/07\/Affiche-Ashtar-festival-juillet-2021.jpg","keywords":["art","artivism","ashtar","culture","jeunesse","master class","ramallah","th\u00e9\u00e2tre","visual art","youth"],"articleSection":["Agenda culturel","Arts vivants","Diaporama","GAZA","RAMALLAH"],"inLanguage":"fr-FR"},{"@type":"WebPage","@id":"https:\/\/www.institutfrancais-jerusalem.org\/gaza\/ashtar-international-youth-theatre-festival\/","url":"https:\/\/www.institutfrancais-jerusalem.org\/gaza\/ashtar-international-youth-theatre-festival\/","name":"Ashtar International Youth Theatre Festival - Institut Fran\u00e7ais de J\u00e9rusalem - Gaza","isPartOf":{"@id":"https:\/\/www.institutfrancais-jerusalem.org\/gaza\/#website"},"primaryImageOfPage":{"@id":"https:\/\/www.institutfrancais-jerusalem.org\/gaza\/ashtar-international-youth-theatre-festival\/#primaryimage"},"image":{"@id":"https:\/\/www.institutfrancais-jerusalem.org\/gaza\/ashtar-international-youth-theatre-festival\/#primaryimage"},"thumbnailUrl":"https:\/\/www.institutfrancais-jerusalem.org\/gaza\/wp-content\/uploads\/sites\/9\/2021\/07\/Affiche-Ashtar-festival-juillet-2021.jpg","datePublished":"2021-07-05T13:57:35+00:00","dateModified":"2021-07-05T14:03:50+00:00","author":{"@id":"https:\/\/www.institutfrancais-jerusalem.org\/gaza\/#\/schema\/person\/0d606b93f4fb1eb5c713b8be3dd4c4bf"},"description":"\u00a0We are delighted to be supporting \u2018ARTIVISM\u2019, the 5th edition of Ashtar\u00a0International Youth Theatre Festival, which also marks the 30th anniversary of\u00a0Ashtar for Theatre Productions and Training \u0639\u0634\u062a\u0627\u0631 \u0644\u0625\u0646\u062a\u0627\u062c \u0648\u062a\u062f\u0631\u064a\u0628 \u0627\u0644\u0645\u0633\u0631\u062d\u00a0and will run until 7th July.","breadcrumb":{"@id":"https:\/\/www.institutfrancais-jerusalem.org\/gaza\/ashtar-international-youth-theatre-festival\/#breadcrumb"},"inLanguage":"fr-FR","potentialAction":[{"@type":"ReadAction","target":["https:\/\/www.institutfrancais-jerusalem.org\/gaza\/ashtar-international-youth-theatre-festival\/"]}]},{"@type":"ImageObject","inLanguage":"fr-FR","@id":"https:\/\/www.institutfrancais-jerusalem.org\/gaza\/ashtar-international-youth-theatre-festival\/#primaryimage","url":"https:\/\/www.institutfrancais-jerusalem.org\/gaza\/wp-content\/uploads\/sites\/9\/2021\/07\/Affiche-Ashtar-festival-juillet-2021.jpg","contentUrl":"https:\/\/www.institutfrancais-jerusalem.org\/gaza\/wp-content\/uploads\/sites\/9\/2021\/07\/Affiche-Ashtar-festival-juillet-2021.jpg","width":1131,"height":1600},{"@type":"BreadcrumbList","@id":"https:\/\/www.institutfrancais-jerusalem.org\/gaza\/ashtar-international-youth-theatre-festival\/#breadcrumb","itemListElement":[{"@type":"ListItem","position":1,"name":"Accueil","item":"https:\/\/www.institutfrancais-jerusalem.org\/gaza\/"},{"@type":"ListItem","position":2,"name":"Ashtar International Youth Theatre Festival"}]},{"@type":"WebSite","@id":"https:\/\/www.institutfrancais-jerusalem.org\/gaza\/#website","url":"https:\/\/www.institutfrancais-jerusalem.org\/gaza\/","name":"Institut Fran\u00e7ais de J\u00e9rusalem - Gaza","description":"","potentialAction":[{"@type":"SearchAction","target":{"@type":"EntryPoint","urlTemplate":"https:\/\/www.institutfrancais-jerusalem.org\/gaza\/?s={search_term_string}"},"query-input":{"@type":"PropertyValueSpecification","valueRequired":true,"valueName":"search_term_string"}}],"inLanguage":"fr-FR"},{"@type":"Person","@id":"https:\/\/www.institutfrancais-jerusalem.org\/gaza\/#\/schema\/person\/0d606b93f4fb1eb5c713b8be3dd4c4bf","name":"admin6590","image":{"@type":"ImageObject","inLanguage":"fr-FR","@id":"https:\/\/secure.gravatar.com\/avatar\/26482e0f083efa40e5c2db57a3d590897a500390cc256266e30d5da5605a03a9?s=96&d=mm&r=g","url":"https:\/\/secure.gravatar.com\/avatar\/26482e0f083efa40e5c2db57a3d590897a500390cc256266e30d5da5605a03a9?s=96&d=mm&r=g","contentUrl":"https:\/\/secure.gravatar.com\/avatar\/26482e0f083efa40e5c2db57a3d590897a500390cc256266e30d5da5605a03a9?s=96&d=mm&r=g","caption":"admin6590"},"url":"https:\/\/www.institutfrancais-jerusalem.org\/gaza\/author\/admin6590\/"}]}},"_links":{"self":[{"href":"https:\/\/www.institutfrancais-jerusalem.org\/gaza\/wp-json\/wp\/v2\/posts\/4368","targetHints":{"allow":["GET"]}}],"collection":[{"href":"https:\/\/www.institutfrancais-jerusalem.org\/gaza\/wp-json\/wp\/v2\/posts"}],"about":[{"href":"https:\/\/www.institutfrancais-jerusalem.org\/gaza\/wp-json\/wp\/v2\/types\/post"}],"author":[{"embeddable":true,"href":"https:\/\/www.institutfrancais-jerusalem.org\/gaza\/wp-json\/wp\/v2\/users\/1"}],"replies":[{"embeddable":true,"href":"https:\/\/www.institutfrancais-jerusalem.org\/gaza\/wp-json\/wp\/v2\/comments?post=4368"}],"version-history":[{"count":1,"href":"https:\/\/www.institutfrancais-jerusalem.org\/gaza\/wp-json\/wp\/v2\/posts\/4368\/revisions"}],"predecessor-version":[{"id":4371,"href":"https:\/\/www.institutfrancais-jerusalem.org\/gaza\/wp-json\/wp\/v2\/posts\/4368\/revisions\/4371"}],"wp:featuredmedia":[{"embeddable":true,"href":"https:\/\/www.institutfrancais-jerusalem.org\/gaza\/wp-json\/wp\/v2\/media\/4369"}],"wp:attachment":[{"href":"https:\/\/www.institutfrancais-jerusalem.org\/gaza\/wp-json\/wp\/v2\/media?parent=4368"}],"wp:term":[{"taxonomy":"category","embeddable":true,"href":"https:\/\/www.institutfrancais-jerusalem.org\/gaza\/wp-json\/wp\/v2\/categories?post=4368"},{"taxonomy":"post_tag","embeddable":true,"href":"https:\/\/www.institutfrancais-jerusalem.org\/gaza\/wp-json\/wp\/v2\/tags?post=4368"}],"curies":[{"name":"wp","href":"https:\/\/api.w.org\/{rel}","templated":true}]}}