{"id":4225,"date":"2021-01-12T11:47:29","date_gmt":"2021-01-12T10:47:29","guid":{"rendered":"https:\/\/www.institutfrancais-jerusalem.org\/gaza\/?p=4225"},"modified":"2021-01-12T11:54:17","modified_gmt":"2021-01-12T10:54:17","slug":"session-de-francais-fevrier-2021","status":"publish","type":"post","link":"https:\/\/www.institutfrancais-jerusalem.org\/gaza\/session-de-francais-fevrier-2021\/","title":{"rendered":"Session de fran\u00e7ais f\u00e9vrier 2021"},"content":{"rendered":"<p>L\u2019Institut fran\u00e7ais de J\u00e9rusalem, antenne de Gaza, <strong>r\u00e9ouvre ses portes<\/strong> apr\u00e8s une longue fermeture pour recevoir<br \/>\nles \u00e9tudiants de la langue fran\u00e7aise en pr\u00e9sentiel.<br \/>\nLe d\u00e9but de la nouvelle session est pr\u00e9vu pour <strong>le dimanche 07 f\u00e9vrier 2021<\/strong>, il s\u2019agit de <strong>cours de fran\u00e7ais pour les adultes<\/strong>, tous niveaux,d\u2019une dur\u00e9e de 40 heures \u00e0 200 NIS, et de <strong>cours de conversation de 30 heures<\/strong> \u00e0 160 NIS, <strong>une r\u00e9duction est offerte aux \u00e9tudiants et aux \u00e9l\u00e8ves<\/strong> sur pr\u00e9sentation d\u2019un justificatif.<\/p>\n<p><strong>Les inscriptions sont ouvertes du mercredi 13 janvier au mercredi 03 f\u00e9vrier 2021.<\/strong><br \/>\nN\u2019h\u00e9sitez pas \u00e0 nous appeler pour toute autre information :<br \/>\n08-2867883, 0566919109<br \/>\nOu sur <a href=\"https:\/\/www.facebook.com\/InstitutFrancaisGaza\">Facebook<\/a>.<br \/>\nBon retour \ud83d\ude0a<\/p>\n","protected":false},"excerpt":{"rendered":"<p>L\u2019Institut fran\u00e7ais de J\u00e9rusalem, antenne de Gaza, r\u00e9ouvre ses portes apr\u00e8s une longue fermeture pour recevoir les \u00e9tudiants de la langue fran\u00e7aise en pr\u00e9sentiel. Le d\u00e9but de la nouvelle session est pr\u00e9vu pour le dimanche 07 f\u00e9vrier 2021, il s\u2019agit de cours de fran\u00e7ais pour les adultes, tous niveaux,d\u2019une dur\u00e9e de 40 heures \u00e0 200 &hellip;<\/p>\n","protected":false},"author":6,"featured_media":0,"comment_status":"closed","ping_status":"closed","sticky":false,"template":"","format":"standard","meta":{"footnotes":""},"categories":[28],"tags":[],"class_list":["post-4225","post","type-post","status-publish","format-standard","","category-gaza"],"yoast_head":"<!-- This site is optimized with the Yoast SEO plugin v27.5 - https:\/\/yoast.com\/product\/yoast-seo-wordpress\/ -->\n<title>Session de fran\u00e7ais f\u00e9vrier 2021 - Institut Fran\u00e7ais de J\u00e9rusalem - Gaza<\/title>\n<meta name=\"robots\" content=\"index, follow, max-snippet:-1, max-image-preview:large, max-video-preview:-1\" \/>\n<link rel=\"canonical\" href=\"https:\/\/www.institutfrancais-jerusalem.org\/gaza\/session-de-francais-fevrier-2021\/\" \/>\n<meta property=\"og:locale\" content=\"fr_FR\" \/>\n<meta property=\"og:type\" content=\"article\" \/>\n<meta property=\"og:title\" content=\"Session de fran\u00e7ais f\u00e9vrier 2021 - Institut Fran\u00e7ais de J\u00e9rusalem - Gaza\" \/>\n<meta property=\"og:description\" content=\"L\u2019Institut fran\u00e7ais de J\u00e9rusalem, antenne de Gaza, r\u00e9ouvre ses portes apr\u00e8s une longue fermeture pour recevoir les \u00e9tudiants de la langue fran\u00e7aise en pr\u00e9sentiel. Le d\u00e9but de la nouvelle session est pr\u00e9vu pour le dimanche 07 f\u00e9vrier 2021, il s\u2019agit de cours de fran\u00e7ais pour les adultes, tous niveaux,d\u2019une dur\u00e9e de 40 heures \u00e0 200 &hellip;\" \/>\n<meta property=\"og:url\" content=\"https:\/\/www.institutfrancais-jerusalem.org\/gaza\/session-de-francais-fevrier-2021\/\" \/>\n<meta property=\"og:site_name\" content=\"Institut Fran\u00e7ais de J\u00e9rusalem - Gaza\" \/>\n<meta property=\"article:published_time\" content=\"2021-01-12T10:47:29+00:00\" \/>\n<meta property=\"article:modified_time\" content=\"2021-01-12T10:54:17+00:00\" \/>\n<meta name=\"author\" content=\"ifjgaza\" \/>\n<meta name=\"twitter:card\" content=\"summary_large_image\" \/>\n<meta name=\"twitter:label1\" content=\"\u00c9crit par\" \/>\n\t<meta name=\"twitter:data1\" content=\"ifjgaza\" \/>\n\t<meta name=\"twitter:label2\" content=\"Dur\u00e9e de lecture estim\u00e9e\" \/>\n\t<meta name=\"twitter:data2\" content=\"1 minute\" \/>\n<script type=\"application\/ld+json\" class=\"yoast-schema-graph\">{\"@context\":\"https:\\\/\\\/schema.org\",\"@graph\":[{\"@type\":\"Article\",\"@id\":\"https:\\\/\\\/www.institutfrancais-jerusalem.org\\\/gaza\\\/session-de-francais-fevrier-2021\\\/#article\",\"isPartOf\":{\"@id\":\"https:\\\/\\\/www.institutfrancais-jerusalem.org\\\/gaza\\\/session-de-francais-fevrier-2021\\\/\"},\"author\":{\"name\":\"ifjgaza\",\"@id\":\"https:\\\/\\\/www.institutfrancais-jerusalem.org\\\/gaza\\\/#\\\/schema\\\/person\\\/f2207ffbd94a37d0b7a1446e3f6f0950\"},\"headline\":\"Session de fran\u00e7ais f\u00e9vrier 2021\",\"datePublished\":\"2021-01-12T10:47:29+00:00\",\"dateModified\":\"2021-01-12T10:54:17+00:00\",\"mainEntityOfPage\":{\"@id\":\"https:\\\/\\\/www.institutfrancais-jerusalem.org\\\/gaza\\\/session-de-francais-fevrier-2021\\\/\"},\"wordCount\":124,\"articleSection\":[\"GAZA\"],\"inLanguage\":\"fr-FR\"},{\"@type\":\"WebPage\",\"@id\":\"https:\\\/\\\/www.institutfrancais-jerusalem.org\\\/gaza\\\/session-de-francais-fevrier-2021\\\/\",\"url\":\"https:\\\/\\\/www.institutfrancais-jerusalem.org\\\/gaza\\\/session-de-francais-fevrier-2021\\\/\",\"name\":\"Session de fran\u00e7ais f\u00e9vrier 2021 - Institut Fran\u00e7ais de J\u00e9rusalem - Gaza\",\"isPartOf\":{\"@id\":\"https:\\\/\\\/www.institutfrancais-jerusalem.org\\\/gaza\\\/#website\"},\"datePublished\":\"2021-01-12T10:47:29+00:00\",\"dateModified\":\"2021-01-12T10:54:17+00:00\",\"author\":{\"@id\":\"https:\\\/\\\/www.institutfrancais-jerusalem.org\\\/gaza\\\/#\\\/schema\\\/person\\\/f2207ffbd94a37d0b7a1446e3f6f0950\"},\"breadcrumb\":{\"@id\":\"https:\\\/\\\/www.institutfrancais-jerusalem.org\\\/gaza\\\/session-de-francais-fevrier-2021\\\/#breadcrumb\"},\"inLanguage\":\"fr-FR\",\"potentialAction\":[{\"@type\":\"ReadAction\",\"target\":[\"https:\\\/\\\/www.institutfrancais-jerusalem.org\\\/gaza\\\/session-de-francais-fevrier-2021\\\/\"]}]},{\"@type\":\"BreadcrumbList\",\"@id\":\"https:\\\/\\\/www.institutfrancais-jerusalem.org\\\/gaza\\\/session-de-francais-fevrier-2021\\\/#breadcrumb\",\"itemListElement\":[{\"@type\":\"ListItem\",\"position\":1,\"name\":\"Accueil\",\"item\":\"https:\\\/\\\/www.institutfrancais-jerusalem.org\\\/gaza\\\/\"},{\"@type\":\"ListItem\",\"position\":2,\"name\":\"Session de fran\u00e7ais f\u00e9vrier 2021\"}]},{\"@type\":\"WebSite\",\"@id\":\"https:\\\/\\\/www.institutfrancais-jerusalem.org\\\/gaza\\\/#website\",\"url\":\"https:\\\/\\\/www.institutfrancais-jerusalem.org\\\/gaza\\\/\",\"name\":\"Institut Fran\u00e7ais de J\u00e9rusalem - Gaza\",\"description\":\"\",\"potentialAction\":[{\"@type\":\"SearchAction\",\"target\":{\"@type\":\"EntryPoint\",\"urlTemplate\":\"https:\\\/\\\/www.institutfrancais-jerusalem.org\\\/gaza\\\/?s={search_term_string}\"},\"query-input\":{\"@type\":\"PropertyValueSpecification\",\"valueRequired\":true,\"valueName\":\"search_term_string\"}}],\"inLanguage\":\"fr-FR\"},{\"@type\":\"Person\",\"@id\":\"https:\\\/\\\/www.institutfrancais-jerusalem.org\\\/gaza\\\/#\\\/schema\\\/person\\\/f2207ffbd94a37d0b7a1446e3f6f0950\",\"name\":\"ifjgaza\",\"image\":{\"@type\":\"ImageObject\",\"inLanguage\":\"fr-FR\",\"@id\":\"https:\\\/\\\/secure.gravatar.com\\\/avatar\\\/567bd01b6ac69646c7067e93093a1d868ab71cfbf8c99120aa16a03d96aa27c9?s=96&d=mm&r=g\",\"url\":\"https:\\\/\\\/secure.gravatar.com\\\/avatar\\\/567bd01b6ac69646c7067e93093a1d868ab71cfbf8c99120aa16a03d96aa27c9?s=96&d=mm&r=g\",\"contentUrl\":\"https:\\\/\\\/secure.gravatar.com\\\/avatar\\\/567bd01b6ac69646c7067e93093a1d868ab71cfbf8c99120aa16a03d96aa27c9?s=96&d=mm&r=g\",\"caption\":\"ifjgaza\"},\"url\":\"https:\\\/\\\/www.institutfrancais-jerusalem.org\\\/gaza\\\/author\\\/ifjgaza\\\/\"}]}<\/script>\n<!-- \/ Yoast SEO plugin. -->","yoast_head_json":{"title":"Session de fran\u00e7ais f\u00e9vrier 2021 - Institut Fran\u00e7ais de J\u00e9rusalem - Gaza","robots":{"index":"index","follow":"follow","max-snippet":"max-snippet:-1","max-image-preview":"max-image-preview:large","max-video-preview":"max-video-preview:-1"},"canonical":"https:\/\/www.institutfrancais-jerusalem.org\/gaza\/session-de-francais-fevrier-2021\/","og_locale":"fr_FR","og_type":"article","og_title":"Session de fran\u00e7ais f\u00e9vrier 2021 - Institut Fran\u00e7ais de J\u00e9rusalem - Gaza","og_description":"L\u2019Institut fran\u00e7ais de J\u00e9rusalem, antenne de Gaza, r\u00e9ouvre ses portes apr\u00e8s une longue fermeture pour recevoir les \u00e9tudiants de la langue fran\u00e7aise en pr\u00e9sentiel. Le d\u00e9but de la nouvelle session est pr\u00e9vu pour le dimanche 07 f\u00e9vrier 2021, il s\u2019agit de cours de fran\u00e7ais pour les adultes, tous niveaux,d\u2019une dur\u00e9e de 40 heures \u00e0 200 &hellip;","og_url":"https:\/\/www.institutfrancais-jerusalem.org\/gaza\/session-de-francais-fevrier-2021\/","og_site_name":"Institut Fran\u00e7ais de J\u00e9rusalem - Gaza","article_published_time":"2021-01-12T10:47:29+00:00","article_modified_time":"2021-01-12T10:54:17+00:00","author":"ifjgaza","twitter_card":"summary_large_image","twitter_misc":{"\u00c9crit par":"ifjgaza","Dur\u00e9e de lecture estim\u00e9e":"1 minute"},"schema":{"@context":"https:\/\/schema.org","@graph":[{"@type":"Article","@id":"https:\/\/www.institutfrancais-jerusalem.org\/gaza\/session-de-francais-fevrier-2021\/#article","isPartOf":{"@id":"https:\/\/www.institutfrancais-jerusalem.org\/gaza\/session-de-francais-fevrier-2021\/"},"author":{"name":"ifjgaza","@id":"https:\/\/www.institutfrancais-jerusalem.org\/gaza\/#\/schema\/person\/f2207ffbd94a37d0b7a1446e3f6f0950"},"headline":"Session de fran\u00e7ais f\u00e9vrier 2021","datePublished":"2021-01-12T10:47:29+00:00","dateModified":"2021-01-12T10:54:17+00:00","mainEntityOfPage":{"@id":"https:\/\/www.institutfrancais-jerusalem.org\/gaza\/session-de-francais-fevrier-2021\/"},"wordCount":124,"articleSection":["GAZA"],"inLanguage":"fr-FR"},{"@type":"WebPage","@id":"https:\/\/www.institutfrancais-jerusalem.org\/gaza\/session-de-francais-fevrier-2021\/","url":"https:\/\/www.institutfrancais-jerusalem.org\/gaza\/session-de-francais-fevrier-2021\/","name":"Session de fran\u00e7ais f\u00e9vrier 2021 - Institut Fran\u00e7ais de J\u00e9rusalem - Gaza","isPartOf":{"@id":"https:\/\/www.institutfrancais-jerusalem.org\/gaza\/#website"},"datePublished":"2021-01-12T10:47:29+00:00","dateModified":"2021-01-12T10:54:17+00:00","author":{"@id":"https:\/\/www.institutfrancais-jerusalem.org\/gaza\/#\/schema\/person\/f2207ffbd94a37d0b7a1446e3f6f0950"},"breadcrumb":{"@id":"https:\/\/www.institutfrancais-jerusalem.org\/gaza\/session-de-francais-fevrier-2021\/#breadcrumb"},"inLanguage":"fr-FR","potentialAction":[{"@type":"ReadAction","target":["https:\/\/www.institutfrancais-jerusalem.org\/gaza\/session-de-francais-fevrier-2021\/"]}]},{"@type":"BreadcrumbList","@id":"https:\/\/www.institutfrancais-jerusalem.org\/gaza\/session-de-francais-fevrier-2021\/#breadcrumb","itemListElement":[{"@type":"ListItem","position":1,"name":"Accueil","item":"https:\/\/www.institutfrancais-jerusalem.org\/gaza\/"},{"@type":"ListItem","position":2,"name":"Session de fran\u00e7ais f\u00e9vrier 2021"}]},{"@type":"WebSite","@id":"https:\/\/www.institutfrancais-jerusalem.org\/gaza\/#website","url":"https:\/\/www.institutfrancais-jerusalem.org\/gaza\/","name":"Institut Fran\u00e7ais de J\u00e9rusalem - Gaza","description":"","potentialAction":[{"@type":"SearchAction","target":{"@type":"EntryPoint","urlTemplate":"https:\/\/www.institutfrancais-jerusalem.org\/gaza\/?s={search_term_string}"},"query-input":{"@type":"PropertyValueSpecification","valueRequired":true,"valueName":"search_term_string"}}],"inLanguage":"fr-FR"},{"@type":"Person","@id":"https:\/\/www.institutfrancais-jerusalem.org\/gaza\/#\/schema\/person\/f2207ffbd94a37d0b7a1446e3f6f0950","name":"ifjgaza","image":{"@type":"ImageObject","inLanguage":"fr-FR","@id":"https:\/\/secure.gravatar.com\/avatar\/567bd01b6ac69646c7067e93093a1d868ab71cfbf8c99120aa16a03d96aa27c9?s=96&d=mm&r=g","url":"https:\/\/secure.gravatar.com\/avatar\/567bd01b6ac69646c7067e93093a1d868ab71cfbf8c99120aa16a03d96aa27c9?s=96&d=mm&r=g","contentUrl":"https:\/\/secure.gravatar.com\/avatar\/567bd01b6ac69646c7067e93093a1d868ab71cfbf8c99120aa16a03d96aa27c9?s=96&d=mm&r=g","caption":"ifjgaza"},"url":"https:\/\/www.institutfrancais-jerusalem.org\/gaza\/author\/ifjgaza\/"}]}},"_links":{"self":[{"href":"https:\/\/www.institutfrancais-jerusalem.org\/gaza\/wp-json\/wp\/v2\/posts\/4225","targetHints":{"allow":["GET"]}}],"collection":[{"href":"https:\/\/www.institutfrancais-jerusalem.org\/gaza\/wp-json\/wp\/v2\/posts"}],"about":[{"href":"https:\/\/www.institutfrancais-jerusalem.org\/gaza\/wp-json\/wp\/v2\/types\/post"}],"author":[{"embeddable":true,"href":"https:\/\/www.institutfrancais-jerusalem.org\/gaza\/wp-json\/wp\/v2\/users\/6"}],"replies":[{"embeddable":true,"href":"https:\/\/www.institutfrancais-jerusalem.org\/gaza\/wp-json\/wp\/v2\/comments?post=4225"}],"version-history":[{"count":1,"href":"https:\/\/www.institutfrancais-jerusalem.org\/gaza\/wp-json\/wp\/v2\/posts\/4225\/revisions"}],"predecessor-version":[{"id":4228,"href":"https:\/\/www.institutfrancais-jerusalem.org\/gaza\/wp-json\/wp\/v2\/posts\/4225\/revisions\/4228"}],"wp:attachment":[{"href":"https:\/\/www.institutfrancais-jerusalem.org\/gaza\/wp-json\/wp\/v2\/media?parent=4225"}],"wp:term":[{"taxonomy":"category","embeddable":true,"href":"https:\/\/www.institutfrancais-jerusalem.org\/gaza\/wp-json\/wp\/v2\/categories?post=4225"},{"taxonomy":"post_tag","embeddable":true,"href":"https:\/\/www.institutfrancais-jerusalem.org\/gaza\/wp-json\/wp\/v2\/tags?post=4225"}],"curies":[{"name":"wp","href":"https:\/\/api.w.org\/{rel}","templated":true}]}}