{"id":4211,"date":"2021-01-13T08:00:00","date_gmt":"2021-01-13T07:00:00","guid":{"rendered":"https:\/\/www.institutfrancais-jerusalem.org\/gaza\/?p=4211"},"modified":"2021-01-11T12:12:19","modified_gmt":"2021-01-11T11:12:19","slug":"my-french-film-festival-2","status":"publish","type":"post","link":"https:\/\/www.institutfrancais-jerusalem.org\/gaza\/my-french-film-festival-2\/","title":{"rendered":"My French Film Festival"},"content":{"rendered":"<p>English following<\/p>\n<h6>R\u00e9v\u00e9lons tous notre \u00e2me de cin\u00e9phile ! Nous vous invitons du 15 janvier au 15 f\u00e9vrier 2021 au 11e festival de cin\u00e9ma francophone en ligne !<\/h6>\n<p><iframe loading=\"lazy\" src=\"https:\/\/www.youtube.com\/embed\/TXchCjYJJu4\" width=\"560\" height=\"315\" frameborder=\"0\" allowfullscreen=\"allowfullscreen\" data-mce-fragment=\"1\"><\/iframe><\/p>\n<p>Au total, 33 films sont \u00e0 votre disposition sur la <a href=\"http:\/\/myFrenchFilmFestival.com\">plateforme myFrenchFilmFestival.com<\/a>, tous sous-titr\u00e9s en anglais.<\/p>\n<p>Participez au Prix du Public en notant et en donnant votre avis sur les dix longs-m\u00e9trages et dix courts-m\u00e9trages en comp\u00e9tition.<\/p>\n<ul>\n<li>Tous les courts m\u00e9trages sont gratuits.<\/li>\n<li>Location par long-m\u00e9trage : 1,99\u20ac<\/li>\n<li>Pack festival permettant d&rsquo;acc\u00e9der \u00e0 tous les films disponibles : 7,99\u20ac<\/li>\n<\/ul>\n<h5><a href=\"https:\/\/www.myfrenchfilmfestival.com\/fr\/selection\">Retrouve toute la s\u00e9lection 2021 ici<\/a><\/h5>\n<p>&nbsp;<\/p>\n<h6>From January 15th to February 15th, 2021, let&rsquo;s all reveal our cinema-lover soul during the 11th edition of the first online francophone film festival!<\/h6>\n<p><iframe loading=\"lazy\" src=\"https:\/\/www.youtube.com\/embed\/TXchCjYJJu4\" width=\"560\" height=\"315\" frameborder=\"0\" allowfullscreen=\"allowfullscreen\" data-mce-fragment=\"1\"><\/iframe><\/p>\n<p>A total of 33 films are available on myFrenchFilmFestival.com platform, all with English subtitles.<\/p>\n<p>Take part in the Audience Award by rating and giving your opinion on the ten feature films and ten short films in competition.<\/p>\n<p>You have free access to all short films. The rental per feature film is \u20ac1.99 and the Festival Pack giving you access to all the films available is \u20ac7.99.<\/p>\n<h5><a href=\"https:\/\/www.myfrenchfilmfestival.com\/fr\/selection\">Find the entire 2021 selection here<\/a><\/h5>\n","protected":false},"excerpt":{"rendered":"<p>Du 15 janvier au 15 f\u00e9vrier 2021 r\u00e9v\u00e9lons tous notre \u00e2me de cin\u00e9phile lors de la 11e \u00e9dition du premier festival de cin\u00e9ma francophone en ligne !<\/p>\n","protected":false},"author":1,"featured_media":4214,"comment_status":"closed","ping_status":"closed","sticky":false,"template":"","format":"standard","meta":{"footnotes":""},"categories":[2,5,26,6,7,28,25],"tags":[167,13,63,95,93,59,61,62,302],"class_list":["post-4211","post","type-post","status-publish","format-standard","has-post-thumbnail","","category-agenda-culturel","category-breaking-news","category-agenda-culturel-chateaubriand","category-cinema","category-diaporama","category-gaza","category-ramallah","tag-audiovisuel","tag-cinema","tag-court-metrage","tag-culture","tag-en-ligne","tag-festival","tag-film","tag-long-metrage","tag-my-french-film-festival"],"yoast_head":"<!-- This site is optimized with the Yoast SEO plugin v27.5 - https:\/\/yoast.com\/product\/yoast-seo-wordpress\/ -->\n<title>My French Film Festival - Institut Fran\u00e7ais de J\u00e9rusalem - Gaza<\/title>\n<meta name=\"robots\" content=\"index, follow, max-snippet:-1, max-image-preview:large, max-video-preview:-1\" \/>\n<link rel=\"canonical\" href=\"https:\/\/www.institutfrancais-jerusalem.org\/gaza\/my-french-film-festival-2\/\" \/>\n<meta property=\"og:locale\" content=\"fr_FR\" \/>\n<meta property=\"og:type\" content=\"article\" \/>\n<meta property=\"og:title\" content=\"My French Film Festival - Institut Fran\u00e7ais de J\u00e9rusalem - Gaza\" \/>\n<meta property=\"og:description\" content=\"Du 15 janvier au 15 f\u00e9vrier 2021 r\u00e9v\u00e9lons tous notre \u00e2me de cin\u00e9phile lors de la 11e \u00e9dition du premier festival de cin\u00e9ma francophone en ligne !\" \/>\n<meta property=\"og:url\" content=\"https:\/\/www.institutfrancais-jerusalem.org\/gaza\/my-french-film-festival-2\/\" \/>\n<meta property=\"og:site_name\" content=\"Institut Fran\u00e7ais de J\u00e9rusalem - Gaza\" \/>\n<meta property=\"article:published_time\" content=\"2021-01-13T07:00:00+00:00\" \/>\n<meta property=\"og:image\" content=\"https:\/\/www.institutfrancais-jerusalem.org\/gaza\/wp-content\/uploads\/sites\/9\/2021\/01\/My-French-Film-Festival-Bandeau.jpg\" \/>\n\t<meta property=\"og:image:width\" content=\"399\" \/>\n\t<meta property=\"og:image:height\" content=\"301\" \/>\n\t<meta property=\"og:image:type\" content=\"image\/jpeg\" \/>\n<meta name=\"author\" content=\"admin6590\" \/>\n<meta name=\"twitter:card\" content=\"summary_large_image\" \/>\n<meta name=\"twitter:label1\" content=\"\u00c9crit par\" \/>\n\t<meta name=\"twitter:data1\" content=\"admin6590\" \/>\n\t<meta name=\"twitter:label2\" content=\"Dur\u00e9e de lecture estim\u00e9e\" \/>\n\t<meta name=\"twitter:data2\" content=\"1 minute\" \/>\n<script type=\"application\/ld+json\" class=\"yoast-schema-graph\">{\"@context\":\"https:\\\/\\\/schema.org\",\"@graph\":[{\"@type\":\"Article\",\"@id\":\"https:\\\/\\\/www.institutfrancais-jerusalem.org\\\/gaza\\\/my-french-film-festival-2\\\/#article\",\"isPartOf\":{\"@id\":\"https:\\\/\\\/www.institutfrancais-jerusalem.org\\\/gaza\\\/my-french-film-festival-2\\\/\"},\"author\":{\"name\":\"admin6590\",\"@id\":\"https:\\\/\\\/www.institutfrancais-jerusalem.org\\\/gaza\\\/#\\\/schema\\\/person\\\/0d606b93f4fb1eb5c713b8be3dd4c4bf\"},\"headline\":\"My French Film Festival\",\"datePublished\":\"2021-01-13T07:00:00+00:00\",\"mainEntityOfPage\":{\"@id\":\"https:\\\/\\\/www.institutfrancais-jerusalem.org\\\/gaza\\\/my-french-film-festival-2\\\/\"},\"wordCount\":193,\"image\":{\"@id\":\"https:\\\/\\\/www.institutfrancais-jerusalem.org\\\/gaza\\\/my-french-film-festival-2\\\/#primaryimage\"},\"thumbnailUrl\":\"https:\\\/\\\/www.institutfrancais-jerusalem.org\\\/gaza\\\/wp-content\\\/uploads\\\/sites\\\/9\\\/2021\\\/01\\\/My-French-Film-Festival-Bandeau.jpg\",\"keywords\":[\"audiovisuel\",\"Cin\u00e9ma\",\"court m\u00e9trage\",\"culture\",\"en ligne\",\"festival\",\"film\",\"long m\u00e9trage\",\"My French Film Festival\"],\"articleSection\":[\"Agenda culturel\",\"breaking-news\",\"CHATEAUBRIAND\",\"Cin\u00e9ma\",\"Diaporama\",\"GAZA\",\"RAMALLAH\"],\"inLanguage\":\"fr-FR\"},{\"@type\":\"WebPage\",\"@id\":\"https:\\\/\\\/www.institutfrancais-jerusalem.org\\\/gaza\\\/my-french-film-festival-2\\\/\",\"url\":\"https:\\\/\\\/www.institutfrancais-jerusalem.org\\\/gaza\\\/my-french-film-festival-2\\\/\",\"name\":\"My French Film Festival - Institut Fran\u00e7ais de J\u00e9rusalem - Gaza\",\"isPartOf\":{\"@id\":\"https:\\\/\\\/www.institutfrancais-jerusalem.org\\\/gaza\\\/#website\"},\"primaryImageOfPage\":{\"@id\":\"https:\\\/\\\/www.institutfrancais-jerusalem.org\\\/gaza\\\/my-french-film-festival-2\\\/#primaryimage\"},\"image\":{\"@id\":\"https:\\\/\\\/www.institutfrancais-jerusalem.org\\\/gaza\\\/my-french-film-festival-2\\\/#primaryimage\"},\"thumbnailUrl\":\"https:\\\/\\\/www.institutfrancais-jerusalem.org\\\/gaza\\\/wp-content\\\/uploads\\\/sites\\\/9\\\/2021\\\/01\\\/My-French-Film-Festival-Bandeau.jpg\",\"datePublished\":\"2021-01-13T07:00:00+00:00\",\"author\":{\"@id\":\"https:\\\/\\\/www.institutfrancais-jerusalem.org\\\/gaza\\\/#\\\/schema\\\/person\\\/0d606b93f4fb1eb5c713b8be3dd4c4bf\"},\"breadcrumb\":{\"@id\":\"https:\\\/\\\/www.institutfrancais-jerusalem.org\\\/gaza\\\/my-french-film-festival-2\\\/#breadcrumb\"},\"inLanguage\":\"fr-FR\",\"potentialAction\":[{\"@type\":\"ReadAction\",\"target\":[\"https:\\\/\\\/www.institutfrancais-jerusalem.org\\\/gaza\\\/my-french-film-festival-2\\\/\"]}]},{\"@type\":\"ImageObject\",\"inLanguage\":\"fr-FR\",\"@id\":\"https:\\\/\\\/www.institutfrancais-jerusalem.org\\\/gaza\\\/my-french-film-festival-2\\\/#primaryimage\",\"url\":\"https:\\\/\\\/www.institutfrancais-jerusalem.org\\\/gaza\\\/wp-content\\\/uploads\\\/sites\\\/9\\\/2021\\\/01\\\/My-French-Film-Festival-Bandeau.jpg\",\"contentUrl\":\"https:\\\/\\\/www.institutfrancais-jerusalem.org\\\/gaza\\\/wp-content\\\/uploads\\\/sites\\\/9\\\/2021\\\/01\\\/My-French-Film-Festival-Bandeau.jpg\",\"width\":399,\"height\":301},{\"@type\":\"BreadcrumbList\",\"@id\":\"https:\\\/\\\/www.institutfrancais-jerusalem.org\\\/gaza\\\/my-french-film-festival-2\\\/#breadcrumb\",\"itemListElement\":[{\"@type\":\"ListItem\",\"position\":1,\"name\":\"Accueil\",\"item\":\"https:\\\/\\\/www.institutfrancais-jerusalem.org\\\/gaza\\\/\"},{\"@type\":\"ListItem\",\"position\":2,\"name\":\"My French Film Festival\"}]},{\"@type\":\"WebSite\",\"@id\":\"https:\\\/\\\/www.institutfrancais-jerusalem.org\\\/gaza\\\/#website\",\"url\":\"https:\\\/\\\/www.institutfrancais-jerusalem.org\\\/gaza\\\/\",\"name\":\"Institut Fran\u00e7ais de J\u00e9rusalem - Gaza\",\"description\":\"\",\"potentialAction\":[{\"@type\":\"SearchAction\",\"target\":{\"@type\":\"EntryPoint\",\"urlTemplate\":\"https:\\\/\\\/www.institutfrancais-jerusalem.org\\\/gaza\\\/?s={search_term_string}\"},\"query-input\":{\"@type\":\"PropertyValueSpecification\",\"valueRequired\":true,\"valueName\":\"search_term_string\"}}],\"inLanguage\":\"fr-FR\"},{\"@type\":\"Person\",\"@id\":\"https:\\\/\\\/www.institutfrancais-jerusalem.org\\\/gaza\\\/#\\\/schema\\\/person\\\/0d606b93f4fb1eb5c713b8be3dd4c4bf\",\"name\":\"admin6590\",\"image\":{\"@type\":\"ImageObject\",\"inLanguage\":\"fr-FR\",\"@id\":\"https:\\\/\\\/secure.gravatar.com\\\/avatar\\\/26482e0f083efa40e5c2db57a3d590897a500390cc256266e30d5da5605a03a9?s=96&d=mm&r=g\",\"url\":\"https:\\\/\\\/secure.gravatar.com\\\/avatar\\\/26482e0f083efa40e5c2db57a3d590897a500390cc256266e30d5da5605a03a9?s=96&d=mm&r=g\",\"contentUrl\":\"https:\\\/\\\/secure.gravatar.com\\\/avatar\\\/26482e0f083efa40e5c2db57a3d590897a500390cc256266e30d5da5605a03a9?s=96&d=mm&r=g\",\"caption\":\"admin6590\"},\"url\":\"https:\\\/\\\/www.institutfrancais-jerusalem.org\\\/gaza\\\/author\\\/admin6590\\\/\"}]}<\/script>\n<!-- \/ Yoast SEO plugin. -->","yoast_head_json":{"title":"My French Film Festival - Institut Fran\u00e7ais de J\u00e9rusalem - Gaza","robots":{"index":"index","follow":"follow","max-snippet":"max-snippet:-1","max-image-preview":"max-image-preview:large","max-video-preview":"max-video-preview:-1"},"canonical":"https:\/\/www.institutfrancais-jerusalem.org\/gaza\/my-french-film-festival-2\/","og_locale":"fr_FR","og_type":"article","og_title":"My French Film Festival - Institut Fran\u00e7ais de J\u00e9rusalem - Gaza","og_description":"Du 15 janvier au 15 f\u00e9vrier 2021 r\u00e9v\u00e9lons tous notre \u00e2me de cin\u00e9phile lors de la 11e \u00e9dition du premier festival de cin\u00e9ma francophone en ligne !","og_url":"https:\/\/www.institutfrancais-jerusalem.org\/gaza\/my-french-film-festival-2\/","og_site_name":"Institut Fran\u00e7ais de J\u00e9rusalem - Gaza","article_published_time":"2021-01-13T07:00:00+00:00","og_image":[{"width":399,"height":301,"url":"https:\/\/www.institutfrancais-jerusalem.org\/gaza\/wp-content\/uploads\/sites\/9\/2021\/01\/My-French-Film-Festival-Bandeau.jpg","type":"image\/jpeg"}],"author":"admin6590","twitter_card":"summary_large_image","twitter_misc":{"\u00c9crit par":"admin6590","Dur\u00e9e de lecture estim\u00e9e":"1 minute"},"schema":{"@context":"https:\/\/schema.org","@graph":[{"@type":"Article","@id":"https:\/\/www.institutfrancais-jerusalem.org\/gaza\/my-french-film-festival-2\/#article","isPartOf":{"@id":"https:\/\/www.institutfrancais-jerusalem.org\/gaza\/my-french-film-festival-2\/"},"author":{"name":"admin6590","@id":"https:\/\/www.institutfrancais-jerusalem.org\/gaza\/#\/schema\/person\/0d606b93f4fb1eb5c713b8be3dd4c4bf"},"headline":"My French Film Festival","datePublished":"2021-01-13T07:00:00+00:00","mainEntityOfPage":{"@id":"https:\/\/www.institutfrancais-jerusalem.org\/gaza\/my-french-film-festival-2\/"},"wordCount":193,"image":{"@id":"https:\/\/www.institutfrancais-jerusalem.org\/gaza\/my-french-film-festival-2\/#primaryimage"},"thumbnailUrl":"https:\/\/www.institutfrancais-jerusalem.org\/gaza\/wp-content\/uploads\/sites\/9\/2021\/01\/My-French-Film-Festival-Bandeau.jpg","keywords":["audiovisuel","Cin\u00e9ma","court m\u00e9trage","culture","en ligne","festival","film","long m\u00e9trage","My French Film Festival"],"articleSection":["Agenda culturel","breaking-news","CHATEAUBRIAND","Cin\u00e9ma","Diaporama","GAZA","RAMALLAH"],"inLanguage":"fr-FR"},{"@type":"WebPage","@id":"https:\/\/www.institutfrancais-jerusalem.org\/gaza\/my-french-film-festival-2\/","url":"https:\/\/www.institutfrancais-jerusalem.org\/gaza\/my-french-film-festival-2\/","name":"My French Film Festival - Institut Fran\u00e7ais de J\u00e9rusalem - Gaza","isPartOf":{"@id":"https:\/\/www.institutfrancais-jerusalem.org\/gaza\/#website"},"primaryImageOfPage":{"@id":"https:\/\/www.institutfrancais-jerusalem.org\/gaza\/my-french-film-festival-2\/#primaryimage"},"image":{"@id":"https:\/\/www.institutfrancais-jerusalem.org\/gaza\/my-french-film-festival-2\/#primaryimage"},"thumbnailUrl":"https:\/\/www.institutfrancais-jerusalem.org\/gaza\/wp-content\/uploads\/sites\/9\/2021\/01\/My-French-Film-Festival-Bandeau.jpg","datePublished":"2021-01-13T07:00:00+00:00","author":{"@id":"https:\/\/www.institutfrancais-jerusalem.org\/gaza\/#\/schema\/person\/0d606b93f4fb1eb5c713b8be3dd4c4bf"},"breadcrumb":{"@id":"https:\/\/www.institutfrancais-jerusalem.org\/gaza\/my-french-film-festival-2\/#breadcrumb"},"inLanguage":"fr-FR","potentialAction":[{"@type":"ReadAction","target":["https:\/\/www.institutfrancais-jerusalem.org\/gaza\/my-french-film-festival-2\/"]}]},{"@type":"ImageObject","inLanguage":"fr-FR","@id":"https:\/\/www.institutfrancais-jerusalem.org\/gaza\/my-french-film-festival-2\/#primaryimage","url":"https:\/\/www.institutfrancais-jerusalem.org\/gaza\/wp-content\/uploads\/sites\/9\/2021\/01\/My-French-Film-Festival-Bandeau.jpg","contentUrl":"https:\/\/www.institutfrancais-jerusalem.org\/gaza\/wp-content\/uploads\/sites\/9\/2021\/01\/My-French-Film-Festival-Bandeau.jpg","width":399,"height":301},{"@type":"BreadcrumbList","@id":"https:\/\/www.institutfrancais-jerusalem.org\/gaza\/my-french-film-festival-2\/#breadcrumb","itemListElement":[{"@type":"ListItem","position":1,"name":"Accueil","item":"https:\/\/www.institutfrancais-jerusalem.org\/gaza\/"},{"@type":"ListItem","position":2,"name":"My French Film Festival"}]},{"@type":"WebSite","@id":"https:\/\/www.institutfrancais-jerusalem.org\/gaza\/#website","url":"https:\/\/www.institutfrancais-jerusalem.org\/gaza\/","name":"Institut Fran\u00e7ais de J\u00e9rusalem - Gaza","description":"","potentialAction":[{"@type":"SearchAction","target":{"@type":"EntryPoint","urlTemplate":"https:\/\/www.institutfrancais-jerusalem.org\/gaza\/?s={search_term_string}"},"query-input":{"@type":"PropertyValueSpecification","valueRequired":true,"valueName":"search_term_string"}}],"inLanguage":"fr-FR"},{"@type":"Person","@id":"https:\/\/www.institutfrancais-jerusalem.org\/gaza\/#\/schema\/person\/0d606b93f4fb1eb5c713b8be3dd4c4bf","name":"admin6590","image":{"@type":"ImageObject","inLanguage":"fr-FR","@id":"https:\/\/secure.gravatar.com\/avatar\/26482e0f083efa40e5c2db57a3d590897a500390cc256266e30d5da5605a03a9?s=96&d=mm&r=g","url":"https:\/\/secure.gravatar.com\/avatar\/26482e0f083efa40e5c2db57a3d590897a500390cc256266e30d5da5605a03a9?s=96&d=mm&r=g","contentUrl":"https:\/\/secure.gravatar.com\/avatar\/26482e0f083efa40e5c2db57a3d590897a500390cc256266e30d5da5605a03a9?s=96&d=mm&r=g","caption":"admin6590"},"url":"https:\/\/www.institutfrancais-jerusalem.org\/gaza\/author\/admin6590\/"}]}},"_links":{"self":[{"href":"https:\/\/www.institutfrancais-jerusalem.org\/gaza\/wp-json\/wp\/v2\/posts\/4211","targetHints":{"allow":["GET"]}}],"collection":[{"href":"https:\/\/www.institutfrancais-jerusalem.org\/gaza\/wp-json\/wp\/v2\/posts"}],"about":[{"href":"https:\/\/www.institutfrancais-jerusalem.org\/gaza\/wp-json\/wp\/v2\/types\/post"}],"author":[{"embeddable":true,"href":"https:\/\/www.institutfrancais-jerusalem.org\/gaza\/wp-json\/wp\/v2\/users\/1"}],"replies":[{"embeddable":true,"href":"https:\/\/www.institutfrancais-jerusalem.org\/gaza\/wp-json\/wp\/v2\/comments?post=4211"}],"version-history":[{"count":3,"href":"https:\/\/www.institutfrancais-jerusalem.org\/gaza\/wp-json\/wp\/v2\/posts\/4211\/revisions"}],"predecessor-version":[{"id":4223,"href":"https:\/\/www.institutfrancais-jerusalem.org\/gaza\/wp-json\/wp\/v2\/posts\/4211\/revisions\/4223"}],"wp:featuredmedia":[{"embeddable":true,"href":"https:\/\/www.institutfrancais-jerusalem.org\/gaza\/wp-json\/wp\/v2\/media\/4214"}],"wp:attachment":[{"href":"https:\/\/www.institutfrancais-jerusalem.org\/gaza\/wp-json\/wp\/v2\/media?parent=4211"}],"wp:term":[{"taxonomy":"category","embeddable":true,"href":"https:\/\/www.institutfrancais-jerusalem.org\/gaza\/wp-json\/wp\/v2\/categories?post=4211"},{"taxonomy":"post_tag","embeddable":true,"href":"https:\/\/www.institutfrancais-jerusalem.org\/gaza\/wp-json\/wp\/v2\/tags?post=4211"}],"curies":[{"name":"wp","href":"https:\/\/api.w.org\/{rel}","templated":true}]}}