{"id":4205,"date":"2021-01-07T10:31:57","date_gmt":"2021-01-07T09:31:57","guid":{"rendered":"https:\/\/www.institutfrancais-jerusalem.org\/gaza\/?p=4205"},"modified":"2021-01-07T10:31:57","modified_gmt":"2021-01-07T09:31:57","slug":"bonne-annee","status":"publish","type":"post","link":"https:\/\/www.institutfrancais-jerusalem.org\/gaza\/bonne-annee\/","title":{"rendered":"Bonne ann\u00e9e !"},"content":{"rendered":"<h5 class=\"p1\">L\u2019institut fran\u00e7ais de J\u00e9rusalem vous souhaite une bonne ann\u00e9e 2021 !<\/h5>\n<p><iframe loading=\"lazy\" src=\"https:\/\/www.youtube.com\/embed\/E5RS15yrN9A\" width=\"560\" height=\"315\" frameborder=\"0\" allowfullscreen=\"allowfullscreen\" data-mce-fragment=\"1\"><\/iframe><\/p>\n<p>&nbsp;<\/p>\n<p class=\"p1\"><a href=\"https:\/\/soundcloud.com\/peyruis\">Swing by Peyruis<\/a><\/p>\n<p class=\"p1\"><a href=\"http:\/\/creativecommons.org\/licenses\/by\/3.0\/\">Creative Commons \u2014 Attribution 3.0 Unported \u2014 CC BY 3.0\u00a0<\/a><\/p>\n<p class=\"p1\"><a href=\"https:\/\/youtu.be\/dC7naaLECzw\"> Music promoted by Audio Library\u00a0<\/a><\/p>\n<p>&nbsp;<\/p>\n<ul>\n<li class=\"p1\">Exposition \u00ab France eMotion, le voyage anim\u00e9 \u00bb<\/li>\n<li class=\"p1\">Diffusion de films en VR<\/li>\n<li class=\"p1\">Exposition \u00abMachines \u00e0 bulles \u00bb<\/li>\n<li class=\"p1\">Hackathon de la langue fran\u00e7ais : cr\u00e9ation d&rsquo;une BD num\u00e9rique<\/li>\n<li class=\"p1\">Exposition \u00ab Portes &amp; Fen\u00eatres \u00bb &#8211; IFJ &#8211; Chateaubriand<\/li>\n<li class=\"p1\">Epidemic Diary \u00a9 Mohammad Joulani<\/li>\n<li class=\"p1\">Exposition \u00ab Graver une photo \u00bb &#8211; IF Gaza<\/li>\n<li class=\"p1\">Coronogram \u00a9 Assil Wadja &#8211; IF Gaza<\/li>\n<li class=\"p1\">Conf\u00e9rence de George Stassinakis<\/li>\n<li class=\"p1\">Table ronde \u00ab La nouvelle g\u00e9n\u00e9ration de la BD arabe \u00bb<\/li>\n<li class=\"p1\">Conf\u00e9rence \u00ab\u00a0 Le num\u00e9rique au f\u00e9minin \u00e0 Gaza \u00bb<\/li>\n<li class=\"p1\">Concert de LEJ<\/li>\n<li class=\"p1\">Th\u00e9\u00e2tre &#8211; po\u00e9sie \u00ab Le Lanceur de D\u00e9s \u00bb<\/li>\n<li class=\"p1\">Palestine Cinema Days \u00a9 FilmLab<\/li>\n<li class=\"p1\">F\u00eate de la musique \u00a9 Sol Band<\/li>\n<li class=\"p1\">False Awakening \u00a9 Stereo 48<\/li>\n<li class=\"p1\">Ecole d\u2019\u00e9t\u00e9 &#8211; IFJ &#8211; Chateaubriand<\/li>\n<li class=\"p1\">Cours de fran\u00e7ais en ligne<\/li>\n<li class=\"p1\">Journ\u00e9e internationale du Professeur de fran\u00e7ais<\/li>\n<li class=\"p1\">\u00ab Tell me a story \u00bb<\/li>\n<li class=\"p1\">L\u2019heure du conte avec Iman &#8211; IF Gaza<\/li>\n<\/ul>\n","protected":false},"excerpt":{"rendered":"<p>L\u2019institut fran\u00e7ais de J\u00e9rusalem vous souhaite une bonne ann\u00e9e 2021 ! &nbsp; Swing by Peyruis Creative Commons \u2014 Attribution 3.0 Unported \u2014 CC BY 3.0\u00a0 Music promoted by Audio Library\u00a0 &nbsp; Exposition \u00ab France eMotion, le voyage anim\u00e9 \u00bb Diffusion de films en VR Exposition \u00abMachines \u00e0 bulles \u00bb Hackathon de la langue fran\u00e7ais : &hellip;<\/p>\n","protected":false},"author":1,"featured_media":4206,"comment_status":"closed","ping_status":"closed","sticky":false,"template":"","format":"standard","meta":{"footnotes":""},"categories":[5,26,7,28,25],"tags":[299,246,41,54,301,298,297,56,58,73,300],"class_list":["post-4205","post","type-post","status-publish","format-standard","has-post-thumbnail","","category-breaking-news","category-agenda-culturel-chateaubriand","category-diaporama","category-gaza","category-ramallah","tag-299","tag-annee","tag-gaza","tag-jerusalem","tag-meilleurs-voeux","tag-new-year","tag-nouvelle-annee","tag-palestine","tag-ramallah","tag-territoires-palestiniens","tag-video-voeux"],"yoast_head":"<!-- This site is optimized with the Yoast SEO plugin v27.5 - https:\/\/yoast.com\/product\/yoast-seo-wordpress\/ -->\n<title>Bonne ann\u00e9e ! - Institut Fran\u00e7ais de J\u00e9rusalem - Gaza<\/title>\n<meta name=\"description\" content=\"L\u2019institut fran\u00e7ais de J\u00e9rusalem vous souhaite une bonne ann\u00e9e 2021 !\" \/>\n<meta name=\"robots\" content=\"index, follow, max-snippet:-1, max-image-preview:large, max-video-preview:-1\" \/>\n<link rel=\"canonical\" href=\"https:\/\/www.institutfrancais-jerusalem.org\/gaza\/bonne-annee\/\" \/>\n<meta property=\"og:locale\" content=\"fr_FR\" \/>\n<meta property=\"og:type\" content=\"article\" \/>\n<meta property=\"og:title\" content=\"Bonne ann\u00e9e ! - Institut Fran\u00e7ais de J\u00e9rusalem - Gaza\" \/>\n<meta property=\"og:description\" content=\"L\u2019institut fran\u00e7ais de J\u00e9rusalem vous souhaite une bonne ann\u00e9e 2021 !\" \/>\n<meta property=\"og:url\" content=\"https:\/\/www.institutfrancais-jerusalem.org\/gaza\/bonne-annee\/\" \/>\n<meta property=\"og:site_name\" content=\"Institut Fran\u00e7ais de J\u00e9rusalem - Gaza\" \/>\n<meta property=\"article:published_time\" content=\"2021-01-07T09:31:57+00:00\" \/>\n<meta property=\"og:image\" content=\"https:\/\/www.institutfrancais-jerusalem.org\/gaza\/wp-content\/uploads\/sites\/9\/2021\/01\/Panneau-presentation-scaled.jpg\" \/>\n\t<meta property=\"og:image:width\" content=\"2560\" \/>\n\t<meta property=\"og:image:height\" content=\"1440\" \/>\n\t<meta property=\"og:image:type\" content=\"image\/jpeg\" \/>\n<meta name=\"author\" content=\"admin6590\" \/>\n<meta name=\"twitter:card\" content=\"summary_large_image\" \/>\n<meta name=\"twitter:label1\" content=\"\u00c9crit par\" \/>\n\t<meta name=\"twitter:data1\" content=\"admin6590\" \/>\n\t<meta name=\"twitter:label2\" content=\"Dur\u00e9e de lecture estim\u00e9e\" \/>\n\t<meta name=\"twitter:data2\" content=\"1 minute\" \/>\n<script type=\"application\/ld+json\" class=\"yoast-schema-graph\">{\"@context\":\"https:\\\/\\\/schema.org\",\"@graph\":[{\"@type\":\"Article\",\"@id\":\"https:\\\/\\\/www.institutfrancais-jerusalem.org\\\/gaza\\\/bonne-annee\\\/#article\",\"isPartOf\":{\"@id\":\"https:\\\/\\\/www.institutfrancais-jerusalem.org\\\/gaza\\\/bonne-annee\\\/\"},\"author\":{\"name\":\"admin6590\",\"@id\":\"https:\\\/\\\/www.institutfrancais-jerusalem.org\\\/gaza\\\/#\\\/schema\\\/person\\\/0d606b93f4fb1eb5c713b8be3dd4c4bf\"},\"headline\":\"Bonne ann\u00e9e !\",\"datePublished\":\"2021-01-07T09:31:57+00:00\",\"mainEntityOfPage\":{\"@id\":\"https:\\\/\\\/www.institutfrancais-jerusalem.org\\\/gaza\\\/bonne-annee\\\/\"},\"wordCount\":171,\"image\":{\"@id\":\"https:\\\/\\\/www.institutfrancais-jerusalem.org\\\/gaza\\\/bonne-annee\\\/#primaryimage\"},\"thumbnailUrl\":\"https:\\\/\\\/www.institutfrancais-jerusalem.org\\\/gaza\\\/wp-content\\\/uploads\\\/sites\\\/9\\\/2021\\\/01\\\/Panneau-presentation-scaled.jpg\",\"keywords\":[\"2021\",\"ann\u00e9e\",\"gaza\",\"j\u00e9rusalem\",\"meilleurs voeux\",\"new year\",\"nouvelle ann\u00e9e\",\"palestine\",\"ramallah\",\"territoires palestiniens\",\"vid\u00e9o voeux\"],\"articleSection\":[\"breaking-news\",\"CHATEAUBRIAND\",\"Diaporama\",\"GAZA\",\"RAMALLAH\"],\"inLanguage\":\"fr-FR\"},{\"@type\":\"WebPage\",\"@id\":\"https:\\\/\\\/www.institutfrancais-jerusalem.org\\\/gaza\\\/bonne-annee\\\/\",\"url\":\"https:\\\/\\\/www.institutfrancais-jerusalem.org\\\/gaza\\\/bonne-annee\\\/\",\"name\":\"Bonne ann\u00e9e ! - Institut Fran\u00e7ais de J\u00e9rusalem - Gaza\",\"isPartOf\":{\"@id\":\"https:\\\/\\\/www.institutfrancais-jerusalem.org\\\/gaza\\\/#website\"},\"primaryImageOfPage\":{\"@id\":\"https:\\\/\\\/www.institutfrancais-jerusalem.org\\\/gaza\\\/bonne-annee\\\/#primaryimage\"},\"image\":{\"@id\":\"https:\\\/\\\/www.institutfrancais-jerusalem.org\\\/gaza\\\/bonne-annee\\\/#primaryimage\"},\"thumbnailUrl\":\"https:\\\/\\\/www.institutfrancais-jerusalem.org\\\/gaza\\\/wp-content\\\/uploads\\\/sites\\\/9\\\/2021\\\/01\\\/Panneau-presentation-scaled.jpg\",\"datePublished\":\"2021-01-07T09:31:57+00:00\",\"author\":{\"@id\":\"https:\\\/\\\/www.institutfrancais-jerusalem.org\\\/gaza\\\/#\\\/schema\\\/person\\\/0d606b93f4fb1eb5c713b8be3dd4c4bf\"},\"description\":\"L\u2019institut fran\u00e7ais de J\u00e9rusalem vous souhaite une bonne ann\u00e9e 2021 !\",\"breadcrumb\":{\"@id\":\"https:\\\/\\\/www.institutfrancais-jerusalem.org\\\/gaza\\\/bonne-annee\\\/#breadcrumb\"},\"inLanguage\":\"fr-FR\",\"potentialAction\":[{\"@type\":\"ReadAction\",\"target\":[\"https:\\\/\\\/www.institutfrancais-jerusalem.org\\\/gaza\\\/bonne-annee\\\/\"]}]},{\"@type\":\"ImageObject\",\"inLanguage\":\"fr-FR\",\"@id\":\"https:\\\/\\\/www.institutfrancais-jerusalem.org\\\/gaza\\\/bonne-annee\\\/#primaryimage\",\"url\":\"https:\\\/\\\/www.institutfrancais-jerusalem.org\\\/gaza\\\/wp-content\\\/uploads\\\/sites\\\/9\\\/2021\\\/01\\\/Panneau-presentation-scaled.jpg\",\"contentUrl\":\"https:\\\/\\\/www.institutfrancais-jerusalem.org\\\/gaza\\\/wp-content\\\/uploads\\\/sites\\\/9\\\/2021\\\/01\\\/Panneau-presentation-scaled.jpg\",\"width\":2560,\"height\":1440},{\"@type\":\"BreadcrumbList\",\"@id\":\"https:\\\/\\\/www.institutfrancais-jerusalem.org\\\/gaza\\\/bonne-annee\\\/#breadcrumb\",\"itemListElement\":[{\"@type\":\"ListItem\",\"position\":1,\"name\":\"Accueil\",\"item\":\"https:\\\/\\\/www.institutfrancais-jerusalem.org\\\/gaza\\\/\"},{\"@type\":\"ListItem\",\"position\":2,\"name\":\"Bonne ann\u00e9e !\"}]},{\"@type\":\"WebSite\",\"@id\":\"https:\\\/\\\/www.institutfrancais-jerusalem.org\\\/gaza\\\/#website\",\"url\":\"https:\\\/\\\/www.institutfrancais-jerusalem.org\\\/gaza\\\/\",\"name\":\"Institut Fran\u00e7ais de J\u00e9rusalem - Gaza\",\"description\":\"\",\"potentialAction\":[{\"@type\":\"SearchAction\",\"target\":{\"@type\":\"EntryPoint\",\"urlTemplate\":\"https:\\\/\\\/www.institutfrancais-jerusalem.org\\\/gaza\\\/?s={search_term_string}\"},\"query-input\":{\"@type\":\"PropertyValueSpecification\",\"valueRequired\":true,\"valueName\":\"search_term_string\"}}],\"inLanguage\":\"fr-FR\"},{\"@type\":\"Person\",\"@id\":\"https:\\\/\\\/www.institutfrancais-jerusalem.org\\\/gaza\\\/#\\\/schema\\\/person\\\/0d606b93f4fb1eb5c713b8be3dd4c4bf\",\"name\":\"admin6590\",\"image\":{\"@type\":\"ImageObject\",\"inLanguage\":\"fr-FR\",\"@id\":\"https:\\\/\\\/secure.gravatar.com\\\/avatar\\\/26482e0f083efa40e5c2db57a3d590897a500390cc256266e30d5da5605a03a9?s=96&d=mm&r=g\",\"url\":\"https:\\\/\\\/secure.gravatar.com\\\/avatar\\\/26482e0f083efa40e5c2db57a3d590897a500390cc256266e30d5da5605a03a9?s=96&d=mm&r=g\",\"contentUrl\":\"https:\\\/\\\/secure.gravatar.com\\\/avatar\\\/26482e0f083efa40e5c2db57a3d590897a500390cc256266e30d5da5605a03a9?s=96&d=mm&r=g\",\"caption\":\"admin6590\"},\"url\":\"https:\\\/\\\/www.institutfrancais-jerusalem.org\\\/gaza\\\/author\\\/admin6590\\\/\"}]}<\/script>\n<!-- \/ Yoast SEO plugin. -->","yoast_head_json":{"title":"Bonne ann\u00e9e ! - Institut Fran\u00e7ais de J\u00e9rusalem - Gaza","description":"L\u2019institut fran\u00e7ais de J\u00e9rusalem vous souhaite une bonne ann\u00e9e 2021 !","robots":{"index":"index","follow":"follow","max-snippet":"max-snippet:-1","max-image-preview":"max-image-preview:large","max-video-preview":"max-video-preview:-1"},"canonical":"https:\/\/www.institutfrancais-jerusalem.org\/gaza\/bonne-annee\/","og_locale":"fr_FR","og_type":"article","og_title":"Bonne ann\u00e9e ! - Institut Fran\u00e7ais de J\u00e9rusalem - Gaza","og_description":"L\u2019institut fran\u00e7ais de J\u00e9rusalem vous souhaite une bonne ann\u00e9e 2021 !","og_url":"https:\/\/www.institutfrancais-jerusalem.org\/gaza\/bonne-annee\/","og_site_name":"Institut Fran\u00e7ais de J\u00e9rusalem - Gaza","article_published_time":"2021-01-07T09:31:57+00:00","og_image":[{"width":2560,"height":1440,"url":"https:\/\/www.institutfrancais-jerusalem.org\/gaza\/wp-content\/uploads\/sites\/9\/2021\/01\/Panneau-presentation-scaled.jpg","type":"image\/jpeg"}],"author":"admin6590","twitter_card":"summary_large_image","twitter_misc":{"\u00c9crit par":"admin6590","Dur\u00e9e de lecture estim\u00e9e":"1 minute"},"schema":{"@context":"https:\/\/schema.org","@graph":[{"@type":"Article","@id":"https:\/\/www.institutfrancais-jerusalem.org\/gaza\/bonne-annee\/#article","isPartOf":{"@id":"https:\/\/www.institutfrancais-jerusalem.org\/gaza\/bonne-annee\/"},"author":{"name":"admin6590","@id":"https:\/\/www.institutfrancais-jerusalem.org\/gaza\/#\/schema\/person\/0d606b93f4fb1eb5c713b8be3dd4c4bf"},"headline":"Bonne ann\u00e9e !","datePublished":"2021-01-07T09:31:57+00:00","mainEntityOfPage":{"@id":"https:\/\/www.institutfrancais-jerusalem.org\/gaza\/bonne-annee\/"},"wordCount":171,"image":{"@id":"https:\/\/www.institutfrancais-jerusalem.org\/gaza\/bonne-annee\/#primaryimage"},"thumbnailUrl":"https:\/\/www.institutfrancais-jerusalem.org\/gaza\/wp-content\/uploads\/sites\/9\/2021\/01\/Panneau-presentation-scaled.jpg","keywords":["2021","ann\u00e9e","gaza","j\u00e9rusalem","meilleurs voeux","new year","nouvelle ann\u00e9e","palestine","ramallah","territoires palestiniens","vid\u00e9o voeux"],"articleSection":["breaking-news","CHATEAUBRIAND","Diaporama","GAZA","RAMALLAH"],"inLanguage":"fr-FR"},{"@type":"WebPage","@id":"https:\/\/www.institutfrancais-jerusalem.org\/gaza\/bonne-annee\/","url":"https:\/\/www.institutfrancais-jerusalem.org\/gaza\/bonne-annee\/","name":"Bonne ann\u00e9e ! - Institut Fran\u00e7ais de J\u00e9rusalem - Gaza","isPartOf":{"@id":"https:\/\/www.institutfrancais-jerusalem.org\/gaza\/#website"},"primaryImageOfPage":{"@id":"https:\/\/www.institutfrancais-jerusalem.org\/gaza\/bonne-annee\/#primaryimage"},"image":{"@id":"https:\/\/www.institutfrancais-jerusalem.org\/gaza\/bonne-annee\/#primaryimage"},"thumbnailUrl":"https:\/\/www.institutfrancais-jerusalem.org\/gaza\/wp-content\/uploads\/sites\/9\/2021\/01\/Panneau-presentation-scaled.jpg","datePublished":"2021-01-07T09:31:57+00:00","author":{"@id":"https:\/\/www.institutfrancais-jerusalem.org\/gaza\/#\/schema\/person\/0d606b93f4fb1eb5c713b8be3dd4c4bf"},"description":"L\u2019institut fran\u00e7ais de J\u00e9rusalem vous souhaite une bonne ann\u00e9e 2021 !","breadcrumb":{"@id":"https:\/\/www.institutfrancais-jerusalem.org\/gaza\/bonne-annee\/#breadcrumb"},"inLanguage":"fr-FR","potentialAction":[{"@type":"ReadAction","target":["https:\/\/www.institutfrancais-jerusalem.org\/gaza\/bonne-annee\/"]}]},{"@type":"ImageObject","inLanguage":"fr-FR","@id":"https:\/\/www.institutfrancais-jerusalem.org\/gaza\/bonne-annee\/#primaryimage","url":"https:\/\/www.institutfrancais-jerusalem.org\/gaza\/wp-content\/uploads\/sites\/9\/2021\/01\/Panneau-presentation-scaled.jpg","contentUrl":"https:\/\/www.institutfrancais-jerusalem.org\/gaza\/wp-content\/uploads\/sites\/9\/2021\/01\/Panneau-presentation-scaled.jpg","width":2560,"height":1440},{"@type":"BreadcrumbList","@id":"https:\/\/www.institutfrancais-jerusalem.org\/gaza\/bonne-annee\/#breadcrumb","itemListElement":[{"@type":"ListItem","position":1,"name":"Accueil","item":"https:\/\/www.institutfrancais-jerusalem.org\/gaza\/"},{"@type":"ListItem","position":2,"name":"Bonne ann\u00e9e !"}]},{"@type":"WebSite","@id":"https:\/\/www.institutfrancais-jerusalem.org\/gaza\/#website","url":"https:\/\/www.institutfrancais-jerusalem.org\/gaza\/","name":"Institut Fran\u00e7ais de J\u00e9rusalem - Gaza","description":"","potentialAction":[{"@type":"SearchAction","target":{"@type":"EntryPoint","urlTemplate":"https:\/\/www.institutfrancais-jerusalem.org\/gaza\/?s={search_term_string}"},"query-input":{"@type":"PropertyValueSpecification","valueRequired":true,"valueName":"search_term_string"}}],"inLanguage":"fr-FR"},{"@type":"Person","@id":"https:\/\/www.institutfrancais-jerusalem.org\/gaza\/#\/schema\/person\/0d606b93f4fb1eb5c713b8be3dd4c4bf","name":"admin6590","image":{"@type":"ImageObject","inLanguage":"fr-FR","@id":"https:\/\/secure.gravatar.com\/avatar\/26482e0f083efa40e5c2db57a3d590897a500390cc256266e30d5da5605a03a9?s=96&d=mm&r=g","url":"https:\/\/secure.gravatar.com\/avatar\/26482e0f083efa40e5c2db57a3d590897a500390cc256266e30d5da5605a03a9?s=96&d=mm&r=g","contentUrl":"https:\/\/secure.gravatar.com\/avatar\/26482e0f083efa40e5c2db57a3d590897a500390cc256266e30d5da5605a03a9?s=96&d=mm&r=g","caption":"admin6590"},"url":"https:\/\/www.institutfrancais-jerusalem.org\/gaza\/author\/admin6590\/"}]}},"_links":{"self":[{"href":"https:\/\/www.institutfrancais-jerusalem.org\/gaza\/wp-json\/wp\/v2\/posts\/4205","targetHints":{"allow":["GET"]}}],"collection":[{"href":"https:\/\/www.institutfrancais-jerusalem.org\/gaza\/wp-json\/wp\/v2\/posts"}],"about":[{"href":"https:\/\/www.institutfrancais-jerusalem.org\/gaza\/wp-json\/wp\/v2\/types\/post"}],"author":[{"embeddable":true,"href":"https:\/\/www.institutfrancais-jerusalem.org\/gaza\/wp-json\/wp\/v2\/users\/1"}],"replies":[{"embeddable":true,"href":"https:\/\/www.institutfrancais-jerusalem.org\/gaza\/wp-json\/wp\/v2\/comments?post=4205"}],"version-history":[{"count":1,"href":"https:\/\/www.institutfrancais-jerusalem.org\/gaza\/wp-json\/wp\/v2\/posts\/4205\/revisions"}],"predecessor-version":[{"id":4208,"href":"https:\/\/www.institutfrancais-jerusalem.org\/gaza\/wp-json\/wp\/v2\/posts\/4205\/revisions\/4208"}],"wp:featuredmedia":[{"embeddable":true,"href":"https:\/\/www.institutfrancais-jerusalem.org\/gaza\/wp-json\/wp\/v2\/media\/4206"}],"wp:attachment":[{"href":"https:\/\/www.institutfrancais-jerusalem.org\/gaza\/wp-json\/wp\/v2\/media?parent=4205"}],"wp:term":[{"taxonomy":"category","embeddable":true,"href":"https:\/\/www.institutfrancais-jerusalem.org\/gaza\/wp-json\/wp\/v2\/categories?post=4205"},{"taxonomy":"post_tag","embeddable":true,"href":"https:\/\/www.institutfrancais-jerusalem.org\/gaza\/wp-json\/wp\/v2\/tags?post=4205"}],"curies":[{"name":"wp","href":"https:\/\/api.w.org\/{rel}","templated":true}]}}