{"id":4079,"date":"2020-11-10T09:00:39","date_gmt":"2020-11-10T08:00:39","guid":{"rendered":"https:\/\/www.institutfrancais-jerusalem.org\/gaza\/?p=4079"},"modified":"2020-11-30T17:26:02","modified_gmt":"2020-11-30T16:26:02","slug":"novembre-numerique-2","status":"publish","type":"post","link":"https:\/\/www.institutfrancais-jerusalem.org\/gaza\/novembre-numerique-2\/","title":{"rendered":"Novembre num\u00e9rique"},"content":{"rendered":"<p>Depuis 2017 avec Novembre Num\u00e9rique, l\u2019Institut fran\u00e7ais et le r\u00e9seau culturel fran\u00e7ais \u00e0 l\u2019\u00e9tranger proposent de mettre en avant, chaque ann\u00e9e au cours du mois de novembre, les cultures num\u00e9riques dans leurs formes les plus diverses.<\/p>\n<p>Pour cette deuxi\u00e8me \u00e9dition de Novembre Num\u00e9rique sur le territoire, les antennes de l\u2019Institut fran\u00e7ais de J\u00e9rusalem vous propose un ensemble d\u2019activit\u00e9s ayant pour but de mettre en valeur le r\u00f4le du num\u00e9rique dans le domaine \u00e9ducatif, \u00e9conomique et culturel.<\/p>\n<p>Exposition, conf\u00e9rences, ateliers num\u00e9riques\u2026 L\u2019Institut fran\u00e7ais de J\u00e9rusalem vous invite \u00e0 vous familiariser aux cultures num\u00e9riques et donne la parole aux professionnels du domaine.<\/p>\n<p>Au cours de cette manifestation des tables-rondes seront organis\u00e9es sur l\u2019environnement num\u00e9rique gazaoui. Des ateliers professionnalisant \u00e0 destination de jeunes entrepreneuses seront mis en place avec l\u2019objectif de les accompagner dans la conceptualisation de leur projet, de les sensibiliser au num\u00e9rique et de renforcer leur capacit\u00e9 entrepreneuriale et innovante. A l\u2019issue de l\u2019\u00e9v\u00e8nement ces jeunes porteurs pourront pr\u00e9senter leur projet devant des professionnels venus t\u00e9moigner de leurs exp\u00e9riences r\u00e9ussies telle qu\u2019un projet de fabrication d\u2019imprimante 3D ou le lancement d\u2019une application pour les avocats.<\/p>\n<p>Cette \u00e9dition de Novembre Num\u00e9rique s\u2019inscrit dans la continuit\u00e9 de la premi\u00e8re \u00e9dition avec l\u2019ambition d\u2019approfondir les succ\u00e8s de la premi\u00e8re \u00e9dition telles que la pr\u00e9sentation de films en VR et le Hackathon.<\/p>\n<p>Du 10 novembre au 9 d\u00e9cembre 2020 ces activit\u00e9s seront organis\u00e9es dans les antennes de l\u2019Institut fran\u00e7ais de J\u00e9rusalem et pr\u00e9sent\u00e9es selon 4 th\u00e9matiques : (D\u00e9)coder, Penser, Jouer, Cr\u00e9er. A l\u2019occasion de l\u2019ann\u00e9e de la BD, une partie des activit\u00e9s Novembre num\u00e9rique sera d\u00e9di\u00e9e au 9\u00e8me art.<\/p>\n<h4>Programme<\/h4>\n<h5>A Ramallah<\/h5>\n<h6>Tous les \u00e9v\u00e9nement se d\u00e9roulent \u00e0 l\u2019Institut fran\u00e7ais de Ramallah<\/h6>\n<h6>Adresse : 12 rue Al-Salam &#8211; Ramallah<\/h6>\n<h6><a href=\"https:\/\/www.weezevent.com\/novembre-numerique\" target=\"_blank\" rel=\"noopener noreferrer\">Toutes les mesures de pr\u00e9cautions sanitaires seront respect\u00e9es par nos \u00e9quipes. Le nombre de personnes est limit\u00e9. Nous vous invitons \u00e0 vous inscrire en cliquant ici.<\/a><\/h6>\n<ul>\n<li>Du 17 au 23 novembre : diffusion de films en r\u00e9alit\u00e9 virtuelle<\/li>\n<li>Du 17 au 23 novembre : exposition \u00ab\u00a0E-motion et films VF\u00a0\u00bb<\/li>\n<li>Du 17 novembre au 9 d\u00e9cembre : exposition \u00ab\u00a0Machine \u00e0 Bulles\u00a0\u00bb<\/li>\n<li>Jeudi 26 novembre : Journ\u00e9e internationale des professeurs de fran\u00e7ais<\/li>\n<li>Jeudi 26 novembre \u00e0 14 heures : lancement officiel de la plateforme \u00ab\u00a0IF Profs J\u00e9rusalem\u00a0\u00bb<\/li>\n<li>29 et 30 novembre : Atelier Photo \u00ab Light Painting \u00bb<\/li>\n<li>Du 1er au 3 d\u00e9cembre : Hackaton de la BD num\u00e9rique<\/li>\n<\/ul>\n<h5>A Gaza<\/h5>\n<h6>Tous les \u00e9v\u00e9nement se d\u00e9roulent \u00e0 l\u2019 Institut fran\u00e7ais de Gaza<\/h6>\n<h6>Adresse : Rue Charles de Gaulle &#8211; Gaza<\/h6>\n<ul>\n<li>Jeudi 26 novembre : Journ\u00e9e internationale des professeurs de fran\u00e7ais<\/li>\n<li>Jeudi 26 novembre \u00e0 14 heures : lancement officiel de la plateforme \u00ab\u00a0IF Profs J\u00e9rusalem\u00a0\u00bb<\/li>\n<li>Du 1er au 3 d\u00e9cembre : Hackaton de la BD num\u00e9rique<\/li>\n<li>Report\u00e9 : table-ronde \u00ab L\u2019\u00e9cosyst\u00e8me des incubateurs \u00e0 Gaza et la place du num\u00e9rique \u00bb<\/li>\n<li>Report\u00e9 : table-ronde \u00ab\u00a0Digital Women in Palestine\u00a0\u00bb<\/li>\n<li>Report\u00e9 : ateliers pour les femmes dans le num\u00e9rique et pr\u00e9sentation des projets<\/li>\n<\/ul>\n<h4>En ligne<\/h4>\n<ul>\n<li>Mardi 24 novembre \u00e0 15 heures\u00a0: Pr\u00e9sentation du logiciel Panda Suite (utilis\u00e9 pendant le Hackathon)<\/li>\n<\/ul>\n<h6><iframe loading=\"lazy\" src=\"https:\/\/www.youtube.com\/embed\/qrxQg2XRf4M\" width=\"560\" height=\"315\" frameborder=\"0\" allowfullscreen=\"allowfullscreen\" data-mce-fragment=\"1\"><\/iframe><\/h6>\n<p>&nbsp;<\/p>\n<ul>\n<li>Dimanche \u00a029 novembre \u00e0 15 heures : table-ronde \u00ab la bande dessin\u00e9e arabe \u00bb<\/li>\n<\/ul>\n<h6><iframe loading=\"lazy\" src=\"https:\/\/www.youtube.com\/embed\/V60mFK3DCus\" width=\"560\" height=\"315\" frameborder=\"0\" allowfullscreen=\"allowfullscreen\" data-mce-fragment=\"1\"><\/iframe><\/h6>\n<p>&nbsp;<\/p>\n<h4>(D\u00e9)coder : \u00e0 la d\u00e9couverte des outils num\u00e9riques de l\u2019Institut fran\u00e7ais<\/h4>\n<h5>Journ\u00e9e Internationale des professeurs de fran\u00e7ais<\/h5>\n<h6>Jeudi 26 novembre<\/h6>\n<h6>Instituts fran\u00e7ais de Gaza, J\u00e9rusalem &#8211; Chateaubriand, J\u00e9rusalem &#8211; Romain Gary et Ramallah<\/h6>\n<p>Cette journ\u00e9e sera l\u2019occasion d\u2019organiser des ateliers \u00e0 destination des professeurs de fran\u00e7ais des \u00e9coles publiques, des \u00e9coles priv\u00e9es ainsi que les enseignants de l\u2019Institut fran\u00e7ais afin de d\u00e9couvrir les plateformes num\u00e9riques propos\u00e9es par l\u2019Institut fran\u00e7ais dans le domaine num\u00e9rique, telles que IFprof, IFlivres, IFfos, etc.<\/p>\n<p>Les animateurs de la plateforme IFprofs J\u00e9rusalem conduiront des ateliers sur le th\u00e8me de la bande-dessin\u00e9e num\u00e9rique dans les quatre antennes de l\u2019IFJ. Corr\u00e9l\u00e9 \u00e0 l\u2019ann\u00e9e de la BD 2020, le th\u00e8me a pour but de montrer aux enseignants comment les BD en ligne peuvent \u00eatre utilis\u00e9es en classe pour am\u00e9liorer l&rsquo;apprentissage, utiliser les technologies et motiver les \u00e9l\u00e8ves.<\/p>\n<p>A l\u2019issue de ces ateliers, la plateforme IFprofs J\u00e9rusalem sera officiellement mise en ligne lors d\u2019un \u00e9v\u00e8nement de lancement.<\/p>\n<h5>Ateliers \u00ab\u00a0A la d\u00e9couverte de Cultureth\u00e8que\u00a0\u00bb<\/h5>\n<h6>Tout au long de Novembre num\u00e9rique<\/h6>\n<h6>Instituts fran\u00e7ais de Gaza et de Ramallah<\/h6>\n<p>Ces ateliers porteront sur l\u2019utilisation de la biblioth\u00e8que num\u00e9rique de l\u2019Institut fran\u00e7ais pour se familiariser avec\u00a0: t\u00e9l\u00e9chargement et pr\u00eat de livres, lecture en streaming des revues et des films\u2026<\/p>\n<p>Les \u00e9quipes des m\u00e9diath\u00e8ques proposeront une initiation \u00e0 la plateforme Cultureth\u00e8que pour pouvoir exploiter au maximum toutes les ressources que cette biblioth\u00e8que num\u00e9rique propose.<\/p>\n<h4>Penser<\/h4>\n<h5>Hackaton de la langue fran\u00e7aise\u00a0 : cr\u00e9ation d\u2019une BD num\u00e9rique<\/h5>\n<h6>Du 1er au 3 d\u00e9cembre<\/h6>\n<h6>Instituts fran\u00e7ais de Gaza, J\u00e9rusalem &#8211; Chateaubriand et Ramallah<\/h6>\n<p>Contraction de\u00a0\u00ab\u00a0hack\u00a0\u00bb et \u00ab\u00a0marathon\u00a0\u00bb, un hackathon est un \u00e9v\u00e9nement lors duquel des \u00e9quipes (compos\u00e9es de d\u00e9veloppeurs, mais aussi parfois de designers et de\u00a0chefs de projet) doivent d\u00e9velopper un projet informatique,\u00a0en g\u00e9n\u00e9ral\u00a0un logiciel ou une application. Elles doivent le faire sur une p\u00e9riode limit\u00e9e, et g\u00e9n\u00e9ralement courte (une journ\u00e9e, une nuit, un week-end).<\/p>\n<p>A l\u2019occasion de l\u2019ann\u00e9e de la BD, cette \u00e9dition du hackathon portera sur la r\u00e9alisation d\u2019une bande dessin\u00e9e num\u00e9rique franco-arabe.<\/p>\n<p>La comp\u00e9tition r\u00e9unira en \u00e9quipe des participants aux expertises et comp\u00e9tences vari\u00e9es\u00a0: d\u00e9veloppeurs, enseignants\/\u00e9tudiants, sc\u00e9naristes et illustrateurs. Chaque \u00e9quipe disposera de deux jours pour proposer les premi\u00e8res planches d\u2019une bande-dessin\u00e9e num\u00e9rique plurilingue.<\/p>\n<h6 class=\"p1\"><a href=\"http:\/\/bit.ly\/33RoRy6\">D\u00e9posez votre candidature avant le 15 novembre !<\/a><\/h6>\n<h5>Tables-rondes \u00ab\u00a0L\u2019\u00e9cosyst\u00e8me des incubateurs et la place du Num\u00e9rique dans la bande de Gaza\u00a0\u00bb<\/h5>\n<h6>Report\u00e9<\/h6>\n<h6>Institut fran\u00e7ais de Gaza<\/h6>\n<p>Sous blocus depuis pr\u00e8s de 14 ans, le num\u00e9rique est l\u2019unique moyen de maintenir une ouverture sur l\u2019ext\u00e9rieur. L&rsquo;isolement de Gaza laisse peu de ressources et d&rsquo;opportunit\u00e9s pour d\u00e9velopper ses talents. Les restrictions de voyage et d&rsquo;importation impos\u00e9es aux gazaouis rendent extr\u00eamement difficile la croissance des talents technologiques. Cependant le syst\u00e8me universitaire \u00e0 Gaza forme chaque ann\u00e9e des centaines de d\u00e9veloppeurs informatiques alors que le taux de ch\u00f4mage des jeunes avoisine les 70 %.<\/p>\n<p>Nous d\u00e9battrons avec des professionnels du num\u00e9rique \u00e0 Gaza sur les possibilit\u00e9s d\u2019accompagnement des jeunes entrepreneurs ainsi que sur les usages du num\u00e9rique au quotidien.<\/p>\n<h4>Jouer<\/h4>\n<h5>Exposition \u00ab\u00a0France E-Motion,\u00a0le voyage anim\u00e9\u00a0\u00bb<\/h5>\n<h6>Du 17 au 23 novembre<\/h6>\n<h6>Institut fran\u00e7ais de Ramallah<\/h6>\n<p>Pour ce projet,\u00a04 photographes internationaux, originaires de 4 continents diff\u00e9rents\u00a0(le B\u00e9ninois, Ishola Akpo, le Br\u00e9silien, Edu Monteiro, l\u2019Am\u00e9ricain, David Schalliol et l\u2019Espagnole, Lourdes Segade), ont arpent\u00e9, objectif \u00e0 la main, une partie du territoire pour proposer un regard renouvel\u00e9 sur le patrimoine culturel fran\u00e7ais\u00a0:\u00a035 sites sont valoris\u00e9s sous forme de dyptiques.<\/p>\n<p>Les artistes num\u00e9riques fran\u00e7ais\u00a0Julie Stephen Chheng\u00a0et\u00a0Thomas Pons\u00a0apportent une dimension digitale au projet via la cr\u00e9ation d\u2019un personnage anim\u00e9 qui prend vie gr\u00e2ce \u00e0 une application de r\u00e9alit\u00e9 augment\u00e9e gratuite, simple et accessible \u00e0 tous.<\/p>\n<h6><a href=\"https:\/\/www.weezevent.com\/novembre-numerique\" target=\"_blank\" rel=\"noopener noreferrer\">Toutes les mesures de pr\u00e9cautions sanitaires seront respect\u00e9es par nos \u00e9quipes. Le nombre de personnes est limit\u00e9. Nous vous invitons \u00e0 vous inscrire en cliquant ici.<\/a><\/h6>\n<h5>Projection de films en r\u00e9alit\u00e9 virtuelle<\/h5>\n<h6>Du 17 au 23 novembre<\/h6>\n<h6>Institut fran\u00e7ais de Ramallah<\/h6>\n<p>Venez d\u00e9couvrir les r\u00e9centes cr\u00e9ations fran\u00e7aises de films en r\u00e9alit\u00e9 virtuelle gr\u00e2ce au catalogue Culture VR de l\u2019Institut fran\u00e7ais. L\u2019occasion pour vous de mieux conna\u00eetre le patrimoine fran\u00e7ais \u00e0 notre public. Gr\u00e2ce \u00e0 un nouveau dispositif, notre partenaire, sp\u00e9cialiste de la diffusion VR en France nous proposera une s\u00e9lection de films avec du contenu Immersif et interactif.<\/p>\n<h6><a href=\"https:\/\/www.weezevent.com\/novembre-numerique\" target=\"_blank\" rel=\"noopener noreferrer\">Toutes les mesures de pr\u00e9cautions sanitaires seront respect\u00e9es par nos \u00e9quipes. Le nombre de personnes est limit\u00e9. Nous vous invitons \u00e0 vous inscrire en cliquant ici.<\/a><\/h6>\n<p><span style=\"text-decoration: underline;\"><em>Les films projet\u00e9s\u00a0:<\/em><\/span><\/p>\n<p><span style=\"color: #008ac9;\"><em>\u00ab\u00a0Paris l\u2019envers du d\u00e9cor : la Tour Eiffel\u00a0\u00bb<\/em><\/span><\/p>\n<p><em>Faites une visite en 360\u00b0 d\u2019un Paris charg\u00e9 d\u2019art et d\u2019histoire et une invitation au voyage, \u00e0 la d\u00e9couverte de la face cach\u00e9e de monuments parisiens d\u2019exception.<\/em><\/p>\n<p><span style=\"color: #008ac9;\"><em>\u00ab\u00a0Paris l\u2019envers du d\u00e9cor : la Seine\u00a0\u00bb<\/em><\/span><\/p>\n<p><em>Le Forum des images revisite les lieux embl\u00e9matiques parisiens film\u00e9s sous un angle in\u00e9dit. Il revivifie le patrimoine architectural et culturel de Paris en longeant ses plus beaux monuments vus des rives de son fleuve \u00ab la Seine \u00bb.<\/em><\/p>\n<p><span style=\"color: #008ac9;\"><em>\u00ab\u00a0Notre-Dame de Paris : Voyage dans le Pass\u00e9\u00a0\u00bb<\/em><\/span><\/p>\n<p><em>Un an apr\u00e8s l\u2019incendie, d\u00e9couvrez ou red\u00e9couvrez ce joyau de l\u2019architecture gr\u00e2ce au mod\u00e8le cr\u00e9\u00e9 pour le jeu ACU. Au travers de dix sc\u00e8nes diff\u00e9rentes qui vous feront passer par la nef, le transept et le ch\u0153ur avant de prendre de la hauteur et d\u00e9couvrir des points de vue inaccessibles au public, depuis le toit et dans une montgolfi\u00e8re s\u2019\u00e9levant au-dessus du Paris de la R\u00e9volution Fran\u00e7aise.<\/em><\/p>\n<p><span style=\"color: #008ac9;\"><em>\u00ab\u00a0Claude Monet, L\u2019obsession des Nymph\u00e9as\u00a0\u00bb<\/em><\/span><\/p>\n<p><em>En 1883, le peintre Claude Monet loue pour la premi\u00e8re fois une maison dans la jolie ville de Giverny. Apr\u00e8s avoir fait l\u2019achat de la propri\u00e9t\u00e9, et l\u2019avoir agrandie, l\u2019artiste transforme l\u2019\u00e9tang existant en jardin d\u2019eau ponctu\u00e9 de nymph\u00e9as et orn\u00e9 d\u2019un pont japonais d\u2019o\u00f9 il admire l\u2019eau et les fleurs. De 1899 \u00e0 1926, Claude Monet peindra plus de 250 tableaux sur le th\u00e8me des Nymph\u00e9as, les plus c\u00e9l\u00e8bres \u00e9tant les 8 panneaux qui ornent le mus\u00e9e de l\u2019Orangerie \u00e0 Paris.<\/em><\/p>\n<p><em>\u00c0 travers un dialogue entre le peintre et son grand ami, l\u2019homme d\u2019\u00c9tat Georges Clemenceau, l\u2019exp\u00e9rience en r\u00e9alit\u00e9 virtuelle Claude Monet \u2013 l\u2019obsession des Nymph\u00e9as emm\u00e8ne le spectateur du mus\u00e9e au jardin de Giverny \u00e0 travers les saisons, nous fait d\u00e9couvrir son atelier, nous plonge au c\u0153ur m\u00eame du travail de Monet, dans un tourbillon de couleurs. Une exp\u00e9rience immersive et sensorielle dans cette \u0153uvre unique.<\/em><\/p>\n<p><span style=\"color: #008ac9;\"><em>\u00ab\u00a0En t\u00eate \u00e0 t\u00eate avec la Joconde\u00a0\u00bb<\/em><\/span><\/p>\n<p><em>En t\u00eate-\u00e0-t\u00eate avec La Joconde est la premi\u00e8re exp\u00e9rience en VR propos\u00e9e au public par le Mus\u00e9e du Louvre. L\u2019exp\u00e9rience r\u00e9v\u00e8le les derni\u00e8res recherches scientifiques concernant l\u2019innovation artistique de L\u00e9onard de Vinci et ses techniques et proc\u00e9d\u00e9s de peinture, \u00e0 travers une visualisation exceptionnelle en r\u00e9alit\u00e9 virtuelle qui leur donne vie.<\/em><\/p>\n<h5>Atelier de cr\u00e9ations de films en r\u00e9alit\u00e9 virtuelle<\/h5>\n<h6>Tout au long de Novembre num\u00e9rique<\/h6>\n<h6>Institut fran\u00e7ais de Gaza<\/h6>\n<p>Dans la continuit\u00e9 de notre offre de films fran\u00e7ais en r\u00e9alit\u00e9 virtuelle, nous proposons des ateliers de cr\u00e9ations de films en r\u00e9alit\u00e9 virtuelle \u00e0 Gaza.<\/p>\n<p>Le th\u00e8me de cet atelier sera la mise en avant du patrimoine mat\u00e9riel et immat\u00e9riel \u00e0 Gaza avec l\u2019id\u00e9e de faire d\u00e9couvrir des sites embl\u00e9matiques de Gaza tels que le monast\u00e8re de Saint-Hilarion et l\u2019\u00e9glise de Jabalia (IV\u00e8me- VIII\u00e8me si\u00e8cle). Les films r\u00e9alis\u00e9s seront pas la suite diffus\u00e9s dans les antennes de de l\u2019Institut fran\u00e7ais de J\u00e9rusalem et seront aussi disponibles en ligne et accessibles dans le monde entier.<\/p>\n<h4>Cr\u00e9er<\/h4>\n<h5>Soir\u00e9e Pitch ton projet\u00a0 &amp; conf\u00e9rence\u2013 La cr\u00e9ation num\u00e9rique au f\u00e9minin \u00e0 Gaza<\/h5>\n<h6>Report\u00e9<\/h6>\n<h6>Institut fran\u00e7ais de Gaza<\/h6>\n<p>Au cours d\u2019une soir\u00e9e, les jeunes cr\u00e9atrices et d\u00e9veloppeuses gazaouies dans le domaine du Num\u00e9rique seront invit\u00e9es \u00e0 pr\u00e9senter leur projet en 10 minute devant des professionnels du secteur \u00e0 Gaza et en West Bank.<\/p>\n<p>Les domaines d\u2019intervention des porteuses de projets seront l\u2019\u00e9ducation, l\u2019environnement, la culture et la sant\u00e9. Elles seront pr\u00e9alablement accompagn\u00e9s lors d\u2019ateliers sp\u00e9cialis\u00e9s (business plan, communication).<\/p>\n<p>En amont, l\u2019Institut fran\u00e7ais de Gaza organisera un table-ronde afin de donner la parole \u00e0 femmes entrepreneures en Palestine dans le domaine num\u00e9rique.<\/p>\n<h5>Exposition Machine \u00e0 Bulles (dans la cadre de l\u2019ann\u00e9e de la BD 2020)<\/h5>\n<h6>Du 17 novembre au 9 d\u00e9cembre<\/h6>\n<h6>Institut fran\u00e7ais de Ramallah<\/h6>\n<p>L\u2019Institut fran\u00e7ais de J\u00e9rusalem proposera \u00e0 travers l\u2019exposition itin\u00e9rante \u00ab\u00a0Machines \u00e0 Bulles\u00a0\u00bb de d\u00e9couvrir une s\u00e9lection d\u2019\u0153uvres illustrant ces nouvelles exp\u00e9riences de lecture qui font la richesse et la singularit\u00e9 de la cr\u00e9ation fran\u00e7aise.<\/p>\n<p>La Bande dessin\u00e9e num\u00e9rique repense la relation entre auteurs et lecteurs. Leur rencontre ouvre de nouvelles perspectives de cr\u00e9ation. La France se d\u00e9marque sur la sc\u00e8ne internationale par son dynamisme et la qualit\u00e9 de ses productions. Sc\u00e9naristes, dessinateurs, \u00e9diteurs et producteurs fran\u00e7ais s\u2019emparent aujourd\u2019hui des nouvelles technologies et travaillent \u00e0 produire des \u0153uvres d\u2019un genre nouveau. Les cr\u00e9ateurs de bande dessin\u00e9e ne cessent d\u2019inventer de nouvelles formes de r\u00e9cits.<\/p>\n<h6><a href=\"https:\/\/www.weezevent.com\/novembre-numerique\" target=\"_blank\" rel=\"noopener noreferrer\">Toutes les mesures de pr\u00e9cautions sanitaires seront respect\u00e9es par nos \u00e9quipes. Le nombre de personnes est limit\u00e9. Nous vous invitons \u00e0 vous inscrire en cliquant ici.<\/a><\/h6>\n<p><span style=\"text-decoration: underline;\"><em>Les BD num\u00e9riques pr\u00e9sent\u00e9es\u00a0:<\/em><\/span><\/p>\n<p><span style=\"color: #008ac9;\"><em>Un pas fragile<\/em><\/span><\/p>\n<p><em>Une aventure artistique interactive o\u00f9 l\u2019agilit\u00e9 d\u2019une jeune grenouille danseuse \u00e9meut petits et grands. Cette cr\u00e9ation a \u00e9t\u00e9 prim\u00e9e \u00ab Meilleur jeu \u00e9tudiant \u00bb lors de l&rsquo;Independent Games Festival 2017.<\/em><\/p>\n<p><span style=\"color: #008ac9;\"><em>L\u2019Arriv\u00e9e d\u2019un train en gare de La Ciotat<\/em><\/span><\/p>\n<p><em>En reconstituant une salle de cin\u00e9ma de 1896, cette historiette interactive revisite un classique du cin\u00e9ma muet pour explorer les effets particuliers d\u2019une BD nativement num\u00e9rique, impossible \u00e0 reproduire sur papier.<\/em><\/p>\n<p><span style=\"color: #008ac9;\"><em>Fabre &amp; the city<\/em><\/span><\/p>\n<p><em>Des sculptures et des tableaux du si\u00e8cle des Lumi\u00e8res prennent vie pour raconter leurs souvenirs dans une webs\u00e9rie dr\u00f4le et philosophique.<\/em><\/p>\n<p><span style=\"color: #008ac9;\"><em>Le Dernier Gaulois &#8211; M\u00e9moires d\u2019un guerrier<\/em><\/span><\/p>\n<p><em>Une immersion dans les souvenirs du chef gaulois Apator, le bras droit de Vercing\u00e9torix, pour revivre le destin de tout un peuple alors qu\u2019il se pr\u00e9pare \u00e0 livrer sa derni\u00e8re bataille contre l\u2019arm\u00e9e de Jules C\u00e9sar.<\/em><\/p>\n<p><span style=\"color: #008ac9;\"><em>Panama Al Brown, l\u2019\u00e9nigme de la force<\/em><\/span><\/p>\n<p><em>Un documentaire mixant dessins, images d\u2019archives et vid\u00e9os des ann\u00e9es 30 pour raconter l\u2019ascension du premier champion du monde de boxe latino- am\u00e9ricain. Noir dans un monde de Blancs, dandy du jazz, ce fabuleux sportif d\u00e9fraya la chronique parisienne de 1926 \u00e0 1938.<\/em><\/p>\n<p><span style=\"color: #008ac9;\"><em>Accused #2 Walter Sisulu<\/em><\/span><\/p>\n<p><em>Ce film en VR est un t\u00e9moignage exceptionnel en 360\u00b0 autour de Walter Sisulu, personnage central de la lutte contre l&rsquo;apartheid aupr\u00e8s de Nelson Mandela. Il plonge le spectateur dans les audiences du proc\u00e8s de Rivonia en 1963 et 1964.<\/em><\/p>\n<p><span style=\"color: #008ac9;\"><em>Manger vers le futur<\/em><\/span><\/p>\n<p><em>Une bande dessin\u00e9e d\u2019anticipation qui explore les \u00e9volutions possibles de notre alimentation et de nos modes de consommation dans une d\u00e9marche responsable et durable. Que mangera-t-on en 2050?<\/em><\/p>\n<p><span style=\"color: #008ac9;\"><em>Ici tout va bien<\/em><\/span><\/p>\n<p><em>Un carnet de voyage en Oc\u00e9anie qui m\u00eale le dessin et la photographie pour raconter, de mani\u00e8re originale et humoristique, la d\u00e9couverte d\u2019une culture \u00e9trang\u00e8re. Une \u0153uvre laur\u00e9ate du prix du Challenge digital 2018 d\u00e9cern\u00e9 par le Festival International de la Bande Dessin\u00e9e d\u2019Angoul\u00eame.<\/em><\/p>\n<p><span style=\"color: #008ac9;\"><em>You, robot<\/em><\/span><\/p>\n<p><em>Avec 18 webcomics, le projet ERCcOMICS explore le potentiel de la narration visuelle pour innover la mani\u00e8re dont la recherche scientifique europ\u00e9enne est communiqu\u00e9e. Dans You, Robot, Emmanuel Espinasse imagine \u00e0 quoi ressemblerait notre soci\u00e9t\u00e9 avec l\u2019arriv\u00e9e de robots sociaux dans la vie quotidienne.<\/em><\/p>\n<p><span style=\"color: #008ac9;\"><em>Le Grand M\u00e9chant Renard<\/em><\/span><\/p>\n<p><em>Une application dont vous \u00eates le h\u00e9ros pour guider un renard \u00e9tourdi \u00e0 travers les emb\u00fbches dress\u00e9es par les animaux du poulailler.<\/em><\/p>\n<p><span style=\"color: #008ac9;\"><em>Phallaina<\/em><\/span><\/p>\n<p><em>Phallaina est une bande d\u00e9fil\u00e9e : un roman graphique enrichi d\u2019effets de parallaxe et de sound design, con\u00e7u pour les \u00e9crans tactiles.<\/em><\/p>\n<p><span style=\"color: #008ac9;\"><em>S.E.N.S. VR<\/em><\/span><\/p>\n<p><em>S.E.N.S. VR est le premier jeu vid\u00e9o en r\u00e9alit\u00e9 virtuelle adapt\u00e9 d\u2019une bande dessin\u00e9e. Pour sortir de ce labyrinthe graphique, suivez les fl\u00e8ches qui prendront mille formes sur votre chemin. O\u00f9 conduisent-elles ? Au-del\u00e0 de bien des limites, \u00e0 commencer par les v\u00f4tres&#8230;<\/em><\/p>\n<p><span style=\"color: #008ac9;\"><em>L\u2019immeuble<\/em><\/span><\/p>\n<p><em>Une nuit, 15 histoires, 23 salles \u00e0 explorer&#8230; pour \u00e9lucider la fantasmagorie qui touche les habitants de cette inqui\u00e9tante r\u00e9sidence, en proie aux zombies et aux extra-terrestres. Cet ing\u00e9nieux d\u00e9dale narratif est laur\u00e9at du Chalenge digital 2017 du Festival International de la Bande Dessin\u00e9e d\u2019Angoul\u00eame.<\/em><\/p>\n<p><span style=\"color: #008ac9;\"><em>Delcourt \/ Soleil +<\/em><\/span><\/p>\n<p><em>Exp\u00e9rimentez une nouvelle relation entre livre et num\u00e9rique en scannant les pages de cette BD \u00e0 l\u2019aide de votre smartphone ou tablette pour d\u00e9couvrir des contenus enrichis. La technique de cr\u00e9ation d\u2019Ultralazer est d\u00e9voil\u00e9e par l\u2019apparition de v\u00e9ritables sculptures en papier d\u00e9coup\u00e9s.<\/em><\/p>\n<p><span style=\"color: #008ac9;\"><em>La grande histoire du dessin sans fin<\/em><\/span><\/p>\n<p><em>Une cr\u00e9ation hybride, loufoque et rocambolesque, articulant une fresque num\u00e9rique et une installation de 12m\u00a0\u00bb \u00e0 explorer en r\u00e9alit\u00e9 augment\u00e9e. Cette jungle graphique au message \u00e9cologique invite le spectateur \u00e0 contempler et \u00e0 jouer.<\/em><\/p>\n<h5>Atelier Photo \u00ab Light Painting \u00bb<\/h5>\n<h6>Jeudi 29 et vendredi 30 novembre<\/h6>\n<h6>Institut fran\u00e7ais de Ramallah<\/h6>\n<h6><a href=\"https:\/\/www.weezevent.com\/light-painting-photography-workshop\" target=\"_blank\" rel=\"noopener noreferrer\">Toutes les mesures de pr\u00e9cautions sanitaires seront respect\u00e9es par nos \u00e9quipes. Le nombre de personnes est limit\u00e9. Nous vous invitons \u00e0 vous inscrire en cliquant ici.<\/a><\/h6>\n<p>C\u2019est une technique de photographie de longue exposition dans un environnement sombre. Il est possible de dessiner ce que nous imaginons gr\u00e2ce \u00e0 une ou plusieurs sources lumineuses de couleurs diff\u00e9rentes. \u00c0 la fin tous les mouvements ex\u00e9cut\u00e9s restent ancr\u00e9s dans l&rsquo;image finale permettant \u00e0 chaque personne de laisser libre champ \u00e0 sa cr\u00e9ativit\u00e9. Chaque participant peut avoir une photo souvenir de cet atelier. Une exposition photos pourrait par la suite \u00eatre organis\u00e9e.<\/p>\n","protected":false},"excerpt":{"rendered":"<p>Depuis 2017 avec Novembre Num\u00e9rique, l\u2019Institut fran\u00e7ais et le r\u00e9seau culturel fran\u00e7ais \u00e0 l\u2019\u00e9tranger proposent de mettre en avant, chaque ann\u00e9e au cours du mois de novembre, les cultures num\u00e9riques dans leurs formes les plus diverses. Pour cette deuxi\u00e8me \u00e9dition de Novembre Num\u00e9rique sur le territoire, les antennes de l\u2019Institut fran\u00e7ais de J\u00e9rusalem vous propose &hellip;<\/p>\n","protected":false},"author":1,"featured_media":4089,"comment_status":"closed","ping_status":"closed","sticky":false,"template":"","format":"standard","meta":{"footnotes":""},"categories":[2,3,4,5,26,6,10,7,28,12,25],"tags":[237,136,236,95,235,51,106,41,54,234,104,58],"class_list":["post-4079","post","type-post","status-publish","format-standard","has-post-thumbnail","","category-agenda-culturel","category-arts-visuels","category-arts-vivants","category-breaking-news","category-agenda-culturel-chateaubriand","category-cinema","category-debats-didees-livres","category-diaporama","category-gaza","category-jeunesse","category-ramallah","tag-ateliers","tag-bd","tag-conferences","tag-culture","tag-exposition","tag-france","tag-french","tag-gaza","tag-jerusalem","tag-novembre-numerique","tag-numerique","tag-ramallah"],"yoast_head":"<!-- This site is optimized with the Yoast SEO plugin v27.5 - https:\/\/yoast.com\/product\/yoast-seo-wordpress\/ -->\n<title>Novembre num\u00e9rique - Institut Fran\u00e7ais de J\u00e9rusalem - Gaza<\/title>\n<meta name=\"description\" content=\"Pour cette deuxi\u00e8me \u00e9dition de Novembre Num\u00e9rique sur le territoire, les antennes de l\u2019Institut fran\u00e7ais de J\u00e9rusalem vous propose un ensemble d\u2019activit\u00e9s ayant pour but de mettre en valeur le r\u00f4le du num\u00e9rique dans le domaine \u00e9ducatif, \u00e9conomique et culturel.\" \/>\n<meta name=\"robots\" content=\"index, follow, max-snippet:-1, max-image-preview:large, max-video-preview:-1\" \/>\n<link rel=\"canonical\" href=\"https:\/\/www.institutfrancais-jerusalem.org\/gaza\/novembre-numerique-2\/\" \/>\n<meta property=\"og:locale\" content=\"fr_FR\" \/>\n<meta property=\"og:type\" content=\"article\" \/>\n<meta property=\"og:title\" content=\"Novembre num\u00e9rique - Institut Fran\u00e7ais de J\u00e9rusalem - Gaza\" \/>\n<meta property=\"og:description\" content=\"Pour cette deuxi\u00e8me \u00e9dition de Novembre Num\u00e9rique sur le territoire, les antennes de l\u2019Institut fran\u00e7ais de J\u00e9rusalem vous propose un ensemble d\u2019activit\u00e9s ayant pour but de mettre en valeur le r\u00f4le du num\u00e9rique dans le domaine \u00e9ducatif, \u00e9conomique et culturel.\" \/>\n<meta property=\"og:url\" content=\"https:\/\/www.institutfrancais-jerusalem.org\/gaza\/novembre-numerique-2\/\" \/>\n<meta property=\"og:site_name\" content=\"Institut Fran\u00e7ais de J\u00e9rusalem - Gaza\" \/>\n<meta property=\"article:published_time\" content=\"2020-11-10T08:00:39+00:00\" \/>\n<meta property=\"article:modified_time\" content=\"2020-11-30T16:26:02+00:00\" \/>\n<meta property=\"og:image\" content=\"https:\/\/www.institutfrancais-jerusalem.org\/gaza\/wp-content\/uploads\/sites\/9\/2020\/10\/Web-NN-Vert-1.jpg\" \/>\n\t<meta property=\"og:image:width\" content=\"863\" \/>\n\t<meta property=\"og:image:height\" content=\"422\" \/>\n\t<meta property=\"og:image:type\" content=\"image\/jpeg\" \/>\n<meta name=\"author\" content=\"admin6590\" \/>\n<meta name=\"twitter:card\" content=\"summary_large_image\" \/>\n<meta name=\"twitter:label1\" content=\"\u00c9crit par\" \/>\n\t<meta name=\"twitter:data1\" content=\"admin6590\" \/>\n\t<meta name=\"twitter:label2\" content=\"Dur\u00e9e de lecture estim\u00e9e\" \/>\n\t<meta name=\"twitter:data2\" content=\"15 minutes\" \/>\n<script type=\"application\/ld+json\" class=\"yoast-schema-graph\">{\"@context\":\"https:\\\/\\\/schema.org\",\"@graph\":[{\"@type\":\"Article\",\"@id\":\"https:\\\/\\\/www.institutfrancais-jerusalem.org\\\/gaza\\\/novembre-numerique-2\\\/#article\",\"isPartOf\":{\"@id\":\"https:\\\/\\\/www.institutfrancais-jerusalem.org\\\/gaza\\\/novembre-numerique-2\\\/\"},\"author\":{\"name\":\"admin6590\",\"@id\":\"https:\\\/\\\/www.institutfrancais-jerusalem.org\\\/gaza\\\/#\\\/schema\\\/person\\\/0d606b93f4fb1eb5c713b8be3dd4c4bf\"},\"headline\":\"Novembre num\u00e9rique\",\"datePublished\":\"2020-11-10T08:00:39+00:00\",\"dateModified\":\"2020-11-30T16:26:02+00:00\",\"mainEntityOfPage\":{\"@id\":\"https:\\\/\\\/www.institutfrancais-jerusalem.org\\\/gaza\\\/novembre-numerique-2\\\/\"},\"wordCount\":3041,\"image\":{\"@id\":\"https:\\\/\\\/www.institutfrancais-jerusalem.org\\\/gaza\\\/novembre-numerique-2\\\/#primaryimage\"},\"thumbnailUrl\":\"https:\\\/\\\/www.institutfrancais-jerusalem.org\\\/gaza\\\/wp-content\\\/uploads\\\/sites\\\/9\\\/2020\\\/10\\\/Web-NN-Vert-1.jpg\",\"keywords\":[\"ateliers\",\"bd\",\"conf\u00e9rences\",\"culture\",\"Exposition\",\"france\",\"french\",\"gaza\",\"j\u00e9rusalem\",\"Novembre Numerique\",\"num\u00e9rique\",\"ramallah\"],\"articleSection\":[\"Agenda culturel\",\"Arts visuels\",\"Arts vivants\",\"breaking-news\",\"CHATEAUBRIAND\",\"Cin\u00e9ma\",\"D\u00e9bats-d'id\u00e9es &amp; Livres\",\"Diaporama\",\"GAZA\",\"Jeunesse\",\"RAMALLAH\"],\"inLanguage\":\"fr-FR\"},{\"@type\":\"WebPage\",\"@id\":\"https:\\\/\\\/www.institutfrancais-jerusalem.org\\\/gaza\\\/novembre-numerique-2\\\/\",\"url\":\"https:\\\/\\\/www.institutfrancais-jerusalem.org\\\/gaza\\\/novembre-numerique-2\\\/\",\"name\":\"Novembre num\u00e9rique - Institut Fran\u00e7ais de J\u00e9rusalem - Gaza\",\"isPartOf\":{\"@id\":\"https:\\\/\\\/www.institutfrancais-jerusalem.org\\\/gaza\\\/#website\"},\"primaryImageOfPage\":{\"@id\":\"https:\\\/\\\/www.institutfrancais-jerusalem.org\\\/gaza\\\/novembre-numerique-2\\\/#primaryimage\"},\"image\":{\"@id\":\"https:\\\/\\\/www.institutfrancais-jerusalem.org\\\/gaza\\\/novembre-numerique-2\\\/#primaryimage\"},\"thumbnailUrl\":\"https:\\\/\\\/www.institutfrancais-jerusalem.org\\\/gaza\\\/wp-content\\\/uploads\\\/sites\\\/9\\\/2020\\\/10\\\/Web-NN-Vert-1.jpg\",\"datePublished\":\"2020-11-10T08:00:39+00:00\",\"dateModified\":\"2020-11-30T16:26:02+00:00\",\"author\":{\"@id\":\"https:\\\/\\\/www.institutfrancais-jerusalem.org\\\/gaza\\\/#\\\/schema\\\/person\\\/0d606b93f4fb1eb5c713b8be3dd4c4bf\"},\"description\":\"Pour cette deuxi\u00e8me \u00e9dition de Novembre Num\u00e9rique sur le territoire, les antennes de l\u2019Institut fran\u00e7ais de J\u00e9rusalem vous propose un ensemble d\u2019activit\u00e9s ayant pour but de mettre en valeur le r\u00f4le du num\u00e9rique dans le domaine \u00e9ducatif, \u00e9conomique et culturel.\",\"breadcrumb\":{\"@id\":\"https:\\\/\\\/www.institutfrancais-jerusalem.org\\\/gaza\\\/novembre-numerique-2\\\/#breadcrumb\"},\"inLanguage\":\"fr-FR\",\"potentialAction\":[{\"@type\":\"ReadAction\",\"target\":[\"https:\\\/\\\/www.institutfrancais-jerusalem.org\\\/gaza\\\/novembre-numerique-2\\\/\"]}]},{\"@type\":\"ImageObject\",\"inLanguage\":\"fr-FR\",\"@id\":\"https:\\\/\\\/www.institutfrancais-jerusalem.org\\\/gaza\\\/novembre-numerique-2\\\/#primaryimage\",\"url\":\"https:\\\/\\\/www.institutfrancais-jerusalem.org\\\/gaza\\\/wp-content\\\/uploads\\\/sites\\\/9\\\/2020\\\/10\\\/Web-NN-Vert-1.jpg\",\"contentUrl\":\"https:\\\/\\\/www.institutfrancais-jerusalem.org\\\/gaza\\\/wp-content\\\/uploads\\\/sites\\\/9\\\/2020\\\/10\\\/Web-NN-Vert-1.jpg\",\"width\":863,\"height\":422},{\"@type\":\"BreadcrumbList\",\"@id\":\"https:\\\/\\\/www.institutfrancais-jerusalem.org\\\/gaza\\\/novembre-numerique-2\\\/#breadcrumb\",\"itemListElement\":[{\"@type\":\"ListItem\",\"position\":1,\"name\":\"Accueil\",\"item\":\"https:\\\/\\\/www.institutfrancais-jerusalem.org\\\/gaza\\\/\"},{\"@type\":\"ListItem\",\"position\":2,\"name\":\"Novembre num\u00e9rique\"}]},{\"@type\":\"WebSite\",\"@id\":\"https:\\\/\\\/www.institutfrancais-jerusalem.org\\\/gaza\\\/#website\",\"url\":\"https:\\\/\\\/www.institutfrancais-jerusalem.org\\\/gaza\\\/\",\"name\":\"Institut Fran\u00e7ais de J\u00e9rusalem - Gaza\",\"description\":\"\",\"potentialAction\":[{\"@type\":\"SearchAction\",\"target\":{\"@type\":\"EntryPoint\",\"urlTemplate\":\"https:\\\/\\\/www.institutfrancais-jerusalem.org\\\/gaza\\\/?s={search_term_string}\"},\"query-input\":{\"@type\":\"PropertyValueSpecification\",\"valueRequired\":true,\"valueName\":\"search_term_string\"}}],\"inLanguage\":\"fr-FR\"},{\"@type\":\"Person\",\"@id\":\"https:\\\/\\\/www.institutfrancais-jerusalem.org\\\/gaza\\\/#\\\/schema\\\/person\\\/0d606b93f4fb1eb5c713b8be3dd4c4bf\",\"name\":\"admin6590\",\"image\":{\"@type\":\"ImageObject\",\"inLanguage\":\"fr-FR\",\"@id\":\"https:\\\/\\\/secure.gravatar.com\\\/avatar\\\/26482e0f083efa40e5c2db57a3d590897a500390cc256266e30d5da5605a03a9?s=96&d=mm&r=g\",\"url\":\"https:\\\/\\\/secure.gravatar.com\\\/avatar\\\/26482e0f083efa40e5c2db57a3d590897a500390cc256266e30d5da5605a03a9?s=96&d=mm&r=g\",\"contentUrl\":\"https:\\\/\\\/secure.gravatar.com\\\/avatar\\\/26482e0f083efa40e5c2db57a3d590897a500390cc256266e30d5da5605a03a9?s=96&d=mm&r=g\",\"caption\":\"admin6590\"},\"url\":\"https:\\\/\\\/www.institutfrancais-jerusalem.org\\\/gaza\\\/author\\\/admin6590\\\/\"}]}<\/script>\n<!-- \/ Yoast SEO plugin. -->","yoast_head_json":{"title":"Novembre num\u00e9rique - Institut Fran\u00e7ais de J\u00e9rusalem - Gaza","description":"Pour cette deuxi\u00e8me \u00e9dition de Novembre Num\u00e9rique sur le territoire, les antennes de l\u2019Institut fran\u00e7ais de J\u00e9rusalem vous propose un ensemble d\u2019activit\u00e9s ayant pour but de mettre en valeur le r\u00f4le du num\u00e9rique dans le domaine \u00e9ducatif, \u00e9conomique et culturel.","robots":{"index":"index","follow":"follow","max-snippet":"max-snippet:-1","max-image-preview":"max-image-preview:large","max-video-preview":"max-video-preview:-1"},"canonical":"https:\/\/www.institutfrancais-jerusalem.org\/gaza\/novembre-numerique-2\/","og_locale":"fr_FR","og_type":"article","og_title":"Novembre num\u00e9rique - Institut Fran\u00e7ais de J\u00e9rusalem - Gaza","og_description":"Pour cette deuxi\u00e8me \u00e9dition de Novembre Num\u00e9rique sur le territoire, les antennes de l\u2019Institut fran\u00e7ais de J\u00e9rusalem vous propose un ensemble d\u2019activit\u00e9s ayant pour but de mettre en valeur le r\u00f4le du num\u00e9rique dans le domaine \u00e9ducatif, \u00e9conomique et culturel.","og_url":"https:\/\/www.institutfrancais-jerusalem.org\/gaza\/novembre-numerique-2\/","og_site_name":"Institut Fran\u00e7ais de J\u00e9rusalem - Gaza","article_published_time":"2020-11-10T08:00:39+00:00","article_modified_time":"2020-11-30T16:26:02+00:00","og_image":[{"width":863,"height":422,"url":"https:\/\/www.institutfrancais-jerusalem.org\/gaza\/wp-content\/uploads\/sites\/9\/2020\/10\/Web-NN-Vert-1.jpg","type":"image\/jpeg"}],"author":"admin6590","twitter_card":"summary_large_image","twitter_misc":{"\u00c9crit par":"admin6590","Dur\u00e9e de lecture estim\u00e9e":"15 minutes"},"schema":{"@context":"https:\/\/schema.org","@graph":[{"@type":"Article","@id":"https:\/\/www.institutfrancais-jerusalem.org\/gaza\/novembre-numerique-2\/#article","isPartOf":{"@id":"https:\/\/www.institutfrancais-jerusalem.org\/gaza\/novembre-numerique-2\/"},"author":{"name":"admin6590","@id":"https:\/\/www.institutfrancais-jerusalem.org\/gaza\/#\/schema\/person\/0d606b93f4fb1eb5c713b8be3dd4c4bf"},"headline":"Novembre num\u00e9rique","datePublished":"2020-11-10T08:00:39+00:00","dateModified":"2020-11-30T16:26:02+00:00","mainEntityOfPage":{"@id":"https:\/\/www.institutfrancais-jerusalem.org\/gaza\/novembre-numerique-2\/"},"wordCount":3041,"image":{"@id":"https:\/\/www.institutfrancais-jerusalem.org\/gaza\/novembre-numerique-2\/#primaryimage"},"thumbnailUrl":"https:\/\/www.institutfrancais-jerusalem.org\/gaza\/wp-content\/uploads\/sites\/9\/2020\/10\/Web-NN-Vert-1.jpg","keywords":["ateliers","bd","conf\u00e9rences","culture","Exposition","france","french","gaza","j\u00e9rusalem","Novembre Numerique","num\u00e9rique","ramallah"],"articleSection":["Agenda culturel","Arts visuels","Arts vivants","breaking-news","CHATEAUBRIAND","Cin\u00e9ma","D\u00e9bats-d'id\u00e9es &amp; Livres","Diaporama","GAZA","Jeunesse","RAMALLAH"],"inLanguage":"fr-FR"},{"@type":"WebPage","@id":"https:\/\/www.institutfrancais-jerusalem.org\/gaza\/novembre-numerique-2\/","url":"https:\/\/www.institutfrancais-jerusalem.org\/gaza\/novembre-numerique-2\/","name":"Novembre num\u00e9rique - Institut Fran\u00e7ais de J\u00e9rusalem - Gaza","isPartOf":{"@id":"https:\/\/www.institutfrancais-jerusalem.org\/gaza\/#website"},"primaryImageOfPage":{"@id":"https:\/\/www.institutfrancais-jerusalem.org\/gaza\/novembre-numerique-2\/#primaryimage"},"image":{"@id":"https:\/\/www.institutfrancais-jerusalem.org\/gaza\/novembre-numerique-2\/#primaryimage"},"thumbnailUrl":"https:\/\/www.institutfrancais-jerusalem.org\/gaza\/wp-content\/uploads\/sites\/9\/2020\/10\/Web-NN-Vert-1.jpg","datePublished":"2020-11-10T08:00:39+00:00","dateModified":"2020-11-30T16:26:02+00:00","author":{"@id":"https:\/\/www.institutfrancais-jerusalem.org\/gaza\/#\/schema\/person\/0d606b93f4fb1eb5c713b8be3dd4c4bf"},"description":"Pour cette deuxi\u00e8me \u00e9dition de Novembre Num\u00e9rique sur le territoire, les antennes de l\u2019Institut fran\u00e7ais de J\u00e9rusalem vous propose un ensemble d\u2019activit\u00e9s ayant pour but de mettre en valeur le r\u00f4le du num\u00e9rique dans le domaine \u00e9ducatif, \u00e9conomique et culturel.","breadcrumb":{"@id":"https:\/\/www.institutfrancais-jerusalem.org\/gaza\/novembre-numerique-2\/#breadcrumb"},"inLanguage":"fr-FR","potentialAction":[{"@type":"ReadAction","target":["https:\/\/www.institutfrancais-jerusalem.org\/gaza\/novembre-numerique-2\/"]}]},{"@type":"ImageObject","inLanguage":"fr-FR","@id":"https:\/\/www.institutfrancais-jerusalem.org\/gaza\/novembre-numerique-2\/#primaryimage","url":"https:\/\/www.institutfrancais-jerusalem.org\/gaza\/wp-content\/uploads\/sites\/9\/2020\/10\/Web-NN-Vert-1.jpg","contentUrl":"https:\/\/www.institutfrancais-jerusalem.org\/gaza\/wp-content\/uploads\/sites\/9\/2020\/10\/Web-NN-Vert-1.jpg","width":863,"height":422},{"@type":"BreadcrumbList","@id":"https:\/\/www.institutfrancais-jerusalem.org\/gaza\/novembre-numerique-2\/#breadcrumb","itemListElement":[{"@type":"ListItem","position":1,"name":"Accueil","item":"https:\/\/www.institutfrancais-jerusalem.org\/gaza\/"},{"@type":"ListItem","position":2,"name":"Novembre num\u00e9rique"}]},{"@type":"WebSite","@id":"https:\/\/www.institutfrancais-jerusalem.org\/gaza\/#website","url":"https:\/\/www.institutfrancais-jerusalem.org\/gaza\/","name":"Institut Fran\u00e7ais de J\u00e9rusalem - Gaza","description":"","potentialAction":[{"@type":"SearchAction","target":{"@type":"EntryPoint","urlTemplate":"https:\/\/www.institutfrancais-jerusalem.org\/gaza\/?s={search_term_string}"},"query-input":{"@type":"PropertyValueSpecification","valueRequired":true,"valueName":"search_term_string"}}],"inLanguage":"fr-FR"},{"@type":"Person","@id":"https:\/\/www.institutfrancais-jerusalem.org\/gaza\/#\/schema\/person\/0d606b93f4fb1eb5c713b8be3dd4c4bf","name":"admin6590","image":{"@type":"ImageObject","inLanguage":"fr-FR","@id":"https:\/\/secure.gravatar.com\/avatar\/26482e0f083efa40e5c2db57a3d590897a500390cc256266e30d5da5605a03a9?s=96&d=mm&r=g","url":"https:\/\/secure.gravatar.com\/avatar\/26482e0f083efa40e5c2db57a3d590897a500390cc256266e30d5da5605a03a9?s=96&d=mm&r=g","contentUrl":"https:\/\/secure.gravatar.com\/avatar\/26482e0f083efa40e5c2db57a3d590897a500390cc256266e30d5da5605a03a9?s=96&d=mm&r=g","caption":"admin6590"},"url":"https:\/\/www.institutfrancais-jerusalem.org\/gaza\/author\/admin6590\/"}]}},"_links":{"self":[{"href":"https:\/\/www.institutfrancais-jerusalem.org\/gaza\/wp-json\/wp\/v2\/posts\/4079","targetHints":{"allow":["GET"]}}],"collection":[{"href":"https:\/\/www.institutfrancais-jerusalem.org\/gaza\/wp-json\/wp\/v2\/posts"}],"about":[{"href":"https:\/\/www.institutfrancais-jerusalem.org\/gaza\/wp-json\/wp\/v2\/types\/post"}],"author":[{"embeddable":true,"href":"https:\/\/www.institutfrancais-jerusalem.org\/gaza\/wp-json\/wp\/v2\/users\/1"}],"replies":[{"embeddable":true,"href":"https:\/\/www.institutfrancais-jerusalem.org\/gaza\/wp-json\/wp\/v2\/comments?post=4079"}],"version-history":[{"count":8,"href":"https:\/\/www.institutfrancais-jerusalem.org\/gaza\/wp-json\/wp\/v2\/posts\/4079\/revisions"}],"predecessor-version":[{"id":4155,"href":"https:\/\/www.institutfrancais-jerusalem.org\/gaza\/wp-json\/wp\/v2\/posts\/4079\/revisions\/4155"}],"wp:featuredmedia":[{"embeddable":true,"href":"https:\/\/www.institutfrancais-jerusalem.org\/gaza\/wp-json\/wp\/v2\/media\/4089"}],"wp:attachment":[{"href":"https:\/\/www.institutfrancais-jerusalem.org\/gaza\/wp-json\/wp\/v2\/media?parent=4079"}],"wp:term":[{"taxonomy":"category","embeddable":true,"href":"https:\/\/www.institutfrancais-jerusalem.org\/gaza\/wp-json\/wp\/v2\/categories?post=4079"},{"taxonomy":"post_tag","embeddable":true,"href":"https:\/\/www.institutfrancais-jerusalem.org\/gaza\/wp-json\/wp\/v2\/tags?post=4079"}],"curies":[{"name":"wp","href":"https:\/\/api.w.org\/{rel}","templated":true}]}}