{"id":3082,"date":"2020-01-14T10:53:48","date_gmt":"2020-01-14T09:53:48","guid":{"rendered":"https:\/\/www.institutfrancais-jerusalem.org\/gaza\/?p=3082"},"modified":"2020-01-14T11:09:54","modified_gmt":"2020-01-14T10:09:54","slug":"talking-about-trees","status":"publish","type":"post","link":"https:\/\/www.institutfrancais-jerusalem.org\/gaza\/talking-about-trees\/","title":{"rendered":"TALKING ABOUT TREES"},"content":{"rendered":"<p><strong>Un documentaire de<span class=\"Apple-converted-space\">\u00a0<\/span>Suhaib Gasmelbari,<span class=\"Apple-converted-space\">\u00a0<\/span><\/strong><\/p>\n<p><strong>2019, 1h34mn,\u00a0<\/strong><strong>Fran\u00e7ais, Soudanais, Allemand, Tchadien, Qatarien<\/strong><\/p>\n<p>Ibrahim, Suleiman, Manar et Altayeb, cin\u00e9astes fac\u00e9tieux et<span class=\"Apple-converted-space\">\u00a0<\/span>id\u00e9alistes, sillonnent dans un van les routes du Soudan pour<span class=\"Apple-converted-space\">\u00a0<\/span>projeter des films en \u00e9vitant la censure du pouvoir. Ces quatre amis de toujours se mettent \u00e0 r\u00eaver d\u2019organiser une grande<span class=\"Apple-converted-space\">\u00a0<\/span>projection publique dans la capitale Khartoum et de r\u00e9nover une salle de cin\u00e9ma \u00e0 l\u2019abandon. Son nom ? La R\u00e9volution\u2026<\/p>\n<p><strong>Mercredi 22 janvier 2020 \u00e0 15h<\/strong><\/p>\n","protected":false},"excerpt":{"rendered":"<p>Un documentaire de\u00a0Suhaib Gasmelbari,\u00a0 2019, 1h34mn,\u00a0Fran\u00e7ais, Soudanais, Allemand, Tchadien, Qatarien Ibrahim, Suleiman, Manar et Altayeb, cin\u00e9astes fac\u00e9tieux et\u00a0id\u00e9alistes, sillonnent dans un van les routes du Soudan pour\u00a0projeter des films en \u00e9vitant la censure du pouvoir. Ces quatre amis de toujours se mettent \u00e0 r\u00eaver d\u2019organiser une grande\u00a0projection publique dans la capitale Khartoum et de r\u00e9nover &hellip;<\/p>\n","protected":false},"author":6,"featured_media":3084,"comment_status":"closed","ping_status":"closed","sticky":false,"template":"","format":"standard","meta":{"footnotes":""},"categories":[7,28],"tags":[],"class_list":["post-3082","post","type-post","status-publish","format-standard","has-post-thumbnail","","category-diaporama","category-gaza"],"yoast_head":"<!-- This site is optimized with the Yoast SEO plugin v27.5 - https:\/\/yoast.com\/product\/yoast-seo-wordpress\/ -->\n<title>TALKING ABOUT TREES - Institut Fran\u00e7ais de J\u00e9rusalem - Gaza<\/title>\n<meta name=\"robots\" content=\"index, follow, max-snippet:-1, max-image-preview:large, max-video-preview:-1\" \/>\n<link rel=\"canonical\" href=\"https:\/\/www.institutfrancais-jerusalem.org\/gaza\/talking-about-trees\/\" \/>\n<meta property=\"og:locale\" content=\"fr_FR\" \/>\n<meta property=\"og:type\" content=\"article\" \/>\n<meta property=\"og:title\" content=\"TALKING ABOUT TREES - Institut Fran\u00e7ais de J\u00e9rusalem - Gaza\" \/>\n<meta property=\"og:description\" content=\"Un documentaire de\u00a0Suhaib Gasmelbari,\u00a0 2019, 1h34mn,\u00a0Fran\u00e7ais, Soudanais, Allemand, Tchadien, Qatarien Ibrahim, Suleiman, Manar et Altayeb, cin\u00e9astes fac\u00e9tieux et\u00a0id\u00e9alistes, sillonnent dans un van les routes du Soudan pour\u00a0projeter des films en \u00e9vitant la censure du pouvoir. Ces quatre amis de toujours se mettent \u00e0 r\u00eaver d\u2019organiser une grande\u00a0projection publique dans la capitale Khartoum et de r\u00e9nover &hellip;\" \/>\n<meta property=\"og:url\" content=\"https:\/\/www.institutfrancais-jerusalem.org\/gaza\/talking-about-trees\/\" \/>\n<meta property=\"og:site_name\" content=\"Institut Fran\u00e7ais de J\u00e9rusalem - Gaza\" \/>\n<meta property=\"article:published_time\" content=\"2020-01-14T09:53:48+00:00\" \/>\n<meta property=\"article:modified_time\" content=\"2020-01-14T10:09:54+00:00\" \/>\n<meta property=\"og:image\" content=\"https:\/\/www.institutfrancais-jerusalem.org\/gaza\/wp-content\/uploads\/sites\/9\/2020\/01\/Trees-visuel.jpg\" \/>\n\t<meta property=\"og:image:width\" content=\"1600\" \/>\n\t<meta property=\"og:image:height\" content=\"900\" \/>\n\t<meta property=\"og:image:type\" content=\"image\/jpeg\" \/>\n<meta name=\"author\" content=\"ifjgaza\" \/>\n<meta name=\"twitter:card\" content=\"summary_large_image\" \/>\n<meta name=\"twitter:label1\" content=\"\u00c9crit par\" \/>\n\t<meta name=\"twitter:data1\" content=\"ifjgaza\" \/>\n<script type=\"application\/ld+json\" class=\"yoast-schema-graph\">{\"@context\":\"https:\\\/\\\/schema.org\",\"@graph\":[{\"@type\":\"Article\",\"@id\":\"https:\\\/\\\/www.institutfrancais-jerusalem.org\\\/gaza\\\/talking-about-trees\\\/#article\",\"isPartOf\":{\"@id\":\"https:\\\/\\\/www.institutfrancais-jerusalem.org\\\/gaza\\\/talking-about-trees\\\/\"},\"author\":{\"name\":\"ifjgaza\",\"@id\":\"https:\\\/\\\/www.institutfrancais-jerusalem.org\\\/gaza\\\/#\\\/schema\\\/person\\\/f2207ffbd94a37d0b7a1446e3f6f0950\"},\"headline\":\"TALKING ABOUT TREES\",\"datePublished\":\"2020-01-14T09:53:48+00:00\",\"dateModified\":\"2020-01-14T10:09:54+00:00\",\"mainEntityOfPage\":{\"@id\":\"https:\\\/\\\/www.institutfrancais-jerusalem.org\\\/gaza\\\/talking-about-trees\\\/\"},\"wordCount\":84,\"image\":{\"@id\":\"https:\\\/\\\/www.institutfrancais-jerusalem.org\\\/gaza\\\/talking-about-trees\\\/#primaryimage\"},\"thumbnailUrl\":\"https:\\\/\\\/www.institutfrancais-jerusalem.org\\\/gaza\\\/wp-content\\\/uploads\\\/sites\\\/9\\\/2020\\\/01\\\/Trees-visuel.jpg\",\"articleSection\":[\"Diaporama\",\"GAZA\"],\"inLanguage\":\"fr-FR\"},{\"@type\":\"WebPage\",\"@id\":\"https:\\\/\\\/www.institutfrancais-jerusalem.org\\\/gaza\\\/talking-about-trees\\\/\",\"url\":\"https:\\\/\\\/www.institutfrancais-jerusalem.org\\\/gaza\\\/talking-about-trees\\\/\",\"name\":\"TALKING ABOUT TREES - Institut Fran\u00e7ais de J\u00e9rusalem - Gaza\",\"isPartOf\":{\"@id\":\"https:\\\/\\\/www.institutfrancais-jerusalem.org\\\/gaza\\\/#website\"},\"primaryImageOfPage\":{\"@id\":\"https:\\\/\\\/www.institutfrancais-jerusalem.org\\\/gaza\\\/talking-about-trees\\\/#primaryimage\"},\"image\":{\"@id\":\"https:\\\/\\\/www.institutfrancais-jerusalem.org\\\/gaza\\\/talking-about-trees\\\/#primaryimage\"},\"thumbnailUrl\":\"https:\\\/\\\/www.institutfrancais-jerusalem.org\\\/gaza\\\/wp-content\\\/uploads\\\/sites\\\/9\\\/2020\\\/01\\\/Trees-visuel.jpg\",\"datePublished\":\"2020-01-14T09:53:48+00:00\",\"dateModified\":\"2020-01-14T10:09:54+00:00\",\"author\":{\"@id\":\"https:\\\/\\\/www.institutfrancais-jerusalem.org\\\/gaza\\\/#\\\/schema\\\/person\\\/f2207ffbd94a37d0b7a1446e3f6f0950\"},\"breadcrumb\":{\"@id\":\"https:\\\/\\\/www.institutfrancais-jerusalem.org\\\/gaza\\\/talking-about-trees\\\/#breadcrumb\"},\"inLanguage\":\"fr-FR\",\"potentialAction\":[{\"@type\":\"ReadAction\",\"target\":[\"https:\\\/\\\/www.institutfrancais-jerusalem.org\\\/gaza\\\/talking-about-trees\\\/\"]}]},{\"@type\":\"ImageObject\",\"inLanguage\":\"fr-FR\",\"@id\":\"https:\\\/\\\/www.institutfrancais-jerusalem.org\\\/gaza\\\/talking-about-trees\\\/#primaryimage\",\"url\":\"https:\\\/\\\/www.institutfrancais-jerusalem.org\\\/gaza\\\/wp-content\\\/uploads\\\/sites\\\/9\\\/2020\\\/01\\\/Trees-visuel.jpg\",\"contentUrl\":\"https:\\\/\\\/www.institutfrancais-jerusalem.org\\\/gaza\\\/wp-content\\\/uploads\\\/sites\\\/9\\\/2020\\\/01\\\/Trees-visuel.jpg\",\"width\":1600,\"height\":900},{\"@type\":\"BreadcrumbList\",\"@id\":\"https:\\\/\\\/www.institutfrancais-jerusalem.org\\\/gaza\\\/talking-about-trees\\\/#breadcrumb\",\"itemListElement\":[{\"@type\":\"ListItem\",\"position\":1,\"name\":\"Accueil\",\"item\":\"https:\\\/\\\/www.institutfrancais-jerusalem.org\\\/gaza\\\/\"},{\"@type\":\"ListItem\",\"position\":2,\"name\":\"TALKING ABOUT TREES\"}]},{\"@type\":\"WebSite\",\"@id\":\"https:\\\/\\\/www.institutfrancais-jerusalem.org\\\/gaza\\\/#website\",\"url\":\"https:\\\/\\\/www.institutfrancais-jerusalem.org\\\/gaza\\\/\",\"name\":\"Institut Fran\u00e7ais de J\u00e9rusalem - Gaza\",\"description\":\"\",\"potentialAction\":[{\"@type\":\"SearchAction\",\"target\":{\"@type\":\"EntryPoint\",\"urlTemplate\":\"https:\\\/\\\/www.institutfrancais-jerusalem.org\\\/gaza\\\/?s={search_term_string}\"},\"query-input\":{\"@type\":\"PropertyValueSpecification\",\"valueRequired\":true,\"valueName\":\"search_term_string\"}}],\"inLanguage\":\"fr-FR\"},{\"@type\":\"Person\",\"@id\":\"https:\\\/\\\/www.institutfrancais-jerusalem.org\\\/gaza\\\/#\\\/schema\\\/person\\\/f2207ffbd94a37d0b7a1446e3f6f0950\",\"name\":\"ifjgaza\",\"image\":{\"@type\":\"ImageObject\",\"inLanguage\":\"fr-FR\",\"@id\":\"https:\\\/\\\/secure.gravatar.com\\\/avatar\\\/567bd01b6ac69646c7067e93093a1d868ab71cfbf8c99120aa16a03d96aa27c9?s=96&d=mm&r=g\",\"url\":\"https:\\\/\\\/secure.gravatar.com\\\/avatar\\\/567bd01b6ac69646c7067e93093a1d868ab71cfbf8c99120aa16a03d96aa27c9?s=96&d=mm&r=g\",\"contentUrl\":\"https:\\\/\\\/secure.gravatar.com\\\/avatar\\\/567bd01b6ac69646c7067e93093a1d868ab71cfbf8c99120aa16a03d96aa27c9?s=96&d=mm&r=g\",\"caption\":\"ifjgaza\"},\"url\":\"https:\\\/\\\/www.institutfrancais-jerusalem.org\\\/gaza\\\/author\\\/ifjgaza\\\/\"}]}<\/script>\n<!-- \/ Yoast SEO plugin. -->","yoast_head_json":{"title":"TALKING ABOUT TREES - Institut Fran\u00e7ais de J\u00e9rusalem - Gaza","robots":{"index":"index","follow":"follow","max-snippet":"max-snippet:-1","max-image-preview":"max-image-preview:large","max-video-preview":"max-video-preview:-1"},"canonical":"https:\/\/www.institutfrancais-jerusalem.org\/gaza\/talking-about-trees\/","og_locale":"fr_FR","og_type":"article","og_title":"TALKING ABOUT TREES - Institut Fran\u00e7ais de J\u00e9rusalem - Gaza","og_description":"Un documentaire de\u00a0Suhaib Gasmelbari,\u00a0 2019, 1h34mn,\u00a0Fran\u00e7ais, Soudanais, Allemand, Tchadien, Qatarien Ibrahim, Suleiman, Manar et Altayeb, cin\u00e9astes fac\u00e9tieux et\u00a0id\u00e9alistes, sillonnent dans un van les routes du Soudan pour\u00a0projeter des films en \u00e9vitant la censure du pouvoir. Ces quatre amis de toujours se mettent \u00e0 r\u00eaver d\u2019organiser une grande\u00a0projection publique dans la capitale Khartoum et de r\u00e9nover &hellip;","og_url":"https:\/\/www.institutfrancais-jerusalem.org\/gaza\/talking-about-trees\/","og_site_name":"Institut Fran\u00e7ais de J\u00e9rusalem - Gaza","article_published_time":"2020-01-14T09:53:48+00:00","article_modified_time":"2020-01-14T10:09:54+00:00","og_image":[{"width":1600,"height":900,"url":"https:\/\/www.institutfrancais-jerusalem.org\/gaza\/wp-content\/uploads\/sites\/9\/2020\/01\/Trees-visuel.jpg","type":"image\/jpeg"}],"author":"ifjgaza","twitter_card":"summary_large_image","twitter_misc":{"\u00c9crit par":"ifjgaza"},"schema":{"@context":"https:\/\/schema.org","@graph":[{"@type":"Article","@id":"https:\/\/www.institutfrancais-jerusalem.org\/gaza\/talking-about-trees\/#article","isPartOf":{"@id":"https:\/\/www.institutfrancais-jerusalem.org\/gaza\/talking-about-trees\/"},"author":{"name":"ifjgaza","@id":"https:\/\/www.institutfrancais-jerusalem.org\/gaza\/#\/schema\/person\/f2207ffbd94a37d0b7a1446e3f6f0950"},"headline":"TALKING ABOUT TREES","datePublished":"2020-01-14T09:53:48+00:00","dateModified":"2020-01-14T10:09:54+00:00","mainEntityOfPage":{"@id":"https:\/\/www.institutfrancais-jerusalem.org\/gaza\/talking-about-trees\/"},"wordCount":84,"image":{"@id":"https:\/\/www.institutfrancais-jerusalem.org\/gaza\/talking-about-trees\/#primaryimage"},"thumbnailUrl":"https:\/\/www.institutfrancais-jerusalem.org\/gaza\/wp-content\/uploads\/sites\/9\/2020\/01\/Trees-visuel.jpg","articleSection":["Diaporama","GAZA"],"inLanguage":"fr-FR"},{"@type":"WebPage","@id":"https:\/\/www.institutfrancais-jerusalem.org\/gaza\/talking-about-trees\/","url":"https:\/\/www.institutfrancais-jerusalem.org\/gaza\/talking-about-trees\/","name":"TALKING ABOUT TREES - Institut Fran\u00e7ais de J\u00e9rusalem - Gaza","isPartOf":{"@id":"https:\/\/www.institutfrancais-jerusalem.org\/gaza\/#website"},"primaryImageOfPage":{"@id":"https:\/\/www.institutfrancais-jerusalem.org\/gaza\/talking-about-trees\/#primaryimage"},"image":{"@id":"https:\/\/www.institutfrancais-jerusalem.org\/gaza\/talking-about-trees\/#primaryimage"},"thumbnailUrl":"https:\/\/www.institutfrancais-jerusalem.org\/gaza\/wp-content\/uploads\/sites\/9\/2020\/01\/Trees-visuel.jpg","datePublished":"2020-01-14T09:53:48+00:00","dateModified":"2020-01-14T10:09:54+00:00","author":{"@id":"https:\/\/www.institutfrancais-jerusalem.org\/gaza\/#\/schema\/person\/f2207ffbd94a37d0b7a1446e3f6f0950"},"breadcrumb":{"@id":"https:\/\/www.institutfrancais-jerusalem.org\/gaza\/talking-about-trees\/#breadcrumb"},"inLanguage":"fr-FR","potentialAction":[{"@type":"ReadAction","target":["https:\/\/www.institutfrancais-jerusalem.org\/gaza\/talking-about-trees\/"]}]},{"@type":"ImageObject","inLanguage":"fr-FR","@id":"https:\/\/www.institutfrancais-jerusalem.org\/gaza\/talking-about-trees\/#primaryimage","url":"https:\/\/www.institutfrancais-jerusalem.org\/gaza\/wp-content\/uploads\/sites\/9\/2020\/01\/Trees-visuel.jpg","contentUrl":"https:\/\/www.institutfrancais-jerusalem.org\/gaza\/wp-content\/uploads\/sites\/9\/2020\/01\/Trees-visuel.jpg","width":1600,"height":900},{"@type":"BreadcrumbList","@id":"https:\/\/www.institutfrancais-jerusalem.org\/gaza\/talking-about-trees\/#breadcrumb","itemListElement":[{"@type":"ListItem","position":1,"name":"Accueil","item":"https:\/\/www.institutfrancais-jerusalem.org\/gaza\/"},{"@type":"ListItem","position":2,"name":"TALKING ABOUT TREES"}]},{"@type":"WebSite","@id":"https:\/\/www.institutfrancais-jerusalem.org\/gaza\/#website","url":"https:\/\/www.institutfrancais-jerusalem.org\/gaza\/","name":"Institut Fran\u00e7ais de J\u00e9rusalem - Gaza","description":"","potentialAction":[{"@type":"SearchAction","target":{"@type":"EntryPoint","urlTemplate":"https:\/\/www.institutfrancais-jerusalem.org\/gaza\/?s={search_term_string}"},"query-input":{"@type":"PropertyValueSpecification","valueRequired":true,"valueName":"search_term_string"}}],"inLanguage":"fr-FR"},{"@type":"Person","@id":"https:\/\/www.institutfrancais-jerusalem.org\/gaza\/#\/schema\/person\/f2207ffbd94a37d0b7a1446e3f6f0950","name":"ifjgaza","image":{"@type":"ImageObject","inLanguage":"fr-FR","@id":"https:\/\/secure.gravatar.com\/avatar\/567bd01b6ac69646c7067e93093a1d868ab71cfbf8c99120aa16a03d96aa27c9?s=96&d=mm&r=g","url":"https:\/\/secure.gravatar.com\/avatar\/567bd01b6ac69646c7067e93093a1d868ab71cfbf8c99120aa16a03d96aa27c9?s=96&d=mm&r=g","contentUrl":"https:\/\/secure.gravatar.com\/avatar\/567bd01b6ac69646c7067e93093a1d868ab71cfbf8c99120aa16a03d96aa27c9?s=96&d=mm&r=g","caption":"ifjgaza"},"url":"https:\/\/www.institutfrancais-jerusalem.org\/gaza\/author\/ifjgaza\/"}]}},"_links":{"self":[{"href":"https:\/\/www.institutfrancais-jerusalem.org\/gaza\/wp-json\/wp\/v2\/posts\/3082","targetHints":{"allow":["GET"]}}],"collection":[{"href":"https:\/\/www.institutfrancais-jerusalem.org\/gaza\/wp-json\/wp\/v2\/posts"}],"about":[{"href":"https:\/\/www.institutfrancais-jerusalem.org\/gaza\/wp-json\/wp\/v2\/types\/post"}],"author":[{"embeddable":true,"href":"https:\/\/www.institutfrancais-jerusalem.org\/gaza\/wp-json\/wp\/v2\/users\/6"}],"replies":[{"embeddable":true,"href":"https:\/\/www.institutfrancais-jerusalem.org\/gaza\/wp-json\/wp\/v2\/comments?post=3082"}],"version-history":[{"count":2,"href":"https:\/\/www.institutfrancais-jerusalem.org\/gaza\/wp-json\/wp\/v2\/posts\/3082\/revisions"}],"predecessor-version":[{"id":3096,"href":"https:\/\/www.institutfrancais-jerusalem.org\/gaza\/wp-json\/wp\/v2\/posts\/3082\/revisions\/3096"}],"wp:featuredmedia":[{"embeddable":true,"href":"https:\/\/www.institutfrancais-jerusalem.org\/gaza\/wp-json\/wp\/v2\/media\/3084"}],"wp:attachment":[{"href":"https:\/\/www.institutfrancais-jerusalem.org\/gaza\/wp-json\/wp\/v2\/media?parent=3082"}],"wp:term":[{"taxonomy":"category","embeddable":true,"href":"https:\/\/www.institutfrancais-jerusalem.org\/gaza\/wp-json\/wp\/v2\/categories?post=3082"},{"taxonomy":"post_tag","embeddable":true,"href":"https:\/\/www.institutfrancais-jerusalem.org\/gaza\/wp-json\/wp\/v2\/tags?post=3082"}],"curies":[{"name":"wp","href":"https:\/\/api.w.org\/{rel}","templated":true}]}}