{"id":2995,"date":"2019-10-08T13:40:11","date_gmt":"2019-10-08T11:40:11","guid":{"rendered":"https:\/\/www.institutfrancais-jerusalem.org\/gaza\/?p=2995"},"modified":"2019-10-08T15:11:37","modified_gmt":"2019-10-08T13:11:37","slug":"debats-didees-avec-isabelle-autissier-soudain-seuls","status":"publish","type":"post","link":"https:\/\/www.institutfrancais-jerusalem.org\/gaza\/debats-didees-avec-isabelle-autissier-soudain-seuls\/","title":{"rendered":"D\u00e9bats d\u2019id\u00e9es avec Isabelle Autissier \/ \u201cSoudain, seuls\u201d"},"content":{"rendered":"<p class=\"p1\"><span class=\"s1\">Tout au long de l\u2019ann\u00e9e, nous proposons un cycle de conf\u00e9rences et de table-rondes men\u00e9es par des personnalit\u00e9s fran\u00e7aises et palestiniennes. Les rencontres se d\u00e9roulent dans les Universit\u00e9s, les Antennes de l\u2019Institut fran\u00e7ais et les \u00e9tablissements partenaires.<\/span><\/p>\n<h3 class=\"p1\"><span class=\"s1\"><b>Isabelle Autissier<\/b><\/span><\/h3>\n<p class=\"p1\"><span class=\"s1\">Isabelle Autissier est une navigatrice fran\u00e7aise, premi\u00e8re femme \u00e0 avoir accompli un tour du monde en comp\u00e9tition. Elle passe sa jeunesse \u00e0 Saint Maur en r\u00e9gion parisienne et d\u00e9couvre la voile en Bretagne d\u00e8s l&rsquo;\u00e2ge de 6 ans.<\/span><\/p>\n<p class=\"p1\"><span class=\"s1\">En 1978, elle sort de l&rsquo;\u00c9cole nationale sup\u00e9rieure agronomique de Rennes avec un dipl\u00f4me d&rsquo;ing\u00e9nieur agronome. En 1980, elle m\u00e8ne pour le compte du <em>Comit\u00e9 R\u00e9gion Des P\u00eaches Et Cultu Marin (CORPECUM)<\/em> une recherche sur les langoustines et les gros crustac\u00e9s. Cette activit\u00e9 de recherche se prolonge pour le compte de l\u2019<em>Institut Fran\u00e7ais de Recherche pour l&rsquo;Exploitation de la Mer (IFREMER)<\/em>, \u00e0 La Rochelle sur les p\u00eacheries du golfe de Gascogne. De 1984 \u00e0 1990, elle enseigne \u00e0 l&rsquo;\u00c9cole maritime et aquacole de La Rochelle.<\/span><\/p>\n<p class=\"p1\"><span class=\"s1\">En 1991, elle termine 7e au cours du <em>BOC Challenge<\/em> en r\u00e9alisant l&rsquo;exploit d&rsquo;\u00eatre la premi\u00e8re femme \u00e0 faire un tour du monde en course. C&rsquo;est cette r\u00e9ussite qui la pousse \u00e0\u00a0 se consacrer enti\u00e8rement \u00e0 la course au large. en 1994, elle\u00a0 bat avec son \u00e9quipage le record New York \/ San Francisco, de pr\u00e8s de deux semaines. En 1996, elle participe au <em>Vend\u00e9e Globe<\/em> mais est contrainte \u00e0 l\u2019abandon. En 1999, au cours de la course en solitaire autour du <em>Monde Around Alone<\/em> (ex-<em>Boc Challenge<\/em>), elle chavire et son bateau reste \u00e0 l&rsquo;envers. Le skipper Giovanni Soldini viendra la sauver. A partir de 2005, elle navigue dans les r\u00e9gions polaires, emmenant \u00e0 son bord artistes, scientifiques et sportifs.<\/span><\/p>\n<p class=\"p1\"><span class=\"s1\">En d\u00e9cembre 2009, elle est \u00e9lue pr\u00e9sidente de la branche fran\u00e7aise du <em>World Wide Fund for Nature (WWF)<\/em>.<\/span><\/p>\n<p class=\"p1\"><span class=\"s1\">Isabelle Autissier s&rsquo;est \u00e9galement tourn\u00e9e vers l&rsquo;\u00e9criture. Apr\u00e8s plusieurs r\u00e9cits, essais, ainsi qu&rsquo;un livret d&rsquo;op\u00e9ra, <em>\u00ab\u00a0Homo Loquax\u00a0\u00bb<\/em>, elle publie en 2009 son premier roman, <em>\u00ab\u00a0Seule la mer s&rsquo;en souviendra\u00a0\u00bb<\/em>, l&rsquo;histoire d&rsquo;une supercherie en mer inspir\u00e9e d&rsquo;un fait r\u00e9el : <i>l&rsquo;affaire Crowhurst<\/i> en 1969, puis <em>\u201cl\u2019amant de Patagonie\u201d<\/em> et<em> \u201cSoudain,seuls\u201d<\/em> qui figurera sur la premi\u00e8re liste du prix Goncourt. Son dernier roman <em>\u201cOublier Klara\u201d<\/em> est paru en 2019.<\/span><\/p>\n<h3 class=\"p1\"><span class=\"s1\"><b><i>Soudain, seuls<\/i><\/b><\/span><\/h3>\n<p class=\"p1\"><span class=\"s1\">A travers la pr\u00e9sentation de son livre \u00ab\u00a0<i>Soudain, seuls\u00a0\u00bb, <\/i>Isabelle Autissier nous expose son point de vue sur des enjeux soci\u00e9taux tels que la protection et la d\u00e9fense de l\u2019environnement.<\/span><\/p>\n<p class=\"p1\"><span class=\"s1\"><i>\u201cUn couple de trentenaires partis faire le tour du monde. Une \u00eele d\u00e9serte, entre la Patagonie et le cap Horn. Une nature r\u00eav\u00e9e, sauvage, qui vire au cauchemar. Un homme et une femme amoureux, qui se retrouvent, soudain, seuls. Leurs nouveaux compagnons : des manchots, des otaries, des \u00e9l\u00e9phants de mer et des rats. Comment lutter contre la faim et l&rsquo;\u00e9puisement ? Et si on survit, comment revenir chez les hommes ? Un roman o\u00f9 l&rsquo;on voyage dans des conditions extr\u00eames, o\u00f9 l&rsquo;on frissonne pour ces deux Robinson modernes. Une histoire bouleversante.\u201d<\/i><\/span><\/p>\n<p class=\"p1\"><span class=\"s1\">L&rsquo;\u00eele d\u00e9serte est un fantasme, synonyme de nature et d&rsquo;aventure. Les urbains que nous sommes sont maintenant bien loin de celle-ci. <i>Soudain, seuls <\/i>raconte cette d\u00e9sillusion et questionne, plus largement, sur les probl\u00e8mes environnementaux actuels.<\/span><\/p>\n<p class=\"p1\"><span class=\"s1\"><b>La tourn\u00e9e<\/b><\/span><\/p>\n<ul class=\"ul1\">\n<li class=\"li1\"><span class=\"s2\">Jeudi 31 octobre, 11 heures, \u00e0 l\u2019Institut fran\u00e7ais de J\u00e9rusalem &#8211; antenne Gaza (conf\u00e9rence en fran\u00e7ais, traduction en arabe)<\/span><\/li>\n<li class=\"li1\"><span class=\"s2\">Vendredi 1er novembre, 10 heures, \u00e0 la Palestinian Wildlife society &#8211; Bethl\u00e9em (conf\u00e9rence en anglais)<\/span><\/li>\n<li class=\"li1\"><span class=\"s2\">Vendredi 1er novembre, 16 heures, \u00e0 l\u2019Institut fran\u00e7ais de J\u00e9rusalem &#8211; antenne Chateaubriand (conf\u00e9rence en anglais)<\/span><\/li>\n<\/ul>\n<p>Entr\u00e9e libre et gratuite<\/p>\n<p><em>Ce cycle de conf\u00e9rences vous est propos\u00e9 dans le cadre de l&rsquo;Ann\u00e9e culturelle de l&rsquo;Institut fran\u00e7ais de J\u00e9rusalem<\/em><\/p>\n","protected":false},"excerpt":{"rendered":"<p>Tout au long de l\u2019ann\u00e9e, nous proposons un cycle de conf\u00e9rences et de table-rondes men\u00e9es par des personnalit\u00e9s fran\u00e7aises et palestiniennes. Les rencontres se d\u00e9roulent dans les Universit\u00e9s, les Antennes de l\u2019Institut fran\u00e7ais et les \u00e9tablissements partenaires. Isabelle Autissier Isabelle Autissier est une navigatrice fran\u00e7aise, premi\u00e8re femme \u00e0 avoir accompli un tour du monde en &hellip;<\/p>\n","protected":false},"author":1,"featured_media":2998,"comment_status":"closed","ping_status":"closed","sticky":false,"template":"","format":"standard","meta":{"footnotes":""},"categories":[2,26,10,7,28],"tags":[65,72,64,70,71,51,53,66,67,56,69,68,73],"class_list":["post-2995","post","type-post","status-publish","format-standard","has-post-thumbnail","","category-agenda-culturel","category-agenda-culturel-chateaubriand","category-debats-didees-livres","category-diaporama","category-gaza","tag-annee-culturelle","tag-conference","tag-debats-didees","tag-ecologie","tag-environnement","tag-france","tag-institut-francais","tag-isabelle-autissier","tag-livre","tag-palestine","tag-seuls","tag-soudain","tag-territoires-palestiniens"],"yoast_head":"<!-- This site is optimized with the Yoast SEO plugin v27.5 - https:\/\/yoast.com\/product\/yoast-seo-wordpress\/ -->\n<title>D\u00e9bats d\u2019id\u00e9es avec Isabelle Autissier \/ \u201cSoudain, seuls\u201d - Institut Fran\u00e7ais de J\u00e9rusalem - Gaza<\/title>\n<meta name=\"robots\" content=\"index, follow, max-snippet:-1, max-image-preview:large, max-video-preview:-1\" \/>\n<link rel=\"canonical\" href=\"https:\/\/www.institutfrancais-jerusalem.org\/gaza\/debats-didees-avec-isabelle-autissier-soudain-seuls\/\" \/>\n<meta property=\"og:locale\" content=\"fr_FR\" \/>\n<meta property=\"og:type\" content=\"article\" \/>\n<meta property=\"og:title\" content=\"D\u00e9bats d\u2019id\u00e9es avec Isabelle Autissier \/ \u201cSoudain, seuls\u201d - Institut Fran\u00e7ais de J\u00e9rusalem - Gaza\" \/>\n<meta property=\"og:description\" content=\"Tout au long de l\u2019ann\u00e9e, nous proposons un cycle de conf\u00e9rences et de table-rondes men\u00e9es par des personnalit\u00e9s fran\u00e7aises et palestiniennes. Les rencontres se d\u00e9roulent dans les Universit\u00e9s, les Antennes de l\u2019Institut fran\u00e7ais et les \u00e9tablissements partenaires. Isabelle Autissier Isabelle Autissier est une navigatrice fran\u00e7aise, premi\u00e8re femme \u00e0 avoir accompli un tour du monde en &hellip;\" \/>\n<meta property=\"og:url\" content=\"https:\/\/www.institutfrancais-jerusalem.org\/gaza\/debats-didees-avec-isabelle-autissier-soudain-seuls\/\" \/>\n<meta property=\"og:site_name\" content=\"Institut Fran\u00e7ais de J\u00e9rusalem - Gaza\" \/>\n<meta property=\"article:published_time\" content=\"2019-10-08T11:40:11+00:00\" \/>\n<meta property=\"article:modified_time\" content=\"2019-10-08T13:11:37+00:00\" \/>\n<meta property=\"og:image\" content=\"https:\/\/www.institutfrancais-jerusalem.org\/gaza\/wp-content\/uploads\/sites\/9\/2019\/10\/Visuel-site-web-page-001-1.jpg\" \/>\n\t<meta property=\"og:image:width\" content=\"1798\" \/>\n\t<meta property=\"og:image:height\" content=\"879\" \/>\n\t<meta property=\"og:image:type\" content=\"image\/jpeg\" \/>\n<meta name=\"author\" content=\"admin6590\" \/>\n<meta name=\"twitter:card\" content=\"summary_large_image\" \/>\n<meta name=\"twitter:label1\" content=\"\u00c9crit par\" \/>\n\t<meta name=\"twitter:data1\" content=\"admin6590\" \/>\n\t<meta name=\"twitter:label2\" content=\"Dur\u00e9e de lecture estim\u00e9e\" \/>\n\t<meta name=\"twitter:data2\" content=\"3 minutes\" \/>\n<script type=\"application\/ld+json\" class=\"yoast-schema-graph\">{\"@context\":\"https:\\\/\\\/schema.org\",\"@graph\":[{\"@type\":\"Article\",\"@id\":\"https:\\\/\\\/www.institutfrancais-jerusalem.org\\\/gaza\\\/debats-didees-avec-isabelle-autissier-soudain-seuls\\\/#article\",\"isPartOf\":{\"@id\":\"https:\\\/\\\/www.institutfrancais-jerusalem.org\\\/gaza\\\/debats-didees-avec-isabelle-autissier-soudain-seuls\\\/\"},\"author\":{\"name\":\"admin6590\",\"@id\":\"https:\\\/\\\/www.institutfrancais-jerusalem.org\\\/gaza\\\/#\\\/schema\\\/person\\\/0d606b93f4fb1eb5c713b8be3dd4c4bf\"},\"headline\":\"D\u00e9bats d\u2019id\u00e9es avec Isabelle Autissier \\\/ \u201cSoudain, seuls\u201d\",\"datePublished\":\"2019-10-08T11:40:11+00:00\",\"dateModified\":\"2019-10-08T13:11:37+00:00\",\"mainEntityOfPage\":{\"@id\":\"https:\\\/\\\/www.institutfrancais-jerusalem.org\\\/gaza\\\/debats-didees-avec-isabelle-autissier-soudain-seuls\\\/\"},\"wordCount\":673,\"image\":{\"@id\":\"https:\\\/\\\/www.institutfrancais-jerusalem.org\\\/gaza\\\/debats-didees-avec-isabelle-autissier-soudain-seuls\\\/#primaryimage\"},\"thumbnailUrl\":\"https:\\\/\\\/www.institutfrancais-jerusalem.org\\\/gaza\\\/wp-content\\\/uploads\\\/sites\\\/9\\\/2019\\\/10\\\/Visuel-site-web-page-001-1.jpg\",\"keywords\":[\"ann\u00e9e culturelle\",\"conf\u00e9rence\",\"d\u00e9bats d'id\u00e9es\",\"\u00e9cologie\",\"environnement\",\"france\",\"institut fran\u00e7ais\",\"isabelle autissier\",\"livre\",\"palestine\",\"seuls\",\"soudain\",\"territoires palestiniens\"],\"articleSection\":[\"Agenda culturel\",\"CHATEAUBRIAND\",\"D\u00e9bats-d'id\u00e9es &amp; Livres\",\"Diaporama\",\"GAZA\"],\"inLanguage\":\"fr-FR\"},{\"@type\":\"WebPage\",\"@id\":\"https:\\\/\\\/www.institutfrancais-jerusalem.org\\\/gaza\\\/debats-didees-avec-isabelle-autissier-soudain-seuls\\\/\",\"url\":\"https:\\\/\\\/www.institutfrancais-jerusalem.org\\\/gaza\\\/debats-didees-avec-isabelle-autissier-soudain-seuls\\\/\",\"name\":\"D\u00e9bats d\u2019id\u00e9es avec Isabelle Autissier \\\/ \u201cSoudain, seuls\u201d - Institut Fran\u00e7ais de J\u00e9rusalem - Gaza\",\"isPartOf\":{\"@id\":\"https:\\\/\\\/www.institutfrancais-jerusalem.org\\\/gaza\\\/#website\"},\"primaryImageOfPage\":{\"@id\":\"https:\\\/\\\/www.institutfrancais-jerusalem.org\\\/gaza\\\/debats-didees-avec-isabelle-autissier-soudain-seuls\\\/#primaryimage\"},\"image\":{\"@id\":\"https:\\\/\\\/www.institutfrancais-jerusalem.org\\\/gaza\\\/debats-didees-avec-isabelle-autissier-soudain-seuls\\\/#primaryimage\"},\"thumbnailUrl\":\"https:\\\/\\\/www.institutfrancais-jerusalem.org\\\/gaza\\\/wp-content\\\/uploads\\\/sites\\\/9\\\/2019\\\/10\\\/Visuel-site-web-page-001-1.jpg\",\"datePublished\":\"2019-10-08T11:40:11+00:00\",\"dateModified\":\"2019-10-08T13:11:37+00:00\",\"author\":{\"@id\":\"https:\\\/\\\/www.institutfrancais-jerusalem.org\\\/gaza\\\/#\\\/schema\\\/person\\\/0d606b93f4fb1eb5c713b8be3dd4c4bf\"},\"breadcrumb\":{\"@id\":\"https:\\\/\\\/www.institutfrancais-jerusalem.org\\\/gaza\\\/debats-didees-avec-isabelle-autissier-soudain-seuls\\\/#breadcrumb\"},\"inLanguage\":\"fr-FR\",\"potentialAction\":[{\"@type\":\"ReadAction\",\"target\":[\"https:\\\/\\\/www.institutfrancais-jerusalem.org\\\/gaza\\\/debats-didees-avec-isabelle-autissier-soudain-seuls\\\/\"]}]},{\"@type\":\"ImageObject\",\"inLanguage\":\"fr-FR\",\"@id\":\"https:\\\/\\\/www.institutfrancais-jerusalem.org\\\/gaza\\\/debats-didees-avec-isabelle-autissier-soudain-seuls\\\/#primaryimage\",\"url\":\"https:\\\/\\\/www.institutfrancais-jerusalem.org\\\/gaza\\\/wp-content\\\/uploads\\\/sites\\\/9\\\/2019\\\/10\\\/Visuel-site-web-page-001-1.jpg\",\"contentUrl\":\"https:\\\/\\\/www.institutfrancais-jerusalem.org\\\/gaza\\\/wp-content\\\/uploads\\\/sites\\\/9\\\/2019\\\/10\\\/Visuel-site-web-page-001-1.jpg\",\"width\":1798,\"height\":879,\"caption\":\"Isabelle Autissier \u00a9 Philippe Matsas\"},{\"@type\":\"BreadcrumbList\",\"@id\":\"https:\\\/\\\/www.institutfrancais-jerusalem.org\\\/gaza\\\/debats-didees-avec-isabelle-autissier-soudain-seuls\\\/#breadcrumb\",\"itemListElement\":[{\"@type\":\"ListItem\",\"position\":1,\"name\":\"Accueil\",\"item\":\"https:\\\/\\\/www.institutfrancais-jerusalem.org\\\/gaza\\\/\"},{\"@type\":\"ListItem\",\"position\":2,\"name\":\"D\u00e9bats d\u2019id\u00e9es avec Isabelle Autissier \\\/ \u201cSoudain, seuls\u201d\"}]},{\"@type\":\"WebSite\",\"@id\":\"https:\\\/\\\/www.institutfrancais-jerusalem.org\\\/gaza\\\/#website\",\"url\":\"https:\\\/\\\/www.institutfrancais-jerusalem.org\\\/gaza\\\/\",\"name\":\"Institut Fran\u00e7ais de J\u00e9rusalem - Gaza\",\"description\":\"\",\"potentialAction\":[{\"@type\":\"SearchAction\",\"target\":{\"@type\":\"EntryPoint\",\"urlTemplate\":\"https:\\\/\\\/www.institutfrancais-jerusalem.org\\\/gaza\\\/?s={search_term_string}\"},\"query-input\":{\"@type\":\"PropertyValueSpecification\",\"valueRequired\":true,\"valueName\":\"search_term_string\"}}],\"inLanguage\":\"fr-FR\"},{\"@type\":\"Person\",\"@id\":\"https:\\\/\\\/www.institutfrancais-jerusalem.org\\\/gaza\\\/#\\\/schema\\\/person\\\/0d606b93f4fb1eb5c713b8be3dd4c4bf\",\"name\":\"admin6590\",\"image\":{\"@type\":\"ImageObject\",\"inLanguage\":\"fr-FR\",\"@id\":\"https:\\\/\\\/secure.gravatar.com\\\/avatar\\\/26482e0f083efa40e5c2db57a3d590897a500390cc256266e30d5da5605a03a9?s=96&d=mm&r=g\",\"url\":\"https:\\\/\\\/secure.gravatar.com\\\/avatar\\\/26482e0f083efa40e5c2db57a3d590897a500390cc256266e30d5da5605a03a9?s=96&d=mm&r=g\",\"contentUrl\":\"https:\\\/\\\/secure.gravatar.com\\\/avatar\\\/26482e0f083efa40e5c2db57a3d590897a500390cc256266e30d5da5605a03a9?s=96&d=mm&r=g\",\"caption\":\"admin6590\"},\"url\":\"https:\\\/\\\/www.institutfrancais-jerusalem.org\\\/gaza\\\/author\\\/admin6590\\\/\"}]}<\/script>\n<!-- \/ Yoast SEO plugin. -->","yoast_head_json":{"title":"D\u00e9bats d\u2019id\u00e9es avec Isabelle Autissier \/ \u201cSoudain, seuls\u201d - Institut Fran\u00e7ais de J\u00e9rusalem - Gaza","robots":{"index":"index","follow":"follow","max-snippet":"max-snippet:-1","max-image-preview":"max-image-preview:large","max-video-preview":"max-video-preview:-1"},"canonical":"https:\/\/www.institutfrancais-jerusalem.org\/gaza\/debats-didees-avec-isabelle-autissier-soudain-seuls\/","og_locale":"fr_FR","og_type":"article","og_title":"D\u00e9bats d\u2019id\u00e9es avec Isabelle Autissier \/ \u201cSoudain, seuls\u201d - Institut Fran\u00e7ais de J\u00e9rusalem - Gaza","og_description":"Tout au long de l\u2019ann\u00e9e, nous proposons un cycle de conf\u00e9rences et de table-rondes men\u00e9es par des personnalit\u00e9s fran\u00e7aises et palestiniennes. Les rencontres se d\u00e9roulent dans les Universit\u00e9s, les Antennes de l\u2019Institut fran\u00e7ais et les \u00e9tablissements partenaires. Isabelle Autissier Isabelle Autissier est une navigatrice fran\u00e7aise, premi\u00e8re femme \u00e0 avoir accompli un tour du monde en &hellip;","og_url":"https:\/\/www.institutfrancais-jerusalem.org\/gaza\/debats-didees-avec-isabelle-autissier-soudain-seuls\/","og_site_name":"Institut Fran\u00e7ais de J\u00e9rusalem - Gaza","article_published_time":"2019-10-08T11:40:11+00:00","article_modified_time":"2019-10-08T13:11:37+00:00","og_image":[{"width":1798,"height":879,"url":"https:\/\/www.institutfrancais-jerusalem.org\/gaza\/wp-content\/uploads\/sites\/9\/2019\/10\/Visuel-site-web-page-001-1.jpg","type":"image\/jpeg"}],"author":"admin6590","twitter_card":"summary_large_image","twitter_misc":{"\u00c9crit par":"admin6590","Dur\u00e9e de lecture estim\u00e9e":"3 minutes"},"schema":{"@context":"https:\/\/schema.org","@graph":[{"@type":"Article","@id":"https:\/\/www.institutfrancais-jerusalem.org\/gaza\/debats-didees-avec-isabelle-autissier-soudain-seuls\/#article","isPartOf":{"@id":"https:\/\/www.institutfrancais-jerusalem.org\/gaza\/debats-didees-avec-isabelle-autissier-soudain-seuls\/"},"author":{"name":"admin6590","@id":"https:\/\/www.institutfrancais-jerusalem.org\/gaza\/#\/schema\/person\/0d606b93f4fb1eb5c713b8be3dd4c4bf"},"headline":"D\u00e9bats d\u2019id\u00e9es avec Isabelle Autissier \/ \u201cSoudain, seuls\u201d","datePublished":"2019-10-08T11:40:11+00:00","dateModified":"2019-10-08T13:11:37+00:00","mainEntityOfPage":{"@id":"https:\/\/www.institutfrancais-jerusalem.org\/gaza\/debats-didees-avec-isabelle-autissier-soudain-seuls\/"},"wordCount":673,"image":{"@id":"https:\/\/www.institutfrancais-jerusalem.org\/gaza\/debats-didees-avec-isabelle-autissier-soudain-seuls\/#primaryimage"},"thumbnailUrl":"https:\/\/www.institutfrancais-jerusalem.org\/gaza\/wp-content\/uploads\/sites\/9\/2019\/10\/Visuel-site-web-page-001-1.jpg","keywords":["ann\u00e9e culturelle","conf\u00e9rence","d\u00e9bats d'id\u00e9es","\u00e9cologie","environnement","france","institut fran\u00e7ais","isabelle autissier","livre","palestine","seuls","soudain","territoires palestiniens"],"articleSection":["Agenda culturel","CHATEAUBRIAND","D\u00e9bats-d'id\u00e9es &amp; Livres","Diaporama","GAZA"],"inLanguage":"fr-FR"},{"@type":"WebPage","@id":"https:\/\/www.institutfrancais-jerusalem.org\/gaza\/debats-didees-avec-isabelle-autissier-soudain-seuls\/","url":"https:\/\/www.institutfrancais-jerusalem.org\/gaza\/debats-didees-avec-isabelle-autissier-soudain-seuls\/","name":"D\u00e9bats d\u2019id\u00e9es avec Isabelle Autissier \/ \u201cSoudain, seuls\u201d - Institut Fran\u00e7ais de J\u00e9rusalem - Gaza","isPartOf":{"@id":"https:\/\/www.institutfrancais-jerusalem.org\/gaza\/#website"},"primaryImageOfPage":{"@id":"https:\/\/www.institutfrancais-jerusalem.org\/gaza\/debats-didees-avec-isabelle-autissier-soudain-seuls\/#primaryimage"},"image":{"@id":"https:\/\/www.institutfrancais-jerusalem.org\/gaza\/debats-didees-avec-isabelle-autissier-soudain-seuls\/#primaryimage"},"thumbnailUrl":"https:\/\/www.institutfrancais-jerusalem.org\/gaza\/wp-content\/uploads\/sites\/9\/2019\/10\/Visuel-site-web-page-001-1.jpg","datePublished":"2019-10-08T11:40:11+00:00","dateModified":"2019-10-08T13:11:37+00:00","author":{"@id":"https:\/\/www.institutfrancais-jerusalem.org\/gaza\/#\/schema\/person\/0d606b93f4fb1eb5c713b8be3dd4c4bf"},"breadcrumb":{"@id":"https:\/\/www.institutfrancais-jerusalem.org\/gaza\/debats-didees-avec-isabelle-autissier-soudain-seuls\/#breadcrumb"},"inLanguage":"fr-FR","potentialAction":[{"@type":"ReadAction","target":["https:\/\/www.institutfrancais-jerusalem.org\/gaza\/debats-didees-avec-isabelle-autissier-soudain-seuls\/"]}]},{"@type":"ImageObject","inLanguage":"fr-FR","@id":"https:\/\/www.institutfrancais-jerusalem.org\/gaza\/debats-didees-avec-isabelle-autissier-soudain-seuls\/#primaryimage","url":"https:\/\/www.institutfrancais-jerusalem.org\/gaza\/wp-content\/uploads\/sites\/9\/2019\/10\/Visuel-site-web-page-001-1.jpg","contentUrl":"https:\/\/www.institutfrancais-jerusalem.org\/gaza\/wp-content\/uploads\/sites\/9\/2019\/10\/Visuel-site-web-page-001-1.jpg","width":1798,"height":879,"caption":"Isabelle Autissier \u00a9 Philippe Matsas"},{"@type":"BreadcrumbList","@id":"https:\/\/www.institutfrancais-jerusalem.org\/gaza\/debats-didees-avec-isabelle-autissier-soudain-seuls\/#breadcrumb","itemListElement":[{"@type":"ListItem","position":1,"name":"Accueil","item":"https:\/\/www.institutfrancais-jerusalem.org\/gaza\/"},{"@type":"ListItem","position":2,"name":"D\u00e9bats d\u2019id\u00e9es avec Isabelle Autissier \/ \u201cSoudain, seuls\u201d"}]},{"@type":"WebSite","@id":"https:\/\/www.institutfrancais-jerusalem.org\/gaza\/#website","url":"https:\/\/www.institutfrancais-jerusalem.org\/gaza\/","name":"Institut Fran\u00e7ais de J\u00e9rusalem - Gaza","description":"","potentialAction":[{"@type":"SearchAction","target":{"@type":"EntryPoint","urlTemplate":"https:\/\/www.institutfrancais-jerusalem.org\/gaza\/?s={search_term_string}"},"query-input":{"@type":"PropertyValueSpecification","valueRequired":true,"valueName":"search_term_string"}}],"inLanguage":"fr-FR"},{"@type":"Person","@id":"https:\/\/www.institutfrancais-jerusalem.org\/gaza\/#\/schema\/person\/0d606b93f4fb1eb5c713b8be3dd4c4bf","name":"admin6590","image":{"@type":"ImageObject","inLanguage":"fr-FR","@id":"https:\/\/secure.gravatar.com\/avatar\/26482e0f083efa40e5c2db57a3d590897a500390cc256266e30d5da5605a03a9?s=96&d=mm&r=g","url":"https:\/\/secure.gravatar.com\/avatar\/26482e0f083efa40e5c2db57a3d590897a500390cc256266e30d5da5605a03a9?s=96&d=mm&r=g","contentUrl":"https:\/\/secure.gravatar.com\/avatar\/26482e0f083efa40e5c2db57a3d590897a500390cc256266e30d5da5605a03a9?s=96&d=mm&r=g","caption":"admin6590"},"url":"https:\/\/www.institutfrancais-jerusalem.org\/gaza\/author\/admin6590\/"}]}},"_links":{"self":[{"href":"https:\/\/www.institutfrancais-jerusalem.org\/gaza\/wp-json\/wp\/v2\/posts\/2995","targetHints":{"allow":["GET"]}}],"collection":[{"href":"https:\/\/www.institutfrancais-jerusalem.org\/gaza\/wp-json\/wp\/v2\/posts"}],"about":[{"href":"https:\/\/www.institutfrancais-jerusalem.org\/gaza\/wp-json\/wp\/v2\/types\/post"}],"author":[{"embeddable":true,"href":"https:\/\/www.institutfrancais-jerusalem.org\/gaza\/wp-json\/wp\/v2\/users\/1"}],"replies":[{"embeddable":true,"href":"https:\/\/www.institutfrancais-jerusalem.org\/gaza\/wp-json\/wp\/v2\/comments?post=2995"}],"version-history":[{"count":6,"href":"https:\/\/www.institutfrancais-jerusalem.org\/gaza\/wp-json\/wp\/v2\/posts\/2995\/revisions"}],"predecessor-version":[{"id":3009,"href":"https:\/\/www.institutfrancais-jerusalem.org\/gaza\/wp-json\/wp\/v2\/posts\/2995\/revisions\/3009"}],"wp:featuredmedia":[{"embeddable":true,"href":"https:\/\/www.institutfrancais-jerusalem.org\/gaza\/wp-json\/wp\/v2\/media\/2998"}],"wp:attachment":[{"href":"https:\/\/www.institutfrancais-jerusalem.org\/gaza\/wp-json\/wp\/v2\/media?parent=2995"}],"wp:term":[{"taxonomy":"category","embeddable":true,"href":"https:\/\/www.institutfrancais-jerusalem.org\/gaza\/wp-json\/wp\/v2\/categories?post=2995"},{"taxonomy":"post_tag","embeddable":true,"href":"https:\/\/www.institutfrancais-jerusalem.org\/gaza\/wp-json\/wp\/v2\/tags?post=2995"}],"curies":[{"name":"wp","href":"https:\/\/api.w.org\/{rel}","templated":true}]}}