{"id":2795,"date":"2019-02-10T11:07:24","date_gmt":"2019-02-10T10:07:24","guid":{"rendered":"https:\/\/www.institutfrancais-jerusalem.org\/gaza\/?p=2795"},"modified":"2019-02-10T11:09:39","modified_gmt":"2019-02-10T10:09:39","slug":"la-culture-au-service-de-la-societe","status":"publish","type":"post","link":"https:\/\/www.institutfrancais-jerusalem.org\/gaza\/la-culture-au-service-de-la-societe\/","title":{"rendered":"La culture au service de la soci\u00e9t\u00e9"},"content":{"rendered":"<p>Conf\u00e9rence culturelle mod\u00e9r\u00e9e par <b>Yosri Al-Ghoul<\/b><span class=\"Apple-converted-space\">\u00a0<\/span><\/p>\n<p>avec la participation de :<span class=\"Apple-converted-space\">\u00a0<\/span><\/p>\n<p>&#8211; <b>AbdAllah Tayeh<\/b> Secr\u00e9taire adjoint de l\u2019Union des Ecrivains<span class=\"Apple-converted-space\">\u00a0<\/span><\/p>\n<p>&#8211; <b>Tawfiq Abu Shomar<\/b>, \u00e9crivain<span class=\"Apple-converted-space\">\u00a0<\/span><\/p>\n<p>&#8211; <b>Dr. Siham Abu al-Amrine<\/b>, \u00e9crivain<\/p>\n<p>mercredi 13 f\u00e9vrier 2019 \u00e0 15h<span class=\"Apple-converted-space\">\u00a0<\/span><\/p>\n<p>Institut fran\u00e7ais de Gaza<\/p>\n","protected":false},"excerpt":{"rendered":"<p>Conf\u00e9rence culturelle mod\u00e9r\u00e9e par Yosri Al-Ghoul\u00a0 avec la participation de :\u00a0 &#8211; AbdAllah Tayeh Secr\u00e9taire adjoint de l\u2019Union des Ecrivains\u00a0 &#8211; Tawfiq Abu Shomar, \u00e9crivain\u00a0 &#8211; Dr. Siham Abu al-Amrine, \u00e9crivain mercredi 13 f\u00e9vrier 2019 \u00e0 15h\u00a0 Institut fran\u00e7ais de Gaza<\/p>\n","protected":false},"author":6,"featured_media":2796,"comment_status":"closed","ping_status":"closed","sticky":false,"template":"","format":"standard","meta":{"footnotes":""},"categories":[2,10,7,28],"tags":[],"class_list":["post-2795","post","type-post","status-publish","format-standard","has-post-thumbnail","","category-agenda-culturel","category-debats-didees-livres","category-diaporama","category-gaza"],"yoast_head":"<!-- This site is optimized with the Yoast SEO plugin v27.5 - https:\/\/yoast.com\/product\/yoast-seo-wordpress\/ -->\n<title>La culture au service de la soci\u00e9t\u00e9 - Institut Fran\u00e7ais de J\u00e9rusalem - Gaza<\/title>\n<meta name=\"robots\" content=\"index, follow, max-snippet:-1, max-image-preview:large, max-video-preview:-1\" \/>\n<link rel=\"canonical\" href=\"https:\/\/www.institutfrancais-jerusalem.org\/gaza\/la-culture-au-service-de-la-societe\/\" \/>\n<meta property=\"og:locale\" content=\"fr_FR\" \/>\n<meta property=\"og:type\" content=\"article\" \/>\n<meta property=\"og:title\" content=\"La culture au service de la soci\u00e9t\u00e9 - Institut Fran\u00e7ais de J\u00e9rusalem - Gaza\" \/>\n<meta property=\"og:description\" content=\"Conf\u00e9rence culturelle mod\u00e9r\u00e9e par Yosri Al-Ghoul\u00a0 avec la participation de :\u00a0 &#8211; AbdAllah Tayeh Secr\u00e9taire adjoint de l\u2019Union des Ecrivains\u00a0 &#8211; Tawfiq Abu Shomar, \u00e9crivain\u00a0 &#8211; Dr. Siham Abu al-Amrine, \u00e9crivain mercredi 13 f\u00e9vrier 2019 \u00e0 15h\u00a0 Institut fran\u00e7ais de Gaza\" \/>\n<meta property=\"og:url\" content=\"https:\/\/www.institutfrancais-jerusalem.org\/gaza\/la-culture-au-service-de-la-societe\/\" \/>\n<meta property=\"og:site_name\" content=\"Institut Fran\u00e7ais de J\u00e9rusalem - Gaza\" \/>\n<meta property=\"article:published_time\" content=\"2019-02-10T10:07:24+00:00\" \/>\n<meta property=\"article:modified_time\" content=\"2019-02-10T10:09:39+00:00\" \/>\n<meta property=\"og:image\" content=\"https:\/\/www.institutfrancais-jerusalem.org\/gaza\/wp-content\/uploads\/sites\/9\/2019\/02\/conference1505979336.jpg\" \/>\n\t<meta property=\"og:image:width\" content=\"770\" \/>\n\t<meta property=\"og:image:height\" content=\"400\" \/>\n\t<meta property=\"og:image:type\" content=\"image\/jpeg\" \/>\n<meta name=\"author\" content=\"ifjgaza\" \/>\n<meta name=\"twitter:card\" content=\"summary_large_image\" \/>\n<meta name=\"twitter:label1\" content=\"\u00c9crit par\" \/>\n\t<meta name=\"twitter:data1\" content=\"ifjgaza\" \/>\n<script type=\"application\/ld+json\" class=\"yoast-schema-graph\">{\"@context\":\"https:\\\/\\\/schema.org\",\"@graph\":[{\"@type\":\"Article\",\"@id\":\"https:\\\/\\\/www.institutfrancais-jerusalem.org\\\/gaza\\\/la-culture-au-service-de-la-societe\\\/#article\",\"isPartOf\":{\"@id\":\"https:\\\/\\\/www.institutfrancais-jerusalem.org\\\/gaza\\\/la-culture-au-service-de-la-societe\\\/\"},\"author\":{\"name\":\"ifjgaza\",\"@id\":\"https:\\\/\\\/www.institutfrancais-jerusalem.org\\\/gaza\\\/#\\\/schema\\\/person\\\/f2207ffbd94a37d0b7a1446e3f6f0950\"},\"headline\":\"La culture au service de la soci\u00e9t\u00e9\",\"datePublished\":\"2019-02-10T10:07:24+00:00\",\"dateModified\":\"2019-02-10T10:09:39+00:00\",\"mainEntityOfPage\":{\"@id\":\"https:\\\/\\\/www.institutfrancais-jerusalem.org\\\/gaza\\\/la-culture-au-service-de-la-societe\\\/\"},\"wordCount\":52,\"image\":{\"@id\":\"https:\\\/\\\/www.institutfrancais-jerusalem.org\\\/gaza\\\/la-culture-au-service-de-la-societe\\\/#primaryimage\"},\"thumbnailUrl\":\"https:\\\/\\\/www.institutfrancais-jerusalem.org\\\/gaza\\\/wp-content\\\/uploads\\\/sites\\\/9\\\/2019\\\/02\\\/conference1505979336.jpg\",\"articleSection\":[\"Agenda culturel\",\"D\u00e9bats-d'id\u00e9es &amp; Livres\",\"Diaporama\",\"GAZA\"],\"inLanguage\":\"fr-FR\"},{\"@type\":\"WebPage\",\"@id\":\"https:\\\/\\\/www.institutfrancais-jerusalem.org\\\/gaza\\\/la-culture-au-service-de-la-societe\\\/\",\"url\":\"https:\\\/\\\/www.institutfrancais-jerusalem.org\\\/gaza\\\/la-culture-au-service-de-la-societe\\\/\",\"name\":\"La culture au service de la soci\u00e9t\u00e9 - Institut Fran\u00e7ais de J\u00e9rusalem - Gaza\",\"isPartOf\":{\"@id\":\"https:\\\/\\\/www.institutfrancais-jerusalem.org\\\/gaza\\\/#website\"},\"primaryImageOfPage\":{\"@id\":\"https:\\\/\\\/www.institutfrancais-jerusalem.org\\\/gaza\\\/la-culture-au-service-de-la-societe\\\/#primaryimage\"},\"image\":{\"@id\":\"https:\\\/\\\/www.institutfrancais-jerusalem.org\\\/gaza\\\/la-culture-au-service-de-la-societe\\\/#primaryimage\"},\"thumbnailUrl\":\"https:\\\/\\\/www.institutfrancais-jerusalem.org\\\/gaza\\\/wp-content\\\/uploads\\\/sites\\\/9\\\/2019\\\/02\\\/conference1505979336.jpg\",\"datePublished\":\"2019-02-10T10:07:24+00:00\",\"dateModified\":\"2019-02-10T10:09:39+00:00\",\"author\":{\"@id\":\"https:\\\/\\\/www.institutfrancais-jerusalem.org\\\/gaza\\\/#\\\/schema\\\/person\\\/f2207ffbd94a37d0b7a1446e3f6f0950\"},\"breadcrumb\":{\"@id\":\"https:\\\/\\\/www.institutfrancais-jerusalem.org\\\/gaza\\\/la-culture-au-service-de-la-societe\\\/#breadcrumb\"},\"inLanguage\":\"fr-FR\",\"potentialAction\":[{\"@type\":\"ReadAction\",\"target\":[\"https:\\\/\\\/www.institutfrancais-jerusalem.org\\\/gaza\\\/la-culture-au-service-de-la-societe\\\/\"]}]},{\"@type\":\"ImageObject\",\"inLanguage\":\"fr-FR\",\"@id\":\"https:\\\/\\\/www.institutfrancais-jerusalem.org\\\/gaza\\\/la-culture-au-service-de-la-societe\\\/#primaryimage\",\"url\":\"https:\\\/\\\/www.institutfrancais-jerusalem.org\\\/gaza\\\/wp-content\\\/uploads\\\/sites\\\/9\\\/2019\\\/02\\\/conference1505979336.jpg\",\"contentUrl\":\"https:\\\/\\\/www.institutfrancais-jerusalem.org\\\/gaza\\\/wp-content\\\/uploads\\\/sites\\\/9\\\/2019\\\/02\\\/conference1505979336.jpg\",\"width\":770,\"height\":400},{\"@type\":\"BreadcrumbList\",\"@id\":\"https:\\\/\\\/www.institutfrancais-jerusalem.org\\\/gaza\\\/la-culture-au-service-de-la-societe\\\/#breadcrumb\",\"itemListElement\":[{\"@type\":\"ListItem\",\"position\":1,\"name\":\"Accueil\",\"item\":\"https:\\\/\\\/www.institutfrancais-jerusalem.org\\\/gaza\\\/\"},{\"@type\":\"ListItem\",\"position\":2,\"name\":\"La culture au service de la soci\u00e9t\u00e9\"}]},{\"@type\":\"WebSite\",\"@id\":\"https:\\\/\\\/www.institutfrancais-jerusalem.org\\\/gaza\\\/#website\",\"url\":\"https:\\\/\\\/www.institutfrancais-jerusalem.org\\\/gaza\\\/\",\"name\":\"Institut Fran\u00e7ais de J\u00e9rusalem - Gaza\",\"description\":\"\",\"potentialAction\":[{\"@type\":\"SearchAction\",\"target\":{\"@type\":\"EntryPoint\",\"urlTemplate\":\"https:\\\/\\\/www.institutfrancais-jerusalem.org\\\/gaza\\\/?s={search_term_string}\"},\"query-input\":{\"@type\":\"PropertyValueSpecification\",\"valueRequired\":true,\"valueName\":\"search_term_string\"}}],\"inLanguage\":\"fr-FR\"},{\"@type\":\"Person\",\"@id\":\"https:\\\/\\\/www.institutfrancais-jerusalem.org\\\/gaza\\\/#\\\/schema\\\/person\\\/f2207ffbd94a37d0b7a1446e3f6f0950\",\"name\":\"ifjgaza\",\"image\":{\"@type\":\"ImageObject\",\"inLanguage\":\"fr-FR\",\"@id\":\"https:\\\/\\\/secure.gravatar.com\\\/avatar\\\/567bd01b6ac69646c7067e93093a1d868ab71cfbf8c99120aa16a03d96aa27c9?s=96&d=mm&r=g\",\"url\":\"https:\\\/\\\/secure.gravatar.com\\\/avatar\\\/567bd01b6ac69646c7067e93093a1d868ab71cfbf8c99120aa16a03d96aa27c9?s=96&d=mm&r=g\",\"contentUrl\":\"https:\\\/\\\/secure.gravatar.com\\\/avatar\\\/567bd01b6ac69646c7067e93093a1d868ab71cfbf8c99120aa16a03d96aa27c9?s=96&d=mm&r=g\",\"caption\":\"ifjgaza\"},\"url\":\"https:\\\/\\\/www.institutfrancais-jerusalem.org\\\/gaza\\\/author\\\/ifjgaza\\\/\"}]}<\/script>\n<!-- \/ Yoast SEO plugin. -->","yoast_head_json":{"title":"La culture au service de la soci\u00e9t\u00e9 - Institut Fran\u00e7ais de J\u00e9rusalem - Gaza","robots":{"index":"index","follow":"follow","max-snippet":"max-snippet:-1","max-image-preview":"max-image-preview:large","max-video-preview":"max-video-preview:-1"},"canonical":"https:\/\/www.institutfrancais-jerusalem.org\/gaza\/la-culture-au-service-de-la-societe\/","og_locale":"fr_FR","og_type":"article","og_title":"La culture au service de la soci\u00e9t\u00e9 - Institut Fran\u00e7ais de J\u00e9rusalem - Gaza","og_description":"Conf\u00e9rence culturelle mod\u00e9r\u00e9e par Yosri Al-Ghoul\u00a0 avec la participation de :\u00a0 &#8211; AbdAllah Tayeh Secr\u00e9taire adjoint de l\u2019Union des Ecrivains\u00a0 &#8211; Tawfiq Abu Shomar, \u00e9crivain\u00a0 &#8211; Dr. Siham Abu al-Amrine, \u00e9crivain mercredi 13 f\u00e9vrier 2019 \u00e0 15h\u00a0 Institut fran\u00e7ais de Gaza","og_url":"https:\/\/www.institutfrancais-jerusalem.org\/gaza\/la-culture-au-service-de-la-societe\/","og_site_name":"Institut Fran\u00e7ais de J\u00e9rusalem - Gaza","article_published_time":"2019-02-10T10:07:24+00:00","article_modified_time":"2019-02-10T10:09:39+00:00","og_image":[{"width":770,"height":400,"url":"https:\/\/www.institutfrancais-jerusalem.org\/gaza\/wp-content\/uploads\/sites\/9\/2019\/02\/conference1505979336.jpg","type":"image\/jpeg"}],"author":"ifjgaza","twitter_card":"summary_large_image","twitter_misc":{"\u00c9crit par":"ifjgaza"},"schema":{"@context":"https:\/\/schema.org","@graph":[{"@type":"Article","@id":"https:\/\/www.institutfrancais-jerusalem.org\/gaza\/la-culture-au-service-de-la-societe\/#article","isPartOf":{"@id":"https:\/\/www.institutfrancais-jerusalem.org\/gaza\/la-culture-au-service-de-la-societe\/"},"author":{"name":"ifjgaza","@id":"https:\/\/www.institutfrancais-jerusalem.org\/gaza\/#\/schema\/person\/f2207ffbd94a37d0b7a1446e3f6f0950"},"headline":"La culture au service de la soci\u00e9t\u00e9","datePublished":"2019-02-10T10:07:24+00:00","dateModified":"2019-02-10T10:09:39+00:00","mainEntityOfPage":{"@id":"https:\/\/www.institutfrancais-jerusalem.org\/gaza\/la-culture-au-service-de-la-societe\/"},"wordCount":52,"image":{"@id":"https:\/\/www.institutfrancais-jerusalem.org\/gaza\/la-culture-au-service-de-la-societe\/#primaryimage"},"thumbnailUrl":"https:\/\/www.institutfrancais-jerusalem.org\/gaza\/wp-content\/uploads\/sites\/9\/2019\/02\/conference1505979336.jpg","articleSection":["Agenda culturel","D\u00e9bats-d'id\u00e9es &amp; Livres","Diaporama","GAZA"],"inLanguage":"fr-FR"},{"@type":"WebPage","@id":"https:\/\/www.institutfrancais-jerusalem.org\/gaza\/la-culture-au-service-de-la-societe\/","url":"https:\/\/www.institutfrancais-jerusalem.org\/gaza\/la-culture-au-service-de-la-societe\/","name":"La culture au service de la soci\u00e9t\u00e9 - Institut Fran\u00e7ais de J\u00e9rusalem - Gaza","isPartOf":{"@id":"https:\/\/www.institutfrancais-jerusalem.org\/gaza\/#website"},"primaryImageOfPage":{"@id":"https:\/\/www.institutfrancais-jerusalem.org\/gaza\/la-culture-au-service-de-la-societe\/#primaryimage"},"image":{"@id":"https:\/\/www.institutfrancais-jerusalem.org\/gaza\/la-culture-au-service-de-la-societe\/#primaryimage"},"thumbnailUrl":"https:\/\/www.institutfrancais-jerusalem.org\/gaza\/wp-content\/uploads\/sites\/9\/2019\/02\/conference1505979336.jpg","datePublished":"2019-02-10T10:07:24+00:00","dateModified":"2019-02-10T10:09:39+00:00","author":{"@id":"https:\/\/www.institutfrancais-jerusalem.org\/gaza\/#\/schema\/person\/f2207ffbd94a37d0b7a1446e3f6f0950"},"breadcrumb":{"@id":"https:\/\/www.institutfrancais-jerusalem.org\/gaza\/la-culture-au-service-de-la-societe\/#breadcrumb"},"inLanguage":"fr-FR","potentialAction":[{"@type":"ReadAction","target":["https:\/\/www.institutfrancais-jerusalem.org\/gaza\/la-culture-au-service-de-la-societe\/"]}]},{"@type":"ImageObject","inLanguage":"fr-FR","@id":"https:\/\/www.institutfrancais-jerusalem.org\/gaza\/la-culture-au-service-de-la-societe\/#primaryimage","url":"https:\/\/www.institutfrancais-jerusalem.org\/gaza\/wp-content\/uploads\/sites\/9\/2019\/02\/conference1505979336.jpg","contentUrl":"https:\/\/www.institutfrancais-jerusalem.org\/gaza\/wp-content\/uploads\/sites\/9\/2019\/02\/conference1505979336.jpg","width":770,"height":400},{"@type":"BreadcrumbList","@id":"https:\/\/www.institutfrancais-jerusalem.org\/gaza\/la-culture-au-service-de-la-societe\/#breadcrumb","itemListElement":[{"@type":"ListItem","position":1,"name":"Accueil","item":"https:\/\/www.institutfrancais-jerusalem.org\/gaza\/"},{"@type":"ListItem","position":2,"name":"La culture au service de la soci\u00e9t\u00e9"}]},{"@type":"WebSite","@id":"https:\/\/www.institutfrancais-jerusalem.org\/gaza\/#website","url":"https:\/\/www.institutfrancais-jerusalem.org\/gaza\/","name":"Institut Fran\u00e7ais de J\u00e9rusalem - Gaza","description":"","potentialAction":[{"@type":"SearchAction","target":{"@type":"EntryPoint","urlTemplate":"https:\/\/www.institutfrancais-jerusalem.org\/gaza\/?s={search_term_string}"},"query-input":{"@type":"PropertyValueSpecification","valueRequired":true,"valueName":"search_term_string"}}],"inLanguage":"fr-FR"},{"@type":"Person","@id":"https:\/\/www.institutfrancais-jerusalem.org\/gaza\/#\/schema\/person\/f2207ffbd94a37d0b7a1446e3f6f0950","name":"ifjgaza","image":{"@type":"ImageObject","inLanguage":"fr-FR","@id":"https:\/\/secure.gravatar.com\/avatar\/567bd01b6ac69646c7067e93093a1d868ab71cfbf8c99120aa16a03d96aa27c9?s=96&d=mm&r=g","url":"https:\/\/secure.gravatar.com\/avatar\/567bd01b6ac69646c7067e93093a1d868ab71cfbf8c99120aa16a03d96aa27c9?s=96&d=mm&r=g","contentUrl":"https:\/\/secure.gravatar.com\/avatar\/567bd01b6ac69646c7067e93093a1d868ab71cfbf8c99120aa16a03d96aa27c9?s=96&d=mm&r=g","caption":"ifjgaza"},"url":"https:\/\/www.institutfrancais-jerusalem.org\/gaza\/author\/ifjgaza\/"}]}},"_links":{"self":[{"href":"https:\/\/www.institutfrancais-jerusalem.org\/gaza\/wp-json\/wp\/v2\/posts\/2795","targetHints":{"allow":["GET"]}}],"collection":[{"href":"https:\/\/www.institutfrancais-jerusalem.org\/gaza\/wp-json\/wp\/v2\/posts"}],"about":[{"href":"https:\/\/www.institutfrancais-jerusalem.org\/gaza\/wp-json\/wp\/v2\/types\/post"}],"author":[{"embeddable":true,"href":"https:\/\/www.institutfrancais-jerusalem.org\/gaza\/wp-json\/wp\/v2\/users\/6"}],"replies":[{"embeddable":true,"href":"https:\/\/www.institutfrancais-jerusalem.org\/gaza\/wp-json\/wp\/v2\/comments?post=2795"}],"version-history":[{"count":1,"href":"https:\/\/www.institutfrancais-jerusalem.org\/gaza\/wp-json\/wp\/v2\/posts\/2795\/revisions"}],"predecessor-version":[{"id":2798,"href":"https:\/\/www.institutfrancais-jerusalem.org\/gaza\/wp-json\/wp\/v2\/posts\/2795\/revisions\/2798"}],"wp:featuredmedia":[{"embeddable":true,"href":"https:\/\/www.institutfrancais-jerusalem.org\/gaza\/wp-json\/wp\/v2\/media\/2796"}],"wp:attachment":[{"href":"https:\/\/www.institutfrancais-jerusalem.org\/gaza\/wp-json\/wp\/v2\/media?parent=2795"}],"wp:term":[{"taxonomy":"category","embeddable":true,"href":"https:\/\/www.institutfrancais-jerusalem.org\/gaza\/wp-json\/wp\/v2\/categories?post=2795"},{"taxonomy":"post_tag","embeddable":true,"href":"https:\/\/www.institutfrancais-jerusalem.org\/gaza\/wp-json\/wp\/v2\/tags?post=2795"}],"curies":[{"name":"wp","href":"https:\/\/api.w.org\/{rel}","templated":true}]}}