{"id":2716,"date":"2018-09-16T11:05:38","date_gmt":"2018-09-16T09:05:38","guid":{"rendered":"https:\/\/www.institutfrancais-jerusalem.org\/gaza\/?p=2716"},"modified":"2019-02-10T10:39:25","modified_gmt":"2019-02-10T09:39:25","slug":"session-de-francais-automne-2018","status":"publish","type":"post","link":"https:\/\/www.institutfrancais-jerusalem.org\/gaza\/session-de-francais-automne-2018\/","title":{"rendered":"Session de fran\u00e7ais Automne 2018"},"content":{"rendered":"<p>Cours r\u00e9guliers adultes 40 heures<\/p>\n<p>des r\u00e9ductions cons\u00e9quentes :<\/p>\n<p>150 nis -120 nis pour les \u00e9tudiants Cours de grammaire et de conversation &#8211; 80 nis<\/p>\n<p>D\u00e9but des cours :\u00a0<b>dimanche 16\/09\/2018<\/b><\/p>\n<p>&nbsp;<\/p>\n<p>Pour plus d&rsquo;informations : appelez nous au 08-2867883<\/p>\n","protected":false},"excerpt":{"rendered":"<p>Cours r\u00e9guliers adultes 40 heures des r\u00e9ductions cons\u00e9quentes : 150 nis -120 nis pour les \u00e9tudiants Cours de grammaire et de conversation &#8211; 80 nis D\u00e9but des cours :\u00a0dimanche 16\/09\/2018 &nbsp; Pour plus d&rsquo;informations : appelez nous au 08-2867883<\/p>\n","protected":false},"author":6,"featured_media":2717,"comment_status":"closed","ping_status":"closed","sticky":false,"template":"","format":"standard","meta":{"footnotes":""},"categories":[2,28],"tags":[],"class_list":["post-2716","post","type-post","status-publish","format-standard","has-post-thumbnail","","category-agenda-culturel","category-gaza"],"yoast_head":"<!-- This site is optimized with the Yoast SEO plugin v27.5 - https:\/\/yoast.com\/product\/yoast-seo-wordpress\/ -->\n<title>Session de fran\u00e7ais Automne 2018 - Institut Fran\u00e7ais de J\u00e9rusalem - Gaza<\/title>\n<meta name=\"robots\" content=\"index, follow, max-snippet:-1, max-image-preview:large, max-video-preview:-1\" \/>\n<link rel=\"canonical\" href=\"https:\/\/www.institutfrancais-jerusalem.org\/gaza\/session-de-francais-automne-2018\/\" \/>\n<meta property=\"og:locale\" content=\"fr_FR\" \/>\n<meta property=\"og:type\" content=\"article\" \/>\n<meta property=\"og:title\" content=\"Session de fran\u00e7ais Automne 2018 - Institut Fran\u00e7ais de J\u00e9rusalem - Gaza\" \/>\n<meta property=\"og:description\" content=\"Cours r\u00e9guliers adultes 40 heures des r\u00e9ductions cons\u00e9quentes : 150 nis -120 nis pour les \u00e9tudiants Cours de grammaire et de conversation &#8211; 80 nis D\u00e9but des cours :\u00a0dimanche 16\/09\/2018 &nbsp; Pour plus d&rsquo;informations : appelez nous au 08-2867883\" \/>\n<meta property=\"og:url\" content=\"https:\/\/www.institutfrancais-jerusalem.org\/gaza\/session-de-francais-automne-2018\/\" \/>\n<meta property=\"og:site_name\" content=\"Institut Fran\u00e7ais de J\u00e9rusalem - Gaza\" \/>\n<meta property=\"article:published_time\" content=\"2018-09-16T09:05:38+00:00\" \/>\n<meta property=\"article:modified_time\" content=\"2019-02-10T09:39:25+00:00\" \/>\n<meta property=\"og:image\" content=\"https:\/\/www.institutfrancais-jerusalem.org\/gaza\/wp-content\/uploads\/sites\/9\/2018\/09\/automne-2018-site-e1537088716686.jpg\" \/>\n\t<meta property=\"og:image:width\" content=\"300\" \/>\n\t<meta property=\"og:image:height\" content=\"332\" \/>\n\t<meta property=\"og:image:type\" content=\"image\/jpeg\" \/>\n<meta name=\"author\" content=\"ifjgaza\" \/>\n<meta name=\"twitter:card\" content=\"summary_large_image\" \/>\n<meta name=\"twitter:label1\" content=\"\u00c9crit par\" \/>\n\t<meta name=\"twitter:data1\" content=\"ifjgaza\" \/>\n<script type=\"application\/ld+json\" class=\"yoast-schema-graph\">{\"@context\":\"https:\\\/\\\/schema.org\",\"@graph\":[{\"@type\":\"Article\",\"@id\":\"https:\\\/\\\/www.institutfrancais-jerusalem.org\\\/gaza\\\/session-de-francais-automne-2018\\\/#article\",\"isPartOf\":{\"@id\":\"https:\\\/\\\/www.institutfrancais-jerusalem.org\\\/gaza\\\/session-de-francais-automne-2018\\\/\"},\"author\":{\"name\":\"ifjgaza\",\"@id\":\"https:\\\/\\\/www.institutfrancais-jerusalem.org\\\/gaza\\\/#\\\/schema\\\/person\\\/f2207ffbd94a37d0b7a1446e3f6f0950\"},\"headline\":\"Session de fran\u00e7ais Automne 2018\",\"datePublished\":\"2018-09-16T09:05:38+00:00\",\"dateModified\":\"2019-02-10T09:39:25+00:00\",\"mainEntityOfPage\":{\"@id\":\"https:\\\/\\\/www.institutfrancais-jerusalem.org\\\/gaza\\\/session-de-francais-automne-2018\\\/\"},\"wordCount\":43,\"image\":{\"@id\":\"https:\\\/\\\/www.institutfrancais-jerusalem.org\\\/gaza\\\/session-de-francais-automne-2018\\\/#primaryimage\"},\"thumbnailUrl\":\"https:\\\/\\\/www.institutfrancais-jerusalem.org\\\/gaza\\\/wp-content\\\/uploads\\\/sites\\\/9\\\/2018\\\/09\\\/automne-2018-site-e1537088716686.jpg\",\"articleSection\":[\"Agenda culturel\",\"GAZA\"],\"inLanguage\":\"fr-FR\"},{\"@type\":\"WebPage\",\"@id\":\"https:\\\/\\\/www.institutfrancais-jerusalem.org\\\/gaza\\\/session-de-francais-automne-2018\\\/\",\"url\":\"https:\\\/\\\/www.institutfrancais-jerusalem.org\\\/gaza\\\/session-de-francais-automne-2018\\\/\",\"name\":\"Session de fran\u00e7ais Automne 2018 - Institut Fran\u00e7ais de J\u00e9rusalem - Gaza\",\"isPartOf\":{\"@id\":\"https:\\\/\\\/www.institutfrancais-jerusalem.org\\\/gaza\\\/#website\"},\"primaryImageOfPage\":{\"@id\":\"https:\\\/\\\/www.institutfrancais-jerusalem.org\\\/gaza\\\/session-de-francais-automne-2018\\\/#primaryimage\"},\"image\":{\"@id\":\"https:\\\/\\\/www.institutfrancais-jerusalem.org\\\/gaza\\\/session-de-francais-automne-2018\\\/#primaryimage\"},\"thumbnailUrl\":\"https:\\\/\\\/www.institutfrancais-jerusalem.org\\\/gaza\\\/wp-content\\\/uploads\\\/sites\\\/9\\\/2018\\\/09\\\/automne-2018-site-e1537088716686.jpg\",\"datePublished\":\"2018-09-16T09:05:38+00:00\",\"dateModified\":\"2019-02-10T09:39:25+00:00\",\"author\":{\"@id\":\"https:\\\/\\\/www.institutfrancais-jerusalem.org\\\/gaza\\\/#\\\/schema\\\/person\\\/f2207ffbd94a37d0b7a1446e3f6f0950\"},\"breadcrumb\":{\"@id\":\"https:\\\/\\\/www.institutfrancais-jerusalem.org\\\/gaza\\\/session-de-francais-automne-2018\\\/#breadcrumb\"},\"inLanguage\":\"fr-FR\",\"potentialAction\":[{\"@type\":\"ReadAction\",\"target\":[\"https:\\\/\\\/www.institutfrancais-jerusalem.org\\\/gaza\\\/session-de-francais-automne-2018\\\/\"]}]},{\"@type\":\"ImageObject\",\"inLanguage\":\"fr-FR\",\"@id\":\"https:\\\/\\\/www.institutfrancais-jerusalem.org\\\/gaza\\\/session-de-francais-automne-2018\\\/#primaryimage\",\"url\":\"https:\\\/\\\/www.institutfrancais-jerusalem.org\\\/gaza\\\/wp-content\\\/uploads\\\/sites\\\/9\\\/2018\\\/09\\\/automne-2018-site-e1537088716686.jpg\",\"contentUrl\":\"https:\\\/\\\/www.institutfrancais-jerusalem.org\\\/gaza\\\/wp-content\\\/uploads\\\/sites\\\/9\\\/2018\\\/09\\\/automne-2018-site-e1537088716686.jpg\",\"width\":300,\"height\":332},{\"@type\":\"BreadcrumbList\",\"@id\":\"https:\\\/\\\/www.institutfrancais-jerusalem.org\\\/gaza\\\/session-de-francais-automne-2018\\\/#breadcrumb\",\"itemListElement\":[{\"@type\":\"ListItem\",\"position\":1,\"name\":\"Accueil\",\"item\":\"https:\\\/\\\/www.institutfrancais-jerusalem.org\\\/gaza\\\/\"},{\"@type\":\"ListItem\",\"position\":2,\"name\":\"Session de fran\u00e7ais Automne 2018\"}]},{\"@type\":\"WebSite\",\"@id\":\"https:\\\/\\\/www.institutfrancais-jerusalem.org\\\/gaza\\\/#website\",\"url\":\"https:\\\/\\\/www.institutfrancais-jerusalem.org\\\/gaza\\\/\",\"name\":\"Institut Fran\u00e7ais de J\u00e9rusalem - Gaza\",\"description\":\"\",\"potentialAction\":[{\"@type\":\"SearchAction\",\"target\":{\"@type\":\"EntryPoint\",\"urlTemplate\":\"https:\\\/\\\/www.institutfrancais-jerusalem.org\\\/gaza\\\/?s={search_term_string}\"},\"query-input\":{\"@type\":\"PropertyValueSpecification\",\"valueRequired\":true,\"valueName\":\"search_term_string\"}}],\"inLanguage\":\"fr-FR\"},{\"@type\":\"Person\",\"@id\":\"https:\\\/\\\/www.institutfrancais-jerusalem.org\\\/gaza\\\/#\\\/schema\\\/person\\\/f2207ffbd94a37d0b7a1446e3f6f0950\",\"name\":\"ifjgaza\",\"image\":{\"@type\":\"ImageObject\",\"inLanguage\":\"fr-FR\",\"@id\":\"https:\\\/\\\/secure.gravatar.com\\\/avatar\\\/567bd01b6ac69646c7067e93093a1d868ab71cfbf8c99120aa16a03d96aa27c9?s=96&d=mm&r=g\",\"url\":\"https:\\\/\\\/secure.gravatar.com\\\/avatar\\\/567bd01b6ac69646c7067e93093a1d868ab71cfbf8c99120aa16a03d96aa27c9?s=96&d=mm&r=g\",\"contentUrl\":\"https:\\\/\\\/secure.gravatar.com\\\/avatar\\\/567bd01b6ac69646c7067e93093a1d868ab71cfbf8c99120aa16a03d96aa27c9?s=96&d=mm&r=g\",\"caption\":\"ifjgaza\"},\"url\":\"https:\\\/\\\/www.institutfrancais-jerusalem.org\\\/gaza\\\/author\\\/ifjgaza\\\/\"}]}<\/script>\n<!-- \/ Yoast SEO plugin. -->","yoast_head_json":{"title":"Session de fran\u00e7ais Automne 2018 - Institut Fran\u00e7ais de J\u00e9rusalem - Gaza","robots":{"index":"index","follow":"follow","max-snippet":"max-snippet:-1","max-image-preview":"max-image-preview:large","max-video-preview":"max-video-preview:-1"},"canonical":"https:\/\/www.institutfrancais-jerusalem.org\/gaza\/session-de-francais-automne-2018\/","og_locale":"fr_FR","og_type":"article","og_title":"Session de fran\u00e7ais Automne 2018 - Institut Fran\u00e7ais de J\u00e9rusalem - Gaza","og_description":"Cours r\u00e9guliers adultes 40 heures des r\u00e9ductions cons\u00e9quentes : 150 nis -120 nis pour les \u00e9tudiants Cours de grammaire et de conversation &#8211; 80 nis D\u00e9but des cours :\u00a0dimanche 16\/09\/2018 &nbsp; Pour plus d&rsquo;informations : appelez nous au 08-2867883","og_url":"https:\/\/www.institutfrancais-jerusalem.org\/gaza\/session-de-francais-automne-2018\/","og_site_name":"Institut Fran\u00e7ais de J\u00e9rusalem - Gaza","article_published_time":"2018-09-16T09:05:38+00:00","article_modified_time":"2019-02-10T09:39:25+00:00","og_image":[{"width":300,"height":332,"url":"https:\/\/www.institutfrancais-jerusalem.org\/gaza\/wp-content\/uploads\/sites\/9\/2018\/09\/automne-2018-site-e1537088716686.jpg","type":"image\/jpeg"}],"author":"ifjgaza","twitter_card":"summary_large_image","twitter_misc":{"\u00c9crit par":"ifjgaza"},"schema":{"@context":"https:\/\/schema.org","@graph":[{"@type":"Article","@id":"https:\/\/www.institutfrancais-jerusalem.org\/gaza\/session-de-francais-automne-2018\/#article","isPartOf":{"@id":"https:\/\/www.institutfrancais-jerusalem.org\/gaza\/session-de-francais-automne-2018\/"},"author":{"name":"ifjgaza","@id":"https:\/\/www.institutfrancais-jerusalem.org\/gaza\/#\/schema\/person\/f2207ffbd94a37d0b7a1446e3f6f0950"},"headline":"Session de fran\u00e7ais Automne 2018","datePublished":"2018-09-16T09:05:38+00:00","dateModified":"2019-02-10T09:39:25+00:00","mainEntityOfPage":{"@id":"https:\/\/www.institutfrancais-jerusalem.org\/gaza\/session-de-francais-automne-2018\/"},"wordCount":43,"image":{"@id":"https:\/\/www.institutfrancais-jerusalem.org\/gaza\/session-de-francais-automne-2018\/#primaryimage"},"thumbnailUrl":"https:\/\/www.institutfrancais-jerusalem.org\/gaza\/wp-content\/uploads\/sites\/9\/2018\/09\/automne-2018-site-e1537088716686.jpg","articleSection":["Agenda culturel","GAZA"],"inLanguage":"fr-FR"},{"@type":"WebPage","@id":"https:\/\/www.institutfrancais-jerusalem.org\/gaza\/session-de-francais-automne-2018\/","url":"https:\/\/www.institutfrancais-jerusalem.org\/gaza\/session-de-francais-automne-2018\/","name":"Session de fran\u00e7ais Automne 2018 - Institut Fran\u00e7ais de J\u00e9rusalem - Gaza","isPartOf":{"@id":"https:\/\/www.institutfrancais-jerusalem.org\/gaza\/#website"},"primaryImageOfPage":{"@id":"https:\/\/www.institutfrancais-jerusalem.org\/gaza\/session-de-francais-automne-2018\/#primaryimage"},"image":{"@id":"https:\/\/www.institutfrancais-jerusalem.org\/gaza\/session-de-francais-automne-2018\/#primaryimage"},"thumbnailUrl":"https:\/\/www.institutfrancais-jerusalem.org\/gaza\/wp-content\/uploads\/sites\/9\/2018\/09\/automne-2018-site-e1537088716686.jpg","datePublished":"2018-09-16T09:05:38+00:00","dateModified":"2019-02-10T09:39:25+00:00","author":{"@id":"https:\/\/www.institutfrancais-jerusalem.org\/gaza\/#\/schema\/person\/f2207ffbd94a37d0b7a1446e3f6f0950"},"breadcrumb":{"@id":"https:\/\/www.institutfrancais-jerusalem.org\/gaza\/session-de-francais-automne-2018\/#breadcrumb"},"inLanguage":"fr-FR","potentialAction":[{"@type":"ReadAction","target":["https:\/\/www.institutfrancais-jerusalem.org\/gaza\/session-de-francais-automne-2018\/"]}]},{"@type":"ImageObject","inLanguage":"fr-FR","@id":"https:\/\/www.institutfrancais-jerusalem.org\/gaza\/session-de-francais-automne-2018\/#primaryimage","url":"https:\/\/www.institutfrancais-jerusalem.org\/gaza\/wp-content\/uploads\/sites\/9\/2018\/09\/automne-2018-site-e1537088716686.jpg","contentUrl":"https:\/\/www.institutfrancais-jerusalem.org\/gaza\/wp-content\/uploads\/sites\/9\/2018\/09\/automne-2018-site-e1537088716686.jpg","width":300,"height":332},{"@type":"BreadcrumbList","@id":"https:\/\/www.institutfrancais-jerusalem.org\/gaza\/session-de-francais-automne-2018\/#breadcrumb","itemListElement":[{"@type":"ListItem","position":1,"name":"Accueil","item":"https:\/\/www.institutfrancais-jerusalem.org\/gaza\/"},{"@type":"ListItem","position":2,"name":"Session de fran\u00e7ais Automne 2018"}]},{"@type":"WebSite","@id":"https:\/\/www.institutfrancais-jerusalem.org\/gaza\/#website","url":"https:\/\/www.institutfrancais-jerusalem.org\/gaza\/","name":"Institut Fran\u00e7ais de J\u00e9rusalem - Gaza","description":"","potentialAction":[{"@type":"SearchAction","target":{"@type":"EntryPoint","urlTemplate":"https:\/\/www.institutfrancais-jerusalem.org\/gaza\/?s={search_term_string}"},"query-input":{"@type":"PropertyValueSpecification","valueRequired":true,"valueName":"search_term_string"}}],"inLanguage":"fr-FR"},{"@type":"Person","@id":"https:\/\/www.institutfrancais-jerusalem.org\/gaza\/#\/schema\/person\/f2207ffbd94a37d0b7a1446e3f6f0950","name":"ifjgaza","image":{"@type":"ImageObject","inLanguage":"fr-FR","@id":"https:\/\/secure.gravatar.com\/avatar\/567bd01b6ac69646c7067e93093a1d868ab71cfbf8c99120aa16a03d96aa27c9?s=96&d=mm&r=g","url":"https:\/\/secure.gravatar.com\/avatar\/567bd01b6ac69646c7067e93093a1d868ab71cfbf8c99120aa16a03d96aa27c9?s=96&d=mm&r=g","contentUrl":"https:\/\/secure.gravatar.com\/avatar\/567bd01b6ac69646c7067e93093a1d868ab71cfbf8c99120aa16a03d96aa27c9?s=96&d=mm&r=g","caption":"ifjgaza"},"url":"https:\/\/www.institutfrancais-jerusalem.org\/gaza\/author\/ifjgaza\/"}]}},"_links":{"self":[{"href":"https:\/\/www.institutfrancais-jerusalem.org\/gaza\/wp-json\/wp\/v2\/posts\/2716","targetHints":{"allow":["GET"]}}],"collection":[{"href":"https:\/\/www.institutfrancais-jerusalem.org\/gaza\/wp-json\/wp\/v2\/posts"}],"about":[{"href":"https:\/\/www.institutfrancais-jerusalem.org\/gaza\/wp-json\/wp\/v2\/types\/post"}],"author":[{"embeddable":true,"href":"https:\/\/www.institutfrancais-jerusalem.org\/gaza\/wp-json\/wp\/v2\/users\/6"}],"replies":[{"embeddable":true,"href":"https:\/\/www.institutfrancais-jerusalem.org\/gaza\/wp-json\/wp\/v2\/comments?post=2716"}],"version-history":[{"count":1,"href":"https:\/\/www.institutfrancais-jerusalem.org\/gaza\/wp-json\/wp\/v2\/posts\/2716\/revisions"}],"predecessor-version":[{"id":2719,"href":"https:\/\/www.institutfrancais-jerusalem.org\/gaza\/wp-json\/wp\/v2\/posts\/2716\/revisions\/2719"}],"wp:featuredmedia":[{"embeddable":true,"href":"https:\/\/www.institutfrancais-jerusalem.org\/gaza\/wp-json\/wp\/v2\/media\/2717"}],"wp:attachment":[{"href":"https:\/\/www.institutfrancais-jerusalem.org\/gaza\/wp-json\/wp\/v2\/media?parent=2716"}],"wp:term":[{"taxonomy":"category","embeddable":true,"href":"https:\/\/www.institutfrancais-jerusalem.org\/gaza\/wp-json\/wp\/v2\/categories?post=2716"},{"taxonomy":"post_tag","embeddable":true,"href":"https:\/\/www.institutfrancais-jerusalem.org\/gaza\/wp-json\/wp\/v2\/tags?post=2716"}],"curies":[{"name":"wp","href":"https:\/\/api.w.org\/{rel}","templated":true}]}}