{"id":6364,"date":"2025-12-08T08:48:50","date_gmt":"2025-12-08T07:48:50","guid":{"rendered":"https:\/\/www.institutfrancais-jerusalem.org\/chateaubriand\/?p=6364"},"modified":"2025-12-08T08:50:20","modified_gmt":"2025-12-08T07:50:20","slug":"concert-ladaniva-a-bethleem-une-soiree-franco-armenienne-inoubliable","status":"publish","type":"post","link":"https:\/\/www.institutfrancais-jerusalem.org\/chateaubriand\/concert-ladaniva-a-bethleem-une-soiree-franco-armenienne-inoubliable\/","title":{"rendered":"Concert Ladaniva \u00e0 Bethl\u00e9em \u2013 Une soir\u00e9e franco-arm\u00e9nienne inoubliable"},"content":{"rendered":"<p><img loading=\"lazy\" decoding=\"async\" class=\"aligncenter size-full wp-image-6365\" src=\"https:\/\/www.institutfrancais-jerusalem.org\/chateaubriand\/wp-content\/uploads\/sites\/12\/2025\/12\/Ladaniva-affiche-edited.png\" alt=\"\" width=\"3175\" height=\"4490\" srcset=\"https:\/\/www.institutfrancais-jerusalem.org\/chateaubriand\/wp-content\/uploads\/sites\/12\/2025\/12\/Ladaniva-affiche-edited.png 3175w, https:\/\/www.institutfrancais-jerusalem.org\/chateaubriand\/wp-content\/uploads\/sites\/12\/2025\/12\/Ladaniva-affiche-edited-212x300.png 212w, https:\/\/www.institutfrancais-jerusalem.org\/chateaubriand\/wp-content\/uploads\/sites\/12\/2025\/12\/Ladaniva-affiche-edited-724x1024.png 724w, https:\/\/www.institutfrancais-jerusalem.org\/chateaubriand\/wp-content\/uploads\/sites\/12\/2025\/12\/Ladaniva-affiche-edited-768x1086.png 768w, https:\/\/www.institutfrancais-jerusalem.org\/chateaubriand\/wp-content\/uploads\/sites\/12\/2025\/12\/Ladaniva-affiche-edited-1086x1536.png 1086w, https:\/\/www.institutfrancais-jerusalem.org\/chateaubriand\/wp-content\/uploads\/sites\/12\/2025\/12\/Ladaniva-affiche-edited-1448x2048.png 1448w\" sizes=\"auto, (max-width: 3175px) 100vw, 3175px\" \/><\/p>\n<p><span style=\"font-weight: 400;\">Pr\u00e9parez-vous pour une soir\u00e9e inoubliable, pleine d\u2019\u00e9nergie et de musique<\/span><b>\ud83c\udfb6\u2728<\/b><span style=\"font-weight: 400;\">, alors que Bethl\u00e9em s\u2019illumine d\u2019un concert exceptionnel !<\/span><\/p>\n<p><span style=\"font-weight: 400;\">Le groupe franco-arm\u00e9nien Ladaniva se produira en concert avec la participation du ch\u0153ur Amwaj et du groupe Al Raseef au Convention Palace de Bethl\u00e9em le jeudi 19 d\u00e9cembre 2025 \u00e0 18h30.<\/span><\/p>\n<p><span style=\"font-weight: 400;\">\ud83c\udf9f\ufe0f <\/span><b>Points de vente :<\/b><\/p>\n<p><span style=\"font-weight: 400;\">J\u00e9rusalem : Rewind, The Educational Bookshop et Mini Market Mardig<\/span><\/p>\n<p><span style=\"font-weight: 400;\">Bethl\u00e9em : Alliance fran\u00e7aise, Rewind, Otto, Qindeel et Beesh Caf\u00e9<\/span><\/p>\n<p><span style=\"font-weight: 400;\">H\u00e9bron : Murtasam<\/span><\/p>\n<p><span style=\"font-weight: 400;\">Les billets seront \u00e9galement disponibles \u00e0 l\u2019achat directement \u00e0 l\u2019entr\u00e9e du concert.<\/span><\/p>\n<p><span style=\"font-weight: 400;\">L\u2019entr\u00e9e est gratuite pour les enfants de moins de dix ans.\ud83d\udc67\ud83e\uddd2\u2728<\/span><\/p>\n","protected":false},"excerpt":{"rendered":"<p>Pr\u00e9parez-vous pour une soir\u00e9e inoubliable, pleine d\u2019\u00e9nergie et de musique\ud83c\udfb6\u2728, alors que Bethl\u00e9em s\u2019illumine d\u2019un concert exceptionnel ! Le groupe franco-arm\u00e9nien Ladaniva se produira en concert avec la participation du ch\u0153ur Amwaj et du groupe Al Raseef au Convention Palace de Bethl\u00e9em le jeudi 19 d\u00e9cembre 2025 \u00e0 18h30. \ud83c\udf9f\ufe0f Points de vente : J\u00e9rusalem &hellip;<\/p>\n","protected":false},"author":1,"featured_media":6370,"comment_status":"closed","ping_status":"closed","sticky":false,"template":"","format":"standard","meta":{"footnotes":""},"categories":[2,4,26,7],"tags":[],"class_list":["post-6364","post","type-post","status-publish","format-standard","has-post-thumbnail","","category-agenda-culturel","category-arts-vivants","category-agenda-culturel-chateaubriand","category-diaporama"],"yoast_head":"<!-- This site is optimized with the Yoast SEO plugin v27.5 - https:\/\/yoast.com\/product\/yoast-seo-wordpress\/ -->\n<title>Concert Ladaniva \u00e0 Bethl\u00e9em \u2013 Une soir\u00e9e franco-arm\u00e9nienne inoubliable - Institut Fran\u00e7ais de J\u00e9rusalem - Chateaubriand<\/title>\n<meta name=\"robots\" content=\"index, follow, max-snippet:-1, max-image-preview:large, max-video-preview:-1\" \/>\n<link rel=\"canonical\" href=\"https:\/\/www.institutfrancais-jerusalem.org\/chateaubriand\/concert-ladaniva-a-bethleem-une-soiree-franco-armenienne-inoubliable\/\" \/>\n<meta property=\"og:locale\" content=\"fr_FR\" \/>\n<meta property=\"og:type\" content=\"article\" \/>\n<meta property=\"og:title\" content=\"Concert Ladaniva \u00e0 Bethl\u00e9em \u2013 Une soir\u00e9e franco-arm\u00e9nienne inoubliable - Institut Fran\u00e7ais de J\u00e9rusalem - Chateaubriand\" \/>\n<meta property=\"og:description\" content=\"Pr\u00e9parez-vous pour une soir\u00e9e inoubliable, pleine d\u2019\u00e9nergie et de musique\ud83c\udfb6\u2728, alors que Bethl\u00e9em s\u2019illumine d\u2019un concert exceptionnel ! Le groupe franco-arm\u00e9nien Ladaniva se produira en concert avec la participation du ch\u0153ur Amwaj et du groupe Al Raseef au Convention Palace de Bethl\u00e9em le jeudi 19 d\u00e9cembre 2025 \u00e0 18h30. \ud83c\udf9f\ufe0f Points de vente : J\u00e9rusalem &hellip;\" \/>\n<meta property=\"og:url\" content=\"https:\/\/www.institutfrancais-jerusalem.org\/chateaubriand\/concert-ladaniva-a-bethleem-une-soiree-franco-armenienne-inoubliable\/\" \/>\n<meta property=\"og:site_name\" content=\"Institut Fran\u00e7ais de J\u00e9rusalem - Chateaubriand\" \/>\n<meta property=\"article:published_time\" content=\"2025-12-08T07:48:50+00:00\" \/>\n<meta property=\"article:modified_time\" content=\"2025-12-08T07:50:20+00:00\" \/>\n<meta property=\"og:image\" content=\"https:\/\/www.institutfrancais-jerusalem.org\/chateaubriand\/wp-content\/uploads\/sites\/12\/2025\/12\/LADANIVA-1.png\" \/>\n\t<meta property=\"og:image:width\" content=\"1300\" \/>\n\t<meta property=\"og:image:height\" content=\"500\" \/>\n\t<meta property=\"og:image:type\" content=\"image\/png\" \/>\n<meta name=\"author\" content=\"admin6590\" \/>\n<meta name=\"twitter:card\" content=\"summary_large_image\" \/>\n<meta name=\"twitter:label1\" content=\"\u00c9crit par\" \/>\n\t<meta name=\"twitter:data1\" content=\"admin6590\" \/>\n\t<meta name=\"twitter:label2\" content=\"Dur\u00e9e de lecture estim\u00e9e\" \/>\n\t<meta name=\"twitter:data2\" content=\"1 minute\" \/>\n<script type=\"application\/ld+json\" class=\"yoast-schema-graph\">{\"@context\":\"https:\\\/\\\/schema.org\",\"@graph\":[{\"@type\":\"Article\",\"@id\":\"https:\\\/\\\/www.institutfrancais-jerusalem.org\\\/chateaubriand\\\/concert-ladaniva-a-bethleem-une-soiree-franco-armenienne-inoubliable\\\/#article\",\"isPartOf\":{\"@id\":\"https:\\\/\\\/www.institutfrancais-jerusalem.org\\\/chateaubriand\\\/concert-ladaniva-a-bethleem-une-soiree-franco-armenienne-inoubliable\\\/\"},\"author\":{\"name\":\"admin6590\",\"@id\":\"https:\\\/\\\/www.institutfrancais-jerusalem.org\\\/chateaubriand\\\/#\\\/schema\\\/person\\\/0d606b93f4fb1eb5c713b8be3dd4c4bf\"},\"headline\":\"Concert Ladaniva \u00e0 Bethl\u00e9em \u2013 Une soir\u00e9e franco-arm\u00e9nienne inoubliable\",\"datePublished\":\"2025-12-08T07:48:50+00:00\",\"dateModified\":\"2025-12-08T07:50:20+00:00\",\"mainEntityOfPage\":{\"@id\":\"https:\\\/\\\/www.institutfrancais-jerusalem.org\\\/chateaubriand\\\/concert-ladaniva-a-bethleem-une-soiree-franco-armenienne-inoubliable\\\/\"},\"wordCount\":118,\"image\":{\"@id\":\"https:\\\/\\\/www.institutfrancais-jerusalem.org\\\/chateaubriand\\\/concert-ladaniva-a-bethleem-une-soiree-franco-armenienne-inoubliable\\\/#primaryimage\"},\"thumbnailUrl\":\"https:\\\/\\\/www.institutfrancais-jerusalem.org\\\/chateaubriand\\\/wp-content\\\/uploads\\\/sites\\\/12\\\/2025\\\/12\\\/LADANIVA-1.png\",\"articleSection\":[\"Agenda culturel\",\"Arts vivants\",\"CHATEAUBRIAND\",\"Diaporama\"],\"inLanguage\":\"fr-FR\"},{\"@type\":\"WebPage\",\"@id\":\"https:\\\/\\\/www.institutfrancais-jerusalem.org\\\/chateaubriand\\\/concert-ladaniva-a-bethleem-une-soiree-franco-armenienne-inoubliable\\\/\",\"url\":\"https:\\\/\\\/www.institutfrancais-jerusalem.org\\\/chateaubriand\\\/concert-ladaniva-a-bethleem-une-soiree-franco-armenienne-inoubliable\\\/\",\"name\":\"Concert Ladaniva \u00e0 Bethl\u00e9em \u2013 Une soir\u00e9e franco-arm\u00e9nienne inoubliable - Institut Fran\u00e7ais de J\u00e9rusalem - Chateaubriand\",\"isPartOf\":{\"@id\":\"https:\\\/\\\/www.institutfrancais-jerusalem.org\\\/chateaubriand\\\/#website\"},\"primaryImageOfPage\":{\"@id\":\"https:\\\/\\\/www.institutfrancais-jerusalem.org\\\/chateaubriand\\\/concert-ladaniva-a-bethleem-une-soiree-franco-armenienne-inoubliable\\\/#primaryimage\"},\"image\":{\"@id\":\"https:\\\/\\\/www.institutfrancais-jerusalem.org\\\/chateaubriand\\\/concert-ladaniva-a-bethleem-une-soiree-franco-armenienne-inoubliable\\\/#primaryimage\"},\"thumbnailUrl\":\"https:\\\/\\\/www.institutfrancais-jerusalem.org\\\/chateaubriand\\\/wp-content\\\/uploads\\\/sites\\\/12\\\/2025\\\/12\\\/LADANIVA-1.png\",\"datePublished\":\"2025-12-08T07:48:50+00:00\",\"dateModified\":\"2025-12-08T07:50:20+00:00\",\"author\":{\"@id\":\"https:\\\/\\\/www.institutfrancais-jerusalem.org\\\/chateaubriand\\\/#\\\/schema\\\/person\\\/0d606b93f4fb1eb5c713b8be3dd4c4bf\"},\"breadcrumb\":{\"@id\":\"https:\\\/\\\/www.institutfrancais-jerusalem.org\\\/chateaubriand\\\/concert-ladaniva-a-bethleem-une-soiree-franco-armenienne-inoubliable\\\/#breadcrumb\"},\"inLanguage\":\"fr-FR\",\"potentialAction\":[{\"@type\":\"ReadAction\",\"target\":[\"https:\\\/\\\/www.institutfrancais-jerusalem.org\\\/chateaubriand\\\/concert-ladaniva-a-bethleem-une-soiree-franco-armenienne-inoubliable\\\/\"]}]},{\"@type\":\"ImageObject\",\"inLanguage\":\"fr-FR\",\"@id\":\"https:\\\/\\\/www.institutfrancais-jerusalem.org\\\/chateaubriand\\\/concert-ladaniva-a-bethleem-une-soiree-franco-armenienne-inoubliable\\\/#primaryimage\",\"url\":\"https:\\\/\\\/www.institutfrancais-jerusalem.org\\\/chateaubriand\\\/wp-content\\\/uploads\\\/sites\\\/12\\\/2025\\\/12\\\/LADANIVA-1.png\",\"contentUrl\":\"https:\\\/\\\/www.institutfrancais-jerusalem.org\\\/chateaubriand\\\/wp-content\\\/uploads\\\/sites\\\/12\\\/2025\\\/12\\\/LADANIVA-1.png\",\"width\":1300,\"height\":500},{\"@type\":\"BreadcrumbList\",\"@id\":\"https:\\\/\\\/www.institutfrancais-jerusalem.org\\\/chateaubriand\\\/concert-ladaniva-a-bethleem-une-soiree-franco-armenienne-inoubliable\\\/#breadcrumb\",\"itemListElement\":[{\"@type\":\"ListItem\",\"position\":1,\"name\":\"Accueil\",\"item\":\"https:\\\/\\\/www.institutfrancais-jerusalem.org\\\/chateaubriand\\\/\"},{\"@type\":\"ListItem\",\"position\":2,\"name\":\"Concert Ladaniva \u00e0 Bethl\u00e9em \u2013 Une soir\u00e9e franco-arm\u00e9nienne inoubliable\"}]},{\"@type\":\"WebSite\",\"@id\":\"https:\\\/\\\/www.institutfrancais-jerusalem.org\\\/chateaubriand\\\/#website\",\"url\":\"https:\\\/\\\/www.institutfrancais-jerusalem.org\\\/chateaubriand\\\/\",\"name\":\"Institut Fran\u00e7ais de J\u00e9rusalem - Chateaubriand\",\"description\":\"\",\"potentialAction\":[{\"@type\":\"SearchAction\",\"target\":{\"@type\":\"EntryPoint\",\"urlTemplate\":\"https:\\\/\\\/www.institutfrancais-jerusalem.org\\\/chateaubriand\\\/?s={search_term_string}\"},\"query-input\":{\"@type\":\"PropertyValueSpecification\",\"valueRequired\":true,\"valueName\":\"search_term_string\"}}],\"inLanguage\":\"fr-FR\"},{\"@type\":\"Person\",\"@id\":\"https:\\\/\\\/www.institutfrancais-jerusalem.org\\\/chateaubriand\\\/#\\\/schema\\\/person\\\/0d606b93f4fb1eb5c713b8be3dd4c4bf\",\"name\":\"admin6590\",\"image\":{\"@type\":\"ImageObject\",\"inLanguage\":\"fr-FR\",\"@id\":\"https:\\\/\\\/secure.gravatar.com\\\/avatar\\\/26482e0f083efa40e5c2db57a3d590897a500390cc256266e30d5da5605a03a9?s=96&d=mm&r=g\",\"url\":\"https:\\\/\\\/secure.gravatar.com\\\/avatar\\\/26482e0f083efa40e5c2db57a3d590897a500390cc256266e30d5da5605a03a9?s=96&d=mm&r=g\",\"contentUrl\":\"https:\\\/\\\/secure.gravatar.com\\\/avatar\\\/26482e0f083efa40e5c2db57a3d590897a500390cc256266e30d5da5605a03a9?s=96&d=mm&r=g\",\"caption\":\"admin6590\"},\"url\":\"https:\\\/\\\/www.institutfrancais-jerusalem.org\\\/chateaubriand\\\/author\\\/admin6590\\\/\"}]}<\/script>\n<!-- \/ Yoast SEO plugin. -->","yoast_head_json":{"title":"Concert Ladaniva \u00e0 Bethl\u00e9em \u2013 Une soir\u00e9e franco-arm\u00e9nienne inoubliable - Institut Fran\u00e7ais de J\u00e9rusalem - Chateaubriand","robots":{"index":"index","follow":"follow","max-snippet":"max-snippet:-1","max-image-preview":"max-image-preview:large","max-video-preview":"max-video-preview:-1"},"canonical":"https:\/\/www.institutfrancais-jerusalem.org\/chateaubriand\/concert-ladaniva-a-bethleem-une-soiree-franco-armenienne-inoubliable\/","og_locale":"fr_FR","og_type":"article","og_title":"Concert Ladaniva \u00e0 Bethl\u00e9em \u2013 Une soir\u00e9e franco-arm\u00e9nienne inoubliable - Institut Fran\u00e7ais de J\u00e9rusalem - Chateaubriand","og_description":"Pr\u00e9parez-vous pour une soir\u00e9e inoubliable, pleine d\u2019\u00e9nergie et de musique\ud83c\udfb6\u2728, alors que Bethl\u00e9em s\u2019illumine d\u2019un concert exceptionnel ! Le groupe franco-arm\u00e9nien Ladaniva se produira en concert avec la participation du ch\u0153ur Amwaj et du groupe Al Raseef au Convention Palace de Bethl\u00e9em le jeudi 19 d\u00e9cembre 2025 \u00e0 18h30. \ud83c\udf9f\ufe0f Points de vente : J\u00e9rusalem &hellip;","og_url":"https:\/\/www.institutfrancais-jerusalem.org\/chateaubriand\/concert-ladaniva-a-bethleem-une-soiree-franco-armenienne-inoubliable\/","og_site_name":"Institut Fran\u00e7ais de J\u00e9rusalem - Chateaubriand","article_published_time":"2025-12-08T07:48:50+00:00","article_modified_time":"2025-12-08T07:50:20+00:00","og_image":[{"width":1300,"height":500,"url":"https:\/\/www.institutfrancais-jerusalem.org\/chateaubriand\/wp-content\/uploads\/sites\/12\/2025\/12\/LADANIVA-1.png","type":"image\/png"}],"author":"admin6590","twitter_card":"summary_large_image","twitter_misc":{"\u00c9crit par":"admin6590","Dur\u00e9e de lecture estim\u00e9e":"1 minute"},"schema":{"@context":"https:\/\/schema.org","@graph":[{"@type":"Article","@id":"https:\/\/www.institutfrancais-jerusalem.org\/chateaubriand\/concert-ladaniva-a-bethleem-une-soiree-franco-armenienne-inoubliable\/#article","isPartOf":{"@id":"https:\/\/www.institutfrancais-jerusalem.org\/chateaubriand\/concert-ladaniva-a-bethleem-une-soiree-franco-armenienne-inoubliable\/"},"author":{"name":"admin6590","@id":"https:\/\/www.institutfrancais-jerusalem.org\/chateaubriand\/#\/schema\/person\/0d606b93f4fb1eb5c713b8be3dd4c4bf"},"headline":"Concert Ladaniva \u00e0 Bethl\u00e9em \u2013 Une soir\u00e9e franco-arm\u00e9nienne inoubliable","datePublished":"2025-12-08T07:48:50+00:00","dateModified":"2025-12-08T07:50:20+00:00","mainEntityOfPage":{"@id":"https:\/\/www.institutfrancais-jerusalem.org\/chateaubriand\/concert-ladaniva-a-bethleem-une-soiree-franco-armenienne-inoubliable\/"},"wordCount":118,"image":{"@id":"https:\/\/www.institutfrancais-jerusalem.org\/chateaubriand\/concert-ladaniva-a-bethleem-une-soiree-franco-armenienne-inoubliable\/#primaryimage"},"thumbnailUrl":"https:\/\/www.institutfrancais-jerusalem.org\/chateaubriand\/wp-content\/uploads\/sites\/12\/2025\/12\/LADANIVA-1.png","articleSection":["Agenda culturel","Arts vivants","CHATEAUBRIAND","Diaporama"],"inLanguage":"fr-FR"},{"@type":"WebPage","@id":"https:\/\/www.institutfrancais-jerusalem.org\/chateaubriand\/concert-ladaniva-a-bethleem-une-soiree-franco-armenienne-inoubliable\/","url":"https:\/\/www.institutfrancais-jerusalem.org\/chateaubriand\/concert-ladaniva-a-bethleem-une-soiree-franco-armenienne-inoubliable\/","name":"Concert Ladaniva \u00e0 Bethl\u00e9em \u2013 Une soir\u00e9e franco-arm\u00e9nienne inoubliable - Institut Fran\u00e7ais de J\u00e9rusalem - Chateaubriand","isPartOf":{"@id":"https:\/\/www.institutfrancais-jerusalem.org\/chateaubriand\/#website"},"primaryImageOfPage":{"@id":"https:\/\/www.institutfrancais-jerusalem.org\/chateaubriand\/concert-ladaniva-a-bethleem-une-soiree-franco-armenienne-inoubliable\/#primaryimage"},"image":{"@id":"https:\/\/www.institutfrancais-jerusalem.org\/chateaubriand\/concert-ladaniva-a-bethleem-une-soiree-franco-armenienne-inoubliable\/#primaryimage"},"thumbnailUrl":"https:\/\/www.institutfrancais-jerusalem.org\/chateaubriand\/wp-content\/uploads\/sites\/12\/2025\/12\/LADANIVA-1.png","datePublished":"2025-12-08T07:48:50+00:00","dateModified":"2025-12-08T07:50:20+00:00","author":{"@id":"https:\/\/www.institutfrancais-jerusalem.org\/chateaubriand\/#\/schema\/person\/0d606b93f4fb1eb5c713b8be3dd4c4bf"},"breadcrumb":{"@id":"https:\/\/www.institutfrancais-jerusalem.org\/chateaubriand\/concert-ladaniva-a-bethleem-une-soiree-franco-armenienne-inoubliable\/#breadcrumb"},"inLanguage":"fr-FR","potentialAction":[{"@type":"ReadAction","target":["https:\/\/www.institutfrancais-jerusalem.org\/chateaubriand\/concert-ladaniva-a-bethleem-une-soiree-franco-armenienne-inoubliable\/"]}]},{"@type":"ImageObject","inLanguage":"fr-FR","@id":"https:\/\/www.institutfrancais-jerusalem.org\/chateaubriand\/concert-ladaniva-a-bethleem-une-soiree-franco-armenienne-inoubliable\/#primaryimage","url":"https:\/\/www.institutfrancais-jerusalem.org\/chateaubriand\/wp-content\/uploads\/sites\/12\/2025\/12\/LADANIVA-1.png","contentUrl":"https:\/\/www.institutfrancais-jerusalem.org\/chateaubriand\/wp-content\/uploads\/sites\/12\/2025\/12\/LADANIVA-1.png","width":1300,"height":500},{"@type":"BreadcrumbList","@id":"https:\/\/www.institutfrancais-jerusalem.org\/chateaubriand\/concert-ladaniva-a-bethleem-une-soiree-franco-armenienne-inoubliable\/#breadcrumb","itemListElement":[{"@type":"ListItem","position":1,"name":"Accueil","item":"https:\/\/www.institutfrancais-jerusalem.org\/chateaubriand\/"},{"@type":"ListItem","position":2,"name":"Concert Ladaniva \u00e0 Bethl\u00e9em \u2013 Une soir\u00e9e franco-arm\u00e9nienne inoubliable"}]},{"@type":"WebSite","@id":"https:\/\/www.institutfrancais-jerusalem.org\/chateaubriand\/#website","url":"https:\/\/www.institutfrancais-jerusalem.org\/chateaubriand\/","name":"Institut Fran\u00e7ais de J\u00e9rusalem - Chateaubriand","description":"","potentialAction":[{"@type":"SearchAction","target":{"@type":"EntryPoint","urlTemplate":"https:\/\/www.institutfrancais-jerusalem.org\/chateaubriand\/?s={search_term_string}"},"query-input":{"@type":"PropertyValueSpecification","valueRequired":true,"valueName":"search_term_string"}}],"inLanguage":"fr-FR"},{"@type":"Person","@id":"https:\/\/www.institutfrancais-jerusalem.org\/chateaubriand\/#\/schema\/person\/0d606b93f4fb1eb5c713b8be3dd4c4bf","name":"admin6590","image":{"@type":"ImageObject","inLanguage":"fr-FR","@id":"https:\/\/secure.gravatar.com\/avatar\/26482e0f083efa40e5c2db57a3d590897a500390cc256266e30d5da5605a03a9?s=96&d=mm&r=g","url":"https:\/\/secure.gravatar.com\/avatar\/26482e0f083efa40e5c2db57a3d590897a500390cc256266e30d5da5605a03a9?s=96&d=mm&r=g","contentUrl":"https:\/\/secure.gravatar.com\/avatar\/26482e0f083efa40e5c2db57a3d590897a500390cc256266e30d5da5605a03a9?s=96&d=mm&r=g","caption":"admin6590"},"url":"https:\/\/www.institutfrancais-jerusalem.org\/chateaubriand\/author\/admin6590\/"}]}},"_links":{"self":[{"href":"https:\/\/www.institutfrancais-jerusalem.org\/chateaubriand\/wp-json\/wp\/v2\/posts\/6364","targetHints":{"allow":["GET"]}}],"collection":[{"href":"https:\/\/www.institutfrancais-jerusalem.org\/chateaubriand\/wp-json\/wp\/v2\/posts"}],"about":[{"href":"https:\/\/www.institutfrancais-jerusalem.org\/chateaubriand\/wp-json\/wp\/v2\/types\/post"}],"author":[{"embeddable":true,"href":"https:\/\/www.institutfrancais-jerusalem.org\/chateaubriand\/wp-json\/wp\/v2\/users\/1"}],"replies":[{"embeddable":true,"href":"https:\/\/www.institutfrancais-jerusalem.org\/chateaubriand\/wp-json\/wp\/v2\/comments?post=6364"}],"version-history":[{"count":1,"href":"https:\/\/www.institutfrancais-jerusalem.org\/chateaubriand\/wp-json\/wp\/v2\/posts\/6364\/revisions"}],"predecessor-version":[{"id":6369,"href":"https:\/\/www.institutfrancais-jerusalem.org\/chateaubriand\/wp-json\/wp\/v2\/posts\/6364\/revisions\/6369"}],"wp:featuredmedia":[{"embeddable":true,"href":"https:\/\/www.institutfrancais-jerusalem.org\/chateaubriand\/wp-json\/wp\/v2\/media\/6370"}],"wp:attachment":[{"href":"https:\/\/www.institutfrancais-jerusalem.org\/chateaubriand\/wp-json\/wp\/v2\/media?parent=6364"}],"wp:term":[{"taxonomy":"category","embeddable":true,"href":"https:\/\/www.institutfrancais-jerusalem.org\/chateaubriand\/wp-json\/wp\/v2\/categories?post=6364"},{"taxonomy":"post_tag","embeddable":true,"href":"https:\/\/www.institutfrancais-jerusalem.org\/chateaubriand\/wp-json\/wp\/v2\/tags?post=6364"}],"curies":[{"name":"wp","href":"https:\/\/api.w.org\/{rel}","templated":true}]}}