{"id":6336,"date":"2025-10-08T09:11:31","date_gmt":"2025-10-08T07:11:31","guid":{"rendered":"https:\/\/www.institutfrancais-jerusalem.org\/chateaubriand\/?p=6336"},"modified":"2025-10-08T09:14:18","modified_gmt":"2025-10-08T07:14:18","slug":"khaled-elayyan-represente-la-palestine-a-focus-danse-lors-de-la-21%e1%b5%89-biennale-de-la-danse-de-lyon","status":"publish","type":"post","link":"https:\/\/www.institutfrancais-jerusalem.org\/chateaubriand\/khaled-elayyan-represente-la-palestine-a-focus-danse-lors-de-la-21%e1%b5%89-biennale-de-la-danse-de-lyon\/","title":{"rendered":"Khaled Elayyan repr\u00e9sente la Palestine \u00e0 FOCUS Danse lors de la 21\u1d49 Biennale de la danse de Lyon"},"content":{"rendered":"<p>M. Khaled Elayyan, directeur artistique du First Ramallah Group Sarayyet, a particip\u00e9 \u00e0 FOCUS Danse lors de la 21\u1d49 Biennale de la danse de Lyon, qui s\u2019est tenue du 16 au 20 septembre 2025.<\/p>\n<p>Organis\u00e9 par la Biennale de la danse, l\u2019Institut fran\u00e7ais, le CCNR et l\u2019Onda, cet \u00e9v\u00e9nement international a rassembl\u00e9 76 programmateurs, chor\u00e9graphes et artistes venus du 42 pays pour 8 cr\u00e9ations internationales.<\/p>\n<p>Le Consulat g\u00e9n\u00e9ral de France \u00e0 J\u00e9rusalem a eu le plaisir d\u2019avoir soutenu Khaled, afin de repr\u00e9senter la Palestine dans cette \u00e9v\u00e9nement et de mettre en lumi\u00e8re sa sc\u00e8ne artistique\u00a0!<\/p>\n<p><img loading=\"lazy\" decoding=\"async\" class=\"aligncenter size-full wp-image-6337\" src=\"https:\/\/www.institutfrancais-jerusalem.org\/chateaubriand\/wp-content\/uploads\/sites\/12\/2025\/10\/6b68abca-54a6-45bb-b8c7-4bc92fe1b4b1.jpg\" alt=\"\" width=\"2048\" height=\"1536\" srcset=\"https:\/\/www.institutfrancais-jerusalem.org\/chateaubriand\/wp-content\/uploads\/sites\/12\/2025\/10\/6b68abca-54a6-45bb-b8c7-4bc92fe1b4b1.jpg 2048w, https:\/\/www.institutfrancais-jerusalem.org\/chateaubriand\/wp-content\/uploads\/sites\/12\/2025\/10\/6b68abca-54a6-45bb-b8c7-4bc92fe1b4b1-300x225.jpg 300w, https:\/\/www.institutfrancais-jerusalem.org\/chateaubriand\/wp-content\/uploads\/sites\/12\/2025\/10\/6b68abca-54a6-45bb-b8c7-4bc92fe1b4b1-1024x768.jpg 1024w, https:\/\/www.institutfrancais-jerusalem.org\/chateaubriand\/wp-content\/uploads\/sites\/12\/2025\/10\/6b68abca-54a6-45bb-b8c7-4bc92fe1b4b1-768x576.jpg 768w, https:\/\/www.institutfrancais-jerusalem.org\/chateaubriand\/wp-content\/uploads\/sites\/12\/2025\/10\/6b68abca-54a6-45bb-b8c7-4bc92fe1b4b1-1536x1152.jpg 1536w\" sizes=\"auto, (max-width: 2048px) 100vw, 2048px\" \/> <img loading=\"lazy\" decoding=\"async\" class=\"aligncenter size-full wp-image-6339\" src=\"https:\/\/www.institutfrancais-jerusalem.org\/chateaubriand\/wp-content\/uploads\/sites\/12\/2025\/10\/163f9c50-5592-4580-ad5d-666869faca3b.jpg\" alt=\"\" width=\"2048\" height=\"1536\" srcset=\"https:\/\/www.institutfrancais-jerusalem.org\/chateaubriand\/wp-content\/uploads\/sites\/12\/2025\/10\/163f9c50-5592-4580-ad5d-666869faca3b.jpg 2048w, https:\/\/www.institutfrancais-jerusalem.org\/chateaubriand\/wp-content\/uploads\/sites\/12\/2025\/10\/163f9c50-5592-4580-ad5d-666869faca3b-300x225.jpg 300w, https:\/\/www.institutfrancais-jerusalem.org\/chateaubriand\/wp-content\/uploads\/sites\/12\/2025\/10\/163f9c50-5592-4580-ad5d-666869faca3b-1024x768.jpg 1024w, https:\/\/www.institutfrancais-jerusalem.org\/chateaubriand\/wp-content\/uploads\/sites\/12\/2025\/10\/163f9c50-5592-4580-ad5d-666869faca3b-768x576.jpg 768w, https:\/\/www.institutfrancais-jerusalem.org\/chateaubriand\/wp-content\/uploads\/sites\/12\/2025\/10\/163f9c50-5592-4580-ad5d-666869faca3b-1536x1152.jpg 1536w\" sizes=\"auto, (max-width: 2048px) 100vw, 2048px\" \/> <img loading=\"lazy\" decoding=\"async\" class=\"aligncenter size-full wp-image-6341\" src=\"https:\/\/www.institutfrancais-jerusalem.org\/chateaubriand\/wp-content\/uploads\/sites\/12\/2025\/10\/488e8ca7-c808-4e42-9682-0c1aa3d4ef32.jpg\" alt=\"\" width=\"2048\" height=\"1536\" srcset=\"https:\/\/www.institutfrancais-jerusalem.org\/chateaubriand\/wp-content\/uploads\/sites\/12\/2025\/10\/488e8ca7-c808-4e42-9682-0c1aa3d4ef32.jpg 2048w, https:\/\/www.institutfrancais-jerusalem.org\/chateaubriand\/wp-content\/uploads\/sites\/12\/2025\/10\/488e8ca7-c808-4e42-9682-0c1aa3d4ef32-300x225.jpg 300w, https:\/\/www.institutfrancais-jerusalem.org\/chateaubriand\/wp-content\/uploads\/sites\/12\/2025\/10\/488e8ca7-c808-4e42-9682-0c1aa3d4ef32-1024x768.jpg 1024w, https:\/\/www.institutfrancais-jerusalem.org\/chateaubriand\/wp-content\/uploads\/sites\/12\/2025\/10\/488e8ca7-c808-4e42-9682-0c1aa3d4ef32-768x576.jpg 768w, https:\/\/www.institutfrancais-jerusalem.org\/chateaubriand\/wp-content\/uploads\/sites\/12\/2025\/10\/488e8ca7-c808-4e42-9682-0c1aa3d4ef32-1536x1152.jpg 1536w\" sizes=\"auto, (max-width: 2048px) 100vw, 2048px\" \/> <img loading=\"lazy\" decoding=\"async\" class=\"aligncenter size-full wp-image-6343\" src=\"https:\/\/www.institutfrancais-jerusalem.org\/chateaubriand\/wp-content\/uploads\/sites\/12\/2025\/10\/766a774b-41ea-43d6-89bc-5cdc2e0bf0f2.jpg\" alt=\"\" width=\"2048\" height=\"1536\" srcset=\"https:\/\/www.institutfrancais-jerusalem.org\/chateaubriand\/wp-content\/uploads\/sites\/12\/2025\/10\/766a774b-41ea-43d6-89bc-5cdc2e0bf0f2.jpg 2048w, https:\/\/www.institutfrancais-jerusalem.org\/chateaubriand\/wp-content\/uploads\/sites\/12\/2025\/10\/766a774b-41ea-43d6-89bc-5cdc2e0bf0f2-300x225.jpg 300w, https:\/\/www.institutfrancais-jerusalem.org\/chateaubriand\/wp-content\/uploads\/sites\/12\/2025\/10\/766a774b-41ea-43d6-89bc-5cdc2e0bf0f2-1024x768.jpg 1024w, https:\/\/www.institutfrancais-jerusalem.org\/chateaubriand\/wp-content\/uploads\/sites\/12\/2025\/10\/766a774b-41ea-43d6-89bc-5cdc2e0bf0f2-768x576.jpg 768w, https:\/\/www.institutfrancais-jerusalem.org\/chateaubriand\/wp-content\/uploads\/sites\/12\/2025\/10\/766a774b-41ea-43d6-89bc-5cdc2e0bf0f2-1536x1152.jpg 1536w\" sizes=\"auto, (max-width: 2048px) 100vw, 2048px\" \/> <img loading=\"lazy\" decoding=\"async\" class=\"aligncenter size-full wp-image-6345\" src=\"https:\/\/www.institutfrancais-jerusalem.org\/chateaubriand\/wp-content\/uploads\/sites\/12\/2025\/10\/472645066_18489934258013978_1827118594778737837_n.jpg\" alt=\"\" width=\"1440\" height=\"1800\" srcset=\"https:\/\/www.institutfrancais-jerusalem.org\/chateaubriand\/wp-content\/uploads\/sites\/12\/2025\/10\/472645066_18489934258013978_1827118594778737837_n.jpg 1440w, https:\/\/www.institutfrancais-jerusalem.org\/chateaubriand\/wp-content\/uploads\/sites\/12\/2025\/10\/472645066_18489934258013978_1827118594778737837_n-240x300.jpg 240w, https:\/\/www.institutfrancais-jerusalem.org\/chateaubriand\/wp-content\/uploads\/sites\/12\/2025\/10\/472645066_18489934258013978_1827118594778737837_n-819x1024.jpg 819w, https:\/\/www.institutfrancais-jerusalem.org\/chateaubriand\/wp-content\/uploads\/sites\/12\/2025\/10\/472645066_18489934258013978_1827118594778737837_n-768x960.jpg 768w, https:\/\/www.institutfrancais-jerusalem.org\/chateaubriand\/wp-content\/uploads\/sites\/12\/2025\/10\/472645066_18489934258013978_1827118594778737837_n-1229x1536.jpg 1229w\" sizes=\"auto, (max-width: 1440px) 100vw, 1440px\" \/> <img loading=\"lazy\" decoding=\"async\" class=\"aligncenter size-full wp-image-6347\" src=\"https:\/\/www.institutfrancais-jerusalem.org\/chateaubriand\/wp-content\/uploads\/sites\/12\/2025\/10\/affiche-biennales-2025-819x1024-1.jpg\" alt=\"\" width=\"819\" height=\"1024\" srcset=\"https:\/\/www.institutfrancais-jerusalem.org\/chateaubriand\/wp-content\/uploads\/sites\/12\/2025\/10\/affiche-biennales-2025-819x1024-1.jpg 819w, https:\/\/www.institutfrancais-jerusalem.org\/chateaubriand\/wp-content\/uploads\/sites\/12\/2025\/10\/affiche-biennales-2025-819x1024-1-240x300.jpg 240w, https:\/\/www.institutfrancais-jerusalem.org\/chateaubriand\/wp-content\/uploads\/sites\/12\/2025\/10\/affiche-biennales-2025-819x1024-1-768x960.jpg 768w\" sizes=\"auto, (max-width: 819px) 100vw, 819px\" \/> <img loading=\"lazy\" decoding=\"async\" class=\"aligncenter size-full wp-image-6349\" src=\"https:\/\/www.institutfrancais-jerusalem.org\/chateaubriand\/wp-content\/uploads\/sites\/12\/2025\/10\/d2e1975f-2041-4ad6-a03d-dd4111e31210.jpg\" alt=\"\" width=\"2048\" height=\"1536\" \/><\/p>\n","protected":false},"excerpt":{"rendered":"<p>M. Khaled Elayyan, directeur artistique du First Ramallah Group Sarayyet, a particip\u00e9 \u00e0 FOCUS Danse lors de la 21\u1d49 Biennale de la danse de Lyon, qui s\u2019est tenue du 16 au 20 septembre 2025. Organis\u00e9 par la Biennale de la danse, l\u2019Institut fran\u00e7ais, le CCNR et l\u2019Onda, cet \u00e9v\u00e9nement international a rassembl\u00e9 76 programmateurs, chor\u00e9graphes &hellip;<\/p>\n","protected":false},"author":1,"featured_media":6349,"comment_status":"closed","ping_status":"closed","sticky":false,"template":"","format":"standard","meta":{"footnotes":""},"categories":[2,5,26,7],"tags":[],"class_list":["post-6336","post","type-post","status-publish","format-standard","has-post-thumbnail","","category-agenda-culturel","category-breaking-news","category-agenda-culturel-chateaubriand","category-diaporama"],"yoast_head":"<!-- This site is optimized with the Yoast SEO plugin v27.5 - https:\/\/yoast.com\/product\/yoast-seo-wordpress\/ -->\n<title>Khaled Elayyan repr\u00e9sente la Palestine \u00e0 FOCUS Danse lors de la 21\u1d49 Biennale de la danse de Lyon - Institut Fran\u00e7ais de J\u00e9rusalem - Chateaubriand<\/title>\n<meta name=\"robots\" content=\"index, follow, max-snippet:-1, max-image-preview:large, max-video-preview:-1\" \/>\n<link rel=\"canonical\" href=\"https:\/\/www.institutfrancais-jerusalem.org\/chateaubriand\/khaled-elayyan-represente-la-palestine-a-focus-danse-lors-de-la-21%e1%b5%89-biennale-de-la-danse-de-lyon\/\" \/>\n<meta property=\"og:locale\" content=\"fr_FR\" \/>\n<meta property=\"og:type\" content=\"article\" \/>\n<meta property=\"og:title\" content=\"Khaled Elayyan repr\u00e9sente la Palestine \u00e0 FOCUS Danse lors de la 21\u1d49 Biennale de la danse de Lyon - Institut Fran\u00e7ais de J\u00e9rusalem - Chateaubriand\" \/>\n<meta property=\"og:description\" content=\"M. Khaled Elayyan, directeur artistique du First Ramallah Group Sarayyet, a particip\u00e9 \u00e0 FOCUS Danse lors de la 21\u1d49 Biennale de la danse de Lyon, qui s\u2019est tenue du 16 au 20 septembre 2025. Organis\u00e9 par la Biennale de la danse, l\u2019Institut fran\u00e7ais, le CCNR et l\u2019Onda, cet \u00e9v\u00e9nement international a rassembl\u00e9 76 programmateurs, chor\u00e9graphes &hellip;\" \/>\n<meta property=\"og:url\" content=\"https:\/\/www.institutfrancais-jerusalem.org\/chateaubriand\/khaled-elayyan-represente-la-palestine-a-focus-danse-lors-de-la-21%e1%b5%89-biennale-de-la-danse-de-lyon\/\" \/>\n<meta property=\"og:site_name\" content=\"Institut Fran\u00e7ais de J\u00e9rusalem - Chateaubriand\" \/>\n<meta property=\"article:published_time\" content=\"2025-10-08T07:11:31+00:00\" \/>\n<meta property=\"article:modified_time\" content=\"2025-10-08T07:14:18+00:00\" \/>\n<meta property=\"og:image\" content=\"https:\/\/www.institutfrancais-jerusalem.org\/chateaubriand\/wp-content\/uploads\/sites\/12\/2025\/10\/d2e1975f-2041-4ad6-a03d-dd4111e31210-e1759907377362.jpg\" \/>\n\t<meta property=\"og:image:width\" content=\"976\" \/>\n\t<meta property=\"og:image:height\" content=\"470\" \/>\n\t<meta property=\"og:image:type\" content=\"image\/jpeg\" \/>\n<meta name=\"author\" content=\"admin6590\" \/>\n<meta name=\"twitter:card\" content=\"summary_large_image\" \/>\n<meta name=\"twitter:label1\" content=\"\u00c9crit par\" \/>\n\t<meta name=\"twitter:data1\" content=\"admin6590\" \/>\n\t<meta name=\"twitter:label2\" content=\"Dur\u00e9e de lecture estim\u00e9e\" \/>\n\t<meta name=\"twitter:data2\" content=\"3 minutes\" \/>\n<script type=\"application\/ld+json\" class=\"yoast-schema-graph\">{\"@context\":\"https:\\\/\\\/schema.org\",\"@graph\":[{\"@type\":\"Article\",\"@id\":\"https:\\\/\\\/www.institutfrancais-jerusalem.org\\\/chateaubriand\\\/khaled-elayyan-represente-la-palestine-a-focus-danse-lors-de-la-21%e1%b5%89-biennale-de-la-danse-de-lyon\\\/#article\",\"isPartOf\":{\"@id\":\"https:\\\/\\\/www.institutfrancais-jerusalem.org\\\/chateaubriand\\\/khaled-elayyan-represente-la-palestine-a-focus-danse-lors-de-la-21%e1%b5%89-biennale-de-la-danse-de-lyon\\\/\"},\"author\":{\"name\":\"admin6590\",\"@id\":\"https:\\\/\\\/www.institutfrancais-jerusalem.org\\\/chateaubriand\\\/#\\\/schema\\\/person\\\/0d606b93f4fb1eb5c713b8be3dd4c4bf\"},\"headline\":\"Khaled Elayyan repr\u00e9sente la Palestine \u00e0 FOCUS Danse lors de la 21\u1d49 Biennale de la danse de Lyon\",\"datePublished\":\"2025-10-08T07:11:31+00:00\",\"dateModified\":\"2025-10-08T07:14:18+00:00\",\"mainEntityOfPage\":{\"@id\":\"https:\\\/\\\/www.institutfrancais-jerusalem.org\\\/chateaubriand\\\/khaled-elayyan-represente-la-palestine-a-focus-danse-lors-de-la-21%e1%b5%89-biennale-de-la-danse-de-lyon\\\/\"},\"wordCount\":118,\"image\":{\"@id\":\"https:\\\/\\\/www.institutfrancais-jerusalem.org\\\/chateaubriand\\\/khaled-elayyan-represente-la-palestine-a-focus-danse-lors-de-la-21%e1%b5%89-biennale-de-la-danse-de-lyon\\\/#primaryimage\"},\"thumbnailUrl\":\"https:\\\/\\\/www.institutfrancais-jerusalem.org\\\/chateaubriand\\\/wp-content\\\/uploads\\\/sites\\\/12\\\/2025\\\/10\\\/d2e1975f-2041-4ad6-a03d-dd4111e31210-e1759907377362.jpg\",\"articleSection\":[\"Agenda culturel\",\"breaking-news\",\"CHATEAUBRIAND\",\"Diaporama\"],\"inLanguage\":\"fr-FR\"},{\"@type\":\"WebPage\",\"@id\":\"https:\\\/\\\/www.institutfrancais-jerusalem.org\\\/chateaubriand\\\/khaled-elayyan-represente-la-palestine-a-focus-danse-lors-de-la-21%e1%b5%89-biennale-de-la-danse-de-lyon\\\/\",\"url\":\"https:\\\/\\\/www.institutfrancais-jerusalem.org\\\/chateaubriand\\\/khaled-elayyan-represente-la-palestine-a-focus-danse-lors-de-la-21%e1%b5%89-biennale-de-la-danse-de-lyon\\\/\",\"name\":\"Khaled Elayyan repr\u00e9sente la Palestine \u00e0 FOCUS Danse lors de la 21\u1d49 Biennale de la danse de Lyon - Institut Fran\u00e7ais de J\u00e9rusalem - Chateaubriand\",\"isPartOf\":{\"@id\":\"https:\\\/\\\/www.institutfrancais-jerusalem.org\\\/chateaubriand\\\/#website\"},\"primaryImageOfPage\":{\"@id\":\"https:\\\/\\\/www.institutfrancais-jerusalem.org\\\/chateaubriand\\\/khaled-elayyan-represente-la-palestine-a-focus-danse-lors-de-la-21%e1%b5%89-biennale-de-la-danse-de-lyon\\\/#primaryimage\"},\"image\":{\"@id\":\"https:\\\/\\\/www.institutfrancais-jerusalem.org\\\/chateaubriand\\\/khaled-elayyan-represente-la-palestine-a-focus-danse-lors-de-la-21%e1%b5%89-biennale-de-la-danse-de-lyon\\\/#primaryimage\"},\"thumbnailUrl\":\"https:\\\/\\\/www.institutfrancais-jerusalem.org\\\/chateaubriand\\\/wp-content\\\/uploads\\\/sites\\\/12\\\/2025\\\/10\\\/d2e1975f-2041-4ad6-a03d-dd4111e31210-e1759907377362.jpg\",\"datePublished\":\"2025-10-08T07:11:31+00:00\",\"dateModified\":\"2025-10-08T07:14:18+00:00\",\"author\":{\"@id\":\"https:\\\/\\\/www.institutfrancais-jerusalem.org\\\/chateaubriand\\\/#\\\/schema\\\/person\\\/0d606b93f4fb1eb5c713b8be3dd4c4bf\"},\"breadcrumb\":{\"@id\":\"https:\\\/\\\/www.institutfrancais-jerusalem.org\\\/chateaubriand\\\/khaled-elayyan-represente-la-palestine-a-focus-danse-lors-de-la-21%e1%b5%89-biennale-de-la-danse-de-lyon\\\/#breadcrumb\"},\"inLanguage\":\"fr-FR\",\"potentialAction\":[{\"@type\":\"ReadAction\",\"target\":[\"https:\\\/\\\/www.institutfrancais-jerusalem.org\\\/chateaubriand\\\/khaled-elayyan-represente-la-palestine-a-focus-danse-lors-de-la-21%e1%b5%89-biennale-de-la-danse-de-lyon\\\/\"]}]},{\"@type\":\"ImageObject\",\"inLanguage\":\"fr-FR\",\"@id\":\"https:\\\/\\\/www.institutfrancais-jerusalem.org\\\/chateaubriand\\\/khaled-elayyan-represente-la-palestine-a-focus-danse-lors-de-la-21%e1%b5%89-biennale-de-la-danse-de-lyon\\\/#primaryimage\",\"url\":\"https:\\\/\\\/www.institutfrancais-jerusalem.org\\\/chateaubriand\\\/wp-content\\\/uploads\\\/sites\\\/12\\\/2025\\\/10\\\/d2e1975f-2041-4ad6-a03d-dd4111e31210-e1759907377362.jpg\",\"contentUrl\":\"https:\\\/\\\/www.institutfrancais-jerusalem.org\\\/chateaubriand\\\/wp-content\\\/uploads\\\/sites\\\/12\\\/2025\\\/10\\\/d2e1975f-2041-4ad6-a03d-dd4111e31210-e1759907377362.jpg\",\"width\":976,\"height\":470},{\"@type\":\"BreadcrumbList\",\"@id\":\"https:\\\/\\\/www.institutfrancais-jerusalem.org\\\/chateaubriand\\\/khaled-elayyan-represente-la-palestine-a-focus-danse-lors-de-la-21%e1%b5%89-biennale-de-la-danse-de-lyon\\\/#breadcrumb\",\"itemListElement\":[{\"@type\":\"ListItem\",\"position\":1,\"name\":\"Accueil\",\"item\":\"https:\\\/\\\/www.institutfrancais-jerusalem.org\\\/chateaubriand\\\/\"},{\"@type\":\"ListItem\",\"position\":2,\"name\":\"Khaled Elayyan repr\u00e9sente la Palestine \u00e0 FOCUS Danse lors de la 21\u1d49 Biennale de la danse de Lyon\"}]},{\"@type\":\"WebSite\",\"@id\":\"https:\\\/\\\/www.institutfrancais-jerusalem.org\\\/chateaubriand\\\/#website\",\"url\":\"https:\\\/\\\/www.institutfrancais-jerusalem.org\\\/chateaubriand\\\/\",\"name\":\"Institut Fran\u00e7ais de J\u00e9rusalem - Chateaubriand\",\"description\":\"\",\"potentialAction\":[{\"@type\":\"SearchAction\",\"target\":{\"@type\":\"EntryPoint\",\"urlTemplate\":\"https:\\\/\\\/www.institutfrancais-jerusalem.org\\\/chateaubriand\\\/?s={search_term_string}\"},\"query-input\":{\"@type\":\"PropertyValueSpecification\",\"valueRequired\":true,\"valueName\":\"search_term_string\"}}],\"inLanguage\":\"fr-FR\"},{\"@type\":\"Person\",\"@id\":\"https:\\\/\\\/www.institutfrancais-jerusalem.org\\\/chateaubriand\\\/#\\\/schema\\\/person\\\/0d606b93f4fb1eb5c713b8be3dd4c4bf\",\"name\":\"admin6590\",\"image\":{\"@type\":\"ImageObject\",\"inLanguage\":\"fr-FR\",\"@id\":\"https:\\\/\\\/secure.gravatar.com\\\/avatar\\\/26482e0f083efa40e5c2db57a3d590897a500390cc256266e30d5da5605a03a9?s=96&d=mm&r=g\",\"url\":\"https:\\\/\\\/secure.gravatar.com\\\/avatar\\\/26482e0f083efa40e5c2db57a3d590897a500390cc256266e30d5da5605a03a9?s=96&d=mm&r=g\",\"contentUrl\":\"https:\\\/\\\/secure.gravatar.com\\\/avatar\\\/26482e0f083efa40e5c2db57a3d590897a500390cc256266e30d5da5605a03a9?s=96&d=mm&r=g\",\"caption\":\"admin6590\"},\"url\":\"https:\\\/\\\/www.institutfrancais-jerusalem.org\\\/chateaubriand\\\/author\\\/admin6590\\\/\"}]}<\/script>\n<!-- \/ Yoast SEO plugin. -->","yoast_head_json":{"title":"Khaled Elayyan repr\u00e9sente la Palestine \u00e0 FOCUS Danse lors de la 21\u1d49 Biennale de la danse de Lyon - Institut Fran\u00e7ais de J\u00e9rusalem - Chateaubriand","robots":{"index":"index","follow":"follow","max-snippet":"max-snippet:-1","max-image-preview":"max-image-preview:large","max-video-preview":"max-video-preview:-1"},"canonical":"https:\/\/www.institutfrancais-jerusalem.org\/chateaubriand\/khaled-elayyan-represente-la-palestine-a-focus-danse-lors-de-la-21%e1%b5%89-biennale-de-la-danse-de-lyon\/","og_locale":"fr_FR","og_type":"article","og_title":"Khaled Elayyan repr\u00e9sente la Palestine \u00e0 FOCUS Danse lors de la 21\u1d49 Biennale de la danse de Lyon - Institut Fran\u00e7ais de J\u00e9rusalem - Chateaubriand","og_description":"M. Khaled Elayyan, directeur artistique du First Ramallah Group Sarayyet, a particip\u00e9 \u00e0 FOCUS Danse lors de la 21\u1d49 Biennale de la danse de Lyon, qui s\u2019est tenue du 16 au 20 septembre 2025. Organis\u00e9 par la Biennale de la danse, l\u2019Institut fran\u00e7ais, le CCNR et l\u2019Onda, cet \u00e9v\u00e9nement international a rassembl\u00e9 76 programmateurs, chor\u00e9graphes &hellip;","og_url":"https:\/\/www.institutfrancais-jerusalem.org\/chateaubriand\/khaled-elayyan-represente-la-palestine-a-focus-danse-lors-de-la-21%e1%b5%89-biennale-de-la-danse-de-lyon\/","og_site_name":"Institut Fran\u00e7ais de J\u00e9rusalem - Chateaubriand","article_published_time":"2025-10-08T07:11:31+00:00","article_modified_time":"2025-10-08T07:14:18+00:00","og_image":[{"width":976,"height":470,"url":"https:\/\/www.institutfrancais-jerusalem.org\/chateaubriand\/wp-content\/uploads\/sites\/12\/2025\/10\/d2e1975f-2041-4ad6-a03d-dd4111e31210-e1759907377362.jpg","type":"image\/jpeg"}],"author":"admin6590","twitter_card":"summary_large_image","twitter_misc":{"\u00c9crit par":"admin6590","Dur\u00e9e de lecture estim\u00e9e":"3 minutes"},"schema":{"@context":"https:\/\/schema.org","@graph":[{"@type":"Article","@id":"https:\/\/www.institutfrancais-jerusalem.org\/chateaubriand\/khaled-elayyan-represente-la-palestine-a-focus-danse-lors-de-la-21%e1%b5%89-biennale-de-la-danse-de-lyon\/#article","isPartOf":{"@id":"https:\/\/www.institutfrancais-jerusalem.org\/chateaubriand\/khaled-elayyan-represente-la-palestine-a-focus-danse-lors-de-la-21%e1%b5%89-biennale-de-la-danse-de-lyon\/"},"author":{"name":"admin6590","@id":"https:\/\/www.institutfrancais-jerusalem.org\/chateaubriand\/#\/schema\/person\/0d606b93f4fb1eb5c713b8be3dd4c4bf"},"headline":"Khaled Elayyan repr\u00e9sente la Palestine \u00e0 FOCUS Danse lors de la 21\u1d49 Biennale de la danse de Lyon","datePublished":"2025-10-08T07:11:31+00:00","dateModified":"2025-10-08T07:14:18+00:00","mainEntityOfPage":{"@id":"https:\/\/www.institutfrancais-jerusalem.org\/chateaubriand\/khaled-elayyan-represente-la-palestine-a-focus-danse-lors-de-la-21%e1%b5%89-biennale-de-la-danse-de-lyon\/"},"wordCount":118,"image":{"@id":"https:\/\/www.institutfrancais-jerusalem.org\/chateaubriand\/khaled-elayyan-represente-la-palestine-a-focus-danse-lors-de-la-21%e1%b5%89-biennale-de-la-danse-de-lyon\/#primaryimage"},"thumbnailUrl":"https:\/\/www.institutfrancais-jerusalem.org\/chateaubriand\/wp-content\/uploads\/sites\/12\/2025\/10\/d2e1975f-2041-4ad6-a03d-dd4111e31210-e1759907377362.jpg","articleSection":["Agenda culturel","breaking-news","CHATEAUBRIAND","Diaporama"],"inLanguage":"fr-FR"},{"@type":"WebPage","@id":"https:\/\/www.institutfrancais-jerusalem.org\/chateaubriand\/khaled-elayyan-represente-la-palestine-a-focus-danse-lors-de-la-21%e1%b5%89-biennale-de-la-danse-de-lyon\/","url":"https:\/\/www.institutfrancais-jerusalem.org\/chateaubriand\/khaled-elayyan-represente-la-palestine-a-focus-danse-lors-de-la-21%e1%b5%89-biennale-de-la-danse-de-lyon\/","name":"Khaled Elayyan repr\u00e9sente la Palestine \u00e0 FOCUS Danse lors de la 21\u1d49 Biennale de la danse de Lyon - Institut Fran\u00e7ais de J\u00e9rusalem - Chateaubriand","isPartOf":{"@id":"https:\/\/www.institutfrancais-jerusalem.org\/chateaubriand\/#website"},"primaryImageOfPage":{"@id":"https:\/\/www.institutfrancais-jerusalem.org\/chateaubriand\/khaled-elayyan-represente-la-palestine-a-focus-danse-lors-de-la-21%e1%b5%89-biennale-de-la-danse-de-lyon\/#primaryimage"},"image":{"@id":"https:\/\/www.institutfrancais-jerusalem.org\/chateaubriand\/khaled-elayyan-represente-la-palestine-a-focus-danse-lors-de-la-21%e1%b5%89-biennale-de-la-danse-de-lyon\/#primaryimage"},"thumbnailUrl":"https:\/\/www.institutfrancais-jerusalem.org\/chateaubriand\/wp-content\/uploads\/sites\/12\/2025\/10\/d2e1975f-2041-4ad6-a03d-dd4111e31210-e1759907377362.jpg","datePublished":"2025-10-08T07:11:31+00:00","dateModified":"2025-10-08T07:14:18+00:00","author":{"@id":"https:\/\/www.institutfrancais-jerusalem.org\/chateaubriand\/#\/schema\/person\/0d606b93f4fb1eb5c713b8be3dd4c4bf"},"breadcrumb":{"@id":"https:\/\/www.institutfrancais-jerusalem.org\/chateaubriand\/khaled-elayyan-represente-la-palestine-a-focus-danse-lors-de-la-21%e1%b5%89-biennale-de-la-danse-de-lyon\/#breadcrumb"},"inLanguage":"fr-FR","potentialAction":[{"@type":"ReadAction","target":["https:\/\/www.institutfrancais-jerusalem.org\/chateaubriand\/khaled-elayyan-represente-la-palestine-a-focus-danse-lors-de-la-21%e1%b5%89-biennale-de-la-danse-de-lyon\/"]}]},{"@type":"ImageObject","inLanguage":"fr-FR","@id":"https:\/\/www.institutfrancais-jerusalem.org\/chateaubriand\/khaled-elayyan-represente-la-palestine-a-focus-danse-lors-de-la-21%e1%b5%89-biennale-de-la-danse-de-lyon\/#primaryimage","url":"https:\/\/www.institutfrancais-jerusalem.org\/chateaubriand\/wp-content\/uploads\/sites\/12\/2025\/10\/d2e1975f-2041-4ad6-a03d-dd4111e31210-e1759907377362.jpg","contentUrl":"https:\/\/www.institutfrancais-jerusalem.org\/chateaubriand\/wp-content\/uploads\/sites\/12\/2025\/10\/d2e1975f-2041-4ad6-a03d-dd4111e31210-e1759907377362.jpg","width":976,"height":470},{"@type":"BreadcrumbList","@id":"https:\/\/www.institutfrancais-jerusalem.org\/chateaubriand\/khaled-elayyan-represente-la-palestine-a-focus-danse-lors-de-la-21%e1%b5%89-biennale-de-la-danse-de-lyon\/#breadcrumb","itemListElement":[{"@type":"ListItem","position":1,"name":"Accueil","item":"https:\/\/www.institutfrancais-jerusalem.org\/chateaubriand\/"},{"@type":"ListItem","position":2,"name":"Khaled Elayyan repr\u00e9sente la Palestine \u00e0 FOCUS Danse lors de la 21\u1d49 Biennale de la danse de Lyon"}]},{"@type":"WebSite","@id":"https:\/\/www.institutfrancais-jerusalem.org\/chateaubriand\/#website","url":"https:\/\/www.institutfrancais-jerusalem.org\/chateaubriand\/","name":"Institut Fran\u00e7ais de J\u00e9rusalem - Chateaubriand","description":"","potentialAction":[{"@type":"SearchAction","target":{"@type":"EntryPoint","urlTemplate":"https:\/\/www.institutfrancais-jerusalem.org\/chateaubriand\/?s={search_term_string}"},"query-input":{"@type":"PropertyValueSpecification","valueRequired":true,"valueName":"search_term_string"}}],"inLanguage":"fr-FR"},{"@type":"Person","@id":"https:\/\/www.institutfrancais-jerusalem.org\/chateaubriand\/#\/schema\/person\/0d606b93f4fb1eb5c713b8be3dd4c4bf","name":"admin6590","image":{"@type":"ImageObject","inLanguage":"fr-FR","@id":"https:\/\/secure.gravatar.com\/avatar\/26482e0f083efa40e5c2db57a3d590897a500390cc256266e30d5da5605a03a9?s=96&d=mm&r=g","url":"https:\/\/secure.gravatar.com\/avatar\/26482e0f083efa40e5c2db57a3d590897a500390cc256266e30d5da5605a03a9?s=96&d=mm&r=g","contentUrl":"https:\/\/secure.gravatar.com\/avatar\/26482e0f083efa40e5c2db57a3d590897a500390cc256266e30d5da5605a03a9?s=96&d=mm&r=g","caption":"admin6590"},"url":"https:\/\/www.institutfrancais-jerusalem.org\/chateaubriand\/author\/admin6590\/"}]}},"_links":{"self":[{"href":"https:\/\/www.institutfrancais-jerusalem.org\/chateaubriand\/wp-json\/wp\/v2\/posts\/6336","targetHints":{"allow":["GET"]}}],"collection":[{"href":"https:\/\/www.institutfrancais-jerusalem.org\/chateaubriand\/wp-json\/wp\/v2\/posts"}],"about":[{"href":"https:\/\/www.institutfrancais-jerusalem.org\/chateaubriand\/wp-json\/wp\/v2\/types\/post"}],"author":[{"embeddable":true,"href":"https:\/\/www.institutfrancais-jerusalem.org\/chateaubriand\/wp-json\/wp\/v2\/users\/1"}],"replies":[{"embeddable":true,"href":"https:\/\/www.institutfrancais-jerusalem.org\/chateaubriand\/wp-json\/wp\/v2\/comments?post=6336"}],"version-history":[{"count":2,"href":"https:\/\/www.institutfrancais-jerusalem.org\/chateaubriand\/wp-json\/wp\/v2\/posts\/6336\/revisions"}],"predecessor-version":[{"id":6352,"href":"https:\/\/www.institutfrancais-jerusalem.org\/chateaubriand\/wp-json\/wp\/v2\/posts\/6336\/revisions\/6352"}],"wp:featuredmedia":[{"embeddable":true,"href":"https:\/\/www.institutfrancais-jerusalem.org\/chateaubriand\/wp-json\/wp\/v2\/media\/6349"}],"wp:attachment":[{"href":"https:\/\/www.institutfrancais-jerusalem.org\/chateaubriand\/wp-json\/wp\/v2\/media?parent=6336"}],"wp:term":[{"taxonomy":"category","embeddable":true,"href":"https:\/\/www.institutfrancais-jerusalem.org\/chateaubriand\/wp-json\/wp\/v2\/categories?post=6336"},{"taxonomy":"post_tag","embeddable":true,"href":"https:\/\/www.institutfrancais-jerusalem.org\/chateaubriand\/wp-json\/wp\/v2\/tags?post=6336"}],"curies":[{"name":"wp","href":"https:\/\/api.w.org\/{rel}","templated":true}]}}