{"id":6163,"date":"2024-06-06T14:24:00","date_gmt":"2024-06-06T12:24:00","guid":{"rendered":"https:\/\/www.institutfrancais-jerusalem.org\/chateaubriand\/?p=6163"},"modified":"2024-06-06T14:27:06","modified_gmt":"2024-06-06T12:27:06","slug":"conference-sur-la-charia-en-israel","status":"publish","type":"post","link":"https:\/\/www.institutfrancais-jerusalem.org\/chateaubriand\/conference-sur-la-charia-en-israel\/","title":{"rendered":"Conf\u00e9rence sur La Chari&rsquo;a en Isra\u00ebl"},"content":{"rendered":"<h1><strong>Conf\u00e9rence sur \u00ab\u00a0La Chari&rsquo;a en Isra\u00ebl : La dialectique de l&rsquo;isra\u00e9lisation et de l&rsquo;islamisation entre 1992 et 2024\u00a0\u00bb de Moussa Abou Ramadan<\/strong><\/h1>\n<h6>Jeudi 13 juin \u00e0 19h \u00e0 l\u2019Institut fran\u00e7ais de J\u00e9rusalem &#8211; Chateaubriand En fran\u00e7ais | Entr\u00e9e libre | En partenariat avec l&rsquo;Ifpo<\/h6>\n<p>En Isra\u00ebl, suite \u00e0 la pratique ottomane dans les affaires qui concernent la famille, les diff\u00e9rentes communaut\u00e9s religieuses ont une comp\u00e9tence juridictionnelle o\u00f9 elles peuvent appliquer leurs droits religieux. Dans les ann\u00e9es quatre-vingt-dix du si\u00e8cle dernier, le r\u00f4le de la Cour d&rsquo;appel de Chari&rsquo;a s&rsquo;est accru en d\u00e9fiant l&rsquo;Etat d&rsquo;Isra\u00ebl et son syst\u00e8me judiciaire et juridique. La Cour se pr\u00e9sentait non pas seulement comme une institution de r\u00e8glement des conflits judiciaires mais comme repr\u00e9sentant les musulmans d&rsquo;Isra\u00ebl. Ce discours s&rsquo;est transform\u00e9 depuis 2014 avec les changements du personnel de la Cour. Ces changements de personnalit\u00e9s ont eu un impact sur plusieurs domaines. Cette intervention se concentrera sur l\u2019aspect des relations par rapport au droit isra\u00e9lien et d\u00e9montrera qu\u2019il y a eu une transformation du discours de la Cour d&rsquo;appel de Chari&rsquo;a, d&rsquo;un discours d\u00e9fiant la loi \u00e9tatique et propulsant une conception de \u00a0\u00bbChari&rsquo;a parfaite et compl\u00e8te\u00a0\u00bb \u00e0 un discours int\u00e9grant une Chari&rsquo;a des minorit\u00e9s plus conciliante \u00e0 la loi \u00e9tatique.<\/p>\n<p><strong>Moussa Abou Ramadan <\/strong>est professeur de droit musulman et d\u2019islamologie \u00e0 l\u2019Universit\u00e9 de Strasbourg. Il assure \u00e9galement les fonctions de responsable p\u00e9dagogique du Master islamologie, droit et gestion. Ses enseignements et recherches sont centr\u00e9s sur le droit musulman \u00e0 la fois th\u00e9orique et pratique : droit musulman de la famille, droit musulman international, droit musulman des contrats, th\u00e9orie l\u00e9gale musulmane, codification du droit musulman, logique arabe et th\u00e9orie du droit. Originaire de Jaffa, il a r\u00e9alis\u00e9 sa th\u00e8se sur \u00ab Les minorit\u00e9s en Isra\u00ebl et le droit international \u00bb.<\/p>\n<p><strong>Mod\u00e9ration :<\/strong> Mehdi Berriah, chercheur sp\u00e9cialiste de l\u2019Islam m\u00e9di\u00e9val et contemporain au D\u00e9partement des \u00e9tudes arabes m\u00e9di\u00e9vales et modernes de l\u2019Institut fran\u00e7ais du Proche-Orient (Ifpo).<\/p>\n<p><img loading=\"lazy\" decoding=\"async\" class=\"aligncenter size-full wp-image-6164\" src=\"https:\/\/www.institutfrancais-jerusalem.org\/chateaubriand\/wp-content\/uploads\/sites\/12\/2024\/06\/affiche-conference-La-Charia-en-Israel.jpg\" alt=\"\" width=\"1240\" height=\"1754\" srcset=\"https:\/\/www.institutfrancais-jerusalem.org\/chateaubriand\/wp-content\/uploads\/sites\/12\/2024\/06\/affiche-conference-La-Charia-en-Israel.jpg 1240w, https:\/\/www.institutfrancais-jerusalem.org\/chateaubriand\/wp-content\/uploads\/sites\/12\/2024\/06\/affiche-conference-La-Charia-en-Israel-212x300.jpg 212w, https:\/\/www.institutfrancais-jerusalem.org\/chateaubriand\/wp-content\/uploads\/sites\/12\/2024\/06\/affiche-conference-La-Charia-en-Israel-724x1024.jpg 724w, https:\/\/www.institutfrancais-jerusalem.org\/chateaubriand\/wp-content\/uploads\/sites\/12\/2024\/06\/affiche-conference-La-Charia-en-Israel-768x1086.jpg 768w, https:\/\/www.institutfrancais-jerusalem.org\/chateaubriand\/wp-content\/uploads\/sites\/12\/2024\/06\/affiche-conference-La-Charia-en-Israel-1086x1536.jpg 1086w\" sizes=\"auto, (max-width: 1240px) 100vw, 1240px\" \/><\/p>\n","protected":false},"excerpt":{"rendered":"<p>Conf\u00e9rence sur \u00ab\u00a0La Chari&rsquo;a en Isra\u00ebl : La dialectique de l&rsquo;isra\u00e9lisation et de l&rsquo;islamisation entre 1992 et 2024\u00a0\u00bb de Moussa Abou Ramadan Jeudi 13 juin \u00e0 19h \u00e0 l\u2019Institut fran\u00e7ais de J\u00e9rusalem &#8211; Chateaubriand En fran\u00e7ais | Entr\u00e9e libre | En partenariat avec l&rsquo;Ifpo En Isra\u00ebl, suite \u00e0 la pratique ottomane dans les affaires qui &hellip;<\/p>\n","protected":false},"author":1,"featured_media":6168,"comment_status":"closed","ping_status":"closed","sticky":false,"template":"","format":"standard","meta":{"footnotes":""},"categories":[2,26,10],"tags":[],"class_list":["post-6163","post","type-post","status-publish","format-standard","has-post-thumbnail","","category-agenda-culturel","category-agenda-culturel-chateaubriand","category-debats-didees-livres"],"yoast_head":"<!-- This site is optimized with the Yoast SEO plugin v27.5 - https:\/\/yoast.com\/product\/yoast-seo-wordpress\/ -->\n<title>Conf\u00e9rence sur La Chari&#039;a en Isra\u00ebl - Institut Fran\u00e7ais de J\u00e9rusalem - Chateaubriand<\/title>\n<meta name=\"robots\" content=\"index, follow, max-snippet:-1, max-image-preview:large, max-video-preview:-1\" \/>\n<link rel=\"canonical\" href=\"https:\/\/www.institutfrancais-jerusalem.org\/chateaubriand\/conference-sur-la-charia-en-israel\/\" \/>\n<meta property=\"og:locale\" content=\"fr_FR\" \/>\n<meta property=\"og:type\" content=\"article\" \/>\n<meta property=\"og:title\" content=\"Conf\u00e9rence sur La Chari&#039;a en Isra\u00ebl - Institut Fran\u00e7ais de J\u00e9rusalem - Chateaubriand\" \/>\n<meta property=\"og:description\" content=\"Conf\u00e9rence sur \u00ab\u00a0La Chari&rsquo;a en Isra\u00ebl : La dialectique de l&rsquo;isra\u00e9lisation et de l&rsquo;islamisation entre 1992 et 2024\u00a0\u00bb de Moussa Abou Ramadan Jeudi 13 juin \u00e0 19h \u00e0 l\u2019Institut fran\u00e7ais de J\u00e9rusalem &#8211; Chateaubriand En fran\u00e7ais | Entr\u00e9e libre | En partenariat avec l&rsquo;Ifpo En Isra\u00ebl, suite \u00e0 la pratique ottomane dans les affaires qui &hellip;\" \/>\n<meta property=\"og:url\" content=\"https:\/\/www.institutfrancais-jerusalem.org\/chateaubriand\/conference-sur-la-charia-en-israel\/\" \/>\n<meta property=\"og:site_name\" content=\"Institut Fran\u00e7ais de J\u00e9rusalem - Chateaubriand\" \/>\n<meta property=\"article:published_time\" content=\"2024-06-06T12:24:00+00:00\" \/>\n<meta property=\"article:modified_time\" content=\"2024-06-06T12:27:06+00:00\" \/>\n<meta property=\"og:image\" content=\"https:\/\/www.institutfrancais-jerusalem.org\/chateaubriand\/wp-content\/uploads\/sites\/12\/2024\/06\/3672126_202211100814_1.jpg\" \/>\n\t<meta property=\"og:image:width\" content=\"588\" \/>\n\t<meta property=\"og:image:height\" content=\"319\" \/>\n\t<meta property=\"og:image:type\" content=\"image\/jpeg\" \/>\n<meta name=\"author\" content=\"admin6590\" \/>\n<meta name=\"twitter:card\" content=\"summary_large_image\" \/>\n<meta name=\"twitter:label1\" content=\"\u00c9crit par\" \/>\n\t<meta name=\"twitter:data1\" content=\"admin6590\" \/>\n\t<meta name=\"twitter:label2\" content=\"Dur\u00e9e de lecture estim\u00e9e\" \/>\n\t<meta name=\"twitter:data2\" content=\"2 minutes\" \/>\n<script type=\"application\/ld+json\" class=\"yoast-schema-graph\">{\"@context\":\"https:\\\/\\\/schema.org\",\"@graph\":[{\"@type\":\"Article\",\"@id\":\"https:\\\/\\\/www.institutfrancais-jerusalem.org\\\/chateaubriand\\\/conference-sur-la-charia-en-israel\\\/#article\",\"isPartOf\":{\"@id\":\"https:\\\/\\\/www.institutfrancais-jerusalem.org\\\/chateaubriand\\\/conference-sur-la-charia-en-israel\\\/\"},\"author\":{\"name\":\"admin6590\",\"@id\":\"https:\\\/\\\/www.institutfrancais-jerusalem.org\\\/chateaubriand\\\/#\\\/schema\\\/person\\\/0d606b93f4fb1eb5c713b8be3dd4c4bf\"},\"headline\":\"Conf\u00e9rence sur La Chari&rsquo;a en Isra\u00ebl\",\"datePublished\":\"2024-06-06T12:24:00+00:00\",\"dateModified\":\"2024-06-06T12:27:06+00:00\",\"mainEntityOfPage\":{\"@id\":\"https:\\\/\\\/www.institutfrancais-jerusalem.org\\\/chateaubriand\\\/conference-sur-la-charia-en-israel\\\/\"},\"wordCount\":378,\"image\":{\"@id\":\"https:\\\/\\\/www.institutfrancais-jerusalem.org\\\/chateaubriand\\\/conference-sur-la-charia-en-israel\\\/#primaryimage\"},\"thumbnailUrl\":\"https:\\\/\\\/www.institutfrancais-jerusalem.org\\\/chateaubriand\\\/wp-content\\\/uploads\\\/sites\\\/12\\\/2024\\\/06\\\/3672126_202211100814_1.jpg\",\"articleSection\":[\"Agenda culturel\",\"CHATEAUBRIAND\",\"D\u00e9bats-d'id\u00e9es &amp; Livres\"],\"inLanguage\":\"fr-FR\"},{\"@type\":\"WebPage\",\"@id\":\"https:\\\/\\\/www.institutfrancais-jerusalem.org\\\/chateaubriand\\\/conference-sur-la-charia-en-israel\\\/\",\"url\":\"https:\\\/\\\/www.institutfrancais-jerusalem.org\\\/chateaubriand\\\/conference-sur-la-charia-en-israel\\\/\",\"name\":\"Conf\u00e9rence sur La Chari'a en Isra\u00ebl - Institut Fran\u00e7ais de J\u00e9rusalem - Chateaubriand\",\"isPartOf\":{\"@id\":\"https:\\\/\\\/www.institutfrancais-jerusalem.org\\\/chateaubriand\\\/#website\"},\"primaryImageOfPage\":{\"@id\":\"https:\\\/\\\/www.institutfrancais-jerusalem.org\\\/chateaubriand\\\/conference-sur-la-charia-en-israel\\\/#primaryimage\"},\"image\":{\"@id\":\"https:\\\/\\\/www.institutfrancais-jerusalem.org\\\/chateaubriand\\\/conference-sur-la-charia-en-israel\\\/#primaryimage\"},\"thumbnailUrl\":\"https:\\\/\\\/www.institutfrancais-jerusalem.org\\\/chateaubriand\\\/wp-content\\\/uploads\\\/sites\\\/12\\\/2024\\\/06\\\/3672126_202211100814_1.jpg\",\"datePublished\":\"2024-06-06T12:24:00+00:00\",\"dateModified\":\"2024-06-06T12:27:06+00:00\",\"author\":{\"@id\":\"https:\\\/\\\/www.institutfrancais-jerusalem.org\\\/chateaubriand\\\/#\\\/schema\\\/person\\\/0d606b93f4fb1eb5c713b8be3dd4c4bf\"},\"breadcrumb\":{\"@id\":\"https:\\\/\\\/www.institutfrancais-jerusalem.org\\\/chateaubriand\\\/conference-sur-la-charia-en-israel\\\/#breadcrumb\"},\"inLanguage\":\"fr-FR\",\"potentialAction\":[{\"@type\":\"ReadAction\",\"target\":[\"https:\\\/\\\/www.institutfrancais-jerusalem.org\\\/chateaubriand\\\/conference-sur-la-charia-en-israel\\\/\"]}]},{\"@type\":\"ImageObject\",\"inLanguage\":\"fr-FR\",\"@id\":\"https:\\\/\\\/www.institutfrancais-jerusalem.org\\\/chateaubriand\\\/conference-sur-la-charia-en-israel\\\/#primaryimage\",\"url\":\"https:\\\/\\\/www.institutfrancais-jerusalem.org\\\/chateaubriand\\\/wp-content\\\/uploads\\\/sites\\\/12\\\/2024\\\/06\\\/3672126_202211100814_1.jpg\",\"contentUrl\":\"https:\\\/\\\/www.institutfrancais-jerusalem.org\\\/chateaubriand\\\/wp-content\\\/uploads\\\/sites\\\/12\\\/2024\\\/06\\\/3672126_202211100814_1.jpg\",\"width\":588,\"height\":319},{\"@type\":\"BreadcrumbList\",\"@id\":\"https:\\\/\\\/www.institutfrancais-jerusalem.org\\\/chateaubriand\\\/conference-sur-la-charia-en-israel\\\/#breadcrumb\",\"itemListElement\":[{\"@type\":\"ListItem\",\"position\":1,\"name\":\"Accueil\",\"item\":\"https:\\\/\\\/www.institutfrancais-jerusalem.org\\\/chateaubriand\\\/\"},{\"@type\":\"ListItem\",\"position\":2,\"name\":\"Conf\u00e9rence sur La Chari&rsquo;a en Isra\u00ebl\"}]},{\"@type\":\"WebSite\",\"@id\":\"https:\\\/\\\/www.institutfrancais-jerusalem.org\\\/chateaubriand\\\/#website\",\"url\":\"https:\\\/\\\/www.institutfrancais-jerusalem.org\\\/chateaubriand\\\/\",\"name\":\"Institut Fran\u00e7ais de J\u00e9rusalem - Chateaubriand\",\"description\":\"\",\"potentialAction\":[{\"@type\":\"SearchAction\",\"target\":{\"@type\":\"EntryPoint\",\"urlTemplate\":\"https:\\\/\\\/www.institutfrancais-jerusalem.org\\\/chateaubriand\\\/?s={search_term_string}\"},\"query-input\":{\"@type\":\"PropertyValueSpecification\",\"valueRequired\":true,\"valueName\":\"search_term_string\"}}],\"inLanguage\":\"fr-FR\"},{\"@type\":\"Person\",\"@id\":\"https:\\\/\\\/www.institutfrancais-jerusalem.org\\\/chateaubriand\\\/#\\\/schema\\\/person\\\/0d606b93f4fb1eb5c713b8be3dd4c4bf\",\"name\":\"admin6590\",\"image\":{\"@type\":\"ImageObject\",\"inLanguage\":\"fr-FR\",\"@id\":\"https:\\\/\\\/secure.gravatar.com\\\/avatar\\\/26482e0f083efa40e5c2db57a3d590897a500390cc256266e30d5da5605a03a9?s=96&d=mm&r=g\",\"url\":\"https:\\\/\\\/secure.gravatar.com\\\/avatar\\\/26482e0f083efa40e5c2db57a3d590897a500390cc256266e30d5da5605a03a9?s=96&d=mm&r=g\",\"contentUrl\":\"https:\\\/\\\/secure.gravatar.com\\\/avatar\\\/26482e0f083efa40e5c2db57a3d590897a500390cc256266e30d5da5605a03a9?s=96&d=mm&r=g\",\"caption\":\"admin6590\"},\"url\":\"https:\\\/\\\/www.institutfrancais-jerusalem.org\\\/chateaubriand\\\/author\\\/admin6590\\\/\"}]}<\/script>\n<!-- \/ Yoast SEO plugin. -->","yoast_head_json":{"title":"Conf\u00e9rence sur La Chari'a en Isra\u00ebl - Institut Fran\u00e7ais de J\u00e9rusalem - Chateaubriand","robots":{"index":"index","follow":"follow","max-snippet":"max-snippet:-1","max-image-preview":"max-image-preview:large","max-video-preview":"max-video-preview:-1"},"canonical":"https:\/\/www.institutfrancais-jerusalem.org\/chateaubriand\/conference-sur-la-charia-en-israel\/","og_locale":"fr_FR","og_type":"article","og_title":"Conf\u00e9rence sur La Chari'a en Isra\u00ebl - Institut Fran\u00e7ais de J\u00e9rusalem - Chateaubriand","og_description":"Conf\u00e9rence sur \u00ab\u00a0La Chari&rsquo;a en Isra\u00ebl : La dialectique de l&rsquo;isra\u00e9lisation et de l&rsquo;islamisation entre 1992 et 2024\u00a0\u00bb de Moussa Abou Ramadan Jeudi 13 juin \u00e0 19h \u00e0 l\u2019Institut fran\u00e7ais de J\u00e9rusalem &#8211; Chateaubriand En fran\u00e7ais | Entr\u00e9e libre | En partenariat avec l&rsquo;Ifpo En Isra\u00ebl, suite \u00e0 la pratique ottomane dans les affaires qui &hellip;","og_url":"https:\/\/www.institutfrancais-jerusalem.org\/chateaubriand\/conference-sur-la-charia-en-israel\/","og_site_name":"Institut Fran\u00e7ais de J\u00e9rusalem - Chateaubriand","article_published_time":"2024-06-06T12:24:00+00:00","article_modified_time":"2024-06-06T12:27:06+00:00","og_image":[{"width":588,"height":319,"url":"https:\/\/www.institutfrancais-jerusalem.org\/chateaubriand\/wp-content\/uploads\/sites\/12\/2024\/06\/3672126_202211100814_1.jpg","type":"image\/jpeg"}],"author":"admin6590","twitter_card":"summary_large_image","twitter_misc":{"\u00c9crit par":"admin6590","Dur\u00e9e de lecture estim\u00e9e":"2 minutes"},"schema":{"@context":"https:\/\/schema.org","@graph":[{"@type":"Article","@id":"https:\/\/www.institutfrancais-jerusalem.org\/chateaubriand\/conference-sur-la-charia-en-israel\/#article","isPartOf":{"@id":"https:\/\/www.institutfrancais-jerusalem.org\/chateaubriand\/conference-sur-la-charia-en-israel\/"},"author":{"name":"admin6590","@id":"https:\/\/www.institutfrancais-jerusalem.org\/chateaubriand\/#\/schema\/person\/0d606b93f4fb1eb5c713b8be3dd4c4bf"},"headline":"Conf\u00e9rence sur La Chari&rsquo;a en Isra\u00ebl","datePublished":"2024-06-06T12:24:00+00:00","dateModified":"2024-06-06T12:27:06+00:00","mainEntityOfPage":{"@id":"https:\/\/www.institutfrancais-jerusalem.org\/chateaubriand\/conference-sur-la-charia-en-israel\/"},"wordCount":378,"image":{"@id":"https:\/\/www.institutfrancais-jerusalem.org\/chateaubriand\/conference-sur-la-charia-en-israel\/#primaryimage"},"thumbnailUrl":"https:\/\/www.institutfrancais-jerusalem.org\/chateaubriand\/wp-content\/uploads\/sites\/12\/2024\/06\/3672126_202211100814_1.jpg","articleSection":["Agenda culturel","CHATEAUBRIAND","D\u00e9bats-d'id\u00e9es &amp; Livres"],"inLanguage":"fr-FR"},{"@type":"WebPage","@id":"https:\/\/www.institutfrancais-jerusalem.org\/chateaubriand\/conference-sur-la-charia-en-israel\/","url":"https:\/\/www.institutfrancais-jerusalem.org\/chateaubriand\/conference-sur-la-charia-en-israel\/","name":"Conf\u00e9rence sur La Chari'a en Isra\u00ebl - Institut Fran\u00e7ais de J\u00e9rusalem - Chateaubriand","isPartOf":{"@id":"https:\/\/www.institutfrancais-jerusalem.org\/chateaubriand\/#website"},"primaryImageOfPage":{"@id":"https:\/\/www.institutfrancais-jerusalem.org\/chateaubriand\/conference-sur-la-charia-en-israel\/#primaryimage"},"image":{"@id":"https:\/\/www.institutfrancais-jerusalem.org\/chateaubriand\/conference-sur-la-charia-en-israel\/#primaryimage"},"thumbnailUrl":"https:\/\/www.institutfrancais-jerusalem.org\/chateaubriand\/wp-content\/uploads\/sites\/12\/2024\/06\/3672126_202211100814_1.jpg","datePublished":"2024-06-06T12:24:00+00:00","dateModified":"2024-06-06T12:27:06+00:00","author":{"@id":"https:\/\/www.institutfrancais-jerusalem.org\/chateaubriand\/#\/schema\/person\/0d606b93f4fb1eb5c713b8be3dd4c4bf"},"breadcrumb":{"@id":"https:\/\/www.institutfrancais-jerusalem.org\/chateaubriand\/conference-sur-la-charia-en-israel\/#breadcrumb"},"inLanguage":"fr-FR","potentialAction":[{"@type":"ReadAction","target":["https:\/\/www.institutfrancais-jerusalem.org\/chateaubriand\/conference-sur-la-charia-en-israel\/"]}]},{"@type":"ImageObject","inLanguage":"fr-FR","@id":"https:\/\/www.institutfrancais-jerusalem.org\/chateaubriand\/conference-sur-la-charia-en-israel\/#primaryimage","url":"https:\/\/www.institutfrancais-jerusalem.org\/chateaubriand\/wp-content\/uploads\/sites\/12\/2024\/06\/3672126_202211100814_1.jpg","contentUrl":"https:\/\/www.institutfrancais-jerusalem.org\/chateaubriand\/wp-content\/uploads\/sites\/12\/2024\/06\/3672126_202211100814_1.jpg","width":588,"height":319},{"@type":"BreadcrumbList","@id":"https:\/\/www.institutfrancais-jerusalem.org\/chateaubriand\/conference-sur-la-charia-en-israel\/#breadcrumb","itemListElement":[{"@type":"ListItem","position":1,"name":"Accueil","item":"https:\/\/www.institutfrancais-jerusalem.org\/chateaubriand\/"},{"@type":"ListItem","position":2,"name":"Conf\u00e9rence sur La Chari&rsquo;a en Isra\u00ebl"}]},{"@type":"WebSite","@id":"https:\/\/www.institutfrancais-jerusalem.org\/chateaubriand\/#website","url":"https:\/\/www.institutfrancais-jerusalem.org\/chateaubriand\/","name":"Institut Fran\u00e7ais de J\u00e9rusalem - Chateaubriand","description":"","potentialAction":[{"@type":"SearchAction","target":{"@type":"EntryPoint","urlTemplate":"https:\/\/www.institutfrancais-jerusalem.org\/chateaubriand\/?s={search_term_string}"},"query-input":{"@type":"PropertyValueSpecification","valueRequired":true,"valueName":"search_term_string"}}],"inLanguage":"fr-FR"},{"@type":"Person","@id":"https:\/\/www.institutfrancais-jerusalem.org\/chateaubriand\/#\/schema\/person\/0d606b93f4fb1eb5c713b8be3dd4c4bf","name":"admin6590","image":{"@type":"ImageObject","inLanguage":"fr-FR","@id":"https:\/\/secure.gravatar.com\/avatar\/26482e0f083efa40e5c2db57a3d590897a500390cc256266e30d5da5605a03a9?s=96&d=mm&r=g","url":"https:\/\/secure.gravatar.com\/avatar\/26482e0f083efa40e5c2db57a3d590897a500390cc256266e30d5da5605a03a9?s=96&d=mm&r=g","contentUrl":"https:\/\/secure.gravatar.com\/avatar\/26482e0f083efa40e5c2db57a3d590897a500390cc256266e30d5da5605a03a9?s=96&d=mm&r=g","caption":"admin6590"},"url":"https:\/\/www.institutfrancais-jerusalem.org\/chateaubriand\/author\/admin6590\/"}]}},"_links":{"self":[{"href":"https:\/\/www.institutfrancais-jerusalem.org\/chateaubriand\/wp-json\/wp\/v2\/posts\/6163","targetHints":{"allow":["GET"]}}],"collection":[{"href":"https:\/\/www.institutfrancais-jerusalem.org\/chateaubriand\/wp-json\/wp\/v2\/posts"}],"about":[{"href":"https:\/\/www.institutfrancais-jerusalem.org\/chateaubriand\/wp-json\/wp\/v2\/types\/post"}],"author":[{"embeddable":true,"href":"https:\/\/www.institutfrancais-jerusalem.org\/chateaubriand\/wp-json\/wp\/v2\/users\/1"}],"replies":[{"embeddable":true,"href":"https:\/\/www.institutfrancais-jerusalem.org\/chateaubriand\/wp-json\/wp\/v2\/comments?post=6163"}],"version-history":[{"count":3,"href":"https:\/\/www.institutfrancais-jerusalem.org\/chateaubriand\/wp-json\/wp\/v2\/posts\/6163\/revisions"}],"predecessor-version":[{"id":6170,"href":"https:\/\/www.institutfrancais-jerusalem.org\/chateaubriand\/wp-json\/wp\/v2\/posts\/6163\/revisions\/6170"}],"wp:featuredmedia":[{"embeddable":true,"href":"https:\/\/www.institutfrancais-jerusalem.org\/chateaubriand\/wp-json\/wp\/v2\/media\/6168"}],"wp:attachment":[{"href":"https:\/\/www.institutfrancais-jerusalem.org\/chateaubriand\/wp-json\/wp\/v2\/media?parent=6163"}],"wp:term":[{"taxonomy":"category","embeddable":true,"href":"https:\/\/www.institutfrancais-jerusalem.org\/chateaubriand\/wp-json\/wp\/v2\/categories?post=6163"},{"taxonomy":"post_tag","embeddable":true,"href":"https:\/\/www.institutfrancais-jerusalem.org\/chateaubriand\/wp-json\/wp\/v2\/tags?post=6163"}],"curies":[{"name":"wp","href":"https:\/\/api.w.org\/{rel}","templated":true}]}}