{"id":5847,"date":"2022-06-21T17:12:38","date_gmt":"2022-06-21T15:12:38","guid":{"rendered":"https:\/\/www.institutfrancais-jerusalem.org\/chateaubriand\/?p=5847"},"modified":"2022-07-05T10:41:01","modified_gmt":"2022-07-05T08:41:01","slug":"cafe-concert-avec-samah-mustafa","status":"publish","type":"post","link":"https:\/\/www.institutfrancais-jerusalem.org\/chateaubriand\/cafe-concert-avec-samah-mustafa\/","title":{"rendered":"Caf\u00e9 concert avec Samah Mustafa"},"content":{"rendered":"<h4 dir=\"auto\">ENGLISH BELOW<\/h4>\n<h4 dir=\"auto\">A l&rsquo;occasion de la F\u00eate de la musique 2022 et dans le cadre du projet \u00ab\u00a0Palestine Connect\u00a0\u00bb, caf\u00e9 concert avec la chanteuse, musicienne et musicoth\u00e9rapeute palestinienne <span style=\"color: #0000ff;\"><strong><a style=\"color: #0000ff;\" href=\"https:\/\/www.facebook.com\/SamahMustafaOfficial\">Samah Mustafa<\/a><\/strong><\/span>.<\/h4>\n<div dir=\"auto\">Le parcours musical de Samah a \u00e9t\u00e9 influenc\u00e9 par le chant classique oriental et la musique arabe folklorique, qu&rsquo;elle a combin\u00e9s avec la musique moderne pour d\u00e9velopper son propre style musical unique.<\/div>\n<div dir=\"auto\">Samah a particip\u00e9 en tant que vocaliste principale \u00e0 de nombreux projets en Palestine, au Maroc, en Su\u00e8de, en Norv\u00e8ge, au Sri Lanka, au Royaume-Uni, en Espagne, etc.<\/div>\n<div dir=\"auto\"><\/div>\n<div dir=\"auto\">Jeudi 23 juin \u00e0 19h30 \u00e0 l\u2019Institut fran\u00e7ais de J\u00e9rusalem &#8211; Chateaubriand<\/div>\n<div dir=\"auto\">Prix ticket : 60 NIS, avec boisson incluse (bi\u00e8re, vin ou soft)<\/div>\n<div dir=\"auto\"><\/div>\n<div dir=\"auto\">En partenariat avec UNISONS &#8211; <span style=\"color: #0000ff;\"><strong><a style=\"color: #0000ff;\" href=\"https:\/\/www.facebook.com\/festivalarabesques\">Festival Arabesques<\/a><\/strong><\/span> et avec le soutien de R&amp;R Wine &amp; Spirits<\/div>\n<div dir=\"auto\"><\/div>\n<div dir=\"auto\">&#8212;<\/div>\n<div dir=\"auto\">Facebook event: <span style=\"color: #0000ff;\"><strong><a class=\"oajrlxb2 g5ia77u1 qu0x051f esr5mh6w e9989ue4 r7d6kgcz rq0escxv nhd2j8a9 nc684nl6 p7hjln8o kvgmc6g5 cxmmr5t8 oygrvhab hcukyx3x jb3vyjys rz4wbd8a qt6c0cv9 a8nywdso i1ao9s8h esuyzwwr f1sip0of lzcic4wl gpro0wi8 py34i1dx\" style=\"color: #0000ff;\" tabindex=\"0\" role=\"link\" href=\"https:\/\/fb.me\/e\/2zM2soilo\" target=\"_blank\" rel=\"nofollow noopener\">https:\/\/fb.me\/e\/2zM2soilo<\/a><\/strong><\/span><\/div>\n<div dir=\"auto\">\n<div class=\"cxmmr5t8 oygrvhab hcukyx3x c1et5uql o9v6fnle ii04i59q\">\n<div dir=\"auto\">&#8212;<\/div>\n<div dir=\"auto\">On the occasion of the Music Festival 2022 and as part of the \u00ab\u00a0Palestine Connect\u00a0\u00bb project, caf\u00e9 concert with the Palestinian classical \/ modern Arab singer, musician, vocal and music therapist <strong style=\"color: #0000ff;\"><a style=\"color: #0000ff;\" href=\"https:\/\/www.facebook.com\/SamahMustafaOfficial\">Samah Mustafa<\/a><\/strong>.<\/div>\n<div dir=\"auto\"><\/div>\n<div dir=\"auto\">Samah\u2019s musical journey was influenced by the oriental classic singing and the folk Arabic music. She developed her own unique music style: a mix between classic, modern and folk music. Samah was also influenced by instrumental music. Today, she is a band leader, writing, composing and arranging ambient, folk and experimental music based on vocal and other instrumental loops, musical images in vocal and lyrics. Samah participated as a main vocalist in various projects in Palestine, Morocco, Sweden, Norway, Sri Lanka, UK, Spain, etc.<\/div>\n<div dir=\"auto\"><\/div>\n<div dir=\"auto\">Thursday 23 June at 7:30 pm at the French Institute of Jerusalem &#8211; Chateaubriand<\/div>\n<div dir=\"auto\">Ticket price: 60 NIS, with drink included<\/div>\n<\/div>\n<div dir=\"auto\"><\/div>\n<div dir=\"auto\">In partnership with UNISONS &#8211; <span style=\"color: #0000ff;\"><strong><a style=\"color: #0000ff;\" href=\"https:\/\/www.facebook.com\/festivalarabesques\">Festival Arabesques<\/a><\/strong><\/span> and with the support of R&amp;R Wine &amp; Spirits<\/div>\n<\/div>\n<div dir=\"auto\"><\/div>\n<div dir=\"auto\"><img loading=\"lazy\" decoding=\"async\" class=\"aligncenter size-full wp-image-8756\" src=\"https:\/\/www.institutfrancais-jerusalem.org\/wp-content\/uploads\/2022\/06\/Samah-Mustafa-1.jpeg\" alt=\"\" width=\"2048\" height=\"1536\" \/> <img loading=\"lazy\" decoding=\"async\" class=\"aligncenter size-full wp-image-8758\" src=\"https:\/\/www.institutfrancais-jerusalem.org\/wp-content\/uploads\/2022\/06\/Samah-Mustafa-2.jpeg\" alt=\"\" width=\"2048\" height=\"1536\" \/><\/div>\n<div dir=\"auto\"><\/div>\n<div dir=\"auto\"><\/div>\n<div dir=\"auto\"><img loading=\"lazy\" decoding=\"async\" class=\"alignright size-large wp-image-5850\" src=\"https:\/\/www.institutfrancais-jerusalem.org\/chateaubriand\/wp-content\/uploads\/sites\/12\/2022\/06\/Cafe\u0301-concert-Samah-Mustafa-724x1024.jpg\" alt=\"\" width=\"618\" height=\"874\" srcset=\"https:\/\/www.institutfrancais-jerusalem.org\/chateaubriand\/wp-content\/uploads\/sites\/12\/2022\/06\/Cafe\u0301-concert-Samah-Mustafa-724x1024.jpg 724w, https:\/\/www.institutfrancais-jerusalem.org\/chateaubriand\/wp-content\/uploads\/sites\/12\/2022\/06\/Cafe\u0301-concert-Samah-Mustafa-212x300.jpg 212w, https:\/\/www.institutfrancais-jerusalem.org\/chateaubriand\/wp-content\/uploads\/sites\/12\/2022\/06\/Cafe\u0301-concert-Samah-Mustafa-768x1086.jpg 768w, https:\/\/www.institutfrancais-jerusalem.org\/chateaubriand\/wp-content\/uploads\/sites\/12\/2022\/06\/Cafe\u0301-concert-Samah-Mustafa-1086x1536.jpg 1086w, https:\/\/www.institutfrancais-jerusalem.org\/chateaubriand\/wp-content\/uploads\/sites\/12\/2022\/06\/Cafe\u0301-concert-Samah-Mustafa.jpg 1240w\" sizes=\"auto, (max-width: 618px) 100vw, 618px\" \/><\/div>\n","protected":false},"excerpt":{"rendered":"<p>ENGLISH BELOW A l&rsquo;occasion de la F\u00eate de la musique 2022 et dans le cadre du projet \u00ab\u00a0Palestine Connect\u00a0\u00bb, caf\u00e9 concert avec la chanteuse, musicienne et musicoth\u00e9rapeute palestinienne Samah Mustafa. Le parcours musical de Samah a \u00e9t\u00e9 influenc\u00e9 par le chant classique oriental et la musique arabe folklorique, qu&rsquo;elle a combin\u00e9s avec la musique moderne &hellip;<\/p>\n","protected":false},"author":1,"featured_media":5848,"comment_status":"closed","ping_status":"closed","sticky":false,"template":"","format":"standard","meta":{"footnotes":""},"categories":[2,4,26,7],"tags":[88,291,44,91,57],"class_list":["post-5847","post","type-post","status-publish","format-standard","has-post-thumbnail","","category-agenda-culturel","category-arts-vivants","category-agenda-culturel-chateaubriand","category-diaporama","tag-concert","tag-institut","tag-jerusalem","tag-musique","tag-palestine"],"yoast_head":"<!-- This site is optimized with the Yoast SEO plugin v27.5 - https:\/\/yoast.com\/product\/yoast-seo-wordpress\/ -->\n<title>Caf\u00e9 concert avec Samah Mustafa - Institut Fran\u00e7ais de J\u00e9rusalem - Chateaubriand<\/title>\n<meta name=\"description\" content=\"Concert le jeudi 23 juin 2022 avec la chanteuse, musicienne et musicoth\u00e9rapeute palestinienne Samah Mustafa !\" \/>\n<meta name=\"robots\" content=\"index, follow, max-snippet:-1, max-image-preview:large, max-video-preview:-1\" \/>\n<link rel=\"canonical\" href=\"https:\/\/www.institutfrancais-jerusalem.org\/chateaubriand\/cafe-concert-avec-samah-mustafa\/\" \/>\n<meta property=\"og:locale\" content=\"fr_FR\" \/>\n<meta property=\"og:type\" content=\"article\" \/>\n<meta property=\"og:title\" content=\"Caf\u00e9 concert avec Samah Mustafa - Institut Fran\u00e7ais de J\u00e9rusalem - Chateaubriand\" \/>\n<meta property=\"og:description\" content=\"Concert le jeudi 23 juin 2022 avec la chanteuse, musicienne et musicoth\u00e9rapeute palestinienne Samah Mustafa !\" \/>\n<meta property=\"og:url\" content=\"https:\/\/www.institutfrancais-jerusalem.org\/chateaubriand\/cafe-concert-avec-samah-mustafa\/\" \/>\n<meta property=\"og:site_name\" content=\"Institut Fran\u00e7ais de J\u00e9rusalem - Chateaubriand\" \/>\n<meta property=\"article:published_time\" content=\"2022-06-21T15:12:38+00:00\" \/>\n<meta property=\"article:modified_time\" content=\"2022-07-05T08:41:01+00:00\" \/>\n<meta property=\"og:image\" content=\"https:\/\/www.institutfrancais-jerusalem.org\/chateaubriand\/wp-content\/uploads\/sites\/12\/2022\/06\/couv-Samah-Mustafa.jpg\" \/>\n\t<meta property=\"og:image:width\" content=\"2500\" \/>\n\t<meta property=\"og:image:height\" content=\"1313\" \/>\n\t<meta property=\"og:image:type\" content=\"image\/jpeg\" \/>\n<meta name=\"author\" content=\"admin6590\" \/>\n<meta name=\"twitter:card\" content=\"summary_large_image\" \/>\n<meta name=\"twitter:label1\" content=\"\u00c9crit par\" \/>\n\t<meta name=\"twitter:data1\" content=\"admin6590\" \/>\n\t<meta name=\"twitter:label2\" content=\"Dur\u00e9e de lecture estim\u00e9e\" \/>\n\t<meta name=\"twitter:data2\" content=\"2 minutes\" \/>\n<script type=\"application\/ld+json\" class=\"yoast-schema-graph\">{\"@context\":\"https:\\\/\\\/schema.org\",\"@graph\":[{\"@type\":\"Article\",\"@id\":\"https:\\\/\\\/www.institutfrancais-jerusalem.org\\\/chateaubriand\\\/cafe-concert-avec-samah-mustafa\\\/#article\",\"isPartOf\":{\"@id\":\"https:\\\/\\\/www.institutfrancais-jerusalem.org\\\/chateaubriand\\\/cafe-concert-avec-samah-mustafa\\\/\"},\"author\":{\"name\":\"admin6590\",\"@id\":\"https:\\\/\\\/www.institutfrancais-jerusalem.org\\\/chateaubriand\\\/#\\\/schema\\\/person\\\/0d606b93f4fb1eb5c713b8be3dd4c4bf\"},\"headline\":\"Caf\u00e9 concert avec Samah Mustafa\",\"datePublished\":\"2022-06-21T15:12:38+00:00\",\"dateModified\":\"2022-07-05T08:41:01+00:00\",\"mainEntityOfPage\":{\"@id\":\"https:\\\/\\\/www.institutfrancais-jerusalem.org\\\/chateaubriand\\\/cafe-concert-avec-samah-mustafa\\\/\"},\"wordCount\":304,\"image\":{\"@id\":\"https:\\\/\\\/www.institutfrancais-jerusalem.org\\\/chateaubriand\\\/cafe-concert-avec-samah-mustafa\\\/#primaryimage\"},\"thumbnailUrl\":\"https:\\\/\\\/www.institutfrancais-jerusalem.org\\\/chateaubriand\\\/wp-content\\\/uploads\\\/sites\\\/12\\\/2022\\\/06\\\/couv-Samah-Mustafa.jpg\",\"keywords\":[\"concert\",\"institut\",\"j\u00e9rusalem\",\"musique\",\"palestine\"],\"articleSection\":[\"Agenda culturel\",\"Arts vivants\",\"CHATEAUBRIAND\",\"Diaporama\"],\"inLanguage\":\"fr-FR\"},{\"@type\":\"WebPage\",\"@id\":\"https:\\\/\\\/www.institutfrancais-jerusalem.org\\\/chateaubriand\\\/cafe-concert-avec-samah-mustafa\\\/\",\"url\":\"https:\\\/\\\/www.institutfrancais-jerusalem.org\\\/chateaubriand\\\/cafe-concert-avec-samah-mustafa\\\/\",\"name\":\"Caf\u00e9 concert avec Samah Mustafa - Institut Fran\u00e7ais de J\u00e9rusalem - Chateaubriand\",\"isPartOf\":{\"@id\":\"https:\\\/\\\/www.institutfrancais-jerusalem.org\\\/chateaubriand\\\/#website\"},\"primaryImageOfPage\":{\"@id\":\"https:\\\/\\\/www.institutfrancais-jerusalem.org\\\/chateaubriand\\\/cafe-concert-avec-samah-mustafa\\\/#primaryimage\"},\"image\":{\"@id\":\"https:\\\/\\\/www.institutfrancais-jerusalem.org\\\/chateaubriand\\\/cafe-concert-avec-samah-mustafa\\\/#primaryimage\"},\"thumbnailUrl\":\"https:\\\/\\\/www.institutfrancais-jerusalem.org\\\/chateaubriand\\\/wp-content\\\/uploads\\\/sites\\\/12\\\/2022\\\/06\\\/couv-Samah-Mustafa.jpg\",\"datePublished\":\"2022-06-21T15:12:38+00:00\",\"dateModified\":\"2022-07-05T08:41:01+00:00\",\"author\":{\"@id\":\"https:\\\/\\\/www.institutfrancais-jerusalem.org\\\/chateaubriand\\\/#\\\/schema\\\/person\\\/0d606b93f4fb1eb5c713b8be3dd4c4bf\"},\"description\":\"Concert le jeudi 23 juin 2022 avec la chanteuse, musicienne et musicoth\u00e9rapeute palestinienne Samah Mustafa !\",\"breadcrumb\":{\"@id\":\"https:\\\/\\\/www.institutfrancais-jerusalem.org\\\/chateaubriand\\\/cafe-concert-avec-samah-mustafa\\\/#breadcrumb\"},\"inLanguage\":\"fr-FR\",\"potentialAction\":[{\"@type\":\"ReadAction\",\"target\":[\"https:\\\/\\\/www.institutfrancais-jerusalem.org\\\/chateaubriand\\\/cafe-concert-avec-samah-mustafa\\\/\"]}]},{\"@type\":\"ImageObject\",\"inLanguage\":\"fr-FR\",\"@id\":\"https:\\\/\\\/www.institutfrancais-jerusalem.org\\\/chateaubriand\\\/cafe-concert-avec-samah-mustafa\\\/#primaryimage\",\"url\":\"https:\\\/\\\/www.institutfrancais-jerusalem.org\\\/chateaubriand\\\/wp-content\\\/uploads\\\/sites\\\/12\\\/2022\\\/06\\\/couv-Samah-Mustafa.jpg\",\"contentUrl\":\"https:\\\/\\\/www.institutfrancais-jerusalem.org\\\/chateaubriand\\\/wp-content\\\/uploads\\\/sites\\\/12\\\/2022\\\/06\\\/couv-Samah-Mustafa.jpg\",\"width\":2500,\"height\":1313},{\"@type\":\"BreadcrumbList\",\"@id\":\"https:\\\/\\\/www.institutfrancais-jerusalem.org\\\/chateaubriand\\\/cafe-concert-avec-samah-mustafa\\\/#breadcrumb\",\"itemListElement\":[{\"@type\":\"ListItem\",\"position\":1,\"name\":\"Accueil\",\"item\":\"https:\\\/\\\/www.institutfrancais-jerusalem.org\\\/chateaubriand\\\/\"},{\"@type\":\"ListItem\",\"position\":2,\"name\":\"Caf\u00e9 concert avec Samah Mustafa\"}]},{\"@type\":\"WebSite\",\"@id\":\"https:\\\/\\\/www.institutfrancais-jerusalem.org\\\/chateaubriand\\\/#website\",\"url\":\"https:\\\/\\\/www.institutfrancais-jerusalem.org\\\/chateaubriand\\\/\",\"name\":\"Institut Fran\u00e7ais de J\u00e9rusalem - Chateaubriand\",\"description\":\"\",\"potentialAction\":[{\"@type\":\"SearchAction\",\"target\":{\"@type\":\"EntryPoint\",\"urlTemplate\":\"https:\\\/\\\/www.institutfrancais-jerusalem.org\\\/chateaubriand\\\/?s={search_term_string}\"},\"query-input\":{\"@type\":\"PropertyValueSpecification\",\"valueRequired\":true,\"valueName\":\"search_term_string\"}}],\"inLanguage\":\"fr-FR\"},{\"@type\":\"Person\",\"@id\":\"https:\\\/\\\/www.institutfrancais-jerusalem.org\\\/chateaubriand\\\/#\\\/schema\\\/person\\\/0d606b93f4fb1eb5c713b8be3dd4c4bf\",\"name\":\"admin6590\",\"image\":{\"@type\":\"ImageObject\",\"inLanguage\":\"fr-FR\",\"@id\":\"https:\\\/\\\/secure.gravatar.com\\\/avatar\\\/26482e0f083efa40e5c2db57a3d590897a500390cc256266e30d5da5605a03a9?s=96&d=mm&r=g\",\"url\":\"https:\\\/\\\/secure.gravatar.com\\\/avatar\\\/26482e0f083efa40e5c2db57a3d590897a500390cc256266e30d5da5605a03a9?s=96&d=mm&r=g\",\"contentUrl\":\"https:\\\/\\\/secure.gravatar.com\\\/avatar\\\/26482e0f083efa40e5c2db57a3d590897a500390cc256266e30d5da5605a03a9?s=96&d=mm&r=g\",\"caption\":\"admin6590\"},\"url\":\"https:\\\/\\\/www.institutfrancais-jerusalem.org\\\/chateaubriand\\\/author\\\/admin6590\\\/\"}]}<\/script>\n<!-- \/ Yoast SEO plugin. -->","yoast_head_json":{"title":"Caf\u00e9 concert avec Samah Mustafa - Institut Fran\u00e7ais de J\u00e9rusalem - Chateaubriand","description":"Concert le jeudi 23 juin 2022 avec la chanteuse, musicienne et musicoth\u00e9rapeute palestinienne Samah Mustafa !","robots":{"index":"index","follow":"follow","max-snippet":"max-snippet:-1","max-image-preview":"max-image-preview:large","max-video-preview":"max-video-preview:-1"},"canonical":"https:\/\/www.institutfrancais-jerusalem.org\/chateaubriand\/cafe-concert-avec-samah-mustafa\/","og_locale":"fr_FR","og_type":"article","og_title":"Caf\u00e9 concert avec Samah Mustafa - Institut Fran\u00e7ais de J\u00e9rusalem - Chateaubriand","og_description":"Concert le jeudi 23 juin 2022 avec la chanteuse, musicienne et musicoth\u00e9rapeute palestinienne Samah Mustafa !","og_url":"https:\/\/www.institutfrancais-jerusalem.org\/chateaubriand\/cafe-concert-avec-samah-mustafa\/","og_site_name":"Institut Fran\u00e7ais de J\u00e9rusalem - Chateaubriand","article_published_time":"2022-06-21T15:12:38+00:00","article_modified_time":"2022-07-05T08:41:01+00:00","og_image":[{"width":2500,"height":1313,"url":"https:\/\/www.institutfrancais-jerusalem.org\/chateaubriand\/wp-content\/uploads\/sites\/12\/2022\/06\/couv-Samah-Mustafa.jpg","type":"image\/jpeg"}],"author":"admin6590","twitter_card":"summary_large_image","twitter_misc":{"\u00c9crit par":"admin6590","Dur\u00e9e de lecture estim\u00e9e":"2 minutes"},"schema":{"@context":"https:\/\/schema.org","@graph":[{"@type":"Article","@id":"https:\/\/www.institutfrancais-jerusalem.org\/chateaubriand\/cafe-concert-avec-samah-mustafa\/#article","isPartOf":{"@id":"https:\/\/www.institutfrancais-jerusalem.org\/chateaubriand\/cafe-concert-avec-samah-mustafa\/"},"author":{"name":"admin6590","@id":"https:\/\/www.institutfrancais-jerusalem.org\/chateaubriand\/#\/schema\/person\/0d606b93f4fb1eb5c713b8be3dd4c4bf"},"headline":"Caf\u00e9 concert avec Samah Mustafa","datePublished":"2022-06-21T15:12:38+00:00","dateModified":"2022-07-05T08:41:01+00:00","mainEntityOfPage":{"@id":"https:\/\/www.institutfrancais-jerusalem.org\/chateaubriand\/cafe-concert-avec-samah-mustafa\/"},"wordCount":304,"image":{"@id":"https:\/\/www.institutfrancais-jerusalem.org\/chateaubriand\/cafe-concert-avec-samah-mustafa\/#primaryimage"},"thumbnailUrl":"https:\/\/www.institutfrancais-jerusalem.org\/chateaubriand\/wp-content\/uploads\/sites\/12\/2022\/06\/couv-Samah-Mustafa.jpg","keywords":["concert","institut","j\u00e9rusalem","musique","palestine"],"articleSection":["Agenda culturel","Arts vivants","CHATEAUBRIAND","Diaporama"],"inLanguage":"fr-FR"},{"@type":"WebPage","@id":"https:\/\/www.institutfrancais-jerusalem.org\/chateaubriand\/cafe-concert-avec-samah-mustafa\/","url":"https:\/\/www.institutfrancais-jerusalem.org\/chateaubriand\/cafe-concert-avec-samah-mustafa\/","name":"Caf\u00e9 concert avec Samah Mustafa - Institut Fran\u00e7ais de J\u00e9rusalem - Chateaubriand","isPartOf":{"@id":"https:\/\/www.institutfrancais-jerusalem.org\/chateaubriand\/#website"},"primaryImageOfPage":{"@id":"https:\/\/www.institutfrancais-jerusalem.org\/chateaubriand\/cafe-concert-avec-samah-mustafa\/#primaryimage"},"image":{"@id":"https:\/\/www.institutfrancais-jerusalem.org\/chateaubriand\/cafe-concert-avec-samah-mustafa\/#primaryimage"},"thumbnailUrl":"https:\/\/www.institutfrancais-jerusalem.org\/chateaubriand\/wp-content\/uploads\/sites\/12\/2022\/06\/couv-Samah-Mustafa.jpg","datePublished":"2022-06-21T15:12:38+00:00","dateModified":"2022-07-05T08:41:01+00:00","author":{"@id":"https:\/\/www.institutfrancais-jerusalem.org\/chateaubriand\/#\/schema\/person\/0d606b93f4fb1eb5c713b8be3dd4c4bf"},"description":"Concert le jeudi 23 juin 2022 avec la chanteuse, musicienne et musicoth\u00e9rapeute palestinienne Samah Mustafa !","breadcrumb":{"@id":"https:\/\/www.institutfrancais-jerusalem.org\/chateaubriand\/cafe-concert-avec-samah-mustafa\/#breadcrumb"},"inLanguage":"fr-FR","potentialAction":[{"@type":"ReadAction","target":["https:\/\/www.institutfrancais-jerusalem.org\/chateaubriand\/cafe-concert-avec-samah-mustafa\/"]}]},{"@type":"ImageObject","inLanguage":"fr-FR","@id":"https:\/\/www.institutfrancais-jerusalem.org\/chateaubriand\/cafe-concert-avec-samah-mustafa\/#primaryimage","url":"https:\/\/www.institutfrancais-jerusalem.org\/chateaubriand\/wp-content\/uploads\/sites\/12\/2022\/06\/couv-Samah-Mustafa.jpg","contentUrl":"https:\/\/www.institutfrancais-jerusalem.org\/chateaubriand\/wp-content\/uploads\/sites\/12\/2022\/06\/couv-Samah-Mustafa.jpg","width":2500,"height":1313},{"@type":"BreadcrumbList","@id":"https:\/\/www.institutfrancais-jerusalem.org\/chateaubriand\/cafe-concert-avec-samah-mustafa\/#breadcrumb","itemListElement":[{"@type":"ListItem","position":1,"name":"Accueil","item":"https:\/\/www.institutfrancais-jerusalem.org\/chateaubriand\/"},{"@type":"ListItem","position":2,"name":"Caf\u00e9 concert avec Samah Mustafa"}]},{"@type":"WebSite","@id":"https:\/\/www.institutfrancais-jerusalem.org\/chateaubriand\/#website","url":"https:\/\/www.institutfrancais-jerusalem.org\/chateaubriand\/","name":"Institut Fran\u00e7ais de J\u00e9rusalem - Chateaubriand","description":"","potentialAction":[{"@type":"SearchAction","target":{"@type":"EntryPoint","urlTemplate":"https:\/\/www.institutfrancais-jerusalem.org\/chateaubriand\/?s={search_term_string}"},"query-input":{"@type":"PropertyValueSpecification","valueRequired":true,"valueName":"search_term_string"}}],"inLanguage":"fr-FR"},{"@type":"Person","@id":"https:\/\/www.institutfrancais-jerusalem.org\/chateaubriand\/#\/schema\/person\/0d606b93f4fb1eb5c713b8be3dd4c4bf","name":"admin6590","image":{"@type":"ImageObject","inLanguage":"fr-FR","@id":"https:\/\/secure.gravatar.com\/avatar\/26482e0f083efa40e5c2db57a3d590897a500390cc256266e30d5da5605a03a9?s=96&d=mm&r=g","url":"https:\/\/secure.gravatar.com\/avatar\/26482e0f083efa40e5c2db57a3d590897a500390cc256266e30d5da5605a03a9?s=96&d=mm&r=g","contentUrl":"https:\/\/secure.gravatar.com\/avatar\/26482e0f083efa40e5c2db57a3d590897a500390cc256266e30d5da5605a03a9?s=96&d=mm&r=g","caption":"admin6590"},"url":"https:\/\/www.institutfrancais-jerusalem.org\/chateaubriand\/author\/admin6590\/"}]}},"_links":{"self":[{"href":"https:\/\/www.institutfrancais-jerusalem.org\/chateaubriand\/wp-json\/wp\/v2\/posts\/5847","targetHints":{"allow":["GET"]}}],"collection":[{"href":"https:\/\/www.institutfrancais-jerusalem.org\/chateaubriand\/wp-json\/wp\/v2\/posts"}],"about":[{"href":"https:\/\/www.institutfrancais-jerusalem.org\/chateaubriand\/wp-json\/wp\/v2\/types\/post"}],"author":[{"embeddable":true,"href":"https:\/\/www.institutfrancais-jerusalem.org\/chateaubriand\/wp-json\/wp\/v2\/users\/1"}],"replies":[{"embeddable":true,"href":"https:\/\/www.institutfrancais-jerusalem.org\/chateaubriand\/wp-json\/wp\/v2\/comments?post=5847"}],"version-history":[{"count":3,"href":"https:\/\/www.institutfrancais-jerusalem.org\/chateaubriand\/wp-json\/wp\/v2\/posts\/5847\/revisions"}],"predecessor-version":[{"id":5861,"href":"https:\/\/www.institutfrancais-jerusalem.org\/chateaubriand\/wp-json\/wp\/v2\/posts\/5847\/revisions\/5861"}],"wp:featuredmedia":[{"embeddable":true,"href":"https:\/\/www.institutfrancais-jerusalem.org\/chateaubriand\/wp-json\/wp\/v2\/media\/5848"}],"wp:attachment":[{"href":"https:\/\/www.institutfrancais-jerusalem.org\/chateaubriand\/wp-json\/wp\/v2\/media?parent=5847"}],"wp:term":[{"taxonomy":"category","embeddable":true,"href":"https:\/\/www.institutfrancais-jerusalem.org\/chateaubriand\/wp-json\/wp\/v2\/categories?post=5847"},{"taxonomy":"post_tag","embeddable":true,"href":"https:\/\/www.institutfrancais-jerusalem.org\/chateaubriand\/wp-json\/wp\/v2\/tags?post=5847"}],"curies":[{"name":"wp","href":"https:\/\/api.w.org\/{rel}","templated":true}]}}