{"id":4831,"date":"2020-07-13T17:19:05","date_gmt":"2020-07-13T15:19:05","guid":{"rendered":"https:\/\/www.institutfrancais-jerusalem.org\/chateaubriand\/?p=4831"},"modified":"2020-07-14T20:00:02","modified_gmt":"2020-07-14T18:00:02","slug":"14-juillet-culturecheznous","status":"publish","type":"post","link":"https:\/\/www.institutfrancais-jerusalem.org\/chateaubriand\/14-juillet-culturecheznous\/","title":{"rendered":"14 juillet #culturecheznous"},"content":{"rendered":"<div class=\"page\" title=\"Page 1\">\n<div class=\"section\">\n<div class=\"layoutArea\">\n<div class=\"column\">\n<p>Chaque ann\u00e9e depuis 1880, la R\u00e9publique fran\u00e7aise f\u00eate la Nation le 14 juillet. Elle se construit sur le souvenir et la signification de deux \u00e9v\u00e9nements r\u00e9volutionnaires qui placent le peuple au coeur de l&rsquo;action, \u00e0 la fois acteur et objet, sujet et finalit\u00e9. L&rsquo;Institut fran\u00e7ais de J\u00e9rusalem vous invite aujourd&rsquo;hui \u00e0 nous suivre sur nos r\u00e9seaux sociaux afin de d\u00e9couvrir et c\u00e9l\u00e9brer la France \u00e0 travers sa culture si riche.<\/p>\n<h3>Le programme de la journ\u00e9e du 14 juillet<\/h3>\n<h6>9 heures<\/h6>\n<p><a href=\"https:\/\/www.culturetheque.com\/EXPLOITATION\/IL\/doc\/IZNEO\/9782369814085\/edmond \"><img loading=\"lazy\" decoding=\"async\" class=\"alignleft size-medium wp-image-6810\" src=\"https:\/\/www.institutfrancais-jerusalem.org\/wp-content\/uploads\/2020\/07\/1-Twitter-Livre-Edmond-300x300.jpeg\" alt=\"\" width=\"300\" height=\"300\" \/><\/a><a href=\"https:\/\/www.culturetheque.com\/EXPLOITATION\/IL\/doc\/IZNEO\/9782369814085\/edmond\">Livre Culturetheque : <em>\u00ab\u00a0Edmond\u00a0\u00bb<\/em> d&rsquo;Alexis Michalik et L\u00e9onard Chemineau.<\/a><\/p>\n<p class=\"p1\">Paris, d\u00e9cembre 1897, Edmond Rostand n\u2019a pas encore trente ans mais d\u00e9j\u00e0 deux enfants et beaucoup d\u2019angoisses. Apr\u00e8s l\u2019\u00e9chec de La princesse lointaine, avec Sarah Bernhardt, ruin\u00e9, endett\u00e9, Edmond tente de convaincre le grand acteur en vogue, Constant Coquelin de jouer dans sa future pi\u00e8ce, une com\u00e9die h\u00e9ro\u00efque, en vers. Seul souci : elle n\u2019est pas encore \u00e9crite. Faisant fi des caprices des actrices, des exigences de ses producteurs corses, de la jalousie de sa femme, des histoires de coeur de son meilleur ami et du manque d\u2019enthousiasme de l\u2019ensemble de son entourage, Edmond se met \u00e0 \u00e9crire cette pi\u00e8ce \u00e0 laquelle personne ne croit mais qui deviendra la pi\u00e8ce pr\u00e9f\u00e9r\u00e9e des fran\u00e7ais, la plus jou\u00e9e du r\u00e9pertoire jusqu\u2019\u00e0 ce jour.<\/p>\n<h6><\/h6>\n<h6>11 heures<\/h6>\n<p class=\"p1\">Interview de Clarisse Agbegnenou,\u00a0judokate<\/p>\n<p class=\"p1\">Originaire de Rennes,Clarisse Agbegnenou est une judokate fran\u00e7aise, poss\u00e9dant un palmar\u00e8s des plus impressionnants avec avec quatre titres mondiaux, deux m\u00e9dailles d&rsquo;argent, quatre titres europ\u00e9ens et une m\u00e9daille d&rsquo;argent olympique.<\/p>\n<p><iframe loading=\"lazy\" src=\"https:\/\/www.youtube.com\/embed\/7ozNWmErZSc\" width=\"560\" height=\"315\" frameborder=\"0\" allowfullscreen=\"allowfullscreen\"><\/iframe><\/p>\n<h6>13 heur<span class=\"text_exposed_show\">es <\/span><\/h6>\n<p class=\"p1\"><a href=\"https:\/\/www.france.tv\/spectacles-et-culture\/1313259-mobius-par-la-cie-xy-et-rachid-ouramdane-a-la-maison-de-la-danse.html\">Spectacle de danse :\u00a0\u00ab\u00a0M\u00f6bius\u00a0\u00bb par la compagnie XY et Rachid Ouramdan<\/a><\/p>\n<p class=\"p1\">Certains d\u2019entre vous ont peut \u00eatre d\u00e9j\u00e0 eu le plaisir de rencontrer la compagnie XY dans nos rues. En effet, l\u2019Institut fran\u00e7ais de J\u00e9rusalem \u00e0 eu le plaisir de les recevoir en 2017 pour une tourn\u00e9e, avec des performances de rue.<\/p>\n<p class=\"p1\">D\u00e9couvrez la cr\u00e9ation renversante \u201cM\u00f6bius\u201d, une chor\u00e9graphie circassienne po\u00e9tique des 19 danseurs du collectif XY accompagn\u00e9s par Rachid Ouramdane, pr\u00e9sent\u00e9 \u00e0 Lyon. Le collectif XY compos\u00e9 d\u2019acrobates virtuoses s\u2019\u00e9tait d\u00e9j\u00e0 fait remarquer lors de la Biennale de la danse 2014 avec \u201cIl n\u2019est pas encore minuit\u201d. Dans cette cr\u00e9ation in\u00e9dite en collaboration avec le chor\u00e9graphe Rachid Ouramdane, le mouvement acrobatique, la musique et la lumi\u00e8re dialoguent dans l\u2019espace a\u00e9rien. Le langage acrobatique, les m\u00e9tamorphoses du mouvement des corps \u00e9voquent des nu\u00e9es d\u2019oiseaux flottant avec gr\u00e2ce et fulgurance dans le ciel.<\/p>\n<p><iframe loading=\"lazy\" src=\"https:\/\/www.youtube.com\/embed\/2QA98S1wRFA\" width=\"560\" height=\"315\" frameborder=\"0\" allowfullscreen=\"allowfullscreen\"><\/iframe><\/p>\n<p class=\"p1\">Cr\u00e9dit photo : Pascale Cholette<\/p>\n<p class=\"p1\">R\u00e9alisation : Luc Riolon<\/p>\n<p class=\"p1\">Production : 24 Images<\/p>\n<h6><span class=\"text_exposed_show\">15 heures<\/span><\/h6>\n<p class=\"p1\">Notre playlist #BastilleDay : 100% chanson fran\u00e7aise, par l&rsquo;\u00e9quipe de l&rsquo;Institut fran\u00e7ais de J\u00e9rusalem<\/p>\n<p class=\"p1\">Toute l\u2019\u00e9quipe de l\u2019Institut fran\u00e7ais de J\u00e9rusalem et du Service de coop\u00e9ration et d\u2019action culturelle du Consulat g\u00e9n\u00e9ral de France \u00e0 J\u00e9rusalem vous \u00e0 concoct\u00e9 une playlist de chansons fran\u00e7aises. Tous les styles, toutes les \u00e9poques, pour vous laisser bercer ou au contraire danser comme jamais dans votre salon, aux rythmes de la musique fran\u00e7aise.<\/p>\n<p><iframe loading=\"lazy\" src=\"https:\/\/www.youtube.com\/embed\/videoseries?list=PLbULVA44Pygrce42blG9yuczsSrJqrhOL\" width=\"560\" height=\"315\" frameborder=\"0\" allowfullscreen=\"allowfullscreen\"><\/iframe><\/p>\n<h6><span class=\"text_exposed_show\">17 heures<\/span><\/h6>\n<p class=\"p1\">Recette de cuisine :\u00a0Le pain perdu sal\u00e9 par Thierry Charrier, chef de cuisine du Minist\u00e8re fran\u00e7ais de l&rsquo;Europe et des affaires \u00e9trang\u00e8res.<\/p>\n<p class=\"p1\">Entr\u00e9 il y a presque 30 ans au minist\u00e8re des Affaires \u00e9trang\u00e8res comme chef de partie, Thierry Charrier continue son parcours aux cuisines du Quai d\u2019Orsay. Avec sa brigade, il s\u2019emploi au quotidien \u00e0 offrir le meilleur de la gastronomie fran\u00e7aise \u00e0 ceux et celles fr\u00e9quentant l\u2019\u00e9tablissement. Homme de l\u2019ombre dans un univers cach\u00e9, le chef a notamment particip\u00e9 au livre \u201c\u00c0 la table des diplomates\u201d, revenant sur 20 ans de grands repas au Quai d\u2019Orsay et \u00e0 l\u2019Elys\u00e9e. Profitons de ce grand chef pour pr\u00e9parer chez nous une recette typiquement fran\u00e7aise et qui r\u00e9galera chacun d\u2019entre nous : le pain perdu sal\u00e9.<\/p>\n<p><iframe loading=\"lazy\" src=\"https:\/\/www.youtube.com\/embed\/26DUZtPzzA0\" width=\"560\" height=\"315\" frameborder=\"0\" allowfullscreen=\"allowfullscreen\"><\/iframe><\/p>\n<h6><span class=\"text_exposed_show\">19 heures<\/span><\/h6>\n<p class=\"p1\"><a href=\"https:\/\/www.youtube.com\/watch?v=7rKtQUUXIaY\">1\/2 films Culture chez nous : \u00ab\u00a0Le Grand Bain\u00a0\u00bb de Val\u00e9rie Leroy &#8211; 16 min<\/a><\/p>\n<p class=\"p1\">Vous ne trouvez pas de piscine ouverte en ces temps de pand\u00e9mie ? Eh bien, nos h\u00e9ros du \u00ab Grand Bain \u00bb non plus et ils ne se sont pas laiss\u00e9 d\u00e9monter pour autant ! Que ce soit la grenouille ou le papillon, une fois hors de l\u2019eau l&rsquo;on trouve une solution \u00e0 tout. \u00ab Le Grand Bain \u00bb est un film familial dr\u00f4le et touchant \u00e0 la fois, plein de fra\u00eecheur pour cet \u00e9t\u00e9 2020.<\/p>\n<p class=\"p1\">Mia, trente ans, emm\u00e9nage dans un studio au sein d\u2019une r\u00e9sidence HLM. Ancienne championne de natation, elle va se retrouver \u00e0 donner des cours de natation aux habitants de l\u2019immeuble&#8230; Sans piscine !<\/p>\n<p><iframe loading=\"lazy\" src=\"https:\/\/www.youtube.com\/embed\/7rKtQUUXIaY\" width=\"560\" height=\"315\" frameborder=\"0\" allowfullscreen=\"allowfullscreen\"><\/iframe><\/p>\n<h6><span class=\"text_exposed_show\">21 heures<\/span><\/h6>\n<p class=\"p1\"><a href=\"https:\/\/ifcinema.institutfrancais.com\/en\/alacarte\">2\/2 films Culture chez nous : \u201cLe Grand Bal\u00a0\u00bb de Laetitia Carton &#8211; 1h29<\/a><\/p>\n<p class=\"p1\">Au 14 juillet, on danse ! Et cela depuis les ann\u00e9es 30 lorsqu\u2019\u00e0 Montmartre un sapeur-pompier d\u00e9cida d\u2019ouvrir les portes de la caserne au grand public. Le lieu se transforma vite en piste de danse, les corps tournoyant au souvenir de la prise de la Bastille. Laetitia Carton revient sur cette tradition du bal pour capter avec une sensibilit\u00e9 et une gr\u00e2ce infinie la magie des rencontres humaines.<\/p>\n<p class=\"p1\">C\u2019est l\u2019histoire d\u2019un bal. D\u2019un grand bal. Chaque \u00e9t\u00e9, plus de deux mille personnes affluent de toute l\u2019Europe dans un coin de campagne fran\u00e7aise. Pendant 7 jours et 8 nuits, ils dansent encore et encore, perdent la notion du temps, bravent leurs fatigues et leurs corps. \u00c7a tourne, \u00e7a rit, \u00e7a virevolte, \u00e7a pleure, \u00e7a chante. Et la vie pulse.<\/p>\n<p><iframe loading=\"lazy\" src=\"https:\/\/www.youtube.com\/embed\/_cVsENG2Zzk\" width=\"560\" height=\"315\" frameborder=\"0\" allowfullscreen=\"allowfullscreen\"><\/iframe><\/p>\n<h6>Minuit<\/h6>\n<p><a href=\"https:\/\/www.paris.fr\/\"><img loading=\"lazy\" decoding=\"async\" class=\"alignleft size-medium wp-image-3725\" src=\"https:\/\/www.institutfrancais-jerusalem.org\/gaza\/wp-content\/uploads\/sites\/9\/2020\/07\/8-Feu-dartifice-Paris-300x200.jpg\" alt=\"\" width=\"300\" height=\"200\" \/><\/a><a href=\"https:\/\/www.paris.fr\/\">Final du 14 juillet : le feu d&rsquo;artifice traditionnel<\/a><\/p>\n<p class=\"p1\">Chaque ann\u00e9e, la tradition en France est de terminer la journ\u00e9e du 14 juillet avec un grand feu d\u2019artifice au niveau de la Tour Eiffel &#8211; \u00e9difice embl\u00e9matique de Paris et de la France. Vous ne l\u2019avez jamais vu ? Alors installez-vous et profitez du spectacle !<\/p>\n<p>&nbsp;<\/p>\n<\/div>\n<\/div>\n<\/div>\n<\/div>\n","protected":false},"excerpt":{"rendered":"<p>Chaque ann\u00e9e depuis 1880, la R\u00e9publique fran\u00e7aise f\u00eate la Nation le 14 juillet. Elle se construit sur le souvenir et la signification de deux \u00e9v\u00e9nements r\u00e9volutionnaires qui placent le peuple au coeur de l&rsquo;action, \u00e0 la fois acteur et objet, sujet et finalit\u00e9. L&rsquo;Institut fran\u00e7ais de J\u00e9rusalem vous invite aujourd&rsquo;hui \u00e0 nous suivre sur nos &hellip;<\/p>\n","protected":false},"author":1,"featured_media":4832,"comment_status":"closed","ping_status":"closed","sticky":false,"template":"","format":"standard","meta":{"footnotes":""},"categories":[5,26,7,28,25],"tags":[361,362,119,363,59,43,44],"class_list":["post-4831","post","type-post","status-publish","format-standard","has-post-thumbnail","","category-breaking-news","category-agenda-culturel-chateaubriand","category-diaporama","category-gaza","category-ramallah","tag-14-juillet","tag-bastille-day","tag-culture","tag-fete-nationale","tag-france","tag-institut-francais","tag-jerusalem"],"yoast_head":"<!-- This site is optimized with the Yoast SEO plugin v27.5 - https:\/\/yoast.com\/product\/yoast-seo-wordpress\/ -->\n<title>14 juillet #culturecheznous - Institut Fran\u00e7ais de J\u00e9rusalem - Chateaubriand<\/title>\n<meta name=\"description\" content=\"Chaque ann\u00e9e depuis 1880, la R\u00e9publique fran\u00e7aise f\u00eate la Nation le 14 juillet.\" \/>\n<meta name=\"robots\" content=\"index, follow, max-snippet:-1, max-image-preview:large, max-video-preview:-1\" \/>\n<link rel=\"canonical\" href=\"https:\/\/www.institutfrancais-jerusalem.org\/chateaubriand\/14-juillet-culturecheznous\/\" \/>\n<meta property=\"og:locale\" content=\"fr_FR\" \/>\n<meta property=\"og:type\" content=\"article\" \/>\n<meta property=\"og:title\" content=\"14 juillet #culturecheznous - Institut Fran\u00e7ais de J\u00e9rusalem - Chateaubriand\" \/>\n<meta property=\"og:description\" content=\"Chaque ann\u00e9e depuis 1880, la R\u00e9publique fran\u00e7aise f\u00eate la Nation le 14 juillet.\" \/>\n<meta property=\"og:url\" content=\"https:\/\/www.institutfrancais-jerusalem.org\/chateaubriand\/14-juillet-culturecheznous\/\" \/>\n<meta property=\"og:site_name\" content=\"Institut Fran\u00e7ais de J\u00e9rusalem - Chateaubriand\" \/>\n<meta property=\"article:published_time\" content=\"2020-07-13T15:19:05+00:00\" \/>\n<meta property=\"article:modified_time\" content=\"2020-07-14T18:00:02+00:00\" \/>\n<meta property=\"og:image\" content=\"https:\/\/www.institutfrancais-jerusalem.org\/chateaubriand\/wp-content\/uploads\/sites\/12\/2020\/07\/3453_Facebook.jpg\" \/>\n\t<meta property=\"og:image:width\" content=\"851\" \/>\n\t<meta property=\"og:image:height\" content=\"310\" \/>\n\t<meta property=\"og:image:type\" content=\"image\/jpeg\" \/>\n<meta name=\"author\" content=\"admin6590\" \/>\n<meta name=\"twitter:card\" content=\"summary_large_image\" \/>\n<meta name=\"twitter:label1\" content=\"\u00c9crit par\" \/>\n\t<meta name=\"twitter:data1\" content=\"admin6590\" \/>\n\t<meta name=\"twitter:label2\" content=\"Dur\u00e9e de lecture estim\u00e9e\" \/>\n\t<meta name=\"twitter:data2\" content=\"5 minutes\" \/>\n<script type=\"application\/ld+json\" class=\"yoast-schema-graph\">{\"@context\":\"https:\\\/\\\/schema.org\",\"@graph\":[{\"@type\":\"Article\",\"@id\":\"https:\\\/\\\/www.institutfrancais-jerusalem.org\\\/chateaubriand\\\/14-juillet-culturecheznous\\\/#article\",\"isPartOf\":{\"@id\":\"https:\\\/\\\/www.institutfrancais-jerusalem.org\\\/chateaubriand\\\/14-juillet-culturecheznous\\\/\"},\"author\":{\"name\":\"admin6590\",\"@id\":\"https:\\\/\\\/www.institutfrancais-jerusalem.org\\\/chateaubriand\\\/#\\\/schema\\\/person\\\/0d606b93f4fb1eb5c713b8be3dd4c4bf\"},\"headline\":\"14 juillet #culturecheznous\",\"datePublished\":\"2020-07-13T15:19:05+00:00\",\"dateModified\":\"2020-07-14T18:00:02+00:00\",\"mainEntityOfPage\":{\"@id\":\"https:\\\/\\\/www.institutfrancais-jerusalem.org\\\/chateaubriand\\\/14-juillet-culturecheznous\\\/\"},\"wordCount\":1009,\"image\":{\"@id\":\"https:\\\/\\\/www.institutfrancais-jerusalem.org\\\/chateaubriand\\\/14-juillet-culturecheznous\\\/#primaryimage\"},\"thumbnailUrl\":\"https:\\\/\\\/www.institutfrancais-jerusalem.org\\\/chateaubriand\\\/wp-content\\\/uploads\\\/sites\\\/12\\\/2020\\\/07\\\/3453_Facebook.jpg\",\"keywords\":[\"14 juillet\",\"bastille day\",\"culture\",\"fete nationale\",\"france\",\"institut fran\u00e7ais\",\"j\u00e9rusalem\"],\"articleSection\":[\"breaking-news\",\"CHATEAUBRIAND\",\"Diaporama\",\"GAZA\",\"RAMALLAH\"],\"inLanguage\":\"fr-FR\"},{\"@type\":\"WebPage\",\"@id\":\"https:\\\/\\\/www.institutfrancais-jerusalem.org\\\/chateaubriand\\\/14-juillet-culturecheznous\\\/\",\"url\":\"https:\\\/\\\/www.institutfrancais-jerusalem.org\\\/chateaubriand\\\/14-juillet-culturecheznous\\\/\",\"name\":\"14 juillet #culturecheznous - Institut Fran\u00e7ais de J\u00e9rusalem - Chateaubriand\",\"isPartOf\":{\"@id\":\"https:\\\/\\\/www.institutfrancais-jerusalem.org\\\/chateaubriand\\\/#website\"},\"primaryImageOfPage\":{\"@id\":\"https:\\\/\\\/www.institutfrancais-jerusalem.org\\\/chateaubriand\\\/14-juillet-culturecheznous\\\/#primaryimage\"},\"image\":{\"@id\":\"https:\\\/\\\/www.institutfrancais-jerusalem.org\\\/chateaubriand\\\/14-juillet-culturecheznous\\\/#primaryimage\"},\"thumbnailUrl\":\"https:\\\/\\\/www.institutfrancais-jerusalem.org\\\/chateaubriand\\\/wp-content\\\/uploads\\\/sites\\\/12\\\/2020\\\/07\\\/3453_Facebook.jpg\",\"datePublished\":\"2020-07-13T15:19:05+00:00\",\"dateModified\":\"2020-07-14T18:00:02+00:00\",\"author\":{\"@id\":\"https:\\\/\\\/www.institutfrancais-jerusalem.org\\\/chateaubriand\\\/#\\\/schema\\\/person\\\/0d606b93f4fb1eb5c713b8be3dd4c4bf\"},\"description\":\"Chaque ann\u00e9e depuis 1880, la R\u00e9publique fran\u00e7aise f\u00eate la Nation le 14 juillet.\",\"breadcrumb\":{\"@id\":\"https:\\\/\\\/www.institutfrancais-jerusalem.org\\\/chateaubriand\\\/14-juillet-culturecheznous\\\/#breadcrumb\"},\"inLanguage\":\"fr-FR\",\"potentialAction\":[{\"@type\":\"ReadAction\",\"target\":[\"https:\\\/\\\/www.institutfrancais-jerusalem.org\\\/chateaubriand\\\/14-juillet-culturecheznous\\\/\"]}]},{\"@type\":\"ImageObject\",\"inLanguage\":\"fr-FR\",\"@id\":\"https:\\\/\\\/www.institutfrancais-jerusalem.org\\\/chateaubriand\\\/14-juillet-culturecheznous\\\/#primaryimage\",\"url\":\"https:\\\/\\\/www.institutfrancais-jerusalem.org\\\/chateaubriand\\\/wp-content\\\/uploads\\\/sites\\\/12\\\/2020\\\/07\\\/3453_Facebook.jpg\",\"contentUrl\":\"https:\\\/\\\/www.institutfrancais-jerusalem.org\\\/chateaubriand\\\/wp-content\\\/uploads\\\/sites\\\/12\\\/2020\\\/07\\\/3453_Facebook.jpg\",\"width\":851,\"height\":310},{\"@type\":\"BreadcrumbList\",\"@id\":\"https:\\\/\\\/www.institutfrancais-jerusalem.org\\\/chateaubriand\\\/14-juillet-culturecheznous\\\/#breadcrumb\",\"itemListElement\":[{\"@type\":\"ListItem\",\"position\":1,\"name\":\"Accueil\",\"item\":\"https:\\\/\\\/www.institutfrancais-jerusalem.org\\\/chateaubriand\\\/\"},{\"@type\":\"ListItem\",\"position\":2,\"name\":\"14 juillet #culturecheznous\"}]},{\"@type\":\"WebSite\",\"@id\":\"https:\\\/\\\/www.institutfrancais-jerusalem.org\\\/chateaubriand\\\/#website\",\"url\":\"https:\\\/\\\/www.institutfrancais-jerusalem.org\\\/chateaubriand\\\/\",\"name\":\"Institut Fran\u00e7ais de J\u00e9rusalem - Chateaubriand\",\"description\":\"\",\"potentialAction\":[{\"@type\":\"SearchAction\",\"target\":{\"@type\":\"EntryPoint\",\"urlTemplate\":\"https:\\\/\\\/www.institutfrancais-jerusalem.org\\\/chateaubriand\\\/?s={search_term_string}\"},\"query-input\":{\"@type\":\"PropertyValueSpecification\",\"valueRequired\":true,\"valueName\":\"search_term_string\"}}],\"inLanguage\":\"fr-FR\"},{\"@type\":\"Person\",\"@id\":\"https:\\\/\\\/www.institutfrancais-jerusalem.org\\\/chateaubriand\\\/#\\\/schema\\\/person\\\/0d606b93f4fb1eb5c713b8be3dd4c4bf\",\"name\":\"admin6590\",\"image\":{\"@type\":\"ImageObject\",\"inLanguage\":\"fr-FR\",\"@id\":\"https:\\\/\\\/secure.gravatar.com\\\/avatar\\\/26482e0f083efa40e5c2db57a3d590897a500390cc256266e30d5da5605a03a9?s=96&d=mm&r=g\",\"url\":\"https:\\\/\\\/secure.gravatar.com\\\/avatar\\\/26482e0f083efa40e5c2db57a3d590897a500390cc256266e30d5da5605a03a9?s=96&d=mm&r=g\",\"contentUrl\":\"https:\\\/\\\/secure.gravatar.com\\\/avatar\\\/26482e0f083efa40e5c2db57a3d590897a500390cc256266e30d5da5605a03a9?s=96&d=mm&r=g\",\"caption\":\"admin6590\"},\"url\":\"https:\\\/\\\/www.institutfrancais-jerusalem.org\\\/chateaubriand\\\/author\\\/admin6590\\\/\"}]}<\/script>\n<!-- \/ Yoast SEO plugin. -->","yoast_head_json":{"title":"14 juillet #culturecheznous - Institut Fran\u00e7ais de J\u00e9rusalem - Chateaubriand","description":"Chaque ann\u00e9e depuis 1880, la R\u00e9publique fran\u00e7aise f\u00eate la Nation le 14 juillet.","robots":{"index":"index","follow":"follow","max-snippet":"max-snippet:-1","max-image-preview":"max-image-preview:large","max-video-preview":"max-video-preview:-1"},"canonical":"https:\/\/www.institutfrancais-jerusalem.org\/chateaubriand\/14-juillet-culturecheznous\/","og_locale":"fr_FR","og_type":"article","og_title":"14 juillet #culturecheznous - Institut Fran\u00e7ais de J\u00e9rusalem - Chateaubriand","og_description":"Chaque ann\u00e9e depuis 1880, la R\u00e9publique fran\u00e7aise f\u00eate la Nation le 14 juillet.","og_url":"https:\/\/www.institutfrancais-jerusalem.org\/chateaubriand\/14-juillet-culturecheznous\/","og_site_name":"Institut Fran\u00e7ais de J\u00e9rusalem - Chateaubriand","article_published_time":"2020-07-13T15:19:05+00:00","article_modified_time":"2020-07-14T18:00:02+00:00","og_image":[{"width":851,"height":310,"url":"https:\/\/www.institutfrancais-jerusalem.org\/chateaubriand\/wp-content\/uploads\/sites\/12\/2020\/07\/3453_Facebook.jpg","type":"image\/jpeg"}],"author":"admin6590","twitter_card":"summary_large_image","twitter_misc":{"\u00c9crit par":"admin6590","Dur\u00e9e de lecture estim\u00e9e":"5 minutes"},"schema":{"@context":"https:\/\/schema.org","@graph":[{"@type":"Article","@id":"https:\/\/www.institutfrancais-jerusalem.org\/chateaubriand\/14-juillet-culturecheznous\/#article","isPartOf":{"@id":"https:\/\/www.institutfrancais-jerusalem.org\/chateaubriand\/14-juillet-culturecheznous\/"},"author":{"name":"admin6590","@id":"https:\/\/www.institutfrancais-jerusalem.org\/chateaubriand\/#\/schema\/person\/0d606b93f4fb1eb5c713b8be3dd4c4bf"},"headline":"14 juillet #culturecheznous","datePublished":"2020-07-13T15:19:05+00:00","dateModified":"2020-07-14T18:00:02+00:00","mainEntityOfPage":{"@id":"https:\/\/www.institutfrancais-jerusalem.org\/chateaubriand\/14-juillet-culturecheznous\/"},"wordCount":1009,"image":{"@id":"https:\/\/www.institutfrancais-jerusalem.org\/chateaubriand\/14-juillet-culturecheznous\/#primaryimage"},"thumbnailUrl":"https:\/\/www.institutfrancais-jerusalem.org\/chateaubriand\/wp-content\/uploads\/sites\/12\/2020\/07\/3453_Facebook.jpg","keywords":["14 juillet","bastille day","culture","fete nationale","france","institut fran\u00e7ais","j\u00e9rusalem"],"articleSection":["breaking-news","CHATEAUBRIAND","Diaporama","GAZA","RAMALLAH"],"inLanguage":"fr-FR"},{"@type":"WebPage","@id":"https:\/\/www.institutfrancais-jerusalem.org\/chateaubriand\/14-juillet-culturecheznous\/","url":"https:\/\/www.institutfrancais-jerusalem.org\/chateaubriand\/14-juillet-culturecheznous\/","name":"14 juillet #culturecheznous - Institut Fran\u00e7ais de J\u00e9rusalem - Chateaubriand","isPartOf":{"@id":"https:\/\/www.institutfrancais-jerusalem.org\/chateaubriand\/#website"},"primaryImageOfPage":{"@id":"https:\/\/www.institutfrancais-jerusalem.org\/chateaubriand\/14-juillet-culturecheznous\/#primaryimage"},"image":{"@id":"https:\/\/www.institutfrancais-jerusalem.org\/chateaubriand\/14-juillet-culturecheznous\/#primaryimage"},"thumbnailUrl":"https:\/\/www.institutfrancais-jerusalem.org\/chateaubriand\/wp-content\/uploads\/sites\/12\/2020\/07\/3453_Facebook.jpg","datePublished":"2020-07-13T15:19:05+00:00","dateModified":"2020-07-14T18:00:02+00:00","author":{"@id":"https:\/\/www.institutfrancais-jerusalem.org\/chateaubriand\/#\/schema\/person\/0d606b93f4fb1eb5c713b8be3dd4c4bf"},"description":"Chaque ann\u00e9e depuis 1880, la R\u00e9publique fran\u00e7aise f\u00eate la Nation le 14 juillet.","breadcrumb":{"@id":"https:\/\/www.institutfrancais-jerusalem.org\/chateaubriand\/14-juillet-culturecheznous\/#breadcrumb"},"inLanguage":"fr-FR","potentialAction":[{"@type":"ReadAction","target":["https:\/\/www.institutfrancais-jerusalem.org\/chateaubriand\/14-juillet-culturecheznous\/"]}]},{"@type":"ImageObject","inLanguage":"fr-FR","@id":"https:\/\/www.institutfrancais-jerusalem.org\/chateaubriand\/14-juillet-culturecheznous\/#primaryimage","url":"https:\/\/www.institutfrancais-jerusalem.org\/chateaubriand\/wp-content\/uploads\/sites\/12\/2020\/07\/3453_Facebook.jpg","contentUrl":"https:\/\/www.institutfrancais-jerusalem.org\/chateaubriand\/wp-content\/uploads\/sites\/12\/2020\/07\/3453_Facebook.jpg","width":851,"height":310},{"@type":"BreadcrumbList","@id":"https:\/\/www.institutfrancais-jerusalem.org\/chateaubriand\/14-juillet-culturecheznous\/#breadcrumb","itemListElement":[{"@type":"ListItem","position":1,"name":"Accueil","item":"https:\/\/www.institutfrancais-jerusalem.org\/chateaubriand\/"},{"@type":"ListItem","position":2,"name":"14 juillet #culturecheznous"}]},{"@type":"WebSite","@id":"https:\/\/www.institutfrancais-jerusalem.org\/chateaubriand\/#website","url":"https:\/\/www.institutfrancais-jerusalem.org\/chateaubriand\/","name":"Institut Fran\u00e7ais de J\u00e9rusalem - Chateaubriand","description":"","potentialAction":[{"@type":"SearchAction","target":{"@type":"EntryPoint","urlTemplate":"https:\/\/www.institutfrancais-jerusalem.org\/chateaubriand\/?s={search_term_string}"},"query-input":{"@type":"PropertyValueSpecification","valueRequired":true,"valueName":"search_term_string"}}],"inLanguage":"fr-FR"},{"@type":"Person","@id":"https:\/\/www.institutfrancais-jerusalem.org\/chateaubriand\/#\/schema\/person\/0d606b93f4fb1eb5c713b8be3dd4c4bf","name":"admin6590","image":{"@type":"ImageObject","inLanguage":"fr-FR","@id":"https:\/\/secure.gravatar.com\/avatar\/26482e0f083efa40e5c2db57a3d590897a500390cc256266e30d5da5605a03a9?s=96&d=mm&r=g","url":"https:\/\/secure.gravatar.com\/avatar\/26482e0f083efa40e5c2db57a3d590897a500390cc256266e30d5da5605a03a9?s=96&d=mm&r=g","contentUrl":"https:\/\/secure.gravatar.com\/avatar\/26482e0f083efa40e5c2db57a3d590897a500390cc256266e30d5da5605a03a9?s=96&d=mm&r=g","caption":"admin6590"},"url":"https:\/\/www.institutfrancais-jerusalem.org\/chateaubriand\/author\/admin6590\/"}]}},"_links":{"self":[{"href":"https:\/\/www.institutfrancais-jerusalem.org\/chateaubriand\/wp-json\/wp\/v2\/posts\/4831","targetHints":{"allow":["GET"]}}],"collection":[{"href":"https:\/\/www.institutfrancais-jerusalem.org\/chateaubriand\/wp-json\/wp\/v2\/posts"}],"about":[{"href":"https:\/\/www.institutfrancais-jerusalem.org\/chateaubriand\/wp-json\/wp\/v2\/types\/post"}],"author":[{"embeddable":true,"href":"https:\/\/www.institutfrancais-jerusalem.org\/chateaubriand\/wp-json\/wp\/v2\/users\/1"}],"replies":[{"embeddable":true,"href":"https:\/\/www.institutfrancais-jerusalem.org\/chateaubriand\/wp-json\/wp\/v2\/comments?post=4831"}],"version-history":[{"count":10,"href":"https:\/\/www.institutfrancais-jerusalem.org\/chateaubriand\/wp-json\/wp\/v2\/posts\/4831\/revisions"}],"predecessor-version":[{"id":4854,"href":"https:\/\/www.institutfrancais-jerusalem.org\/chateaubriand\/wp-json\/wp\/v2\/posts\/4831\/revisions\/4854"}],"wp:featuredmedia":[{"embeddable":true,"href":"https:\/\/www.institutfrancais-jerusalem.org\/chateaubriand\/wp-json\/wp\/v2\/media\/4832"}],"wp:attachment":[{"href":"https:\/\/www.institutfrancais-jerusalem.org\/chateaubriand\/wp-json\/wp\/v2\/media?parent=4831"}],"wp:term":[{"taxonomy":"category","embeddable":true,"href":"https:\/\/www.institutfrancais-jerusalem.org\/chateaubriand\/wp-json\/wp\/v2\/categories?post=4831"},{"taxonomy":"post_tag","embeddable":true,"href":"https:\/\/www.institutfrancais-jerusalem.org\/chateaubriand\/wp-json\/wp\/v2\/tags?post=4831"}],"curies":[{"name":"wp","href":"https:\/\/api.w.org\/{rel}","templated":true}]}}