{"id":4707,"date":"2020-06-15T13:53:37","date_gmt":"2020-06-15T11:53:37","guid":{"rendered":"https:\/\/www.institutfrancais-jerusalem.org\/chateaubriand\/?p=4707"},"modified":"2020-06-22T19:16:08","modified_gmt":"2020-06-22T17:16:08","slug":"21-juin-fete-de-la-musique-100-en-ligne-sur-nos-reseaux-sociaux","status":"publish","type":"post","link":"https:\/\/www.institutfrancais-jerusalem.org\/chateaubriand\/21-juin-fete-de-la-musique-100-en-ligne-sur-nos-reseaux-sociaux\/","title":{"rendered":"21 juin : F\u00eate de la musique 100% en ligne sur nos r\u00e9seaux sociaux !"},"content":{"rendered":"<p class=\"p1\"><span class=\"s1\">La F\u00eate de la Musique a \u00e9t\u00e9 fix\u00e9e \u00e0 une date unique et symbolique, le 21 juin, jour du solstice d\u2019\u00e9t\u00e9. Grande manifestation populaire gratuite et ouverte \u00e0 tous les musiciens, amateurs de tous niveaux ou professionnels, elle c\u00e9l\u00e8bre la musique vivante et met en valeur l\u2019ampleur et la diversit\u00e9 des pratiques musicales, ainsi que tous les genres musicaux. Elle s\u2019adresse \u00e0 tous les publics et contribue \u00e0 familiariser \u00e0 toutes les expressions musicales les jeunes et les moins jeunes de toutes conditions sociales. <\/span><\/p>\n<p class=\"p1\"><span class=\"s1\">Malgr\u00e9 l\u2019impossibilit\u00e9 d\u2019organiser une tourn\u00e9e physique, il serait regrettable de ne pas maintenir un \u00e9v\u00e8nement pour cette c\u00e9l\u00e9bration traditionnelle. C\u2019est pourquoi, nous avons choisi d\u2019investir les r\u00e9seaux sociaux et d\u2019organiser la 1\u00e8re f\u00eate de la musique 100% en ligne de Palestine.<\/span><\/p>\n<h3 class=\"p4\"><span class=\"s1\">Programme du 21 juin<\/span><\/h3>\n<h4 class=\"p5\"><span class=\"s1\"><b>A voir et \u00e9couter en direct sur toutes nos pages Facebook<\/b><\/span><\/h4>\n<p><iframe loading=\"lazy\" src=\"https:\/\/www.youtube.com\/embed\/-VFn5fvCE8U\" width=\"560\" height=\"315\" frameborder=\"0\" allowfullscreen=\"allowfullscreen\"><\/iframe><\/p>\n<h6 class=\"p5\"><span class=\"s1\"><b>A partir de 13h00<span class=\"Apple-converted-space\">\u00a0 <\/span>: Concours de musiciens palestiniens !<\/b><\/span><\/h6>\n<ul class=\"ul1\">\n<li style=\"list-style-type: none;\">\n<ul class=\"ul1\">\n<li class=\"li1\"><span class=\"s1\">13h00 : Siraj Shawa<\/span><\/li>\n<\/ul>\n<\/li>\n<\/ul>\n<p><iframe loading=\"lazy\" src=\"https:\/\/www.youtube.com\/embed\/Hpq977HDlTg\" width=\"560\" height=\"315\" frameborder=\"0\" allowfullscreen=\"allowfullscreen\"><\/iframe><\/p>\n<ul class=\"ul1\">\n<li style=\"list-style-type: none;\">\n<ul class=\"ul1\">\n<li class=\"li1\"><span class=\"s1\">14h00 : Mafar Band <\/span><\/li>\n<\/ul>\n<\/li>\n<\/ul>\n<p><iframe loading=\"lazy\" src=\"https:\/\/www.youtube.com\/embed\/1mKX0q4cya8\" width=\"560\" height=\"315\" frameborder=\"0\" allowfullscreen=\"allowfullscreen\"><\/iframe><\/p>\n<ul class=\"ul1\">\n<li style=\"list-style-type: none;\">\n<ul class=\"ul1\">\n<li class=\"li1\"><span class=\"s1\">15h00 :<span class=\"Apple-converted-space\">\u00a0<\/span>Ourjouwan Band <\/span><\/li>\n<\/ul>\n<\/li>\n<\/ul>\n<p><iframe loading=\"lazy\" src=\"https:\/\/www.youtube.com\/embed\/nQPvGTi3Sb8\" width=\"560\" height=\"315\" frameborder=\"0\" allowfullscreen=\"allowfullscreen\"><\/iframe><\/p>\n<ul class=\"ul1\">\n<li style=\"list-style-type: none;\">\n<ul class=\"ul1\">\n<li class=\"li1\"><span class=\"s1\">16h00 : Sol Band <\/span><\/li>\n<\/ul>\n<\/li>\n<\/ul>\n<p><iframe loading=\"lazy\" src=\"https:\/\/www.youtube.com\/embed\/PqjMnJi2OX4\" width=\"560\" height=\"315\" frameborder=\"0\" allowfullscreen=\"allowfullscreen\"><\/iframe><\/p>\n<ul class=\"ul1\">\n<li style=\"list-style-type: none;\">\n<ul class=\"ul1\">\n<li class=\"li1\"><span class=\"s1\">17h00 : Mohamed Zohd <\/span><\/li>\n<\/ul>\n<\/li>\n<\/ul>\n<p><iframe loading=\"lazy\" src=\"https:\/\/www.youtube.com\/embed\/NeI6kszpRXc\" width=\"560\" height=\"315\" frameborder=\"0\" allowfullscreen=\"allowfullscreen\"><\/iframe><\/p>\n<ul class=\"ul1\">\n<li style=\"list-style-type: none;\">\n<ul class=\"ul1\">\n<li class=\"li1\"><span class=\"s1\">18h00 : RMR Trio <\/span><\/li>\n<\/ul>\n<\/li>\n<\/ul>\n<p><iframe loading=\"lazy\" src=\"https:\/\/www.youtube.com\/embed\/ik_GSvzXkW8\" width=\"560\" height=\"315\" frameborder=\"0\" allowfullscreen=\"allowfullscreen\"><\/iframe><\/p>\n<ul class=\"ul1\">\n<li style=\"list-style-type: none;\">\n<ul class=\"ul1\">\n<li class=\"li1\"><span class=\"s1\">19h00 : Mazaj Ensemble<\/span><\/li>\n<\/ul>\n<\/li>\n<\/ul>\n<p><iframe loading=\"lazy\" src=\"https:\/\/www.youtube.com\/embed\/B5AfCFbZN24\" width=\"560\" height=\"315\" frameborder=\"0\" allowfullscreen=\"allowfullscreen\"><\/iframe><\/p>\n<p><a href=\"https:\/\/fr.surveymonkey.com\/r\/GK9WQNZ\"><span class=\"s1\"><b>19h30 : Votez pour votre artiste pr\u00e9f\u00e9r\u00e9 gr\u00e2ce \u00e0 notre sondage Facebook !<\/b><\/span><\/a><\/p>\n<p><iframe loading=\"lazy\" src=\"https:\/\/www.youtube.com\/embed\/m1N7msUD9dk\" width=\"560\" height=\"315\" frameborder=\"0\" allowfullscreen=\"allowfullscreen\"><\/iframe><\/p>\n<h6><a href=\"https:\/\/www.facebook.com\/events\/786075848595004\/\"><span class=\"s1\"><b>20h00 : concert de Watar Band (Gaza)<\/b><\/span><\/a><\/h6>\n<p><iframe loading=\"lazy\" src=\"https:\/\/www.youtube.com\/embed\/JII12M9Y57U\" width=\"560\" height=\"315\" frameborder=\"0\" allowfullscreen=\"allowfullscreen\"><\/iframe><\/p>\n<h6><a href=\"https:\/\/www.facebook.com\/events\/624429034844394\/\"><span class=\"s1\"><b>20h30 : Concert d<\/b><\/span><span class=\"s2\">\u2019<\/span><span class=\"s1\"><b>Insula (France)<\/b><\/span><\/a><\/h6>\n<p><iframe loading=\"lazy\" src=\"https:\/\/www.youtube.com\/embed\/Fy-LNL7DoQ8\" width=\"560\" height=\"315\" frameborder=\"0\" allowfullscreen=\"allowfullscreen\"><\/iframe><\/p>\n<h3 class=\"p10\"><span class=\"s1\">Concours de musiciens palestiniens<\/span><\/h3>\n<p class=\"p11\"><span class=\"s1\"><img loading=\"lazy\" decoding=\"async\" class=\"alignleft size-medium wp-image-6560\" src=\"https:\/\/www.institutfrancais-jerusalem.org\/wp-content\/uploads\/2020\/06\/visuel-ge\u0301ne\u0301ral-FDM-2020-300x169.jpg\" alt=\"\" width=\"300\" height=\"169\" \/>Jusqu\u2019au 10 juin, l\u2019Institut fran\u00e7ais de J\u00e9rusalem, en partenariat avec Al Kamandjati et Arabesques Festival (France), a propos\u00e9 un concours en ligne ouvert aux musiciens palestiniens, amateurs ou professionnels. 7 laur\u00e9ats ont \u00e9t\u00e9 d\u00e9sign\u00e9s par notre jury et se produiront en live Facebook.<\/span><span class=\"s3\"><b> Les 7 laur\u00e9ats s\u00e9lectionn\u00e9s par le jury dans le cadre du concours de musique joueront \u00e0 partir de 13h heures le 21 juin. <\/b><\/span><\/p>\n<p class=\"p11\"><span class=\"s1\">Pour d\u00e9terminer les 2 grands gagnants du concours, une vid\u00e9o r\u00e9capitulative sera publi\u00e9e sur nos r\u00e9seaux \u00e0 19h30 et un vote du public sera organis\u00e9 sur nos r\u00e9seaux sociaux pour vous lasser choisir les gagnants !<\/span><\/p>\n<h6 class=\"p5\"><a href=\"https:\/\/www.facebook.com\/events\/1975362605929125\/\"><span class=\"s1\"><b>Je vote pour mon artiste pr\u00e9f\u00e9r\u00e9<\/b><\/span><\/a><\/h6>\n<p>On a retenu notre souffle jusqu&rsquo;au bout avec un r\u00e9sultat tr\u00e8s serr\u00e9 et vous avez \u00e9t\u00e9 plus de 10 000 \u00e0 y r\u00e9pondre, un grand merci pour votre participation !<\/p>\n<p>Nous souhaitons adresser toutes nos f\u00e9licitations \u00e0\u00a0<a class=\"profileLink\" href=\"https:\/\/www.facebook.com\/solband.gaza\/?eid=ARC3CY5QMd3BdO5Rke64Q1eX9CGrum1j7yYaO4Jl_YJIgAKsXzc2llVdTVz9CK6jL9hW9-f9QPcnmfHj&amp;fref=tag\" data-hovercard=\"\/ajax\/hovercard\/page.php?id=1604980049774401&amp;extragetparams=%7B%22eid%22%3A%22ARC3CY5QMd3BdO5Rke64Q1eX9CGrum1j7yYaO4Jl_YJIgAKsXzc2llVdTVz9CK6jL9hW9-f9QPcnmfHj%22%2C%22fref%22%3A%22tag%22%7D\" data-hovercard-prefer-more-content-show=\"1\">\u0641\u0631\u0642\u0629 \u0635\u0648\u0644 SOL Band<\/a>\u00a0qui gagne le premier prix de notre concours<\/p>\n<p>Toutes nos f\u00e9licitations \u00e9galement \u00e0\u00a0<a class=\"profileLink\" href=\"https:\/\/www.facebook.com\/Mazaj.Ensemble\/?eid=ARAISDgC3A82dGmsS_Gg8fvy7QU_nvRqMbK1x6dfTJGyOiOFv5veqoLkj2D3iepTZG71YsJuPB6yCiWn&amp;fref=tag\" data-hovercard=\"\/ajax\/hovercard\/page.php?id=343026545887873&amp;extragetparams=%7B%22eid%22%3A%22ARAISDgC3A82dGmsS_Gg8fvy7QU_nvRqMbK1x6dfTJGyOiOFv5veqoLkj2D3iepTZG71YsJuPB6yCiWn%22%2C%22fref%22%3A%22tag%22%7D\" data-hovercard-prefer-more-content-show=\"1\">Mazaj Ensemble \u0641\u0631\u0642\u0629 \u0645\u0632\u0627\u062c<\/a>\u00a0qui gagne le deuxi\u00e8me prix de notre concours.<\/p>\n<p>Nous profitons encore une fois de ce message pour remercier chacun des participants. Toutes les prestations re\u00e7ues \u00e9taient remarquables et nous esp\u00e9rons vivement pouvoir collaborer avec vous tr\u00e8s prochainement.<\/p>\n<h3 class=\"p10\"><span class=\"s1\">Concert de Watar Band (Gaza)<\/span><\/h3>\n<p class=\"p7\"><span class=\"s1\"><img loading=\"lazy\" decoding=\"async\" class=\"alignleft size-medium wp-image-6570\" src=\"https:\/\/www.institutfrancais-jerusalem.org\/wp-content\/uploads\/2020\/06\/visuel-FDM-2020-watar-band-1-300x169.jpg\" alt=\"\" width=\"300\" height=\"169\" \/>Watar Band est un groupe de musique palestinien form\u00e9 en 2008 dans la ville de Gaza. M\u00e9lange de musique arabe traditionnelle et de divers genres occidentaux, Watar band souhaite refl\u00e9ter dans leurs compositions les r\u00e9alit\u00e9s personnelles et culturelles de chacun de ses membres. Ce travail donne un m\u00e9lange in\u00e9dit et savoureux de pop, de rock doux et de musique du monde. Depuis sa cr\u00e9ation, le groupe a donn\u00e9 de nombreux concerts, localement comme \u00e0 l\u2019international, sortant plusieurs singles, dont les succ\u00e8s \u201cDawshaih\u201d, \u201cWe Teach Life Sir\u201d ou encore le remix de \u201cWain a \u2019Ramallah\u201d. I<\/span><\/p>\n<p class=\"p7\"><span class=\"s1\">Apr\u00e8s son premier album \u201cGharib Huna\u201d en 2015, Watar band a produit en 2019 son deuxi\u00e8me album intitul\u00e9 \u00ab\u00a030 Alf Shaghlah\u201d. Le groupe est aujourd\u2019hui consid\u00e9r\u00e9 comme l\u2019un des groupes les plus populaires de Gaza.<\/span><\/p>\n<h6 class=\"p7\"><a href=\"https:\/\/www.facebook.com\/events\/786075848595004\/\"><span class=\"s1\">Concert de Watar band sur Facebook dimanche 21 juin \u00e0 20h00 !<\/span><\/a><\/h6>\n<h3 class=\"p10\"><span class=\"s1\">Concert d\u2019Insula (France)<\/span><\/h3>\n<p class=\"p1\"><span class=\"s1\"><img loading=\"lazy\" decoding=\"async\" class=\"alignleft size-medium wp-image-6564\" src=\"https:\/\/www.institutfrancais-jerusalem.org\/wp-content\/uploads\/2020\/06\/visuel-FDM-2020-300x169.jpg\" alt=\"\" width=\"300\" height=\"169\" \/><\/span><\/p>\n<p class=\"p1\"><span class=\"s1\">Le projet INSULA est n\u00e9 en 2016 \u00e0 l<\/span><span class=\"s2\">\u2019<\/span><span class=\"s1\">initiative de Maher Beauroy, auteur, compositeur associ\u00e9 \u00e0 Tropiques Atrium, Sc\u00e8ne nationale de Martinique, interpr\u00e8te et pianiste martiniquais, Redha Benabdallah, oudiste et musicologue franco-alg\u00e9rien, et Adriano Tenorio, percussionniste br\u00e9silien. Ce trio a compos\u00e9 une \u0153uvre cr\u00e9ant un pont entre la musique du Maghreb et le jazz carib\u00e9en.<\/span><\/p>\n<p class=\"p1\"><span class=\"s1\">INSULA fait r\u00e9f\u00e9rence \u00e0 la Martinique et \u00e0 l<\/span><span class=\"s2\">\u2019<\/span><span class=\"s1\">Alg\u00e9rie. Au c\u0153ur de leur inspiration, une figure s<\/span><span class=\"s2\">\u2019<\/span><span class=\"s1\">impose, celle de Frantz Fanon qui a marqu\u00e9 plusieurs g\u00e9n\u00e9rations de la pens\u00e9e anticolonialiste. Gr\u00e2ce \u00e0 l<\/span><span class=\"s2\">\u2019<\/span><span class=\"s1\">appui du r\u00e9seau des Instituts fran\u00e7ais et Alliances, INSULA a pu \u00eatre pr\u00e9sent\u00e9 aux 4 coins du monde.<\/span><\/p>\n<p class=\"p3\"><span class=\"s1\">Production concert vid\u00e9o\u00a0: Tropiques Atrium, Sc\u00e8ne nationale<\/span><\/p>\n<h6 class=\"p7\"><a href=\"https:\/\/www.facebook.com\/events\/624429034844394\/\"><span class=\"s1\">Concert de Insula sur Facebook dimanche 21 juin \u00e0 20h30 !<\/span><\/a><\/h6>\n","protected":false},"excerpt":{"rendered":"<p>La F\u00eate de la Musique a \u00e9t\u00e9 fix\u00e9e \u00e0 une date unique et symbolique, le 21 juin, jour du solstice d\u2019\u00e9t\u00e9. Grande manifestation populaire gratuite et ouverte \u00e0 tous les musiciens, amateurs de tous niveaux ou professionnels, elle c\u00e9l\u00e8bre la musique vivante et met en valeur l\u2019ampleur et la diversit\u00e9 des pratiques musicales, ainsi que &hellip;<\/p>\n","protected":false},"author":1,"featured_media":4671,"comment_status":"closed","ping_status":"closed","sticky":false,"template":"","format":"standard","meta":{"footnotes":""},"categories":[2,4,5,26,7,28,25],"tags":[332,83,252,336,62,88,337,330,327,59,133,334,44,331,335,99,91,81,259,333],"class_list":["post-4707","post","type-post","status-publish","format-standard","has-post-thumbnail","","category-agenda-culturel","category-arts-vivants","category-breaking-news","category-agenda-culturel-chateaubriand","category-diaporama","category-gaza","category-ramallah","tag-332","tag-al-kamandjati","tag-alliance-francaise","tag-argentine","tag-bethleem","tag-concert","tag-evenement","tag-fdlm","tag-fete","tag-france","tag-gaza","tag-insula","tag-jerusalem","tag-juin","tag-martinique","tag-montpellier","tag-musique","tag-ramallah","tag-unisons","tag-watar-band"],"yoast_head":"<!-- This site is optimized with the Yoast SEO plugin v27.5 - https:\/\/yoast.com\/product\/yoast-seo-wordpress\/ -->\n<title>21 juin : F\u00eate de la musique 100% en ligne sur nos r\u00e9seaux sociaux ! - Institut Fran\u00e7ais de J\u00e9rusalem - Chateaubriand<\/title>\n<meta name=\"description\" content=\"Malgr\u00e9 l\u2019impossibilit\u00e9 d\u2019organiser une tourn\u00e9e physique, il serait regrettable de ne pas maintenir un \u00e9v\u00e8nement pour cette c\u00e9l\u00e9bration traditionnelle. C\u2019est pourquoi, nous avons choisi d\u2019investir les r\u00e9seaux sociaux et d\u2019organiser la 1\u00e8re f\u00eate de la musique 100% en ligne de Palestine.\" \/>\n<meta name=\"robots\" content=\"index, follow, max-snippet:-1, max-image-preview:large, max-video-preview:-1\" \/>\n<link rel=\"canonical\" href=\"https:\/\/www.institutfrancais-jerusalem.org\/chateaubriand\/21-juin-fete-de-la-musique-100-en-ligne-sur-nos-reseaux-sociaux\/\" \/>\n<meta property=\"og:locale\" content=\"fr_FR\" \/>\n<meta property=\"og:type\" content=\"article\" \/>\n<meta property=\"og:title\" content=\"21 juin : F\u00eate de la musique 100% en ligne sur nos r\u00e9seaux sociaux ! - Institut Fran\u00e7ais de J\u00e9rusalem - Chateaubriand\" \/>\n<meta property=\"og:description\" content=\"Malgr\u00e9 l\u2019impossibilit\u00e9 d\u2019organiser une tourn\u00e9e physique, il serait regrettable de ne pas maintenir un \u00e9v\u00e8nement pour cette c\u00e9l\u00e9bration traditionnelle. C\u2019est pourquoi, nous avons choisi d\u2019investir les r\u00e9seaux sociaux et d\u2019organiser la 1\u00e8re f\u00eate de la musique 100% en ligne de Palestine.\" \/>\n<meta property=\"og:url\" content=\"https:\/\/www.institutfrancais-jerusalem.org\/chateaubriand\/21-juin-fete-de-la-musique-100-en-ligne-sur-nos-reseaux-sociaux\/\" \/>\n<meta property=\"og:site_name\" content=\"Institut Fran\u00e7ais de J\u00e9rusalem - Chateaubriand\" \/>\n<meta property=\"article:published_time\" content=\"2020-06-15T11:53:37+00:00\" \/>\n<meta property=\"article:modified_time\" content=\"2020-06-22T17:16:08+00:00\" \/>\n<meta property=\"og:image\" content=\"https:\/\/www.institutfrancais-jerusalem.org\/chateaubriand\/wp-content\/uploads\/sites\/12\/2020\/05\/atikh-bana-homme-saxophone-unsplash-scaled.jpg\" \/>\n\t<meta property=\"og:image:width\" content=\"2560\" \/>\n\t<meta property=\"og:image:height\" content=\"1707\" \/>\n\t<meta property=\"og:image:type\" content=\"image\/jpeg\" \/>\n<meta name=\"author\" content=\"admin6590\" \/>\n<meta name=\"twitter:card\" content=\"summary_large_image\" \/>\n<meta name=\"twitter:label1\" content=\"\u00c9crit par\" \/>\n\t<meta name=\"twitter:data1\" content=\"admin6590\" \/>\n\t<meta name=\"twitter:label2\" content=\"Dur\u00e9e de lecture estim\u00e9e\" \/>\n\t<meta name=\"twitter:data2\" content=\"4 minutes\" \/>\n<script type=\"application\/ld+json\" class=\"yoast-schema-graph\">{\"@context\":\"https:\\\/\\\/schema.org\",\"@graph\":[{\"@type\":\"Article\",\"@id\":\"https:\\\/\\\/www.institutfrancais-jerusalem.org\\\/chateaubriand\\\/21-juin-fete-de-la-musique-100-en-ligne-sur-nos-reseaux-sociaux\\\/#article\",\"isPartOf\":{\"@id\":\"https:\\\/\\\/www.institutfrancais-jerusalem.org\\\/chateaubriand\\\/21-juin-fete-de-la-musique-100-en-ligne-sur-nos-reseaux-sociaux\\\/\"},\"author\":{\"name\":\"admin6590\",\"@id\":\"https:\\\/\\\/www.institutfrancais-jerusalem.org\\\/chateaubriand\\\/#\\\/schema\\\/person\\\/0d606b93f4fb1eb5c713b8be3dd4c4bf\"},\"headline\":\"21 juin : F\u00eate de la musique 100% en ligne sur nos r\u00e9seaux sociaux !\",\"datePublished\":\"2020-06-15T11:53:37+00:00\",\"dateModified\":\"2020-06-22T17:16:08+00:00\",\"mainEntityOfPage\":{\"@id\":\"https:\\\/\\\/www.institutfrancais-jerusalem.org\\\/chateaubriand\\\/21-juin-fete-de-la-musique-100-en-ligne-sur-nos-reseaux-sociaux\\\/\"},\"wordCount\":726,\"image\":{\"@id\":\"https:\\\/\\\/www.institutfrancais-jerusalem.org\\\/chateaubriand\\\/21-juin-fete-de-la-musique-100-en-ligne-sur-nos-reseaux-sociaux\\\/#primaryimage\"},\"thumbnailUrl\":\"https:\\\/\\\/www.institutfrancais-jerusalem.org\\\/chateaubriand\\\/wp-content\\\/uploads\\\/sites\\\/12\\\/2020\\\/05\\\/atikh-bana-homme-saxophone-unsplash-scaled.jpg\",\"keywords\":[\"21\",\"al-kamandj\u00e2ti\",\"alliance fran\u00e7aise\",\"argentine\",\"bethl\u00e9em\",\"concert\",\"\u00e9v\u00e9nement\",\"FDLM\",\"f\u00eate\",\"france\",\"gaza\",\"insula\",\"j\u00e9rusalem\",\"juin\",\"martinique\",\"montpellier\",\"musique\",\"ramallah\",\"uni'sons\",\"watar band\"],\"articleSection\":[\"Agenda culturel\",\"Arts vivants\",\"breaking-news\",\"CHATEAUBRIAND\",\"Diaporama\",\"GAZA\",\"RAMALLAH\"],\"inLanguage\":\"fr-FR\"},{\"@type\":\"WebPage\",\"@id\":\"https:\\\/\\\/www.institutfrancais-jerusalem.org\\\/chateaubriand\\\/21-juin-fete-de-la-musique-100-en-ligne-sur-nos-reseaux-sociaux\\\/\",\"url\":\"https:\\\/\\\/www.institutfrancais-jerusalem.org\\\/chateaubriand\\\/21-juin-fete-de-la-musique-100-en-ligne-sur-nos-reseaux-sociaux\\\/\",\"name\":\"21 juin : F\u00eate de la musique 100% en ligne sur nos r\u00e9seaux sociaux ! - Institut Fran\u00e7ais de J\u00e9rusalem - Chateaubriand\",\"isPartOf\":{\"@id\":\"https:\\\/\\\/www.institutfrancais-jerusalem.org\\\/chateaubriand\\\/#website\"},\"primaryImageOfPage\":{\"@id\":\"https:\\\/\\\/www.institutfrancais-jerusalem.org\\\/chateaubriand\\\/21-juin-fete-de-la-musique-100-en-ligne-sur-nos-reseaux-sociaux\\\/#primaryimage\"},\"image\":{\"@id\":\"https:\\\/\\\/www.institutfrancais-jerusalem.org\\\/chateaubriand\\\/21-juin-fete-de-la-musique-100-en-ligne-sur-nos-reseaux-sociaux\\\/#primaryimage\"},\"thumbnailUrl\":\"https:\\\/\\\/www.institutfrancais-jerusalem.org\\\/chateaubriand\\\/wp-content\\\/uploads\\\/sites\\\/12\\\/2020\\\/05\\\/atikh-bana-homme-saxophone-unsplash-scaled.jpg\",\"datePublished\":\"2020-06-15T11:53:37+00:00\",\"dateModified\":\"2020-06-22T17:16:08+00:00\",\"author\":{\"@id\":\"https:\\\/\\\/www.institutfrancais-jerusalem.org\\\/chateaubriand\\\/#\\\/schema\\\/person\\\/0d606b93f4fb1eb5c713b8be3dd4c4bf\"},\"description\":\"Malgr\u00e9 l\u2019impossibilit\u00e9 d\u2019organiser une tourn\u00e9e physique, il serait regrettable de ne pas maintenir un \u00e9v\u00e8nement pour cette c\u00e9l\u00e9bration traditionnelle. C\u2019est pourquoi, nous avons choisi d\u2019investir les r\u00e9seaux sociaux et d\u2019organiser la 1\u00e8re f\u00eate de la musique 100% en ligne de Palestine.\",\"breadcrumb\":{\"@id\":\"https:\\\/\\\/www.institutfrancais-jerusalem.org\\\/chateaubriand\\\/21-juin-fete-de-la-musique-100-en-ligne-sur-nos-reseaux-sociaux\\\/#breadcrumb\"},\"inLanguage\":\"fr-FR\",\"potentialAction\":[{\"@type\":\"ReadAction\",\"target\":[\"https:\\\/\\\/www.institutfrancais-jerusalem.org\\\/chateaubriand\\\/21-juin-fete-de-la-musique-100-en-ligne-sur-nos-reseaux-sociaux\\\/\"]}]},{\"@type\":\"ImageObject\",\"inLanguage\":\"fr-FR\",\"@id\":\"https:\\\/\\\/www.institutfrancais-jerusalem.org\\\/chateaubriand\\\/21-juin-fete-de-la-musique-100-en-ligne-sur-nos-reseaux-sociaux\\\/#primaryimage\",\"url\":\"https:\\\/\\\/www.institutfrancais-jerusalem.org\\\/chateaubriand\\\/wp-content\\\/uploads\\\/sites\\\/12\\\/2020\\\/05\\\/atikh-bana-homme-saxophone-unsplash-scaled.jpg\",\"contentUrl\":\"https:\\\/\\\/www.institutfrancais-jerusalem.org\\\/chateaubriand\\\/wp-content\\\/uploads\\\/sites\\\/12\\\/2020\\\/05\\\/atikh-bana-homme-saxophone-unsplash-scaled.jpg\",\"width\":2560,\"height\":1707,\"caption\":\"Unsplash \u00a9 Atikh Bana\"},{\"@type\":\"BreadcrumbList\",\"@id\":\"https:\\\/\\\/www.institutfrancais-jerusalem.org\\\/chateaubriand\\\/21-juin-fete-de-la-musique-100-en-ligne-sur-nos-reseaux-sociaux\\\/#breadcrumb\",\"itemListElement\":[{\"@type\":\"ListItem\",\"position\":1,\"name\":\"Accueil\",\"item\":\"https:\\\/\\\/www.institutfrancais-jerusalem.org\\\/chateaubriand\\\/\"},{\"@type\":\"ListItem\",\"position\":2,\"name\":\"21 juin : F\u00eate de la musique 100% en ligne sur nos r\u00e9seaux sociaux !\"}]},{\"@type\":\"WebSite\",\"@id\":\"https:\\\/\\\/www.institutfrancais-jerusalem.org\\\/chateaubriand\\\/#website\",\"url\":\"https:\\\/\\\/www.institutfrancais-jerusalem.org\\\/chateaubriand\\\/\",\"name\":\"Institut Fran\u00e7ais de J\u00e9rusalem - Chateaubriand\",\"description\":\"\",\"potentialAction\":[{\"@type\":\"SearchAction\",\"target\":{\"@type\":\"EntryPoint\",\"urlTemplate\":\"https:\\\/\\\/www.institutfrancais-jerusalem.org\\\/chateaubriand\\\/?s={search_term_string}\"},\"query-input\":{\"@type\":\"PropertyValueSpecification\",\"valueRequired\":true,\"valueName\":\"search_term_string\"}}],\"inLanguage\":\"fr-FR\"},{\"@type\":\"Person\",\"@id\":\"https:\\\/\\\/www.institutfrancais-jerusalem.org\\\/chateaubriand\\\/#\\\/schema\\\/person\\\/0d606b93f4fb1eb5c713b8be3dd4c4bf\",\"name\":\"admin6590\",\"image\":{\"@type\":\"ImageObject\",\"inLanguage\":\"fr-FR\",\"@id\":\"https:\\\/\\\/secure.gravatar.com\\\/avatar\\\/26482e0f083efa40e5c2db57a3d590897a500390cc256266e30d5da5605a03a9?s=96&d=mm&r=g\",\"url\":\"https:\\\/\\\/secure.gravatar.com\\\/avatar\\\/26482e0f083efa40e5c2db57a3d590897a500390cc256266e30d5da5605a03a9?s=96&d=mm&r=g\",\"contentUrl\":\"https:\\\/\\\/secure.gravatar.com\\\/avatar\\\/26482e0f083efa40e5c2db57a3d590897a500390cc256266e30d5da5605a03a9?s=96&d=mm&r=g\",\"caption\":\"admin6590\"},\"url\":\"https:\\\/\\\/www.institutfrancais-jerusalem.org\\\/chateaubriand\\\/author\\\/admin6590\\\/\"}]}<\/script>\n<!-- \/ Yoast SEO plugin. -->","yoast_head_json":{"title":"21 juin : F\u00eate de la musique 100% en ligne sur nos r\u00e9seaux sociaux ! - Institut Fran\u00e7ais de J\u00e9rusalem - Chateaubriand","description":"Malgr\u00e9 l\u2019impossibilit\u00e9 d\u2019organiser une tourn\u00e9e physique, il serait regrettable de ne pas maintenir un \u00e9v\u00e8nement pour cette c\u00e9l\u00e9bration traditionnelle. C\u2019est pourquoi, nous avons choisi d\u2019investir les r\u00e9seaux sociaux et d\u2019organiser la 1\u00e8re f\u00eate de la musique 100% en ligne de Palestine.","robots":{"index":"index","follow":"follow","max-snippet":"max-snippet:-1","max-image-preview":"max-image-preview:large","max-video-preview":"max-video-preview:-1"},"canonical":"https:\/\/www.institutfrancais-jerusalem.org\/chateaubriand\/21-juin-fete-de-la-musique-100-en-ligne-sur-nos-reseaux-sociaux\/","og_locale":"fr_FR","og_type":"article","og_title":"21 juin : F\u00eate de la musique 100% en ligne sur nos r\u00e9seaux sociaux ! - Institut Fran\u00e7ais de J\u00e9rusalem - Chateaubriand","og_description":"Malgr\u00e9 l\u2019impossibilit\u00e9 d\u2019organiser une tourn\u00e9e physique, il serait regrettable de ne pas maintenir un \u00e9v\u00e8nement pour cette c\u00e9l\u00e9bration traditionnelle. C\u2019est pourquoi, nous avons choisi d\u2019investir les r\u00e9seaux sociaux et d\u2019organiser la 1\u00e8re f\u00eate de la musique 100% en ligne de Palestine.","og_url":"https:\/\/www.institutfrancais-jerusalem.org\/chateaubriand\/21-juin-fete-de-la-musique-100-en-ligne-sur-nos-reseaux-sociaux\/","og_site_name":"Institut Fran\u00e7ais de J\u00e9rusalem - Chateaubriand","article_published_time":"2020-06-15T11:53:37+00:00","article_modified_time":"2020-06-22T17:16:08+00:00","og_image":[{"width":2560,"height":1707,"url":"https:\/\/www.institutfrancais-jerusalem.org\/chateaubriand\/wp-content\/uploads\/sites\/12\/2020\/05\/atikh-bana-homme-saxophone-unsplash-scaled.jpg","type":"image\/jpeg"}],"author":"admin6590","twitter_card":"summary_large_image","twitter_misc":{"\u00c9crit par":"admin6590","Dur\u00e9e de lecture estim\u00e9e":"4 minutes"},"schema":{"@context":"https:\/\/schema.org","@graph":[{"@type":"Article","@id":"https:\/\/www.institutfrancais-jerusalem.org\/chateaubriand\/21-juin-fete-de-la-musique-100-en-ligne-sur-nos-reseaux-sociaux\/#article","isPartOf":{"@id":"https:\/\/www.institutfrancais-jerusalem.org\/chateaubriand\/21-juin-fete-de-la-musique-100-en-ligne-sur-nos-reseaux-sociaux\/"},"author":{"name":"admin6590","@id":"https:\/\/www.institutfrancais-jerusalem.org\/chateaubriand\/#\/schema\/person\/0d606b93f4fb1eb5c713b8be3dd4c4bf"},"headline":"21 juin : F\u00eate de la musique 100% en ligne sur nos r\u00e9seaux sociaux !","datePublished":"2020-06-15T11:53:37+00:00","dateModified":"2020-06-22T17:16:08+00:00","mainEntityOfPage":{"@id":"https:\/\/www.institutfrancais-jerusalem.org\/chateaubriand\/21-juin-fete-de-la-musique-100-en-ligne-sur-nos-reseaux-sociaux\/"},"wordCount":726,"image":{"@id":"https:\/\/www.institutfrancais-jerusalem.org\/chateaubriand\/21-juin-fete-de-la-musique-100-en-ligne-sur-nos-reseaux-sociaux\/#primaryimage"},"thumbnailUrl":"https:\/\/www.institutfrancais-jerusalem.org\/chateaubriand\/wp-content\/uploads\/sites\/12\/2020\/05\/atikh-bana-homme-saxophone-unsplash-scaled.jpg","keywords":["21","al-kamandj\u00e2ti","alliance fran\u00e7aise","argentine","bethl\u00e9em","concert","\u00e9v\u00e9nement","FDLM","f\u00eate","france","gaza","insula","j\u00e9rusalem","juin","martinique","montpellier","musique","ramallah","uni'sons","watar band"],"articleSection":["Agenda culturel","Arts vivants","breaking-news","CHATEAUBRIAND","Diaporama","GAZA","RAMALLAH"],"inLanguage":"fr-FR"},{"@type":"WebPage","@id":"https:\/\/www.institutfrancais-jerusalem.org\/chateaubriand\/21-juin-fete-de-la-musique-100-en-ligne-sur-nos-reseaux-sociaux\/","url":"https:\/\/www.institutfrancais-jerusalem.org\/chateaubriand\/21-juin-fete-de-la-musique-100-en-ligne-sur-nos-reseaux-sociaux\/","name":"21 juin : F\u00eate de la musique 100% en ligne sur nos r\u00e9seaux sociaux ! - Institut Fran\u00e7ais de J\u00e9rusalem - Chateaubriand","isPartOf":{"@id":"https:\/\/www.institutfrancais-jerusalem.org\/chateaubriand\/#website"},"primaryImageOfPage":{"@id":"https:\/\/www.institutfrancais-jerusalem.org\/chateaubriand\/21-juin-fete-de-la-musique-100-en-ligne-sur-nos-reseaux-sociaux\/#primaryimage"},"image":{"@id":"https:\/\/www.institutfrancais-jerusalem.org\/chateaubriand\/21-juin-fete-de-la-musique-100-en-ligne-sur-nos-reseaux-sociaux\/#primaryimage"},"thumbnailUrl":"https:\/\/www.institutfrancais-jerusalem.org\/chateaubriand\/wp-content\/uploads\/sites\/12\/2020\/05\/atikh-bana-homme-saxophone-unsplash-scaled.jpg","datePublished":"2020-06-15T11:53:37+00:00","dateModified":"2020-06-22T17:16:08+00:00","author":{"@id":"https:\/\/www.institutfrancais-jerusalem.org\/chateaubriand\/#\/schema\/person\/0d606b93f4fb1eb5c713b8be3dd4c4bf"},"description":"Malgr\u00e9 l\u2019impossibilit\u00e9 d\u2019organiser une tourn\u00e9e physique, il serait regrettable de ne pas maintenir un \u00e9v\u00e8nement pour cette c\u00e9l\u00e9bration traditionnelle. C\u2019est pourquoi, nous avons choisi d\u2019investir les r\u00e9seaux sociaux et d\u2019organiser la 1\u00e8re f\u00eate de la musique 100% en ligne de Palestine.","breadcrumb":{"@id":"https:\/\/www.institutfrancais-jerusalem.org\/chateaubriand\/21-juin-fete-de-la-musique-100-en-ligne-sur-nos-reseaux-sociaux\/#breadcrumb"},"inLanguage":"fr-FR","potentialAction":[{"@type":"ReadAction","target":["https:\/\/www.institutfrancais-jerusalem.org\/chateaubriand\/21-juin-fete-de-la-musique-100-en-ligne-sur-nos-reseaux-sociaux\/"]}]},{"@type":"ImageObject","inLanguage":"fr-FR","@id":"https:\/\/www.institutfrancais-jerusalem.org\/chateaubriand\/21-juin-fete-de-la-musique-100-en-ligne-sur-nos-reseaux-sociaux\/#primaryimage","url":"https:\/\/www.institutfrancais-jerusalem.org\/chateaubriand\/wp-content\/uploads\/sites\/12\/2020\/05\/atikh-bana-homme-saxophone-unsplash-scaled.jpg","contentUrl":"https:\/\/www.institutfrancais-jerusalem.org\/chateaubriand\/wp-content\/uploads\/sites\/12\/2020\/05\/atikh-bana-homme-saxophone-unsplash-scaled.jpg","width":2560,"height":1707,"caption":"Unsplash \u00a9 Atikh Bana"},{"@type":"BreadcrumbList","@id":"https:\/\/www.institutfrancais-jerusalem.org\/chateaubriand\/21-juin-fete-de-la-musique-100-en-ligne-sur-nos-reseaux-sociaux\/#breadcrumb","itemListElement":[{"@type":"ListItem","position":1,"name":"Accueil","item":"https:\/\/www.institutfrancais-jerusalem.org\/chateaubriand\/"},{"@type":"ListItem","position":2,"name":"21 juin : F\u00eate de la musique 100% en ligne sur nos r\u00e9seaux sociaux !"}]},{"@type":"WebSite","@id":"https:\/\/www.institutfrancais-jerusalem.org\/chateaubriand\/#website","url":"https:\/\/www.institutfrancais-jerusalem.org\/chateaubriand\/","name":"Institut Fran\u00e7ais de J\u00e9rusalem - Chateaubriand","description":"","potentialAction":[{"@type":"SearchAction","target":{"@type":"EntryPoint","urlTemplate":"https:\/\/www.institutfrancais-jerusalem.org\/chateaubriand\/?s={search_term_string}"},"query-input":{"@type":"PropertyValueSpecification","valueRequired":true,"valueName":"search_term_string"}}],"inLanguage":"fr-FR"},{"@type":"Person","@id":"https:\/\/www.institutfrancais-jerusalem.org\/chateaubriand\/#\/schema\/person\/0d606b93f4fb1eb5c713b8be3dd4c4bf","name":"admin6590","image":{"@type":"ImageObject","inLanguage":"fr-FR","@id":"https:\/\/secure.gravatar.com\/avatar\/26482e0f083efa40e5c2db57a3d590897a500390cc256266e30d5da5605a03a9?s=96&d=mm&r=g","url":"https:\/\/secure.gravatar.com\/avatar\/26482e0f083efa40e5c2db57a3d590897a500390cc256266e30d5da5605a03a9?s=96&d=mm&r=g","contentUrl":"https:\/\/secure.gravatar.com\/avatar\/26482e0f083efa40e5c2db57a3d590897a500390cc256266e30d5da5605a03a9?s=96&d=mm&r=g","caption":"admin6590"},"url":"https:\/\/www.institutfrancais-jerusalem.org\/chateaubriand\/author\/admin6590\/"}]}},"_links":{"self":[{"href":"https:\/\/www.institutfrancais-jerusalem.org\/chateaubriand\/wp-json\/wp\/v2\/posts\/4707","targetHints":{"allow":["GET"]}}],"collection":[{"href":"https:\/\/www.institutfrancais-jerusalem.org\/chateaubriand\/wp-json\/wp\/v2\/posts"}],"about":[{"href":"https:\/\/www.institutfrancais-jerusalem.org\/chateaubriand\/wp-json\/wp\/v2\/types\/post"}],"author":[{"embeddable":true,"href":"https:\/\/www.institutfrancais-jerusalem.org\/chateaubriand\/wp-json\/wp\/v2\/users\/1"}],"replies":[{"embeddable":true,"href":"https:\/\/www.institutfrancais-jerusalem.org\/chateaubriand\/wp-json\/wp\/v2\/comments?post=4707"}],"version-history":[{"count":10,"href":"https:\/\/www.institutfrancais-jerusalem.org\/chateaubriand\/wp-json\/wp\/v2\/posts\/4707\/revisions"}],"predecessor-version":[{"id":4743,"href":"https:\/\/www.institutfrancais-jerusalem.org\/chateaubriand\/wp-json\/wp\/v2\/posts\/4707\/revisions\/4743"}],"wp:featuredmedia":[{"embeddable":true,"href":"https:\/\/www.institutfrancais-jerusalem.org\/chateaubriand\/wp-json\/wp\/v2\/media\/4671"}],"wp:attachment":[{"href":"https:\/\/www.institutfrancais-jerusalem.org\/chateaubriand\/wp-json\/wp\/v2\/media?parent=4707"}],"wp:term":[{"taxonomy":"category","embeddable":true,"href":"https:\/\/www.institutfrancais-jerusalem.org\/chateaubriand\/wp-json\/wp\/v2\/categories?post=4707"},{"taxonomy":"post_tag","embeddable":true,"href":"https:\/\/www.institutfrancais-jerusalem.org\/chateaubriand\/wp-json\/wp\/v2\/tags?post=4707"}],"curies":[{"name":"wp","href":"https:\/\/api.w.org\/{rel}","templated":true}]}}