{"id":3759,"date":"2019-08-22T11:56:45","date_gmt":"2019-08-22T09:56:45","guid":{"rendered":"https:\/\/www.institutfrancais-jerusalem.org\/chateaubriand\/?p=3759"},"modified":"2020-01-02T14:31:33","modified_gmt":"2020-01-02T13:31:33","slug":"cycle-de-conferences","status":"publish","type":"post","link":"https:\/\/www.institutfrancais-jerusalem.org\/chateaubriand\/cycle-de-conferences\/","title":{"rendered":"Cycle de conf\u00e9rences"},"content":{"rendered":"<h3 class=\"p1\"><span class=\"s1\"><i>1919\/1989\/2019 \/ Regards crois\u00e9s Europe &#8211; Proche-Orient<\/i><\/span><\/h3>\n<h6 class=\"p3\"><span class=\"s1\">Pr\u00e9sentation<\/span><\/h6>\n<p class=\"p4\"><span class=\"s1\">Les ann\u00e9es 1919 et 1989 ont \u00e9t\u00e9 des tournants majeurs dans les relations internationales. En Europe comme au Proche-Orient, les espoirs de voir na\u00eetre un nouvel ordre mondial fond\u00e9 sur le droit et les principes d\u00e9mocratiques sont rapidement \u00e9touff\u00e9s par la mont\u00e9e des nationalismes et le retour de la <em>Realpolitik<\/em>. En 2019, alors que l\u2019Union europ\u00e9enne fait face \u00e0 des d\u00e9fis majeurs mena\u00e7ant son existence et tandis que les perspectives d\u2019une paix durable au Proche-Orient semblent plus \u00e9loign\u00e9es que jamais, il est urgent de r\u00e9fl\u00e9chir ensemble \u2013 entre chercheur(e)s mais aussi entre acteur(e)s de la vie politique et intellectuelle europ\u00e9ens et palestiniens \u2013 sur l&rsquo;h\u00e9ritage 1919 et de 1989 dans nos soci\u00e9t\u00e9s. Ce cycle de conf\u00e9rences a \u00e9galement pour objectif de questionner les relations Europe &#8211; Proche-Orient \u00e0 diff\u00e9rentes \u00e9chelles et sur le temps long, tant sur les plans politique que culturel et social.<\/span><\/p>\n<h6 class=\"p3\"><span class=\"s1\">Le cycle de conf\u00e9rences\u00a0<\/span><\/h6>\n<p class=\"p4\"><span class=\"s1\">Un cycle de quatre conf\u00e9rences-d\u00e9bats <i>\u201cpl\u00e9ni\u00e8res\u201d<\/i> sera organis\u00e9 dans les Universit\u00e9s afin de croiser \u00e0 la fois les regards port\u00e9s sur ces <i>\u201c\u00e9v\u00e9nements-mondes\u201d<\/i> que repr\u00e9sentent 1919 et 1989 en Europe et au Proche-Orient mais aussi de r\u00e9fl\u00e9chir, avec les \u00e9tudiants, \u00e0 l&rsquo;\u00e9volution dans le temps long des relations et des repr\u00e9sentations de l&rsquo;autre des deux c\u00f4t\u00e9s de la M\u00e9diterran\u00e9e.\u00a0<\/span><\/p>\n<p class=\"p4\"><span class=\"s1\">La r\u00e9flexion propos\u00e9e par ce cycle cherche \u00e0 questionner le pass\u00e9, le pr\u00e9sent et l&rsquo;avenir des relations entre l&rsquo;Europe et le Proche-Orient par une approche transdisciplinaire et la rencontre de diff\u00e9rents points de vue.<\/span><\/p>\n<p class=\"p4\"><span class=\"s1\">Ce cycle est pens\u00e9 comme un travail bilat\u00e9ral, \u00e0 l&rsquo;image de la th\u00e9matique propos\u00e9e, entre partenaires europ\u00e9ens et partenaires palestiniens. Dans ce sens, les conf\u00e9rences-d\u00e9bats auront lieu dans les Universit\u00e9s palestiniennes et dans des lieux embl\u00e9matiques du d\u00e9bat d&rsquo;id\u00e9es au sein de la soci\u00e9t\u00e9 civile palestinienne. Ces \u00e9v\u00e9nements, organis\u00e9s dans des villes diff\u00e9rentes \u00e0 chaque fois, visent un public large, \u00e0 la fois d&rsquo;\u00e9tudiants et d&rsquo;universitaires mais \u00e9galement d&rsquo;intellectuels et d\u2019acteurs de la pens\u00e9e en Palestine. Pour chacune des quatre s\u00e9quences, les invit\u00e9s europ\u00e9ens et palestiniens seront r\u00e9unis dans le cadre d\u2019un d\u00e9bat \u00e0 plusieurs voix. <\/span><\/p>\n<h6 class=\"p3\"><span class=\"s1\">Le programme<\/span><\/h6>\n<p class=\"p5\"><span class=\"s1\" style=\"color: #008ac9;\"><i><strong>Conf\u00e9rence 1 <\/strong><\/i><\/span><\/p>\n<p class=\"p5\"><span class=\"s1\" style=\"color: #008ac9;\"><i><strong>1919 dans les relations Europe \/ Proche-Orient : un tournant ?<\/strong><\/i><\/span><\/p>\n<ul class=\"ul1\">\n<li class=\"li4\"><span class=\"s1\">Mardi 3 septembre, 11H00<\/span><\/li>\n<li class=\"li4\"><span class=\"s1\">Mus\u00e9e Al-Badd, Bethl\u00e9em<\/span><\/li>\n<\/ul>\n<p><span class=\"s1\">Intervenants :\u00a0 <strong>Aur\u00e9lien Denizeau<\/strong> (INALCO) et <strong>Abaher El Sakka<\/strong> (Universit\u00e9 de Birzeit)<\/span><\/p>\n<p class=\"p4\"><span class=\"s1\">En quoi la Premi\u00e8re Guerre mondiale, les trait\u00e9s de paix de l\u2019apr\u00e8s-guerre et la mise en place des mandats britanniques et fran\u00e7ais marquent-ils un tournant dans les relations entre Europe et Proche-Orient ? tant d\u2019un point de vue politique que culturel et social.<\/span><\/p>\n<div style=\"width: 618px;\" class=\"wp-video\"><video class=\"wp-video-shortcode\" id=\"video-3759-1\" width=\"618\" height=\"348\" preload=\"metadata\" controls=\"controls\"><source type=\"video\/mp4\" src=\"https:\/\/www.institutfrancais-jerusalem.org\/chateaubriand\/wp-content\/uploads\/sites\/12\/2019\/08\/Conference-1-IFJ-IFPO-Alembert-Septembre-2019.mp4.mp4?_=1\" \/><a href=\"https:\/\/www.institutfrancais-jerusalem.org\/chateaubriand\/wp-content\/uploads\/sites\/12\/2019\/08\/Conference-1-IFJ-IFPO-Alembert-Septembre-2019.mp4.mp4\">https:\/\/www.institutfrancais-jerusalem.org\/chateaubriand\/wp-content\/uploads\/sites\/12\/2019\/08\/Conference-1-IFJ-IFPO-Alembert-Septembre-2019.mp4.mp4<\/a><\/video><\/div>\n<div id='gallery-1' class='gallery galleryid-3759 gallery-columns-3 gallery-size-thumbnail'><figure class='gallery-item'>\n\t\t\t<div class='gallery-icon landscape'>\n\t\t\t\t<a href='https:\/\/www.institutfrancais-jerusalem.org\/chateaubriand\/cycle-de-conferences\/09-cycle_conference-ifj_ifpo-bethleem-7\/'><img loading=\"lazy\" decoding=\"async\" width=\"150\" height=\"150\" src=\"https:\/\/www.institutfrancais-jerusalem.org\/chateaubriand\/wp-content\/uploads\/sites\/12\/2019\/08\/09-Cycle_conference-IFJ_IFPO-Bethle\u0301em-7-150x150.jpg\" class=\"attachment-thumbnail size-thumbnail\" alt=\"\" aria-describedby=\"gallery-1-3840\" \/><\/a>\n\t\t\t<\/div>\n\t\t\t\t<figcaption class='wp-caption-text gallery-caption' id='gallery-1-3840'>\n\t\t\t\tEvents.ps \u00a9 Max Production\n\t\t\t\t<\/figcaption><\/figure><figure class='gallery-item'>\n\t\t\t<div class='gallery-icon landscape'>\n\t\t\t\t<a href='https:\/\/www.institutfrancais-jerusalem.org\/chateaubriand\/cycle-de-conferences\/09-cycle_conference-ifj_ifpo-bethleem-14\/'><img loading=\"lazy\" decoding=\"async\" width=\"150\" height=\"150\" src=\"https:\/\/www.institutfrancais-jerusalem.org\/chateaubriand\/wp-content\/uploads\/sites\/12\/2019\/08\/09-Cycle_conference-IFJ_IFPO-Bethle\u0301em-14-150x150.jpg\" class=\"attachment-thumbnail size-thumbnail\" alt=\"\" aria-describedby=\"gallery-1-3842\" \/><\/a>\n\t\t\t<\/div>\n\t\t\t\t<figcaption class='wp-caption-text gallery-caption' id='gallery-1-3842'>\n\t\t\t\tEvents.ps \u00a9 Max Production\n\t\t\t\t<\/figcaption><\/figure><figure class='gallery-item'>\n\t\t\t<div class='gallery-icon landscape'>\n\t\t\t\t<a href='https:\/\/www.institutfrancais-jerusalem.org\/chateaubriand\/cycle-de-conferences\/09-cycle_conference-ifj_ifpo-bethleem-27\/'><img loading=\"lazy\" decoding=\"async\" width=\"150\" height=\"150\" src=\"https:\/\/www.institutfrancais-jerusalem.org\/chateaubriand\/wp-content\/uploads\/sites\/12\/2019\/08\/09-Cycle_conference-IFJ_IFPO-Bethle\u0301em-27-150x150.jpg\" class=\"attachment-thumbnail size-thumbnail\" alt=\"\" aria-describedby=\"gallery-1-3844\" \/><\/a>\n\t\t\t<\/div>\n\t\t\t\t<figcaption class='wp-caption-text gallery-caption' id='gallery-1-3844'>\n\t\t\t\tEvents.ps \u00a9 Max Production\n\t\t\t\t<\/figcaption><\/figure><figure class='gallery-item'>\n\t\t\t<div class='gallery-icon landscape'>\n\t\t\t\t<a href='https:\/\/www.institutfrancais-jerusalem.org\/chateaubriand\/cycle-de-conferences\/09-cycle_conference-ifj_ifpo-bethleem-28\/'><img loading=\"lazy\" decoding=\"async\" width=\"150\" height=\"150\" src=\"https:\/\/www.institutfrancais-jerusalem.org\/chateaubriand\/wp-content\/uploads\/sites\/12\/2019\/08\/09-Cycle_conference-IFJ_IFPO-Bethle\u0301em-28-150x150.jpg\" class=\"attachment-thumbnail size-thumbnail\" alt=\"\" aria-describedby=\"gallery-1-3846\" \/><\/a>\n\t\t\t<\/div>\n\t\t\t\t<figcaption class='wp-caption-text gallery-caption' id='gallery-1-3846'>\n\t\t\t\tEvents.ps \u00a9 Max Production\n\t\t\t\t<\/figcaption><\/figure><figure class='gallery-item'>\n\t\t\t<div class='gallery-icon landscape'>\n\t\t\t\t<a href='https:\/\/www.institutfrancais-jerusalem.org\/chateaubriand\/cycle-de-conferences\/09-cycle_conference-ifj_ifpo-bethleem-32\/'><img loading=\"lazy\" decoding=\"async\" width=\"150\" height=\"150\" src=\"https:\/\/www.institutfrancais-jerusalem.org\/chateaubriand\/wp-content\/uploads\/sites\/12\/2019\/08\/09-Cycle_conference-IFJ_IFPO-Bethle\u0301em-32-150x150.jpg\" class=\"attachment-thumbnail size-thumbnail\" alt=\"\" aria-describedby=\"gallery-1-3848\" \/><\/a>\n\t\t\t<\/div>\n\t\t\t\t<figcaption class='wp-caption-text gallery-caption' id='gallery-1-3848'>\n\t\t\t\tEvents.ps \u00a9 Max Production\n\t\t\t\t<\/figcaption><\/figure><figure class='gallery-item'>\n\t\t\t<div class='gallery-icon landscape'>\n\t\t\t\t<a href='https:\/\/www.institutfrancais-jerusalem.org\/chateaubriand\/cycle-de-conferences\/09-cycle_conference-ifj_ifpo-bethleem-39\/'><img loading=\"lazy\" decoding=\"async\" width=\"150\" height=\"150\" src=\"https:\/\/www.institutfrancais-jerusalem.org\/chateaubriand\/wp-content\/uploads\/sites\/12\/2019\/08\/09-Cycle_conference-IFJ_IFPO-Bethle\u0301em-39-150x150.jpg\" class=\"attachment-thumbnail size-thumbnail\" alt=\"\" aria-describedby=\"gallery-1-3850\" \/><\/a>\n\t\t\t<\/div>\n\t\t\t\t<figcaption class='wp-caption-text gallery-caption' id='gallery-1-3850'>\n\t\t\t\tEvents.ps \u00a9 Max Production\n\t\t\t\t<\/figcaption><\/figure>\n\t\t<\/div>\n\n<p class=\"p5\"><a href=\"https:\/\/www.institutfrancais-jerusalem.org\/blog\/2019\/10\/10\/cycle-de-conferences-2-1919-2019-un-siecle-de-relations-entre-les-peuples\/\"><span class=\"s1\" style=\"color: #008ac9;\"><i><strong>Conf\u00e9rence 2<\/strong><\/i><\/span><\/a><\/p>\n<p class=\"p5\"><span class=\"s1\" style=\"color: #008ac9;\"><i><strong>1919-2019, un si\u00e8cle de relations entre les peuples<\/strong> <\/i><\/span><\/p>\n<ul class=\"ul1\">\n<li class=\"li4\"><span class=\"s1\">Jeudi 31 octobre 2019<\/span><\/li>\n<li class=\"li4\"><span class=\"s1\">Universit\u00e9 de Birzeit<\/span><\/li>\n<\/ul>\n<p><span class=\"s1\">Intervenants :\u00a0<\/span><strong><span class=\"s1\">Alexandre Mamarbachi <\/span><\/strong><span class=\"s1\">et <strong>Abdul Jawad Hamayel\u00a0<\/strong><\/span><\/p>\n<p class=\"p4\"><span class=\"s1\">Cette table-ronde cherchera \u00e0 questionner et \u00e0 discuter les diff\u00e9rents r\u00e9seaux de solidarit\u00e9 en Europe \u00e0 l\u2019\u00e9gard des Palestiniens et de la question de Palestine. Il s\u2019agira de s\u2019interroger sur la mani\u00e8re dont la <em>\u201csolidarit\u00e9\u201d<\/em> se construit entre les populations et ce qui peut \u00eatre r\u00e9alis\u00e9 ou pas \u00e0 partir de ce type de lien. Nous \u00e9voquerons l\u2019\u00e9mergence des mouvements populaires de solidarit\u00e9 avec la Palestine en Europe et leur r\u00f4le dans le d\u00e9bat national. Nous souhaitons \u00e9galement interroger le r\u00f4le des aides europ\u00e9ennes dans l\u2019\u00e9conomie palestinienne.<\/span><\/p>\n<div style=\"width: 618px;\" class=\"wp-video\"><video class=\"wp-video-shortcode\" id=\"video-3759-2\" width=\"618\" height=\"348\" preload=\"metadata\" controls=\"controls\"><source type=\"video\/mp4\" src=\"https:\/\/www.institutfrancais-jerusalem.org\/chateaubriand\/wp-content\/uploads\/sites\/12\/2019\/08\/Conference-2.mp4?_=2\" \/><a href=\"https:\/\/www.institutfrancais-jerusalem.org\/chateaubriand\/wp-content\/uploads\/sites\/12\/2019\/08\/Conference-2.mp4\">https:\/\/www.institutfrancais-jerusalem.org\/chateaubriand\/wp-content\/uploads\/sites\/12\/2019\/08\/Conference-2.mp4<\/a><\/video><\/div>\n<div id='gallery-2' class='gallery galleryid-3759 gallery-columns-3 gallery-size-thumbnail'><figure class='gallery-item'>\n\t\t\t<div class='gallery-icon landscape'>\n\t\t\t\t<a href='https:\/\/www.institutfrancais-jerusalem.org\/chateaubriand\/cycle-de-conferences-2-1919-2019-un-siecle-de-relations-entre-les-peuples\/attachment\/1\/'><img loading=\"lazy\" decoding=\"async\" width=\"150\" height=\"150\" src=\"https:\/\/www.institutfrancais-jerusalem.org\/chateaubriand\/wp-content\/uploads\/sites\/12\/2019\/10\/1-150x150.jpg\" class=\"attachment-thumbnail size-thumbnail\" alt=\"\" aria-describedby=\"gallery-2-4179\" \/><\/a>\n\t\t\t<\/div>\n\t\t\t\t<figcaption class='wp-caption-text gallery-caption' id='gallery-2-4179'>\n\t\t\t\tEvents.ps \u00a9 Max Production\n\t\t\t\t<\/figcaption><\/figure><figure class='gallery-item'>\n\t\t\t<div class='gallery-icon landscape'>\n\t\t\t\t<a href='https:\/\/www.institutfrancais-jerusalem.org\/chateaubriand\/cycle-de-conferences-2-1919-2019-un-siecle-de-relations-entre-les-peuples\/attachment\/2\/'><img loading=\"lazy\" decoding=\"async\" width=\"150\" height=\"150\" src=\"https:\/\/www.institutfrancais-jerusalem.org\/chateaubriand\/wp-content\/uploads\/sites\/12\/2019\/10\/2-150x150.jpg\" class=\"attachment-thumbnail size-thumbnail\" alt=\"\" aria-describedby=\"gallery-2-4181\" \/><\/a>\n\t\t\t<\/div>\n\t\t\t\t<figcaption class='wp-caption-text gallery-caption' id='gallery-2-4181'>\n\t\t\t\tEvents.ps \u00a9 Max Production\n\t\t\t\t<\/figcaption><\/figure><figure class='gallery-item'>\n\t\t\t<div class='gallery-icon landscape'>\n\t\t\t\t<a href='https:\/\/www.institutfrancais-jerusalem.org\/chateaubriand\/cycle-de-conferences-2-1919-2019-un-siecle-de-relations-entre-les-peuples\/attachment\/3\/'><img loading=\"lazy\" decoding=\"async\" width=\"150\" height=\"150\" src=\"https:\/\/www.institutfrancais-jerusalem.org\/chateaubriand\/wp-content\/uploads\/sites\/12\/2019\/10\/3-150x150.jpg\" class=\"attachment-thumbnail size-thumbnail\" alt=\"\" aria-describedby=\"gallery-2-4183\" \/><\/a>\n\t\t\t<\/div>\n\t\t\t\t<figcaption class='wp-caption-text gallery-caption' id='gallery-2-4183'>\n\t\t\t\tEvents.ps \u00a9 Max Production\n\t\t\t\t<\/figcaption><\/figure><figure class='gallery-item'>\n\t\t\t<div class='gallery-icon landscape'>\n\t\t\t\t<a href='https:\/\/www.institutfrancais-jerusalem.org\/chateaubriand\/cycle-de-conferences-2-1919-2019-un-siecle-de-relations-entre-les-peuples\/4-2\/'><img loading=\"lazy\" decoding=\"async\" width=\"150\" height=\"150\" src=\"https:\/\/www.institutfrancais-jerusalem.org\/chateaubriand\/wp-content\/uploads\/sites\/12\/2019\/10\/4-150x150.jpg\" class=\"attachment-thumbnail size-thumbnail\" alt=\"\" aria-describedby=\"gallery-2-4185\" \/><\/a>\n\t\t\t<\/div>\n\t\t\t\t<figcaption class='wp-caption-text gallery-caption' id='gallery-2-4185'>\n\t\t\t\tEvents.ps \u00a9 Max Production\n\t\t\t\t<\/figcaption><\/figure><figure class='gallery-item'>\n\t\t\t<div class='gallery-icon landscape'>\n\t\t\t\t<a href='https:\/\/www.institutfrancais-jerusalem.org\/chateaubriand\/cycle-de-conferences-2-1919-2019-un-siecle-de-relations-entre-les-peuples\/attachment\/5\/'><img loading=\"lazy\" decoding=\"async\" width=\"150\" height=\"150\" src=\"https:\/\/www.institutfrancais-jerusalem.org\/chateaubriand\/wp-content\/uploads\/sites\/12\/2019\/10\/5-150x150.jpg\" class=\"attachment-thumbnail size-thumbnail\" alt=\"\" aria-describedby=\"gallery-2-4187\" \/><\/a>\n\t\t\t<\/div>\n\t\t\t\t<figcaption class='wp-caption-text gallery-caption' id='gallery-2-4187'>\n\t\t\t\tEvents.ps \u00a9 Max Production\n\t\t\t\t<\/figcaption><\/figure><figure class='gallery-item'>\n\t\t\t<div class='gallery-icon landscape'>\n\t\t\t\t<a href='https:\/\/www.institutfrancais-jerusalem.org\/chateaubriand\/cycle-de-conferences-2-1919-2019-un-siecle-de-relations-entre-les-peuples\/attachment\/6\/'><img loading=\"lazy\" decoding=\"async\" width=\"150\" height=\"150\" src=\"https:\/\/www.institutfrancais-jerusalem.org\/chateaubriand\/wp-content\/uploads\/sites\/12\/2019\/10\/6-150x150.jpg\" class=\"attachment-thumbnail size-thumbnail\" alt=\"\" aria-describedby=\"gallery-2-4189\" \/><\/a>\n\t\t\t<\/div>\n\t\t\t\t<figcaption class='wp-caption-text gallery-caption' id='gallery-2-4189'>\n\t\t\t\tEvents.ps \u00a9 Max Production\n\t\t\t\t<\/figcaption><\/figure><figure class='gallery-item'>\n\t\t\t<div class='gallery-icon landscape'>\n\t\t\t\t<a href='https:\/\/www.institutfrancais-jerusalem.org\/chateaubriand\/cycle-de-conferences-2-1919-2019-un-siecle-de-relations-entre-les-peuples\/attachment\/7\/'><img loading=\"lazy\" decoding=\"async\" width=\"150\" height=\"150\" src=\"https:\/\/www.institutfrancais-jerusalem.org\/chateaubriand\/wp-content\/uploads\/sites\/12\/2019\/10\/7-150x150.jpg\" class=\"attachment-thumbnail size-thumbnail\" alt=\"\" aria-describedby=\"gallery-2-4191\" \/><\/a>\n\t\t\t<\/div>\n\t\t\t\t<figcaption class='wp-caption-text gallery-caption' id='gallery-2-4191'>\n\t\t\t\tEvents.ps \u00a9 Max Production\n\t\t\t\t<\/figcaption><\/figure><figure class='gallery-item'>\n\t\t\t<div class='gallery-icon landscape'>\n\t\t\t\t<a href='https:\/\/www.institutfrancais-jerusalem.org\/chateaubriand\/cycle-de-conferences-2-1919-2019-un-siecle-de-relations-entre-les-peuples\/attachment\/8\/'><img loading=\"lazy\" decoding=\"async\" width=\"150\" height=\"150\" src=\"https:\/\/www.institutfrancais-jerusalem.org\/chateaubriand\/wp-content\/uploads\/sites\/12\/2019\/10\/8-150x150.jpg\" class=\"attachment-thumbnail size-thumbnail\" alt=\"\" aria-describedby=\"gallery-2-4193\" \/><\/a>\n\t\t\t<\/div>\n\t\t\t\t<figcaption class='wp-caption-text gallery-caption' id='gallery-2-4193'>\n\t\t\t\tEvents.ps \u00a9 Max Production\n\t\t\t\t<\/figcaption><\/figure>\n\t\t<\/div>\n\n<p class=\"p5\"><a href=\"https:\/\/www.institutfrancais-jerusalem.org\/blog\/2019\/10\/25\/cycle-de-conferences-3-1989-la-chute-du-mur-de-berlin-vue-depuis-les-capitales-arabes\/\"><span class=\"s1\" style=\"color: #008ac9;\"><i><strong>Conf\u00e9rence 3<\/strong><\/i><\/span><\/a><\/p>\n<p class=\"p5\"><a href=\"https:\/\/www.institutfrancais-jerusalem.org\/blog\/2019\/10\/25\/cycle-de-conferences-3-1989-la-chute-du-mur-de-berlin-vue-depuis-les-capitales-arabes\/\"><span class=\"s1\" style=\"color: #008ac9;\"><i><strong>1989 : la chute du mur de Berlin vue depuis les capitales arabes<\/strong> <\/i><\/span><\/a><\/p>\n<p class=\"p4\"><em><span class=\"s1\">En partenariat avec le Goethe Institut<\/span><\/em><\/p>\n<ul class=\"ul1\">\n<li class=\"li4\"><span class=\"s1\">Dimanche\u00a0 10 novembre 2019<\/span><\/li>\n<li class=\"li4\">Universit\u00e9 Al-Quds, Auditorium Alsher Alrabi<\/li>\n<\/ul>\n<p><span class=\"s1\">Intervenants : <strong>Sarah Daoud<\/strong> (Sciences po Paris), <strong>Irit Neidhart<\/strong> (Universit\u00e9 de Muenster) et <strong>Afif Safieh<\/strong> (diplomate palestinien) et <strong>Moussa Dweik<\/strong> (Universit\u00e9 Al Quds)<\/span><\/p>\n<p class=\"p4\"><span class=\"s1\">Comment la chute du mur de Berlin et ses cons\u00e9quences sont-elles per\u00e7ues depuis les capitales arabes, \u00e0 la fois par les gouvernements et par les opinions publiques ? la p\u00e9riode 1989-1991 marque-t-elle un tournant pour la question palestinienne ?<\/span><\/p>\n<div style=\"width: 618px;\" class=\"wp-video\"><video class=\"wp-video-shortcode\" id=\"video-3759-3\" width=\"618\" height=\"348\" preload=\"metadata\" controls=\"controls\"><source type=\"video\/mp4\" src=\"https:\/\/www.institutfrancais-jerusalem.org\/chateaubriand\/wp-content\/uploads\/sites\/12\/2019\/08\/Conference3.mp4?_=3\" \/><a href=\"https:\/\/www.institutfrancais-jerusalem.org\/chateaubriand\/wp-content\/uploads\/sites\/12\/2019\/08\/Conference3.mp4\">https:\/\/www.institutfrancais-jerusalem.org\/chateaubriand\/wp-content\/uploads\/sites\/12\/2019\/08\/Conference3.mp4<\/a><\/video><\/div>\n<div id='gallery-3' class='gallery galleryid-3759 gallery-columns-3 gallery-size-thumbnail'><figure class='gallery-item'>\n\t\t\t<div class='gallery-icon landscape'>\n\t\t\t\t<a href='https:\/\/www.institutfrancais-jerusalem.org\/chateaubriand\/cycle-de-conferences-3-1989-la-chute-du-mur-de-berlin-vue-depuis-les-capitales-arabes\/attachment\/10\/'><img loading=\"lazy\" decoding=\"async\" width=\"150\" height=\"150\" src=\"https:\/\/www.institutfrancais-jerusalem.org\/chateaubriand\/wp-content\/uploads\/sites\/12\/2019\/10\/10-150x150.jpg\" class=\"attachment-thumbnail size-thumbnail\" alt=\"\" \/><\/a>\n\t\t\t<\/div><\/figure><figure class='gallery-item'>\n\t\t\t<div class='gallery-icon landscape'>\n\t\t\t\t<a href='https:\/\/www.institutfrancais-jerusalem.org\/chateaubriand\/cycle-de-conferences-3-1989-la-chute-du-mur-de-berlin-vue-depuis-les-capitales-arabes\/attachment\/9\/'><img loading=\"lazy\" decoding=\"async\" width=\"150\" height=\"150\" src=\"https:\/\/www.institutfrancais-jerusalem.org\/chateaubriand\/wp-content\/uploads\/sites\/12\/2019\/10\/9-150x150.jpg\" class=\"attachment-thumbnail size-thumbnail\" alt=\"\" \/><\/a>\n\t\t\t<\/div><\/figure><figure class='gallery-item'>\n\t\t\t<div class='gallery-icon landscape'>\n\t\t\t\t<a href='https:\/\/www.institutfrancais-jerusalem.org\/chateaubriand\/cycle-de-conferences-3-1989-la-chute-du-mur-de-berlin-vue-depuis-les-capitales-arabes\/8-2\/'><img loading=\"lazy\" decoding=\"async\" width=\"150\" height=\"150\" src=\"https:\/\/www.institutfrancais-jerusalem.org\/chateaubriand\/wp-content\/uploads\/sites\/12\/2019\/10\/8-1-150x150.jpg\" class=\"attachment-thumbnail size-thumbnail\" alt=\"\" \/><\/a>\n\t\t\t<\/div><\/figure><figure class='gallery-item'>\n\t\t\t<div class='gallery-icon landscape'>\n\t\t\t\t<a href='https:\/\/www.institutfrancais-jerusalem.org\/chateaubriand\/cycle-de-conferences-3-1989-la-chute-du-mur-de-berlin-vue-depuis-les-capitales-arabes\/7-2\/'><img loading=\"lazy\" decoding=\"async\" width=\"150\" height=\"150\" src=\"https:\/\/www.institutfrancais-jerusalem.org\/chateaubriand\/wp-content\/uploads\/sites\/12\/2019\/10\/7-1-150x150.jpg\" class=\"attachment-thumbnail size-thumbnail\" alt=\"\" \/><\/a>\n\t\t\t<\/div><\/figure><figure class='gallery-item'>\n\t\t\t<div class='gallery-icon landscape'>\n\t\t\t\t<a href='https:\/\/www.institutfrancais-jerusalem.org\/chateaubriand\/cycle-de-conferences-3-1989-la-chute-du-mur-de-berlin-vue-depuis-les-capitales-arabes\/6-2\/'><img loading=\"lazy\" decoding=\"async\" width=\"150\" height=\"150\" src=\"https:\/\/www.institutfrancais-jerusalem.org\/chateaubriand\/wp-content\/uploads\/sites\/12\/2019\/10\/6-1-150x150.jpg\" class=\"attachment-thumbnail size-thumbnail\" alt=\"\" \/><\/a>\n\t\t\t<\/div><\/figure><figure class='gallery-item'>\n\t\t\t<div class='gallery-icon landscape'>\n\t\t\t\t<a href='https:\/\/www.institutfrancais-jerusalem.org\/chateaubriand\/cycle-de-conferences-3-1989-la-chute-du-mur-de-berlin-vue-depuis-les-capitales-arabes\/5-2\/'><img loading=\"lazy\" decoding=\"async\" width=\"150\" height=\"150\" src=\"https:\/\/www.institutfrancais-jerusalem.org\/chateaubriand\/wp-content\/uploads\/sites\/12\/2019\/10\/5-1-150x150.jpg\" class=\"attachment-thumbnail size-thumbnail\" alt=\"\" \/><\/a>\n\t\t\t<\/div><\/figure><figure class='gallery-item'>\n\t\t\t<div class='gallery-icon landscape'>\n\t\t\t\t<a href='https:\/\/www.institutfrancais-jerusalem.org\/chateaubriand\/cycle-de-conferences-3-1989-la-chute-du-mur-de-berlin-vue-depuis-les-capitales-arabes\/4-3\/'><img loading=\"lazy\" decoding=\"async\" width=\"150\" height=\"150\" src=\"https:\/\/www.institutfrancais-jerusalem.org\/chateaubriand\/wp-content\/uploads\/sites\/12\/2019\/10\/4-1-150x150.jpg\" class=\"attachment-thumbnail size-thumbnail\" alt=\"\" \/><\/a>\n\t\t\t<\/div><\/figure><figure class='gallery-item'>\n\t\t\t<div class='gallery-icon landscape'>\n\t\t\t\t<a href='https:\/\/www.institutfrancais-jerusalem.org\/chateaubriand\/cycle-de-conferences-3-1989-la-chute-du-mur-de-berlin-vue-depuis-les-capitales-arabes\/3-2\/'><img loading=\"lazy\" decoding=\"async\" width=\"150\" height=\"150\" src=\"https:\/\/www.institutfrancais-jerusalem.org\/chateaubriand\/wp-content\/uploads\/sites\/12\/2019\/10\/3-1-150x150.jpg\" class=\"attachment-thumbnail size-thumbnail\" alt=\"\" \/><\/a>\n\t\t\t<\/div><\/figure><figure class='gallery-item'>\n\t\t\t<div class='gallery-icon landscape'>\n\t\t\t\t<a href='https:\/\/www.institutfrancais-jerusalem.org\/chateaubriand\/cycle-de-conferences-3-1989-la-chute-du-mur-de-berlin-vue-depuis-les-capitales-arabes\/2-2\/'><img loading=\"lazy\" decoding=\"async\" width=\"150\" height=\"150\" src=\"https:\/\/www.institutfrancais-jerusalem.org\/chateaubriand\/wp-content\/uploads\/sites\/12\/2019\/10\/2-1-150x150.jpg\" class=\"attachment-thumbnail size-thumbnail\" alt=\"\" \/><\/a>\n\t\t\t<\/div><\/figure><figure class='gallery-item'>\n\t\t\t<div class='gallery-icon landscape'>\n\t\t\t\t<a href='https:\/\/www.institutfrancais-jerusalem.org\/chateaubriand\/cycle-de-conferences-3-1989-la-chute-du-mur-de-berlin-vue-depuis-les-capitales-arabes\/1-2\/'><img loading=\"lazy\" decoding=\"async\" width=\"150\" height=\"150\" src=\"https:\/\/www.institutfrancais-jerusalem.org\/chateaubriand\/wp-content\/uploads\/sites\/12\/2019\/10\/1-1-150x150.jpg\" class=\"attachment-thumbnail size-thumbnail\" alt=\"\" \/><\/a>\n\t\t\t<\/div><\/figure>\n\t\t<\/div>\n\n<p class=\"p5\"><span class=\"s1\" style=\"color: #008ac9;\"><i><strong>Conf\u00e9rence 4<\/strong><\/i><\/span><\/p>\n<p class=\"p5\"><span class=\"s1\" style=\"color: #008ac9;\"><i><strong>1919-2019 &#8211; Regards crois\u00e9s, fabrication des savoirs et repr\u00e9sentations : quelle(s) place(s) pour les femmes ?<\/strong> <\/i><\/span><\/p>\n<ul class=\"ul1\">\n<li class=\"li4\"><span class=\"s1\">D\u00e9cembre 2019<\/span><\/li>\n<li class=\"li4\"><span class=\"s1\">Universit\u00e9 An Najah de Naplouse<\/span><\/li>\n<\/ul>\n<p><span class=\"s1\">Intervenants : <strong>Flora Yousef<\/strong> (Ifpo) et <strong>Samah Saleh<\/strong> (Universit\u00e9 d\u2019Al Najah)\u00a0<\/span><\/p>\n<p class=\"p4\"><span class=\"s1\">Les relations entre l\u2019Europe et le Proche-Orient seront envisag\u00e9es dans la longue dur\u00e9e au prisme de l\u2019histoire culturelle et de la pens\u00e9e. Cette table-ronde cherchera \u00e0 questionner les savoirs, les images et les repr\u00e9sentations qui se sont fabriqu\u00e9es par les Europ\u00e9ens sur les Proche-Orientaux et r\u00e9ciproquement. De l\u2019image de la danseuse orientale \u00e0 celle de la f\u00e9ministe engag\u00e9e ou de la voil\u00e9e, quelle est la place des femmes dans ces repr\u00e9sentations\u00a0?<\/span><\/p>\n<p>&nbsp;<\/p>\n<p>Ces conf\u00e9rences sont le fruit d&rsquo;une coorganisation entre l&rsquo;Institut fran\u00e7ais de J\u00e9rusalem et l&rsquo;Institut fran\u00e7ais du Proche-Orient, avec le soutien de l&rsquo;Institut fran\u00e7ais de Paris (Fonds d&rsquo;Alembert).<\/p>\n<p><span style=\"color: #008ac9;\"><a style=\"color: #008ac9;\" href=\"\/?page_id=1527&amp;oaq%5Bcategory%5D=debats-didees-and-livres\">Les intervenants fran\u00e7ais mentionn\u00e9s ci-dessus donneront d&rsquo;autres conf\u00e9rences dans le cadre du <em>D\u00e9bat d&rsquo;id\u00e9es<\/em> de l&rsquo;Ann\u00e9e culturelle de l&rsquo;Institut fran\u00e7ais de J\u00e9rusalem.<\/a><\/span><\/p>\n","protected":false},"excerpt":{"rendered":"<p>1919\/1989\/2019 \/ Regards crois\u00e9s Europe &#8211; Proche-Orient Pr\u00e9sentation Les ann\u00e9es 1919 et 1989 ont \u00e9t\u00e9 des tournants majeurs dans les relations internationales. En Europe comme au Proche-Orient, les espoirs de voir na\u00eetre un nouvel ordre mondial fond\u00e9 sur le droit et les principes d\u00e9mocratiques sont rapidement \u00e9touff\u00e9s par la mont\u00e9e des nationalismes et le retour &hellip;<\/p>\n","protected":false},"author":1,"featured_media":3782,"comment_status":"closed","ping_status":"closed","sticky":false,"template":"","format":"standard","meta":{"footnotes":""},"categories":[2,26,10,7,25],"tags":[41,45,103,55,115,59,114,43,44,56,57,58,116],"class_list":["post-3759","post","type-post","status-publish","format-standard","has-post-thumbnail","","category-agenda-culturel","category-agenda-culturel-chateaubriand","category-debats-didees-livres","category-diaporama","category-ramallah","tag-arabe","tag-chateaubriand","tag-conference","tag-debat-didees","tag-etudiants","tag-france","tag-ifpo","tag-institut-francais","tag-jerusalem","tag-jerusalem-est","tag-palestine","tag-territoires-palestiniens","tag-universites"],"yoast_head":"<!-- This site is optimized with the Yoast SEO plugin v27.5 - https:\/\/yoast.com\/product\/yoast-seo-wordpress\/ -->\n<title>Cycle de conf\u00e9rences - Institut Fran\u00e7ais de J\u00e9rusalem - Chateaubriand<\/title>\n<meta name=\"robots\" content=\"index, follow, max-snippet:-1, max-image-preview:large, max-video-preview:-1\" \/>\n<link rel=\"canonical\" href=\"https:\/\/www.institutfrancais-jerusalem.org\/chateaubriand\/cycle-de-conferences\/\" \/>\n<meta property=\"og:locale\" content=\"fr_FR\" \/>\n<meta property=\"og:type\" content=\"article\" \/>\n<meta property=\"og:title\" content=\"Cycle de conf\u00e9rences - Institut Fran\u00e7ais de J\u00e9rusalem - Chateaubriand\" \/>\n<meta property=\"og:description\" content=\"1919\/1989\/2019 \/ Regards crois\u00e9s Europe &#8211; Proche-Orient Pr\u00e9sentation Les ann\u00e9es 1919 et 1989 ont \u00e9t\u00e9 des tournants majeurs dans les relations internationales. En Europe comme au Proche-Orient, les espoirs de voir na\u00eetre un nouvel ordre mondial fond\u00e9 sur le droit et les principes d\u00e9mocratiques sont rapidement \u00e9touff\u00e9s par la mont\u00e9e des nationalismes et le retour &hellip;\" \/>\n<meta property=\"og:url\" content=\"https:\/\/www.institutfrancais-jerusalem.org\/chateaubriand\/cycle-de-conferences\/\" \/>\n<meta property=\"og:site_name\" content=\"Institut Fran\u00e7ais de J\u00e9rusalem - Chateaubriand\" \/>\n<meta property=\"article:published_time\" content=\"2019-08-22T09:56:45+00:00\" \/>\n<meta property=\"article:modified_time\" content=\"2020-01-02T13:31:33+00:00\" \/>\n<meta property=\"og:image\" content=\"https:\/\/www.institutfrancais-jerusalem.org\/chateaubriand\/wp-content\/uploads\/sites\/12\/2019\/08\/Couverture-Alembert-site-internet-1.jpg\" \/>\n\t<meta property=\"og:image:width\" content=\"863\" \/>\n\t<meta property=\"og:image:height\" content=\"422\" \/>\n\t<meta property=\"og:image:type\" content=\"image\/jpeg\" \/>\n<meta name=\"author\" content=\"admin6590\" \/>\n<meta name=\"twitter:card\" content=\"summary_large_image\" \/>\n<meta name=\"twitter:label1\" content=\"\u00c9crit par\" \/>\n\t<meta name=\"twitter:data1\" content=\"admin6590\" \/>\n\t<meta name=\"twitter:label2\" content=\"Dur\u00e9e de lecture estim\u00e9e\" \/>\n\t<meta name=\"twitter:data2\" content=\"5 minutes\" \/>\n<script type=\"application\/ld+json\" class=\"yoast-schema-graph\">{\"@context\":\"https:\\\/\\\/schema.org\",\"@graph\":[{\"@type\":\"Article\",\"@id\":\"https:\\\/\\\/www.institutfrancais-jerusalem.org\\\/chateaubriand\\\/cycle-de-conferences\\\/#article\",\"isPartOf\":{\"@id\":\"https:\\\/\\\/www.institutfrancais-jerusalem.org\\\/chateaubriand\\\/cycle-de-conferences\\\/\"},\"author\":{\"name\":\"admin6590\",\"@id\":\"https:\\\/\\\/www.institutfrancais-jerusalem.org\\\/chateaubriand\\\/#\\\/schema\\\/person\\\/0d606b93f4fb1eb5c713b8be3dd4c4bf\"},\"headline\":\"Cycle de conf\u00e9rences\",\"datePublished\":\"2019-08-22T09:56:45+00:00\",\"dateModified\":\"2020-01-02T13:31:33+00:00\",\"mainEntityOfPage\":{\"@id\":\"https:\\\/\\\/www.institutfrancais-jerusalem.org\\\/chateaubriand\\\/cycle-de-conferences\\\/\"},\"wordCount\":937,\"image\":{\"@id\":\"https:\\\/\\\/www.institutfrancais-jerusalem.org\\\/chateaubriand\\\/cycle-de-conferences\\\/#primaryimage\"},\"thumbnailUrl\":\"https:\\\/\\\/www.institutfrancais-jerusalem.org\\\/chateaubriand\\\/wp-content\\\/uploads\\\/sites\\\/12\\\/2019\\\/08\\\/Couverture-Alembert-site-internet-1.jpg\",\"keywords\":[\"arabe\",\"chateaubriand\",\"conf\u00e9rence\",\"d\u00e9bat d'id\u00e9es\",\"\u00e9tudiants\",\"france\",\"ifpo\",\"institut fran\u00e7ais\",\"j\u00e9rusalem\",\"j\u00e9rusalem-est\",\"palestine\",\"territoires palestiniens\",\"universit\u00e9s\"],\"articleSection\":[\"Agenda culturel\",\"CHATEAUBRIAND\",\"D\u00e9bats-d'id\u00e9es &amp; Livres\",\"Diaporama\",\"RAMALLAH\"],\"inLanguage\":\"fr-FR\"},{\"@type\":\"WebPage\",\"@id\":\"https:\\\/\\\/www.institutfrancais-jerusalem.org\\\/chateaubriand\\\/cycle-de-conferences\\\/\",\"url\":\"https:\\\/\\\/www.institutfrancais-jerusalem.org\\\/chateaubriand\\\/cycle-de-conferences\\\/\",\"name\":\"Cycle de conf\u00e9rences - Institut Fran\u00e7ais de J\u00e9rusalem - Chateaubriand\",\"isPartOf\":{\"@id\":\"https:\\\/\\\/www.institutfrancais-jerusalem.org\\\/chateaubriand\\\/#website\"},\"primaryImageOfPage\":{\"@id\":\"https:\\\/\\\/www.institutfrancais-jerusalem.org\\\/chateaubriand\\\/cycle-de-conferences\\\/#primaryimage\"},\"image\":{\"@id\":\"https:\\\/\\\/www.institutfrancais-jerusalem.org\\\/chateaubriand\\\/cycle-de-conferences\\\/#primaryimage\"},\"thumbnailUrl\":\"https:\\\/\\\/www.institutfrancais-jerusalem.org\\\/chateaubriand\\\/wp-content\\\/uploads\\\/sites\\\/12\\\/2019\\\/08\\\/Couverture-Alembert-site-internet-1.jpg\",\"datePublished\":\"2019-08-22T09:56:45+00:00\",\"dateModified\":\"2020-01-02T13:31:33+00:00\",\"author\":{\"@id\":\"https:\\\/\\\/www.institutfrancais-jerusalem.org\\\/chateaubriand\\\/#\\\/schema\\\/person\\\/0d606b93f4fb1eb5c713b8be3dd4c4bf\"},\"breadcrumb\":{\"@id\":\"https:\\\/\\\/www.institutfrancais-jerusalem.org\\\/chateaubriand\\\/cycle-de-conferences\\\/#breadcrumb\"},\"inLanguage\":\"fr-FR\",\"potentialAction\":[{\"@type\":\"ReadAction\",\"target\":[\"https:\\\/\\\/www.institutfrancais-jerusalem.org\\\/chateaubriand\\\/cycle-de-conferences\\\/\"]}]},{\"@type\":\"ImageObject\",\"inLanguage\":\"fr-FR\",\"@id\":\"https:\\\/\\\/www.institutfrancais-jerusalem.org\\\/chateaubriand\\\/cycle-de-conferences\\\/#primaryimage\",\"url\":\"https:\\\/\\\/www.institutfrancais-jerusalem.org\\\/chateaubriand\\\/wp-content\\\/uploads\\\/sites\\\/12\\\/2019\\\/08\\\/Couverture-Alembert-site-internet-1.jpg\",\"contentUrl\":\"https:\\\/\\\/www.institutfrancais-jerusalem.org\\\/chateaubriand\\\/wp-content\\\/uploads\\\/sites\\\/12\\\/2019\\\/08\\\/Couverture-Alembert-site-internet-1.jpg\",\"width\":863,\"height\":422},{\"@type\":\"BreadcrumbList\",\"@id\":\"https:\\\/\\\/www.institutfrancais-jerusalem.org\\\/chateaubriand\\\/cycle-de-conferences\\\/#breadcrumb\",\"itemListElement\":[{\"@type\":\"ListItem\",\"position\":1,\"name\":\"Accueil\",\"item\":\"https:\\\/\\\/www.institutfrancais-jerusalem.org\\\/chateaubriand\\\/\"},{\"@type\":\"ListItem\",\"position\":2,\"name\":\"Cycle de conf\u00e9rences\"}]},{\"@type\":\"WebSite\",\"@id\":\"https:\\\/\\\/www.institutfrancais-jerusalem.org\\\/chateaubriand\\\/#website\",\"url\":\"https:\\\/\\\/www.institutfrancais-jerusalem.org\\\/chateaubriand\\\/\",\"name\":\"Institut Fran\u00e7ais de J\u00e9rusalem - Chateaubriand\",\"description\":\"\",\"potentialAction\":[{\"@type\":\"SearchAction\",\"target\":{\"@type\":\"EntryPoint\",\"urlTemplate\":\"https:\\\/\\\/www.institutfrancais-jerusalem.org\\\/chateaubriand\\\/?s={search_term_string}\"},\"query-input\":{\"@type\":\"PropertyValueSpecification\",\"valueRequired\":true,\"valueName\":\"search_term_string\"}}],\"inLanguage\":\"fr-FR\"},{\"@type\":\"Person\",\"@id\":\"https:\\\/\\\/www.institutfrancais-jerusalem.org\\\/chateaubriand\\\/#\\\/schema\\\/person\\\/0d606b93f4fb1eb5c713b8be3dd4c4bf\",\"name\":\"admin6590\",\"image\":{\"@type\":\"ImageObject\",\"inLanguage\":\"fr-FR\",\"@id\":\"https:\\\/\\\/secure.gravatar.com\\\/avatar\\\/26482e0f083efa40e5c2db57a3d590897a500390cc256266e30d5da5605a03a9?s=96&d=mm&r=g\",\"url\":\"https:\\\/\\\/secure.gravatar.com\\\/avatar\\\/26482e0f083efa40e5c2db57a3d590897a500390cc256266e30d5da5605a03a9?s=96&d=mm&r=g\",\"contentUrl\":\"https:\\\/\\\/secure.gravatar.com\\\/avatar\\\/26482e0f083efa40e5c2db57a3d590897a500390cc256266e30d5da5605a03a9?s=96&d=mm&r=g\",\"caption\":\"admin6590\"},\"url\":\"https:\\\/\\\/www.institutfrancais-jerusalem.org\\\/chateaubriand\\\/author\\\/admin6590\\\/\"}]}<\/script>\n<!-- \/ Yoast SEO plugin. -->","yoast_head_json":{"title":"Cycle de conf\u00e9rences - Institut Fran\u00e7ais de J\u00e9rusalem - Chateaubriand","robots":{"index":"index","follow":"follow","max-snippet":"max-snippet:-1","max-image-preview":"max-image-preview:large","max-video-preview":"max-video-preview:-1"},"canonical":"https:\/\/www.institutfrancais-jerusalem.org\/chateaubriand\/cycle-de-conferences\/","og_locale":"fr_FR","og_type":"article","og_title":"Cycle de conf\u00e9rences - Institut Fran\u00e7ais de J\u00e9rusalem - Chateaubriand","og_description":"1919\/1989\/2019 \/ Regards crois\u00e9s Europe &#8211; Proche-Orient Pr\u00e9sentation Les ann\u00e9es 1919 et 1989 ont \u00e9t\u00e9 des tournants majeurs dans les relations internationales. En Europe comme au Proche-Orient, les espoirs de voir na\u00eetre un nouvel ordre mondial fond\u00e9 sur le droit et les principes d\u00e9mocratiques sont rapidement \u00e9touff\u00e9s par la mont\u00e9e des nationalismes et le retour &hellip;","og_url":"https:\/\/www.institutfrancais-jerusalem.org\/chateaubriand\/cycle-de-conferences\/","og_site_name":"Institut Fran\u00e7ais de J\u00e9rusalem - Chateaubriand","article_published_time":"2019-08-22T09:56:45+00:00","article_modified_time":"2020-01-02T13:31:33+00:00","og_image":[{"width":863,"height":422,"url":"https:\/\/www.institutfrancais-jerusalem.org\/chateaubriand\/wp-content\/uploads\/sites\/12\/2019\/08\/Couverture-Alembert-site-internet-1.jpg","type":"image\/jpeg"}],"author":"admin6590","twitter_card":"summary_large_image","twitter_misc":{"\u00c9crit par":"admin6590","Dur\u00e9e de lecture estim\u00e9e":"5 minutes"},"schema":{"@context":"https:\/\/schema.org","@graph":[{"@type":"Article","@id":"https:\/\/www.institutfrancais-jerusalem.org\/chateaubriand\/cycle-de-conferences\/#article","isPartOf":{"@id":"https:\/\/www.institutfrancais-jerusalem.org\/chateaubriand\/cycle-de-conferences\/"},"author":{"name":"admin6590","@id":"https:\/\/www.institutfrancais-jerusalem.org\/chateaubriand\/#\/schema\/person\/0d606b93f4fb1eb5c713b8be3dd4c4bf"},"headline":"Cycle de conf\u00e9rences","datePublished":"2019-08-22T09:56:45+00:00","dateModified":"2020-01-02T13:31:33+00:00","mainEntityOfPage":{"@id":"https:\/\/www.institutfrancais-jerusalem.org\/chateaubriand\/cycle-de-conferences\/"},"wordCount":937,"image":{"@id":"https:\/\/www.institutfrancais-jerusalem.org\/chateaubriand\/cycle-de-conferences\/#primaryimage"},"thumbnailUrl":"https:\/\/www.institutfrancais-jerusalem.org\/chateaubriand\/wp-content\/uploads\/sites\/12\/2019\/08\/Couverture-Alembert-site-internet-1.jpg","keywords":["arabe","chateaubriand","conf\u00e9rence","d\u00e9bat d'id\u00e9es","\u00e9tudiants","france","ifpo","institut fran\u00e7ais","j\u00e9rusalem","j\u00e9rusalem-est","palestine","territoires palestiniens","universit\u00e9s"],"articleSection":["Agenda culturel","CHATEAUBRIAND","D\u00e9bats-d'id\u00e9es &amp; Livres","Diaporama","RAMALLAH"],"inLanguage":"fr-FR"},{"@type":"WebPage","@id":"https:\/\/www.institutfrancais-jerusalem.org\/chateaubriand\/cycle-de-conferences\/","url":"https:\/\/www.institutfrancais-jerusalem.org\/chateaubriand\/cycle-de-conferences\/","name":"Cycle de conf\u00e9rences - Institut Fran\u00e7ais de J\u00e9rusalem - Chateaubriand","isPartOf":{"@id":"https:\/\/www.institutfrancais-jerusalem.org\/chateaubriand\/#website"},"primaryImageOfPage":{"@id":"https:\/\/www.institutfrancais-jerusalem.org\/chateaubriand\/cycle-de-conferences\/#primaryimage"},"image":{"@id":"https:\/\/www.institutfrancais-jerusalem.org\/chateaubriand\/cycle-de-conferences\/#primaryimage"},"thumbnailUrl":"https:\/\/www.institutfrancais-jerusalem.org\/chateaubriand\/wp-content\/uploads\/sites\/12\/2019\/08\/Couverture-Alembert-site-internet-1.jpg","datePublished":"2019-08-22T09:56:45+00:00","dateModified":"2020-01-02T13:31:33+00:00","author":{"@id":"https:\/\/www.institutfrancais-jerusalem.org\/chateaubriand\/#\/schema\/person\/0d606b93f4fb1eb5c713b8be3dd4c4bf"},"breadcrumb":{"@id":"https:\/\/www.institutfrancais-jerusalem.org\/chateaubriand\/cycle-de-conferences\/#breadcrumb"},"inLanguage":"fr-FR","potentialAction":[{"@type":"ReadAction","target":["https:\/\/www.institutfrancais-jerusalem.org\/chateaubriand\/cycle-de-conferences\/"]}]},{"@type":"ImageObject","inLanguage":"fr-FR","@id":"https:\/\/www.institutfrancais-jerusalem.org\/chateaubriand\/cycle-de-conferences\/#primaryimage","url":"https:\/\/www.institutfrancais-jerusalem.org\/chateaubriand\/wp-content\/uploads\/sites\/12\/2019\/08\/Couverture-Alembert-site-internet-1.jpg","contentUrl":"https:\/\/www.institutfrancais-jerusalem.org\/chateaubriand\/wp-content\/uploads\/sites\/12\/2019\/08\/Couverture-Alembert-site-internet-1.jpg","width":863,"height":422},{"@type":"BreadcrumbList","@id":"https:\/\/www.institutfrancais-jerusalem.org\/chateaubriand\/cycle-de-conferences\/#breadcrumb","itemListElement":[{"@type":"ListItem","position":1,"name":"Accueil","item":"https:\/\/www.institutfrancais-jerusalem.org\/chateaubriand\/"},{"@type":"ListItem","position":2,"name":"Cycle de conf\u00e9rences"}]},{"@type":"WebSite","@id":"https:\/\/www.institutfrancais-jerusalem.org\/chateaubriand\/#website","url":"https:\/\/www.institutfrancais-jerusalem.org\/chateaubriand\/","name":"Institut Fran\u00e7ais de J\u00e9rusalem - Chateaubriand","description":"","potentialAction":[{"@type":"SearchAction","target":{"@type":"EntryPoint","urlTemplate":"https:\/\/www.institutfrancais-jerusalem.org\/chateaubriand\/?s={search_term_string}"},"query-input":{"@type":"PropertyValueSpecification","valueRequired":true,"valueName":"search_term_string"}}],"inLanguage":"fr-FR"},{"@type":"Person","@id":"https:\/\/www.institutfrancais-jerusalem.org\/chateaubriand\/#\/schema\/person\/0d606b93f4fb1eb5c713b8be3dd4c4bf","name":"admin6590","image":{"@type":"ImageObject","inLanguage":"fr-FR","@id":"https:\/\/secure.gravatar.com\/avatar\/26482e0f083efa40e5c2db57a3d590897a500390cc256266e30d5da5605a03a9?s=96&d=mm&r=g","url":"https:\/\/secure.gravatar.com\/avatar\/26482e0f083efa40e5c2db57a3d590897a500390cc256266e30d5da5605a03a9?s=96&d=mm&r=g","contentUrl":"https:\/\/secure.gravatar.com\/avatar\/26482e0f083efa40e5c2db57a3d590897a500390cc256266e30d5da5605a03a9?s=96&d=mm&r=g","caption":"admin6590"},"url":"https:\/\/www.institutfrancais-jerusalem.org\/chateaubriand\/author\/admin6590\/"}]}},"_links":{"self":[{"href":"https:\/\/www.institutfrancais-jerusalem.org\/chateaubriand\/wp-json\/wp\/v2\/posts\/3759","targetHints":{"allow":["GET"]}}],"collection":[{"href":"https:\/\/www.institutfrancais-jerusalem.org\/chateaubriand\/wp-json\/wp\/v2\/posts"}],"about":[{"href":"https:\/\/www.institutfrancais-jerusalem.org\/chateaubriand\/wp-json\/wp\/v2\/types\/post"}],"author":[{"embeddable":true,"href":"https:\/\/www.institutfrancais-jerusalem.org\/chateaubriand\/wp-json\/wp\/v2\/users\/1"}],"replies":[{"embeddable":true,"href":"https:\/\/www.institutfrancais-jerusalem.org\/chateaubriand\/wp-json\/wp\/v2\/comments?post=3759"}],"version-history":[{"count":10,"href":"https:\/\/www.institutfrancais-jerusalem.org\/chateaubriand\/wp-json\/wp\/v2\/posts\/3759\/revisions"}],"predecessor-version":[{"id":4302,"href":"https:\/\/www.institutfrancais-jerusalem.org\/chateaubriand\/wp-json\/wp\/v2\/posts\/3759\/revisions\/4302"}],"wp:featuredmedia":[{"embeddable":true,"href":"https:\/\/www.institutfrancais-jerusalem.org\/chateaubriand\/wp-json\/wp\/v2\/media\/3782"}],"wp:attachment":[{"href":"https:\/\/www.institutfrancais-jerusalem.org\/chateaubriand\/wp-json\/wp\/v2\/media?parent=3759"}],"wp:term":[{"taxonomy":"category","embeddable":true,"href":"https:\/\/www.institutfrancais-jerusalem.org\/chateaubriand\/wp-json\/wp\/v2\/categories?post=3759"},{"taxonomy":"post_tag","embeddable":true,"href":"https:\/\/www.institutfrancais-jerusalem.org\/chateaubriand\/wp-json\/wp\/v2\/tags?post=3759"}],"curies":[{"name":"wp","href":"https:\/\/api.w.org\/{rel}","templated":true}]}}