{"id":3629,"date":"2019-06-17T10:02:27","date_gmt":"2019-06-17T08:02:27","guid":{"rendered":"https:\/\/www.institutfrancais-jerusalem.org\/chateaubriand\/?p=3629"},"modified":"2019-06-24T18:32:05","modified_gmt":"2019-06-24T16:32:05","slug":"fete-de-la-musique-2019","status":"publish","type":"post","link":"https:\/\/www.institutfrancais-jerusalem.org\/chateaubriand\/fete-de-la-musique-2019\/","title":{"rendered":"F\u00eate de la musique 2019"},"content":{"rendered":"<h3>La F\u00eate de la musique<\/h3>\n<p><em><strong>\u00ab\u00a0Faites de la musique\u00a0\u00bb<\/strong><\/em>, ce mot d\u2019ordre qui s\u2019entend dans le nom de la plus grande f\u00eate musicale populaire, r\u00e9sume \u00e0 lui seul l\u2019ambition du minist\u00e8re de la Culture pour la F\u00eate de la Musique. Depuis 1982, le 21 juin est le jour de toutes les pratiques musicales, sans distinction de genre ou de style. Cette formidable manifestation, largement spontan\u00e9e,\u00a0 anime les places, les rues, les monuments, les \u00e9coles, les h\u00f4pitaux, en ville et dans les campagnes, en m\u00e9tropole et dans les territoires d\u2019outre-mer.<\/p>\n<h3>Nos invit\u00e9s<\/h3>\n<p>Comme son nom l\u2019indique, Trio Tango est un groupe de musique montpelli\u00e9rain compos\u00e9 de trois musiciens : Phillipe Braquart, saxophoniste, Claire Sala \u00e0 la fl\u00fbte et Marie Arnaud au piano. Le Trio Tango a un r\u00e9pertoire qui gravite autour de pi\u00e8ces Tanguistiques notamment du compositeur Argentin Astor Piazzolla. Ils interpr\u00e8tent \u00e9galement des pi\u00e8ces de divers compositeurs comme Manuel de Falla (Espagne), Andy Scott et Ian Clarke (Angleterre), Georges Bizet (France) et quelques standards br\u00e9siliens autour de la Bossa Nova.<\/p>\n<h3>La tourn\u00e9e<\/h3>\n<ul>\n<li><a href=\"https:\/\/openagenda.com\/agendas\/98746374\/embeds\/26360580\/events\/85070376?lang=fr\">Vendredi 21 juin \u00e0 18 heures, \u00e0 l&rsquo;Hosh al-Syrian \u00e0 Bethl\u00e9em<\/a><\/li>\n<li><a href=\"https:\/\/openagenda.com\/agendas\/98746374\/embeds\/26360580\/events\/72392629?lang=fr\">Samedi 22 juin \u00e0 19 heures, \u00e0 l&rsquo;Institut fran\u00e7ais de J\u00e9rusalem &#8211; antenne Chateaubriand \u00e0 J\u00e9rusalem<\/a><\/li>\n<li><a href=\"https:\/\/openagenda.com\/agendas\/98746374\/embeds\/26360580\/events\/35658022?lang=fr\">Dimanche 23 juin \u00e0 18 heures, \u00e0 l&rsquo;association H\u00e9bron-France \u00e0 H\u00e9bron<\/a><\/li>\n<\/ul>\n<p>&nbsp;<\/p>\n<h3>La galerie photos<\/h3>\n<div id='gallery-1' class='gallery galleryid-3629 gallery-columns-3 gallery-size-thumbnail'><figure class='gallery-item'>\n\t\t\t<div class='gallery-icon landscape'>\n\t\t\t\t<a href='https:\/\/www.institutfrancais-jerusalem.org\/chateaubriand\/fete-de-la-musique-2019\/fete-de-la-musique_institut-franc%cc%a7ais-de-jerusalem_0213-2\/'><img loading=\"lazy\" decoding=\"async\" width=\"150\" height=\"150\" src=\"https:\/\/www.institutfrancais-jerusalem.org\/chateaubriand\/wp-content\/uploads\/sites\/12\/2019\/06\/Fete-de-la-musique_\u00a9Institut-franc\u0327ais-de-Je\u0301rusalem_0213-1-150x150.jpg\" class=\"attachment-thumbnail size-thumbnail\" alt=\"\" \/><\/a>\n\t\t\t<\/div><\/figure><figure class='gallery-item'>\n\t\t\t<div class='gallery-icon portrait'>\n\t\t\t\t<a href='https:\/\/www.institutfrancais-jerusalem.org\/chateaubriand\/fete-de-la-musique-2019\/fete-de-la-musique_institut-franc%cc%a7ais-de-jerusalem_0218-2\/'><img loading=\"lazy\" decoding=\"async\" width=\"150\" height=\"150\" src=\"https:\/\/www.institutfrancais-jerusalem.org\/chateaubriand\/wp-content\/uploads\/sites\/12\/2019\/06\/Fete-de-la-musique_\u00a9Institut-franc\u0327ais-de-Je\u0301rusalem_0218-1-150x150.jpg\" class=\"attachment-thumbnail size-thumbnail\" alt=\"\" \/><\/a>\n\t\t\t<\/div><\/figure><figure class='gallery-item'>\n\t\t\t<div class='gallery-icon landscape'>\n\t\t\t\t<a href='https:\/\/www.institutfrancais-jerusalem.org\/chateaubriand\/fete-de-la-musique-2019\/fete-de-la-musique_institut-franc%cc%a7ais-de-jerusalem_0223\/'><img loading=\"lazy\" decoding=\"async\" width=\"150\" height=\"150\" src=\"https:\/\/www.institutfrancais-jerusalem.org\/chateaubriand\/wp-content\/uploads\/sites\/12\/2019\/06\/Fete-de-la-musique_\u00a9Institut-franc\u0327ais-de-Je\u0301rusalem_0223-150x150.jpg\" class=\"attachment-thumbnail size-thumbnail\" alt=\"\" \/><\/a>\n\t\t\t<\/div><\/figure><figure class='gallery-item'>\n\t\t\t<div class='gallery-icon landscape'>\n\t\t\t\t<a href='https:\/\/www.institutfrancais-jerusalem.org\/chateaubriand\/fete-de-la-musique-2019\/fete-de-la-musique_institut-franc%cc%a7ais-de-jerusalem_0224\/'><img loading=\"lazy\" decoding=\"async\" width=\"150\" height=\"150\" src=\"https:\/\/www.institutfrancais-jerusalem.org\/chateaubriand\/wp-content\/uploads\/sites\/12\/2019\/06\/Fete-de-la-musique_\u00a9Institut-franc\u0327ais-de-Je\u0301rusalem_0224-150x150.jpg\" class=\"attachment-thumbnail size-thumbnail\" alt=\"\" \/><\/a>\n\t\t\t<\/div><\/figure><figure class='gallery-item'>\n\t\t\t<div class='gallery-icon landscape'>\n\t\t\t\t<a href='https:\/\/www.institutfrancais-jerusalem.org\/chateaubriand\/fete-de-la-musique-2019\/fete-de-la-musique_institut-franc%cc%a7ais-de-jerusalem_0254\/'><img loading=\"lazy\" decoding=\"async\" width=\"150\" height=\"150\" src=\"https:\/\/www.institutfrancais-jerusalem.org\/chateaubriand\/wp-content\/uploads\/sites\/12\/2019\/06\/Fete-de-la-musique_\u00a9Institut-franc\u0327ais-de-Je\u0301rusalem_0254-150x150.jpg\" class=\"attachment-thumbnail size-thumbnail\" alt=\"\" \/><\/a>\n\t\t\t<\/div><\/figure><figure class='gallery-item'>\n\t\t\t<div class='gallery-icon landscape'>\n\t\t\t\t<a href='https:\/\/www.institutfrancais-jerusalem.org\/chateaubriand\/fete-de-la-musique-2019\/fete-de-la-musique_institut-franc%cc%a7ais-de-jerusalem_0255\/'><img loading=\"lazy\" decoding=\"async\" width=\"150\" height=\"150\" src=\"https:\/\/www.institutfrancais-jerusalem.org\/chateaubriand\/wp-content\/uploads\/sites\/12\/2019\/06\/Fete-de-la-musique_\u00a9Institut-franc\u0327ais-de-Je\u0301rusalem_0255-150x150.jpg\" class=\"attachment-thumbnail size-thumbnail\" alt=\"\" \/><\/a>\n\t\t\t<\/div><\/figure><figure class='gallery-item'>\n\t\t\t<div class='gallery-icon landscape'>\n\t\t\t\t<a href='https:\/\/www.institutfrancais-jerusalem.org\/chateaubriand\/fete-de-la-musique-2019\/fete-de-la-musique_institut-franc%cc%a7ais-de-jerusalem_0257\/'><img loading=\"lazy\" decoding=\"async\" width=\"150\" height=\"150\" src=\"https:\/\/www.institutfrancais-jerusalem.org\/chateaubriand\/wp-content\/uploads\/sites\/12\/2019\/06\/Fete-de-la-musique_\u00a9Institut-franc\u0327ais-de-Je\u0301rusalem_0257-150x150.jpg\" class=\"attachment-thumbnail size-thumbnail\" alt=\"\" \/><\/a>\n\t\t\t<\/div><\/figure>\n\t\t<\/div>\n\n<p>L&rsquo;entr\u00e9e est libre et gratuite.<\/p>\n<p>Cette tourn\u00e9e vous est propos\u00e9e dans le cadre de l&rsquo;Ann\u00e9e culturelle 2019 de l&rsquo;Institut fran\u00e7ais de J\u00e9rusalem.<\/p>\n","protected":false},"excerpt":{"rendered":"<p>La F\u00eate de la musique \u00ab\u00a0Faites de la musique\u00a0\u00bb, ce mot d\u2019ordre qui s\u2019entend dans le nom de la plus grande f\u00eate musicale populaire, r\u00e9sume \u00e0 lui seul l\u2019ambition du minist\u00e8re de la Culture pour la F\u00eate de la Musique. Depuis 1982, le 21 juin est le jour de toutes les pratiques musicales, sans distinction &hellip;<\/p>\n","protected":false},"author":1,"featured_media":3630,"comment_status":"closed","ping_status":"closed","sticky":false,"template":"","format":"standard","meta":{"footnotes":""},"categories":[2,4,26,7],"tags":[62,88,96,97,59,82,44,98,99,91,57,58,100],"class_list":["post-3629","post","type-post","status-publish","format-standard","has-post-thumbnail","","category-agenda-culturel","category-arts-vivants","category-agenda-culturel-chateaubriand","category-diaporama","tag-bethleem","tag-concert","tag-conservatoire","tag-fete-de-la-musique","tag-france","tag-hebron","tag-jerusalem","tag-journee-nationale","tag-montpellier","tag-musique","tag-palestine","tag-territoires-palestiniens","tag-trio-tango"],"yoast_head":"<!-- This site is optimized with the Yoast SEO plugin v27.5 - https:\/\/yoast.com\/product\/yoast-seo-wordpress\/ -->\n<title>F\u00eate de la musique 2019 - Institut Fran\u00e7ais de J\u00e9rusalem - Chateaubriand<\/title>\n<meta name=\"robots\" content=\"index, follow, max-snippet:-1, max-image-preview:large, max-video-preview:-1\" \/>\n<link rel=\"canonical\" href=\"https:\/\/www.institutfrancais-jerusalem.org\/chateaubriand\/fete-de-la-musique-2019\/\" \/>\n<meta property=\"og:locale\" content=\"fr_FR\" \/>\n<meta property=\"og:type\" content=\"article\" \/>\n<meta property=\"og:title\" content=\"F\u00eate de la musique 2019 - Institut Fran\u00e7ais de J\u00e9rusalem - Chateaubriand\" \/>\n<meta property=\"og:description\" content=\"La F\u00eate de la musique \u00ab\u00a0Faites de la musique\u00a0\u00bb, ce mot d\u2019ordre qui s\u2019entend dans le nom de la plus grande f\u00eate musicale populaire, r\u00e9sume \u00e0 lui seul l\u2019ambition du minist\u00e8re de la Culture pour la F\u00eate de la Musique. Depuis 1982, le 21 juin est le jour de toutes les pratiques musicales, sans distinction &hellip;\" \/>\n<meta property=\"og:url\" content=\"https:\/\/www.institutfrancais-jerusalem.org\/chateaubriand\/fete-de-la-musique-2019\/\" \/>\n<meta property=\"og:site_name\" content=\"Institut Fran\u00e7ais de J\u00e9rusalem - Chateaubriand\" \/>\n<meta property=\"article:published_time\" content=\"2019-06-17T08:02:27+00:00\" \/>\n<meta property=\"article:modified_time\" content=\"2019-06-24T16:32:05+00:00\" \/>\n<meta property=\"og:image\" content=\"https:\/\/www.institutfrancais-jerusalem.org\/chateaubriand\/wp-content\/uploads\/sites\/12\/2019\/06\/visuel-site.jpg\" \/>\n\t<meta property=\"og:image:width\" content=\"1772\" \/>\n\t<meta property=\"og:image:height\" content=\"886\" \/>\n\t<meta property=\"og:image:type\" content=\"image\/jpeg\" \/>\n<meta name=\"author\" content=\"admin6590\" \/>\n<meta name=\"twitter:card\" content=\"summary_large_image\" \/>\n<meta name=\"twitter:label1\" content=\"\u00c9crit par\" \/>\n\t<meta name=\"twitter:data1\" content=\"admin6590\" \/>\n\t<meta name=\"twitter:label2\" content=\"Dur\u00e9e de lecture estim\u00e9e\" \/>\n\t<meta name=\"twitter:data2\" content=\"1 minute\" \/>\n<script type=\"application\/ld+json\" class=\"yoast-schema-graph\">{\"@context\":\"https:\\\/\\\/schema.org\",\"@graph\":[{\"@type\":\"Article\",\"@id\":\"https:\\\/\\\/www.institutfrancais-jerusalem.org\\\/chateaubriand\\\/fete-de-la-musique-2019\\\/#article\",\"isPartOf\":{\"@id\":\"https:\\\/\\\/www.institutfrancais-jerusalem.org\\\/chateaubriand\\\/fete-de-la-musique-2019\\\/\"},\"author\":{\"name\":\"admin6590\",\"@id\":\"https:\\\/\\\/www.institutfrancais-jerusalem.org\\\/chateaubriand\\\/#\\\/schema\\\/person\\\/0d606b93f4fb1eb5c713b8be3dd4c4bf\"},\"headline\":\"F\u00eate de la musique 2019\",\"datePublished\":\"2019-06-17T08:02:27+00:00\",\"dateModified\":\"2019-06-24T16:32:05+00:00\",\"mainEntityOfPage\":{\"@id\":\"https:\\\/\\\/www.institutfrancais-jerusalem.org\\\/chateaubriand\\\/fete-de-la-musique-2019\\\/\"},\"wordCount\":262,\"image\":{\"@id\":\"https:\\\/\\\/www.institutfrancais-jerusalem.org\\\/chateaubriand\\\/fete-de-la-musique-2019\\\/#primaryimage\"},\"thumbnailUrl\":\"https:\\\/\\\/www.institutfrancais-jerusalem.org\\\/chateaubriand\\\/wp-content\\\/uploads\\\/sites\\\/12\\\/2019\\\/06\\\/visuel-site.jpg\",\"keywords\":[\"bethl\u00e9em\",\"concert\",\"conservatoire\",\"F\u00eate de la musique\",\"france\",\"h\u00e9bron\",\"j\u00e9rusalem\",\"journ\u00e9e nationale\",\"montpellier\",\"musique\",\"palestine\",\"territoires palestiniens\",\"trio tango\"],\"articleSection\":[\"Agenda culturel\",\"Arts vivants\",\"CHATEAUBRIAND\",\"Diaporama\"],\"inLanguage\":\"fr-FR\"},{\"@type\":\"WebPage\",\"@id\":\"https:\\\/\\\/www.institutfrancais-jerusalem.org\\\/chateaubriand\\\/fete-de-la-musique-2019\\\/\",\"url\":\"https:\\\/\\\/www.institutfrancais-jerusalem.org\\\/chateaubriand\\\/fete-de-la-musique-2019\\\/\",\"name\":\"F\u00eate de la musique 2019 - Institut Fran\u00e7ais de J\u00e9rusalem - Chateaubriand\",\"isPartOf\":{\"@id\":\"https:\\\/\\\/www.institutfrancais-jerusalem.org\\\/chateaubriand\\\/#website\"},\"primaryImageOfPage\":{\"@id\":\"https:\\\/\\\/www.institutfrancais-jerusalem.org\\\/chateaubriand\\\/fete-de-la-musique-2019\\\/#primaryimage\"},\"image\":{\"@id\":\"https:\\\/\\\/www.institutfrancais-jerusalem.org\\\/chateaubriand\\\/fete-de-la-musique-2019\\\/#primaryimage\"},\"thumbnailUrl\":\"https:\\\/\\\/www.institutfrancais-jerusalem.org\\\/chateaubriand\\\/wp-content\\\/uploads\\\/sites\\\/12\\\/2019\\\/06\\\/visuel-site.jpg\",\"datePublished\":\"2019-06-17T08:02:27+00:00\",\"dateModified\":\"2019-06-24T16:32:05+00:00\",\"author\":{\"@id\":\"https:\\\/\\\/www.institutfrancais-jerusalem.org\\\/chateaubriand\\\/#\\\/schema\\\/person\\\/0d606b93f4fb1eb5c713b8be3dd4c4bf\"},\"breadcrumb\":{\"@id\":\"https:\\\/\\\/www.institutfrancais-jerusalem.org\\\/chateaubriand\\\/fete-de-la-musique-2019\\\/#breadcrumb\"},\"inLanguage\":\"fr-FR\",\"potentialAction\":[{\"@type\":\"ReadAction\",\"target\":[\"https:\\\/\\\/www.institutfrancais-jerusalem.org\\\/chateaubriand\\\/fete-de-la-musique-2019\\\/\"]}]},{\"@type\":\"ImageObject\",\"inLanguage\":\"fr-FR\",\"@id\":\"https:\\\/\\\/www.institutfrancais-jerusalem.org\\\/chateaubriand\\\/fete-de-la-musique-2019\\\/#primaryimage\",\"url\":\"https:\\\/\\\/www.institutfrancais-jerusalem.org\\\/chateaubriand\\\/wp-content\\\/uploads\\\/sites\\\/12\\\/2019\\\/06\\\/visuel-site.jpg\",\"contentUrl\":\"https:\\\/\\\/www.institutfrancais-jerusalem.org\\\/chateaubriand\\\/wp-content\\\/uploads\\\/sites\\\/12\\\/2019\\\/06\\\/visuel-site.jpg\",\"width\":1772,\"height\":886},{\"@type\":\"BreadcrumbList\",\"@id\":\"https:\\\/\\\/www.institutfrancais-jerusalem.org\\\/chateaubriand\\\/fete-de-la-musique-2019\\\/#breadcrumb\",\"itemListElement\":[{\"@type\":\"ListItem\",\"position\":1,\"name\":\"Accueil\",\"item\":\"https:\\\/\\\/www.institutfrancais-jerusalem.org\\\/chateaubriand\\\/\"},{\"@type\":\"ListItem\",\"position\":2,\"name\":\"F\u00eate de la musique 2019\"}]},{\"@type\":\"WebSite\",\"@id\":\"https:\\\/\\\/www.institutfrancais-jerusalem.org\\\/chateaubriand\\\/#website\",\"url\":\"https:\\\/\\\/www.institutfrancais-jerusalem.org\\\/chateaubriand\\\/\",\"name\":\"Institut Fran\u00e7ais de J\u00e9rusalem - Chateaubriand\",\"description\":\"\",\"potentialAction\":[{\"@type\":\"SearchAction\",\"target\":{\"@type\":\"EntryPoint\",\"urlTemplate\":\"https:\\\/\\\/www.institutfrancais-jerusalem.org\\\/chateaubriand\\\/?s={search_term_string}\"},\"query-input\":{\"@type\":\"PropertyValueSpecification\",\"valueRequired\":true,\"valueName\":\"search_term_string\"}}],\"inLanguage\":\"fr-FR\"},{\"@type\":\"Person\",\"@id\":\"https:\\\/\\\/www.institutfrancais-jerusalem.org\\\/chateaubriand\\\/#\\\/schema\\\/person\\\/0d606b93f4fb1eb5c713b8be3dd4c4bf\",\"name\":\"admin6590\",\"image\":{\"@type\":\"ImageObject\",\"inLanguage\":\"fr-FR\",\"@id\":\"https:\\\/\\\/secure.gravatar.com\\\/avatar\\\/26482e0f083efa40e5c2db57a3d590897a500390cc256266e30d5da5605a03a9?s=96&d=mm&r=g\",\"url\":\"https:\\\/\\\/secure.gravatar.com\\\/avatar\\\/26482e0f083efa40e5c2db57a3d590897a500390cc256266e30d5da5605a03a9?s=96&d=mm&r=g\",\"contentUrl\":\"https:\\\/\\\/secure.gravatar.com\\\/avatar\\\/26482e0f083efa40e5c2db57a3d590897a500390cc256266e30d5da5605a03a9?s=96&d=mm&r=g\",\"caption\":\"admin6590\"},\"url\":\"https:\\\/\\\/www.institutfrancais-jerusalem.org\\\/chateaubriand\\\/author\\\/admin6590\\\/\"}]}<\/script>\n<!-- \/ Yoast SEO plugin. -->","yoast_head_json":{"title":"F\u00eate de la musique 2019 - Institut Fran\u00e7ais de J\u00e9rusalem - Chateaubriand","robots":{"index":"index","follow":"follow","max-snippet":"max-snippet:-1","max-image-preview":"max-image-preview:large","max-video-preview":"max-video-preview:-1"},"canonical":"https:\/\/www.institutfrancais-jerusalem.org\/chateaubriand\/fete-de-la-musique-2019\/","og_locale":"fr_FR","og_type":"article","og_title":"F\u00eate de la musique 2019 - Institut Fran\u00e7ais de J\u00e9rusalem - Chateaubriand","og_description":"La F\u00eate de la musique \u00ab\u00a0Faites de la musique\u00a0\u00bb, ce mot d\u2019ordre qui s\u2019entend dans le nom de la plus grande f\u00eate musicale populaire, r\u00e9sume \u00e0 lui seul l\u2019ambition du minist\u00e8re de la Culture pour la F\u00eate de la Musique. Depuis 1982, le 21 juin est le jour de toutes les pratiques musicales, sans distinction &hellip;","og_url":"https:\/\/www.institutfrancais-jerusalem.org\/chateaubriand\/fete-de-la-musique-2019\/","og_site_name":"Institut Fran\u00e7ais de J\u00e9rusalem - Chateaubriand","article_published_time":"2019-06-17T08:02:27+00:00","article_modified_time":"2019-06-24T16:32:05+00:00","og_image":[{"width":1772,"height":886,"url":"https:\/\/www.institutfrancais-jerusalem.org\/chateaubriand\/wp-content\/uploads\/sites\/12\/2019\/06\/visuel-site.jpg","type":"image\/jpeg"}],"author":"admin6590","twitter_card":"summary_large_image","twitter_misc":{"\u00c9crit par":"admin6590","Dur\u00e9e de lecture estim\u00e9e":"1 minute"},"schema":{"@context":"https:\/\/schema.org","@graph":[{"@type":"Article","@id":"https:\/\/www.institutfrancais-jerusalem.org\/chateaubriand\/fete-de-la-musique-2019\/#article","isPartOf":{"@id":"https:\/\/www.institutfrancais-jerusalem.org\/chateaubriand\/fete-de-la-musique-2019\/"},"author":{"name":"admin6590","@id":"https:\/\/www.institutfrancais-jerusalem.org\/chateaubriand\/#\/schema\/person\/0d606b93f4fb1eb5c713b8be3dd4c4bf"},"headline":"F\u00eate de la musique 2019","datePublished":"2019-06-17T08:02:27+00:00","dateModified":"2019-06-24T16:32:05+00:00","mainEntityOfPage":{"@id":"https:\/\/www.institutfrancais-jerusalem.org\/chateaubriand\/fete-de-la-musique-2019\/"},"wordCount":262,"image":{"@id":"https:\/\/www.institutfrancais-jerusalem.org\/chateaubriand\/fete-de-la-musique-2019\/#primaryimage"},"thumbnailUrl":"https:\/\/www.institutfrancais-jerusalem.org\/chateaubriand\/wp-content\/uploads\/sites\/12\/2019\/06\/visuel-site.jpg","keywords":["bethl\u00e9em","concert","conservatoire","F\u00eate de la musique","france","h\u00e9bron","j\u00e9rusalem","journ\u00e9e nationale","montpellier","musique","palestine","territoires palestiniens","trio tango"],"articleSection":["Agenda culturel","Arts vivants","CHATEAUBRIAND","Diaporama"],"inLanguage":"fr-FR"},{"@type":"WebPage","@id":"https:\/\/www.institutfrancais-jerusalem.org\/chateaubriand\/fete-de-la-musique-2019\/","url":"https:\/\/www.institutfrancais-jerusalem.org\/chateaubriand\/fete-de-la-musique-2019\/","name":"F\u00eate de la musique 2019 - Institut Fran\u00e7ais de J\u00e9rusalem - Chateaubriand","isPartOf":{"@id":"https:\/\/www.institutfrancais-jerusalem.org\/chateaubriand\/#website"},"primaryImageOfPage":{"@id":"https:\/\/www.institutfrancais-jerusalem.org\/chateaubriand\/fete-de-la-musique-2019\/#primaryimage"},"image":{"@id":"https:\/\/www.institutfrancais-jerusalem.org\/chateaubriand\/fete-de-la-musique-2019\/#primaryimage"},"thumbnailUrl":"https:\/\/www.institutfrancais-jerusalem.org\/chateaubriand\/wp-content\/uploads\/sites\/12\/2019\/06\/visuel-site.jpg","datePublished":"2019-06-17T08:02:27+00:00","dateModified":"2019-06-24T16:32:05+00:00","author":{"@id":"https:\/\/www.institutfrancais-jerusalem.org\/chateaubriand\/#\/schema\/person\/0d606b93f4fb1eb5c713b8be3dd4c4bf"},"breadcrumb":{"@id":"https:\/\/www.institutfrancais-jerusalem.org\/chateaubriand\/fete-de-la-musique-2019\/#breadcrumb"},"inLanguage":"fr-FR","potentialAction":[{"@type":"ReadAction","target":["https:\/\/www.institutfrancais-jerusalem.org\/chateaubriand\/fete-de-la-musique-2019\/"]}]},{"@type":"ImageObject","inLanguage":"fr-FR","@id":"https:\/\/www.institutfrancais-jerusalem.org\/chateaubriand\/fete-de-la-musique-2019\/#primaryimage","url":"https:\/\/www.institutfrancais-jerusalem.org\/chateaubriand\/wp-content\/uploads\/sites\/12\/2019\/06\/visuel-site.jpg","contentUrl":"https:\/\/www.institutfrancais-jerusalem.org\/chateaubriand\/wp-content\/uploads\/sites\/12\/2019\/06\/visuel-site.jpg","width":1772,"height":886},{"@type":"BreadcrumbList","@id":"https:\/\/www.institutfrancais-jerusalem.org\/chateaubriand\/fete-de-la-musique-2019\/#breadcrumb","itemListElement":[{"@type":"ListItem","position":1,"name":"Accueil","item":"https:\/\/www.institutfrancais-jerusalem.org\/chateaubriand\/"},{"@type":"ListItem","position":2,"name":"F\u00eate de la musique 2019"}]},{"@type":"WebSite","@id":"https:\/\/www.institutfrancais-jerusalem.org\/chateaubriand\/#website","url":"https:\/\/www.institutfrancais-jerusalem.org\/chateaubriand\/","name":"Institut Fran\u00e7ais de J\u00e9rusalem - Chateaubriand","description":"","potentialAction":[{"@type":"SearchAction","target":{"@type":"EntryPoint","urlTemplate":"https:\/\/www.institutfrancais-jerusalem.org\/chateaubriand\/?s={search_term_string}"},"query-input":{"@type":"PropertyValueSpecification","valueRequired":true,"valueName":"search_term_string"}}],"inLanguage":"fr-FR"},{"@type":"Person","@id":"https:\/\/www.institutfrancais-jerusalem.org\/chateaubriand\/#\/schema\/person\/0d606b93f4fb1eb5c713b8be3dd4c4bf","name":"admin6590","image":{"@type":"ImageObject","inLanguage":"fr-FR","@id":"https:\/\/secure.gravatar.com\/avatar\/26482e0f083efa40e5c2db57a3d590897a500390cc256266e30d5da5605a03a9?s=96&d=mm&r=g","url":"https:\/\/secure.gravatar.com\/avatar\/26482e0f083efa40e5c2db57a3d590897a500390cc256266e30d5da5605a03a9?s=96&d=mm&r=g","contentUrl":"https:\/\/secure.gravatar.com\/avatar\/26482e0f083efa40e5c2db57a3d590897a500390cc256266e30d5da5605a03a9?s=96&d=mm&r=g","caption":"admin6590"},"url":"https:\/\/www.institutfrancais-jerusalem.org\/chateaubriand\/author\/admin6590\/"}]}},"_links":{"self":[{"href":"https:\/\/www.institutfrancais-jerusalem.org\/chateaubriand\/wp-json\/wp\/v2\/posts\/3629","targetHints":{"allow":["GET"]}}],"collection":[{"href":"https:\/\/www.institutfrancais-jerusalem.org\/chateaubriand\/wp-json\/wp\/v2\/posts"}],"about":[{"href":"https:\/\/www.institutfrancais-jerusalem.org\/chateaubriand\/wp-json\/wp\/v2\/types\/post"}],"author":[{"embeddable":true,"href":"https:\/\/www.institutfrancais-jerusalem.org\/chateaubriand\/wp-json\/wp\/v2\/users\/1"}],"replies":[{"embeddable":true,"href":"https:\/\/www.institutfrancais-jerusalem.org\/chateaubriand\/wp-json\/wp\/v2\/comments?post=3629"}],"version-history":[{"count":4,"href":"https:\/\/www.institutfrancais-jerusalem.org\/chateaubriand\/wp-json\/wp\/v2\/posts\/3629\/revisions"}],"predecessor-version":[{"id":3659,"href":"https:\/\/www.institutfrancais-jerusalem.org\/chateaubriand\/wp-json\/wp\/v2\/posts\/3629\/revisions\/3659"}],"wp:featuredmedia":[{"embeddable":true,"href":"https:\/\/www.institutfrancais-jerusalem.org\/chateaubriand\/wp-json\/wp\/v2\/media\/3630"}],"wp:attachment":[{"href":"https:\/\/www.institutfrancais-jerusalem.org\/chateaubriand\/wp-json\/wp\/v2\/media?parent=3629"}],"wp:term":[{"taxonomy":"category","embeddable":true,"href":"https:\/\/www.institutfrancais-jerusalem.org\/chateaubriand\/wp-json\/wp\/v2\/categories?post=3629"},{"taxonomy":"post_tag","embeddable":true,"href":"https:\/\/www.institutfrancais-jerusalem.org\/chateaubriand\/wp-json\/wp\/v2\/tags?post=3629"}],"curies":[{"name":"wp","href":"https:\/\/api.w.org\/{rel}","templated":true}]}}