{"id":8021,"date":"2021-02-06T08:00:40","date_gmt":"2021-02-06T07:00:40","guid":{"rendered":"https:\/\/www.institutfrancais-jerusalem.org\/?p=8021"},"modified":"2021-02-04T10:52:17","modified_gmt":"2021-02-04T09:52:17","slug":"if-cinema-a-la-carte","status":"publish","type":"post","link":"https:\/\/www.institutfrancais-jerusalem.org\/ar\/2021\/02\/06\/if-cinema-a-la-carte\/","title":{"rendered":"IF Cin\u00e9ma \u00e0 la carte !"},"content":{"rendered":"<h6><a href=\"https:\/\/www.institutfrancais-jerusalem.org\/2021\/02\/06\/if-cinema-a-la-carte-2\/\">For English version, please click here<\/a><\/h6>\n<p class=\"p1\" dir=\"rtl\">\u0623\u0639\u0632\u0627\u0621\u0646\u0627 \u0631\u0648\u0627\u062f \u0627\u0644\u0633\u064a\u0646\u0645\u0627 \u0648\u0623\u0635\u062f\u0642\u0627\u0621 \u0627\u0644\u0645\u0639\u0647\u062f \u0627\u0644\u0641\u0631\u0646\u0633\u064a \u0641\u064a \u0627\u0644\u0642\u062f\u0633\u060c<\/p>\n<p class=\"p1\" dir=\"rtl\">\u064a\u0645\u0643\u0646\u0643\u0645 \u0627\u0644\u0627\u0633\u062a\u0645\u062a\u0627\u0639 \u0628\u0623\u0631\u0628\u0639\u0629 \u0623\u0641\u0644\u0627\u0645 \u0631\u0648\u0627\u0626\u064a\u0629 \u0645\u0646 \u0625\u062e\u0631\u0627\u062c \u0635\u0627\u0646\u0639\u0627\u062a \u0623\u0641\u0644\u0627\u0645 \u0645\u0648\u0647\u0648\u0628\u0627\u062a. \u0643\u0644 \u0645\u0627 \u0639\u0644\u064a\u0643\u0645 \u0647\u0648 \u0627\u0644\u0627\u0633\u062a\u0631\u062e\u0627\u0621 \u0641\u064a \u0627\u0644\u0628\u064a\u062a \u0648\u0627\u0644\u0636\u063a\u0637 \u0639\u0644\u0649 <a href=\"https:\/\/ifcinema.institutfrancais.com\/fr\/streaming\/alacarte\"><span class=\"s1\">\u0627\u0644\u0631\u0627\u0628\u0637<\/span><\/a> \u0644\u0644\u0648\u0635\u0648\u0644 \u0625\u0644\u0649 \u0627\u0644\u0641\u064a\u0644\u0645 \u0627\u0644\u0645\u0637\u0644\u0648\u0628.<\/p>\n<p class=\"p3\" dir=\"rtl\"><span class=\"s3\">\u0645\u0646 8 \u0634\u0628\u0627\u0637 \u0625\u0644\u0649 8 \u0622\u0630\u0627\u0631\u060c \u064a\u0645\u0643\u0646\u0643\u0645 \u0645\u0634\u0627\u0647\u062f\u0629 : <a href=\"https:\/\/www.unifrance.org\/film\/30969\/angele-et-tony\"><span class=\"s1\">\u0625\u0646\u062c\u0644 \u0648\u0623\u0646\u0637\u0648\u0646\u064a<\/span><\/a><\/span><span class=\"s4\">\u060c<a href=\"https:\/\/www.unifrance.org\/film\/37264\/le-beau-monde\"><span class=\"s1\">\u0627\u0644\u0639\u0627\u0644\u0645 \u0627\u0644\u062c\u0645\u064a\u0644<\/span><\/a>\u060c<a href=\"https:\/\/www.unifrance.org\/film\/36649\/la-cour-de-babel\"><span class=\"s1\">\u0645\u062d\u0643\u0645\u0629 \u0628\u0627\u0628\u0644<\/span><\/a>\u060c <a href=\"https:\/\/www.unifrance.org\/film\/27768\/tout-est-pardonne\"><span class=\"s1\">\u0643\u0644 \u0627\u0644\u0630\u0646\u0648\u0628 \u0645\u063a\u0641\u0648\u0631\u0629<\/span><\/a><\/span><\/p>\n<p class=\"p1\" dir=\"rtl\">\u0627\u0644\u0645\u0632\u064a\u062f \u0645\u0646 \u0627\u0644\u0627\u0641\u0644\u0627\u0645 \u0627\u0644\u0645\u0642\u062a\u0631\u062d\u0629 \u0641\u064a \u0627\u0644\u0637\u0631\u064a\u0642 \u062e\u0644\u0627\u0644 \u0627\u0644\u0623\u0634\u0647\u0631 \u0627\u0644\u0642\u0627\u062f\u0645\u0629<\/p>\n<p class=\"p1\" dir=\"rtl\"><iframe data-src=\"https:\/\/www.youtube.com\/embed\/-7hFT1GFfR0\" width=\"560\" height=\"315\" frameborder=\"0\" allowfullscreen=\"allowfullscreen\" data-mce-fragment=\"1\" src=\"data:image\/svg+xml;base64,PHN2ZyB3aWR0aD0iMSIgaGVpZ2h0PSIxIiB4bWxucz0iaHR0cDovL3d3dy53My5vcmcvMjAwMC9zdmciPjwvc3ZnPg==\" class=\"lazyload\" data-load-mode=\"1\"><\/iframe><\/p>\n<p class=\"p1\" dir=\"rtl\"><iframe data-src=\"https:\/\/www.youtube.com\/embed\/jigLWZm7-5A\" width=\"560\" height=\"315\" frameborder=\"0\" allowfullscreen=\"allowfullscreen\" data-mce-fragment=\"1\" src=\"data:image\/svg+xml;base64,PHN2ZyB3aWR0aD0iMSIgaGVpZ2h0PSIxIiB4bWxucz0iaHR0cDovL3d3dy53My5vcmcvMjAwMC9zdmciPjwvc3ZnPg==\" class=\"lazyload\" data-load-mode=\"1\"><\/iframe><\/p>\n<p class=\"p1\" dir=\"rtl\"><iframe data-src=\"https:\/\/www.youtube.com\/embed\/-4yHTfbYaEI\" width=\"560\" height=\"315\" frameborder=\"0\" allowfullscreen=\"allowfullscreen\" data-mce-fragment=\"1\" src=\"data:image\/svg+xml;base64,PHN2ZyB3aWR0aD0iMSIgaGVpZ2h0PSIxIiB4bWxucz0iaHR0cDovL3d3dy53My5vcmcvMjAwMC9zdmciPjwvc3ZnPg==\" class=\"lazyload\" data-load-mode=\"1\"><\/iframe><\/p>\n<div id=\"blogvision\">\n<p class=\"p1\" dir=\"rtl\"><iframe data-src=\"https:\/\/www.youtube.com\/embed\/eKEsiWANmb4\" width=\"560\" height=\"315\" frameborder=\"0\" allowfullscreen=\"allowfullscreen\" data-mce-fragment=\"1\" src=\"data:image\/svg+xml;base64,PHN2ZyB3aWR0aD0iMSIgaGVpZ2h0PSIxIiB4bWxucz0iaHR0cDovL3d3dy53My5vcmcvMjAwMC9zdmciPjwvc3ZnPg==\" class=\"lazyload\" data-load-mode=\"1\"><\/iframe><\/p>\n<\/div>\n","protected":false},"excerpt":{"rendered":"<p>For English version, please click here \u0623\u0639\u0632\u0627\u0621\u0646\u0627 \u0631\u0648\u0627\u062f \u0627\u0644\u0633\u064a\u0646\u0645\u0627 \u0648\u0623\u0635\u062f\u0642\u0627\u0621 \u0627\u0644\u0645\u0639\u0647\u062f \u0627\u0644\u0641\u0631\u0646\u0633\u064a \u0641\u064a \u0627\u0644\u0642\u062f\u0633\u060c \u064a\u0645\u0643\u0646\u0643\u0645 \u0627\u0644\u0627\u0633\u062a\u0645\u062a\u0627\u0639 \u0628\u0623\u0631\u0628\u0639\u0629 \u0623\u0641\u0644\u0627\u0645 \u0631\u0648\u0627\u0626\u064a\u0629 \u0645\u0646 \u0625\u062e\u0631\u0627\u062c \u0635\u0627\u0646\u0639\u0627\u062a \u0623\u0641\u0644\u0627\u0645 \u0645\u0648\u0647\u0648\u0628\u0627\u062a. \u0643\u0644 \u0645\u0627 \u0639\u0644\u064a\u0643\u0645 \u0647\u0648 \u0627\u0644\u0627\u0633\u062a\u0631\u062e\u0627\u0621 \u0641\u064a \u0627\u0644\u0628\u064a\u062a \u0648\u0627\u0644\u0636\u063a\u0637 \u0639\u0644\u0649 \u0627\u0644\u0631\u0627\u0628\u0637 \u0644\u0644\u0648\u0635\u0648\u0644 \u0625\u0644\u0649 \u0627\u0644\u0641\u064a\u0644\u0645 \u0627\u0644\u0645\u0637\u0644\u0648\u0628. \u0645\u0646 8 \u0634\u0628\u0627\u0637 \u0625\u0644\u0649 8 \u0622\u0630\u0627\u0631\u060c \u064a\u0645\u0643\u0646\u0643\u0645 \u0645\u0634\u0627\u0647\u062f\u0629 : \u0625\u0646\u062c\u0644 \u0648\u0623\u0646\u0637\u0648\u0646\u064a\u060c\u0627\u0644\u0639\u0627\u0644\u0645 \u0627\u0644\u062c\u0645\u064a\u0644\u060c\u0645\u062d\u0643\u0645\u0629 \u0628\u0627\u0628\u0644\u060c \u0643\u0644 \u0627\u0644\u0630\u0646\u0648\u0628 \u0645\u063a\u0641\u0648\u0631\u0629 \u0627\u0644\u0645\u0632\u064a\u062f &hellip;<\/p>\n","protected":false},"author":1,"featured_media":8014,"comment_status":"closed","ping_status":"closed","sticky":false,"template":"","format":"standard","meta":{"footnotes":""},"categories":[32,33,36],"tags":[],"class_list":["post-8021","post","type-post","status-publish","format-standard","has-post-thumbnail","","category-diaporama-ar","category-agenda-culturel-ar","category-cinema-ar"],"yoast_head":"<!-- This site is optimized with the Yoast SEO plugin v27.5 - https:\/\/yoast.com\/product\/yoast-seo-wordpress\/ -->\n<title>IF Cin\u00e9ma \u00e0 la carte ! - Institut Fran\u00e7ais de J\u00e9rusalem<\/title>\n<meta name=\"description\" content=\"\u064a\u0645\u0643\u0646\u0643\u0645 \u0627\u0644\u0627\u0633\u062a\u0645\u062a\u0627\u0639 \u0628\u0623\u0631\u0628\u0639\u0629 \u0623\u0641\u0644\u0627\u0645 \u0631\u0648\u0627\u0626\u064a\u0629 \u0645\u0646 \u0625\u062e\u0631\u0627\u062c \u0635\u0627\u0646\u0639\u0627\u062a \u0623\u0641\u0644\u0627\u0645 \u0645\u0648\u0647\u0648\u0628\u0627\u062a.\" \/>\n<meta name=\"robots\" content=\"index, follow, max-snippet:-1, max-image-preview:large, max-video-preview:-1\" \/>\n<link rel=\"canonical\" href=\"https:\/\/www.institutfrancais-jerusalem.org\/ar\/2021\/02\/06\/if-cinema-a-la-carte\/\" \/>\n<meta property=\"og:locale\" content=\"ar_AR\" \/>\n<meta property=\"og:type\" content=\"article\" \/>\n<meta property=\"og:title\" content=\"IF Cin\u00e9ma \u00e0 la carte ! - Institut Fran\u00e7ais de J\u00e9rusalem\" \/>\n<meta property=\"og:description\" content=\"\u064a\u0645\u0643\u0646\u0643\u0645 \u0627\u0644\u0627\u0633\u062a\u0645\u062a\u0627\u0639 \u0628\u0623\u0631\u0628\u0639\u0629 \u0623\u0641\u0644\u0627\u0645 \u0631\u0648\u0627\u0626\u064a\u0629 \u0645\u0646 \u0625\u062e\u0631\u0627\u062c \u0635\u0627\u0646\u0639\u0627\u062a \u0623\u0641\u0644\u0627\u0645 \u0645\u0648\u0647\u0648\u0628\u0627\u062a.\" \/>\n<meta property=\"og:url\" content=\"https:\/\/www.institutfrancais-jerusalem.org\/ar\/2021\/02\/06\/if-cinema-a-la-carte\/\" \/>\n<meta property=\"og:site_name\" content=\"Institut Fran\u00e7ais de J\u00e9rusalem\" \/>\n<meta property=\"article:published_time\" content=\"2021-02-06T07:00:40+00:00\" \/>\n<meta property=\"og:image\" content=\"https:\/\/www.institutfrancais-jerusalem.org\/wp-content\/uploads\/2021\/02\/IFCinema-2021-851x315-fr3.jpg\" \/>\n\t<meta property=\"og:image:width\" content=\"851\" \/>\n\t<meta property=\"og:image:height\" content=\"315\" \/>\n\t<meta property=\"og:image:type\" content=\"image\/jpeg\" \/>\n<meta name=\"author\" content=\"admin6590\" \/>\n<meta name=\"twitter:card\" content=\"summary_large_image\" \/>\n<meta name=\"twitter:label1\" content=\"\u0643\u064f\u062a\u0628 \u0628\u0648\u0627\u0633\u0637\u0629\" \/>\n\t<meta name=\"twitter:data1\" content=\"admin6590\" \/>\n<script type=\"application\/ld+json\" class=\"yoast-schema-graph\">{\"@context\":\"https:\\\/\\\/schema.org\",\"@graph\":[{\"@type\":\"Article\",\"@id\":\"https:\\\/\\\/www.institutfrancais-jerusalem.org\\\/ar\\\/2021\\\/02\\\/06\\\/if-cinema-a-la-carte\\\/#article\",\"isPartOf\":{\"@id\":\"https:\\\/\\\/www.institutfrancais-jerusalem.org\\\/ar\\\/2021\\\/02\\\/06\\\/if-cinema-a-la-carte\\\/\"},\"author\":{\"name\":\"admin6590\",\"@id\":\"https:\\\/\\\/www.institutfrancais-jerusalem.org\\\/ar\\\/#\\\/schema\\\/person\\\/0d606b93f4fb1eb5c713b8be3dd4c4bf\"},\"headline\":\"IF Cin\u00e9ma \u00e0 la carte !\",\"datePublished\":\"2021-02-06T07:00:40+00:00\",\"mainEntityOfPage\":{\"@id\":\"https:\\\/\\\/www.institutfrancais-jerusalem.org\\\/ar\\\/2021\\\/02\\\/06\\\/if-cinema-a-la-carte\\\/\"},\"wordCount\":11,\"image\":{\"@id\":\"https:\\\/\\\/www.institutfrancais-jerusalem.org\\\/ar\\\/2021\\\/02\\\/06\\\/if-cinema-a-la-carte\\\/#primaryimage\"},\"thumbnailUrl\":\"https:\\\/\\\/www.institutfrancais-jerusalem.org\\\/wp-content\\\/uploads\\\/2021\\\/02\\\/IFCinema-2021-851x315-fr3.jpg\",\"articleSection\":[\"Diaporama-AR\",\"\u0627\u0644\u0623\u062c\u0646\u062f\u0629 \u0627\u0644\u062b\u0642\u0627\u0641\u064a\u0651\u0629\",\"\u0633\u064a\u0646\u0645\u0627\"],\"inLanguage\":\"ar\"},{\"@type\":\"WebPage\",\"@id\":\"https:\\\/\\\/www.institutfrancais-jerusalem.org\\\/ar\\\/2021\\\/02\\\/06\\\/if-cinema-a-la-carte\\\/\",\"url\":\"https:\\\/\\\/www.institutfrancais-jerusalem.org\\\/ar\\\/2021\\\/02\\\/06\\\/if-cinema-a-la-carte\\\/\",\"name\":\"IF Cin\u00e9ma \u00e0 la carte ! - Institut Fran\u00e7ais de J\u00e9rusalem\",\"isPartOf\":{\"@id\":\"https:\\\/\\\/www.institutfrancais-jerusalem.org\\\/ar\\\/#website\"},\"primaryImageOfPage\":{\"@id\":\"https:\\\/\\\/www.institutfrancais-jerusalem.org\\\/ar\\\/2021\\\/02\\\/06\\\/if-cinema-a-la-carte\\\/#primaryimage\"},\"image\":{\"@id\":\"https:\\\/\\\/www.institutfrancais-jerusalem.org\\\/ar\\\/2021\\\/02\\\/06\\\/if-cinema-a-la-carte\\\/#primaryimage\"},\"thumbnailUrl\":\"https:\\\/\\\/www.institutfrancais-jerusalem.org\\\/wp-content\\\/uploads\\\/2021\\\/02\\\/IFCinema-2021-851x315-fr3.jpg\",\"datePublished\":\"2021-02-06T07:00:40+00:00\",\"author\":{\"@id\":\"https:\\\/\\\/www.institutfrancais-jerusalem.org\\\/ar\\\/#\\\/schema\\\/person\\\/0d606b93f4fb1eb5c713b8be3dd4c4bf\"},\"description\":\"\u064a\u0645\u0643\u0646\u0643\u0645 \u0627\u0644\u0627\u0633\u062a\u0645\u062a\u0627\u0639 \u0628\u0623\u0631\u0628\u0639\u0629 \u0623\u0641\u0644\u0627\u0645 \u0631\u0648\u0627\u0626\u064a\u0629 \u0645\u0646 \u0625\u062e\u0631\u0627\u062c \u0635\u0627\u0646\u0639\u0627\u062a \u0623\u0641\u0644\u0627\u0645 \u0645\u0648\u0647\u0648\u0628\u0627\u062a.\",\"breadcrumb\":{\"@id\":\"https:\\\/\\\/www.institutfrancais-jerusalem.org\\\/ar\\\/2021\\\/02\\\/06\\\/if-cinema-a-la-carte\\\/#breadcrumb\"},\"inLanguage\":\"ar\",\"potentialAction\":[{\"@type\":\"ReadAction\",\"target\":[\"https:\\\/\\\/www.institutfrancais-jerusalem.org\\\/ar\\\/2021\\\/02\\\/06\\\/if-cinema-a-la-carte\\\/\"]}]},{\"@type\":\"ImageObject\",\"inLanguage\":\"ar\",\"@id\":\"https:\\\/\\\/www.institutfrancais-jerusalem.org\\\/ar\\\/2021\\\/02\\\/06\\\/if-cinema-a-la-carte\\\/#primaryimage\",\"url\":\"https:\\\/\\\/www.institutfrancais-jerusalem.org\\\/wp-content\\\/uploads\\\/2021\\\/02\\\/IFCinema-2021-851x315-fr3.jpg\",\"contentUrl\":\"https:\\\/\\\/www.institutfrancais-jerusalem.org\\\/wp-content\\\/uploads\\\/2021\\\/02\\\/IFCinema-2021-851x315-fr3.jpg\",\"width\":851,\"height\":315},{\"@type\":\"BreadcrumbList\",\"@id\":\"https:\\\/\\\/www.institutfrancais-jerusalem.org\\\/ar\\\/2021\\\/02\\\/06\\\/if-cinema-a-la-carte\\\/#breadcrumb\",\"itemListElement\":[{\"@type\":\"ListItem\",\"position\":1,\"name\":\"Accueil\",\"item\":\"https:\\\/\\\/www.institutfrancais-jerusalem.org\\\/ar\\\/\"},{\"@type\":\"ListItem\",\"position\":2,\"name\":\"IF Cin\u00e9ma \u00e0 la carte !\"}]},{\"@type\":\"WebSite\",\"@id\":\"https:\\\/\\\/www.institutfrancais-jerusalem.org\\\/ar\\\/#website\",\"url\":\"https:\\\/\\\/www.institutfrancais-jerusalem.org\\\/ar\\\/\",\"name\":\"Institut Fran\u00e7ais de J\u00e9rusalem\",\"description\":\"Chateaubriand\",\"potentialAction\":[{\"@type\":\"SearchAction\",\"target\":{\"@type\":\"EntryPoint\",\"urlTemplate\":\"https:\\\/\\\/www.institutfrancais-jerusalem.org\\\/ar\\\/?s={search_term_string}\"},\"query-input\":{\"@type\":\"PropertyValueSpecification\",\"valueRequired\":true,\"valueName\":\"search_term_string\"}}],\"inLanguage\":\"ar\"},{\"@type\":\"Person\",\"@id\":\"https:\\\/\\\/www.institutfrancais-jerusalem.org\\\/ar\\\/#\\\/schema\\\/person\\\/0d606b93f4fb1eb5c713b8be3dd4c4bf\",\"name\":\"admin6590\",\"image\":{\"@type\":\"ImageObject\",\"inLanguage\":\"ar\",\"@id\":\"https:\\\/\\\/secure.gravatar.com\\\/avatar\\\/26482e0f083efa40e5c2db57a3d590897a500390cc256266e30d5da5605a03a9?s=96&d=mm&r=g\",\"url\":\"https:\\\/\\\/secure.gravatar.com\\\/avatar\\\/26482e0f083efa40e5c2db57a3d590897a500390cc256266e30d5da5605a03a9?s=96&d=mm&r=g\",\"contentUrl\":\"https:\\\/\\\/secure.gravatar.com\\\/avatar\\\/26482e0f083efa40e5c2db57a3d590897a500390cc256266e30d5da5605a03a9?s=96&d=mm&r=g\",\"caption\":\"admin6590\"}}]}<\/script>\n<!-- \/ Yoast SEO plugin. -->","yoast_head_json":{"title":"IF Cin\u00e9ma \u00e0 la carte ! - Institut Fran\u00e7ais de J\u00e9rusalem","description":"\u064a\u0645\u0643\u0646\u0643\u0645 \u0627\u0644\u0627\u0633\u062a\u0645\u062a\u0627\u0639 \u0628\u0623\u0631\u0628\u0639\u0629 \u0623\u0641\u0644\u0627\u0645 \u0631\u0648\u0627\u0626\u064a\u0629 \u0645\u0646 \u0625\u062e\u0631\u0627\u062c \u0635\u0627\u0646\u0639\u0627\u062a \u0623\u0641\u0644\u0627\u0645 \u0645\u0648\u0647\u0648\u0628\u0627\u062a.","robots":{"index":"index","follow":"follow","max-snippet":"max-snippet:-1","max-image-preview":"max-image-preview:large","max-video-preview":"max-video-preview:-1"},"canonical":"https:\/\/www.institutfrancais-jerusalem.org\/ar\/2021\/02\/06\/if-cinema-a-la-carte\/","og_locale":"ar_AR","og_type":"article","og_title":"IF Cin\u00e9ma \u00e0 la carte ! - Institut Fran\u00e7ais de J\u00e9rusalem","og_description":"\u064a\u0645\u0643\u0646\u0643\u0645 \u0627\u0644\u0627\u0633\u062a\u0645\u062a\u0627\u0639 \u0628\u0623\u0631\u0628\u0639\u0629 \u0623\u0641\u0644\u0627\u0645 \u0631\u0648\u0627\u0626\u064a\u0629 \u0645\u0646 \u0625\u062e\u0631\u0627\u062c \u0635\u0627\u0646\u0639\u0627\u062a \u0623\u0641\u0644\u0627\u0645 \u0645\u0648\u0647\u0648\u0628\u0627\u062a.","og_url":"https:\/\/www.institutfrancais-jerusalem.org\/ar\/2021\/02\/06\/if-cinema-a-la-carte\/","og_site_name":"Institut Fran\u00e7ais de J\u00e9rusalem","article_published_time":"2021-02-06T07:00:40+00:00","og_image":[{"width":851,"height":315,"url":"https:\/\/www.institutfrancais-jerusalem.org\/wp-content\/uploads\/2021\/02\/IFCinema-2021-851x315-fr3.jpg","type":"image\/jpeg"}],"author":"admin6590","twitter_card":"summary_large_image","twitter_misc":{"\u0643\u064f\u062a\u0628 \u0628\u0648\u0627\u0633\u0637\u0629":"admin6590"},"schema":{"@context":"https:\/\/schema.org","@graph":[{"@type":"Article","@id":"https:\/\/www.institutfrancais-jerusalem.org\/ar\/2021\/02\/06\/if-cinema-a-la-carte\/#article","isPartOf":{"@id":"https:\/\/www.institutfrancais-jerusalem.org\/ar\/2021\/02\/06\/if-cinema-a-la-carte\/"},"author":{"name":"admin6590","@id":"https:\/\/www.institutfrancais-jerusalem.org\/ar\/#\/schema\/person\/0d606b93f4fb1eb5c713b8be3dd4c4bf"},"headline":"IF Cin\u00e9ma \u00e0 la carte !","datePublished":"2021-02-06T07:00:40+00:00","mainEntityOfPage":{"@id":"https:\/\/www.institutfrancais-jerusalem.org\/ar\/2021\/02\/06\/if-cinema-a-la-carte\/"},"wordCount":11,"image":{"@id":"https:\/\/www.institutfrancais-jerusalem.org\/ar\/2021\/02\/06\/if-cinema-a-la-carte\/#primaryimage"},"thumbnailUrl":"https:\/\/www.institutfrancais-jerusalem.org\/wp-content\/uploads\/2021\/02\/IFCinema-2021-851x315-fr3.jpg","articleSection":["Diaporama-AR","\u0627\u0644\u0623\u062c\u0646\u062f\u0629 \u0627\u0644\u062b\u0642\u0627\u0641\u064a\u0651\u0629","\u0633\u064a\u0646\u0645\u0627"],"inLanguage":"ar"},{"@type":"WebPage","@id":"https:\/\/www.institutfrancais-jerusalem.org\/ar\/2021\/02\/06\/if-cinema-a-la-carte\/","url":"https:\/\/www.institutfrancais-jerusalem.org\/ar\/2021\/02\/06\/if-cinema-a-la-carte\/","name":"IF Cin\u00e9ma \u00e0 la carte ! - Institut Fran\u00e7ais de J\u00e9rusalem","isPartOf":{"@id":"https:\/\/www.institutfrancais-jerusalem.org\/ar\/#website"},"primaryImageOfPage":{"@id":"https:\/\/www.institutfrancais-jerusalem.org\/ar\/2021\/02\/06\/if-cinema-a-la-carte\/#primaryimage"},"image":{"@id":"https:\/\/www.institutfrancais-jerusalem.org\/ar\/2021\/02\/06\/if-cinema-a-la-carte\/#primaryimage"},"thumbnailUrl":"https:\/\/www.institutfrancais-jerusalem.org\/wp-content\/uploads\/2021\/02\/IFCinema-2021-851x315-fr3.jpg","datePublished":"2021-02-06T07:00:40+00:00","author":{"@id":"https:\/\/www.institutfrancais-jerusalem.org\/ar\/#\/schema\/person\/0d606b93f4fb1eb5c713b8be3dd4c4bf"},"description":"\u064a\u0645\u0643\u0646\u0643\u0645 \u0627\u0644\u0627\u0633\u062a\u0645\u062a\u0627\u0639 \u0628\u0623\u0631\u0628\u0639\u0629 \u0623\u0641\u0644\u0627\u0645 \u0631\u0648\u0627\u0626\u064a\u0629 \u0645\u0646 \u0625\u062e\u0631\u0627\u062c \u0635\u0627\u0646\u0639\u0627\u062a \u0623\u0641\u0644\u0627\u0645 \u0645\u0648\u0647\u0648\u0628\u0627\u062a.","breadcrumb":{"@id":"https:\/\/www.institutfrancais-jerusalem.org\/ar\/2021\/02\/06\/if-cinema-a-la-carte\/#breadcrumb"},"inLanguage":"ar","potentialAction":[{"@type":"ReadAction","target":["https:\/\/www.institutfrancais-jerusalem.org\/ar\/2021\/02\/06\/if-cinema-a-la-carte\/"]}]},{"@type":"ImageObject","inLanguage":"ar","@id":"https:\/\/www.institutfrancais-jerusalem.org\/ar\/2021\/02\/06\/if-cinema-a-la-carte\/#primaryimage","url":"https:\/\/www.institutfrancais-jerusalem.org\/wp-content\/uploads\/2021\/02\/IFCinema-2021-851x315-fr3.jpg","contentUrl":"https:\/\/www.institutfrancais-jerusalem.org\/wp-content\/uploads\/2021\/02\/IFCinema-2021-851x315-fr3.jpg","width":851,"height":315},{"@type":"BreadcrumbList","@id":"https:\/\/www.institutfrancais-jerusalem.org\/ar\/2021\/02\/06\/if-cinema-a-la-carte\/#breadcrumb","itemListElement":[{"@type":"ListItem","position":1,"name":"Accueil","item":"https:\/\/www.institutfrancais-jerusalem.org\/ar\/"},{"@type":"ListItem","position":2,"name":"IF Cin\u00e9ma \u00e0 la carte !"}]},{"@type":"WebSite","@id":"https:\/\/www.institutfrancais-jerusalem.org\/ar\/#website","url":"https:\/\/www.institutfrancais-jerusalem.org\/ar\/","name":"Institut Fran\u00e7ais de J\u00e9rusalem","description":"Chateaubriand","potentialAction":[{"@type":"SearchAction","target":{"@type":"EntryPoint","urlTemplate":"https:\/\/www.institutfrancais-jerusalem.org\/ar\/?s={search_term_string}"},"query-input":{"@type":"PropertyValueSpecification","valueRequired":true,"valueName":"search_term_string"}}],"inLanguage":"ar"},{"@type":"Person","@id":"https:\/\/www.institutfrancais-jerusalem.org\/ar\/#\/schema\/person\/0d606b93f4fb1eb5c713b8be3dd4c4bf","name":"admin6590","image":{"@type":"ImageObject","inLanguage":"ar","@id":"https:\/\/secure.gravatar.com\/avatar\/26482e0f083efa40e5c2db57a3d590897a500390cc256266e30d5da5605a03a9?s=96&d=mm&r=g","url":"https:\/\/secure.gravatar.com\/avatar\/26482e0f083efa40e5c2db57a3d590897a500390cc256266e30d5da5605a03a9?s=96&d=mm&r=g","contentUrl":"https:\/\/secure.gravatar.com\/avatar\/26482e0f083efa40e5c2db57a3d590897a500390cc256266e30d5da5605a03a9?s=96&d=mm&r=g","caption":"admin6590"}}]}},"_links":{"self":[{"href":"https:\/\/www.institutfrancais-jerusalem.org\/ar\/wp-json\/wp\/v2\/posts\/8021","targetHints":{"allow":["GET"]}}],"collection":[{"href":"https:\/\/www.institutfrancais-jerusalem.org\/ar\/wp-json\/wp\/v2\/posts"}],"about":[{"href":"https:\/\/www.institutfrancais-jerusalem.org\/ar\/wp-json\/wp\/v2\/types\/post"}],"author":[{"embeddable":true,"href":"https:\/\/www.institutfrancais-jerusalem.org\/ar\/wp-json\/wp\/v2\/users\/1"}],"replies":[{"embeddable":true,"href":"https:\/\/www.institutfrancais-jerusalem.org\/ar\/wp-json\/wp\/v2\/comments?post=8021"}],"version-history":[{"count":0,"href":"https:\/\/www.institutfrancais-jerusalem.org\/ar\/wp-json\/wp\/v2\/posts\/8021\/revisions"}],"wp:featuredmedia":[{"embeddable":true,"href":"https:\/\/www.institutfrancais-jerusalem.org\/ar\/wp-json\/wp\/v2\/media\/8014"}],"wp:attachment":[{"href":"https:\/\/www.institutfrancais-jerusalem.org\/ar\/wp-json\/wp\/v2\/media?parent=8021"}],"wp:term":[{"taxonomy":"category","embeddable":true,"href":"https:\/\/www.institutfrancais-jerusalem.org\/ar\/wp-json\/wp\/v2\/categories?post=8021"},{"taxonomy":"post_tag","embeddable":true,"href":"https:\/\/www.institutfrancais-jerusalem.org\/ar\/wp-json\/wp\/v2\/tags?post=8021"}],"curies":[{"name":"wp","href":"https:\/\/api.w.org\/{rel}","templated":true}]}}